{"id":593271,"date":"2025-06-10T13:33:31","date_gmt":"2025-06-10T11:33:31","guid":{"rendered":"https:\/\/villarrealcf.es\/los-jovenes-abanderados-de-marcelino\/"},"modified":"2025-06-10T16:21:02","modified_gmt":"2025-06-10T14:21:02","slug":"los-jovenes-abanderados-de-marcelino","status":"publish","type":"post","link":"https:\/\/villarrealcf.es\/en\/los-jovenes-abanderados-de-marcelino\/","title":{"rendered":"Marcelino leads the way in Villarreal CF\u2019s academy project"},"content":{"protected":false,"blocks":[{"type":"heading","level":2,"text":"The Asturian coach has given eight Cantera Grogueta players their debuts this season"},{"type":"paragraph","text":"With Daniel Requena\u2019s debut against Sevilla FC on the last matchday, Marcelino Garc\u00eda Toral marks the season in which he has given the Submarine\u2019s most youth players their debuts, surpassing the 2014\/2015, during his previous period, in which seven players made their debuts with the first team. One of them is still in the current squad as a true legend, Alfonso Pedraza, who was able to make his 200th appearance for the Yellow side in the clash against the Andalusians."},{"type":"paragraph","text":"Not since the 2017\/18 season have so many players made their debuts. The Asturian has managed to find the key this season to qualify the team for the Champions League, in a season in which the youth team has had some relevance to achieve this goal. The emergence of Pau Cabanes in the elite, the consolidation of Pau Navarro in the Submarine and the providential contribution of Etta Eyong in the final stretch of the championship. The Cameroonian scored a decisive goal against Girona. A brilliant last-gasp header at the climax of the battle for Europe\u2019s top competition."},{"type":"heading","level":2,"text":"All youngsters chosen by Marcelino"},{"type":"paragraph","text":"In his two spells as coach, Marcelino has given the opportunity to dozens of young talents from the prolific Cantera Grogueta. This season, eight have been chosen by the Asturian to wear the Villarreal shirt: Pau Navarro (26\/09\/2024), Pau Cabanes (30\/09\/2024), Jean Yves Valou (29\/10\/2024), Alassane Diatta (04\/12\/25), Thiago Ojeda (18\/12\/2024), Arnau Sol\u00e0 (13\/04\/2025), Etta Eyong (20\/04\/2025) and Daniel Requena (25\/05\/2025)."},{"type":"paragraph","text":"On the other hand, in his previous tenure as Submarine\u2019s manager, the Asturian made debut in the 2013\/2014 season Edu Ramos (14-12-2013) and Nahuel Leiva (13-01-2014), in the 2014\/2015 season, Adri\u00e1n Mar\u00edn (28-08-2014), Jos\u00e9 Naranjo (04-12-2014), Israel Puerto (04-12-2014), Sergio Marcos (15-02-2015), Alfonso Pedraza (05-04-2015), Fran Sol (25-04-2015), and Aleix Garc\u00eda (23-05-2015), and finally in 2015\/16, Miguel\u00f3n Llambrich (03-12-2015) and current golden ball Rodrigo Hern\u00e1ndez (17-12-2015)."}],"structured":{"summary":{"text":"The Asturian coach has given eight Cantera Grogueta players their debuts this season With Daniel Requena\u2019s debut against Sevilla FC on the last matchday, Marcelino Garc\u00eda Toral marks the season in which he has given the Submarine\u2019s most youth players their debuts, surpassing the 2014\/2015, during his previous period, in which seven players made their debuts with the first team. One of them is still in the current squad as a true legend, Alfonso Pedraza, who was able to make his 200th appearance for the Yellow side in the clash against the Andalusians. Not since the 2017\/18 season have so many players made their debuts. The Asturian has managed to find the key this season to qualify the team for the Champions League, in a season in which the youth team has had some relevance to achieve this goal. The emergence of Pau Cabanes in the elite, the consolidation of Pau Navarro in the Submarine and the providential contribution of Etta Eyong in the final stretch of the championship. The Cameroonian scored a decisive goal against Girona. A brilliant last-gasp header at the climax of the battle for Europe\u2019s top competition. All youngsters chosen by Marcelino In his two spells as coach, Marcelino has given the opportunity to dozens of young talents from the prolific Cantera Grogueta. This season, eight have been chosen by the Asturian to wear the Villarreal shirt: Pau Navarro (26\/09\/2024), Pau Cabanes (30\/09\/2024), Jean Yves Valou (29\/10\/2024), Alassane Diatta (04\/12\/25), Thiago Ojeda (18\/12\/2024), Arnau Sol\u00e0 (13\/04\/2025), Etta Eyong (20\/04\/2025) and Daniel Requena (25\/05\/2025). On the other hand, in his previous tenure as Submarine\u2019s manager, the Asturian made debut in the 2013\/2014 season Edu Ramos (14-12-2013) and Nahuel Leiva (13-01-2014), in the 2014\/2015 season, Adri\u00e1n Mar\u00edn (28-08-2014), Jos\u00e9 Naranjo (04-12-2014), Israel Puerto (04-12-2014), Sergio Marcos (15-02-2015), Alfonso Pedraza (05-04-2015), Fran Sol (25-04-2015), and Aleix Garc\u00eda (23-05-2015), and finally in 2015\/16, Miguel\u00f3n Llambrich (03-12-2015) and current golden ball Rodrigo Hern\u00e1ndez (17-12-2015).","headings":[{"type":"heading","level":2,"text":"The Asturian coach has given eight Cantera Grogueta players their debuts this season"},{"type":"heading","level":2,"text":"All youngsters chosen by Marcelino"}],"buttons":[],"images":[],"counts":{"blocks":6,"headings":2,"texts":4,"buttons":0,"images":0}},"sections":[{"id":"section-1","title":"The Asturian coach has given eight Cantera Grogueta players their debuts this season","text":"The Asturian coach has given eight Cantera Grogueta players their debuts this season With Daniel Requena\u2019s debut against Sevilla FC on the last matchday, Marcelino Garc\u00eda Toral marks the season in which he has given the Submarine\u2019s most youth players their debuts, surpassing the 2014\/2015, during his previous period, in which seven players made their debuts with the first team. One of them is still in the current squad as a true legend, Alfonso Pedraza, who was able to make his 200th appearance for the Yellow side in the clash against the Andalusians. Not since the 2017\/18 season have so many players made their debuts. The Asturian has managed to find the key this season to qualify the team for the Champions League, in a season in which the youth team has had some relevance to achieve this goal. The emergence of Pau Cabanes in the elite, the consolidation of Pau Navarro in the Submarine and the providential contribution of Etta Eyong in the final stretch of the championship. The Cameroonian scored a decisive goal against Girona. A brilliant last-gasp header at the climax of the battle for Europe\u2019s top competition.","headings":[{"type":"heading","level":2,"text":"The Asturian coach has given eight Cantera Grogueta players their debuts this season"}],"texts":[{"type":"paragraph","text":"With Daniel Requena\u2019s debut against Sevilla FC on the last matchday, Marcelino Garc\u00eda Toral marks the season in which he has given the Submarine\u2019s most youth players their debuts, surpassing the 2014\/2015, during his previous period, in which seven players made their debuts with the first team. One of them is still in the current squad as a true legend, Alfonso Pedraza, who was able to make his 200th appearance for the Yellow side in the clash against the Andalusians."},{"type":"paragraph","text":"Not since the 2017\/18 season have so many players made their debuts. The Asturian has managed to find the key this season to qualify the team for the Champions League, in a season in which the youth team has had some relevance to achieve this goal. The emergence of Pau Cabanes in the elite, the consolidation of Pau Navarro in the Submarine and the providential contribution of Etta Eyong in the final stretch of the championship. The Cameroonian scored a decisive goal against Girona. A brilliant last-gasp header at the climax of the battle for Europe\u2019s top competition."}],"buttons":[],"images":[],"widgets":[],"blocks":[{"type":"heading","level":2,"text":"The Asturian coach has given eight Cantera Grogueta players their debuts this season"},{"type":"paragraph","text":"With Daniel Requena\u2019s debut against Sevilla FC on the last matchday, Marcelino Garc\u00eda Toral marks the season in which he has given the Submarine\u2019s most youth players their debuts, surpassing the 2014\/2015, during his previous period, in which seven players made their debuts with the first team. One of them is still in the current squad as a true legend, Alfonso Pedraza, who was able to make his 200th appearance for the Yellow side in the clash against the Andalusians."},{"type":"paragraph","text":"Not since the 2017\/18 season have so many players made their debuts. The Asturian has managed to find the key this season to qualify the team for the Champions League, in a season in which the youth team has had some relevance to achieve this goal. The emergence of Pau Cabanes in the elite, the consolidation of Pau Navarro in the Submarine and the providential contribution of Etta Eyong in the final stretch of the championship. The Cameroonian scored a decisive goal against Girona. A brilliant last-gasp header at the climax of the battle for Europe\u2019s top competition."}]},{"id":"section-2","title":"All youngsters chosen by Marcelino","text":"All youngsters chosen by Marcelino In his two spells as coach, Marcelino has given the opportunity to dozens of young talents from the prolific Cantera Grogueta. This season, eight have been chosen by the Asturian to wear the Villarreal shirt: Pau Navarro (26\/09\/2024), Pau Cabanes (30\/09\/2024), Jean Yves Valou (29\/10\/2024), Alassane Diatta (04\/12\/25), Thiago Ojeda (18\/12\/2024), Arnau Sol\u00e0 (13\/04\/2025), Etta Eyong (20\/04\/2025) and Daniel Requena (25\/05\/2025). On the other hand, in his previous tenure as Submarine\u2019s manager, the Asturian made debut in the 2013\/2014 season Edu Ramos (14-12-2013) and Nahuel Leiva (13-01-2014), in the 2014\/2015 season, Adri\u00e1n Mar\u00edn (28-08-2014), Jos\u00e9 Naranjo (04-12-2014), Israel Puerto (04-12-2014), Sergio Marcos (15-02-2015), Alfonso Pedraza (05-04-2015), Fran Sol (25-04-2015), and Aleix Garc\u00eda (23-05-2015), and finally in 2015\/16, Miguel\u00f3n Llambrich (03-12-2015) and current golden ball Rodrigo Hern\u00e1ndez (17-12-2015).","headings":[{"type":"heading","level":2,"text":"All youngsters chosen by Marcelino"}],"texts":[{"type":"paragraph","text":"In his two spells as coach, Marcelino has given the opportunity to dozens of young talents from the prolific Cantera Grogueta. This season, eight have been chosen by the Asturian to wear the Villarreal shirt: Pau Navarro (26\/09\/2024), Pau Cabanes (30\/09\/2024), Jean Yves Valou (29\/10\/2024), Alassane Diatta (04\/12\/25), Thiago Ojeda (18\/12\/2024), Arnau Sol\u00e0 (13\/04\/2025), Etta Eyong (20\/04\/2025) and Daniel Requena (25\/05\/2025)."},{"type":"paragraph","text":"On the other hand, in his previous tenure as Submarine\u2019s manager, the Asturian made debut in the 2013\/2014 season Edu Ramos (14-12-2013) and Nahuel Leiva (13-01-2014), in the 2014\/2015 season, Adri\u00e1n Mar\u00edn (28-08-2014), Jos\u00e9 Naranjo (04-12-2014), Israel Puerto (04-12-2014), Sergio Marcos (15-02-2015), Alfonso Pedraza (05-04-2015), Fran Sol (25-04-2015), and Aleix Garc\u00eda (23-05-2015), and finally in 2015\/16, Miguel\u00f3n Llambrich (03-12-2015) and current golden ball Rodrigo Hern\u00e1ndez (17-12-2015)."}],"buttons":[],"images":[],"widgets":[],"blocks":[{"type":"heading","level":2,"text":"All youngsters chosen by Marcelino"},{"type":"paragraph","text":"In his two spells as coach, Marcelino has given the opportunity to dozens of young talents from the prolific Cantera Grogueta. This season, eight have been chosen by the Asturian to wear the Villarreal shirt: Pau Navarro (26\/09\/2024), Pau Cabanes (30\/09\/2024), Jean Yves Valou (29\/10\/2024), Alassane Diatta (04\/12\/25), Thiago Ojeda (18\/12\/2024), Arnau Sol\u00e0 (13\/04\/2025), Etta Eyong (20\/04\/2025) and Daniel Requena (25\/05\/2025)."},{"type":"paragraph","text":"On the other hand, in his previous tenure as Submarine\u2019s manager, the Asturian made debut in the 2013\/2014 season Edu Ramos (14-12-2013) and Nahuel Leiva (13-01-2014), in the 2014\/2015 season, Adri\u00e1n Mar\u00edn (28-08-2014), Jos\u00e9 Naranjo (04-12-2014), Israel Puerto (04-12-2014), Sergio Marcos (15-02-2015), Alfonso Pedraza (05-04-2015), Fran Sol (25-04-2015), and Aleix Garc\u00eda (23-05-2015), and finally in 2015\/16, Miguel\u00f3n Llambrich (03-12-2015) and current golden ball Rodrigo Hern\u00e1ndez (17-12-2015)."}]}],"hero":{"id":"section-1","title":"The Asturian coach has given eight Cantera Grogueta players their debuts this season","text":"The Asturian coach has given eight Cantera Grogueta players their debuts this season With Daniel Requena\u2019s debut against Sevilla FC on the last matchday, Marcelino Garc\u00eda Toral marks the season in which he has given the Submarine\u2019s most youth players their debuts, surpassing the 2014\/2015, during his previous period, in which seven players made their debuts with the first team. One of them is still in the current squad as a true legend, Alfonso Pedraza, who was able to make his 200th appearance for the Yellow side in the clash against the Andalusians. Not since the 2017\/18 season have so many players made their debuts. The Asturian has managed to find the key this season to qualify the team for the Champions League, in a season in which the youth team has had some relevance to achieve this goal. The emergence of Pau Cabanes in the elite, the consolidation of Pau Navarro in the Submarine and the providential contribution of Etta Eyong in the final stretch of the championship. The Cameroonian scored a decisive goal against Girona. A brilliant last-gasp header at the climax of the battle for Europe\u2019s top competition.","headings":[{"type":"heading","level":2,"text":"The Asturian coach has given eight Cantera Grogueta players their debuts this season"}],"texts":[{"type":"paragraph","text":"With Daniel Requena\u2019s debut against Sevilla FC on the last matchday, Marcelino Garc\u00eda Toral marks the season in which he has given the Submarine\u2019s most youth players their debuts, surpassing the 2014\/2015, during his previous period, in which seven players made their debuts with the first team. One of them is still in the current squad as a true legend, Alfonso Pedraza, who was able to make his 200th appearance for the Yellow side in the clash against the Andalusians."},{"type":"paragraph","text":"Not since the 2017\/18 season have so many players made their debuts. The Asturian has managed to find the key this season to qualify the team for the Champions League, in a season in which the youth team has had some relevance to achieve this goal. The emergence of Pau Cabanes in the elite, the consolidation of Pau Navarro in the Submarine and the providential contribution of Etta Eyong in the final stretch of the championship. The Cameroonian scored a decisive goal against Girona. A brilliant last-gasp header at the climax of the battle for Europe\u2019s top competition."}],"buttons":[],"images":[],"widgets":[],"blocks":[{"type":"heading","level":2,"text":"The Asturian coach has given eight Cantera Grogueta players their debuts this season"},{"type":"paragraph","text":"With Daniel Requena\u2019s debut against Sevilla FC on the last matchday, Marcelino Garc\u00eda Toral marks the season in which he has given the Submarine\u2019s most youth players their debuts, surpassing the 2014\/2015, during his previous period, in which seven players made their debuts with the first team. One of them is still in the current squad as a true legend, Alfonso Pedraza, who was able to make his 200th appearance for the Yellow side in the clash against the Andalusians."},{"type":"paragraph","text":"Not since the 2017\/18 season have so many players made their debuts. The Asturian has managed to find the key this season to qualify the team for the Champions League, in a season in which the youth team has had some relevance to achieve this goal. The emergence of Pau Cabanes in the elite, the consolidation of Pau Navarro in the Submarine and the providential contribution of Etta Eyong in the final stretch of the championship. The Cameroonian scored a decisive goal against Girona. A brilliant last-gasp header at the climax of the battle for Europe\u2019s top competition."}]}},"sections":[{"id":"section-1","title":"The Asturian coach has given eight Cantera Grogueta players their debuts this season","text":"The Asturian coach has given eight Cantera Grogueta players their debuts this season With Daniel Requena\u2019s debut against Sevilla FC on the last matchday, Marcelino Garc\u00eda Toral marks the season in which he has given the Submarine\u2019s most youth players their debuts, surpassing the 2014\/2015, during his previous period, in which seven players made their debuts with the first team. One of them is still in the current squad as a true legend, Alfonso Pedraza, who was able to make his 200th appearance for the Yellow side in the clash against the Andalusians. Not since the 2017\/18 season have so many players made their debuts. The Asturian has managed to find the key this season to qualify the team for the Champions League, in a season in which the youth team has had some relevance to achieve this goal. The emergence of Pau Cabanes in the elite, the consolidation of Pau Navarro in the Submarine and the providential contribution of Etta Eyong in the final stretch of the championship. The Cameroonian scored a decisive goal against Girona. A brilliant last-gasp header at the climax of the battle for Europe\u2019s top competition.","url":"","background_image":"","images":[],"videos":[],"links":[]},{"id":"section-2","title":"All youngsters chosen by Marcelino","text":"All youngsters chosen by Marcelino In his two spells as coach, Marcelino has given the opportunity to dozens of young talents from the prolific Cantera Grogueta. This season, eight have been chosen by the Asturian to wear the Villarreal shirt: Pau Navarro (26\/09\/2024), Pau Cabanes (30\/09\/2024), Jean Yves Valou (29\/10\/2024), Alassane Diatta (04\/12\/25), Thiago Ojeda (18\/12\/2024), Arnau Sol\u00e0 (13\/04\/2025), Etta Eyong (20\/04\/2025) and Daniel Requena (25\/05\/2025). On the other hand, in his previous tenure as Submarine\u2019s manager, the Asturian made debut in the 2013\/2014 season Edu Ramos (14-12-2013) and Nahuel Leiva (13-01-2014), in the 2014\/2015 season, Adri\u00e1n Mar\u00edn (28-08-2014), Jos\u00e9 Naranjo (04-12-2014), Israel Puerto (04-12-2014), Sergio Marcos (15-02-2015), Alfonso Pedraza (05-04-2015), Fran Sol (25-04-2015), and Aleix Garc\u00eda (23-05-2015), and finally in 2015\/16, Miguel\u00f3n Llambrich (03-12-2015) and current golden ball Rodrigo Hern\u00e1ndez (17-12-2015).","url":"","background_image":"","images":[],"videos":[],"links":[]}]},"excerpt":{"rendered":"The Asturian coach has given eight Cantera Grogueta players their debuts this season","protected":false},"author":1,"featured_media":591608,"comment_status":"closed","ping_status":"closed","sticky":false,"template":"","format":"standard","meta":{"_acf_changed":false,"footnotes":""},"categories":[13494],"tags":[5986,15051,15960,9201,13478,6598,15364,10635,13463,9199,13482,13487],"acf":null,"lang":"en","translations":{"es":591606,"val":593261,"en":593271},"essential_grid":{"has_grid":false},"formatted_date":"June 10, 2025","modified_date":"June 10, 2025","permalink":"https:\/\/villarrealcf.es\/en\/los-jovenes-abanderados-de-marcelino\/","reading_time":2,"featured_media_data":{"id":591608,"title":"VillarrealCF-SevillaFC-361","caption":"","alt_text":"","description":"","mime_type":"image\/jpeg","source_url":"https:\/\/villarrealcf.es\/wp-content\/uploads\/2025\/05\/VillarrealCF-SevillaFC-361.jpg","sizes":{"thumbnail":{"url":"https:\/\/villarrealcf.es\/wp-content\/uploads\/2025\/05\/VillarrealCF-SevillaFC-361-1920x1080.jpg","width":1920,"height":1080},"medium":{"url":"https:\/\/villarrealcf.es\/wp-content\/uploads\/2025\/05\/VillarrealCF-SevillaFC-361-1620x1080.jpg","width":1620,"height":1080},"medium_large":{"url":"https:\/\/villarrealcf.es\/wp-content\/uploads\/2025\/05\/VillarrealCF-SevillaFC-361-768x512.jpg","width":768,"height":512},"large":{"url":"https:\/\/villarrealcf.es\/wp-content\/uploads\/2025\/05\/VillarrealCF-SevillaFC-361-1620x1080.jpg","width":788,"height":525},"1536x1536":{"url":"https:\/\/villarrealcf.es\/wp-content\/uploads\/2025\/05\/VillarrealCF-SevillaFC-361-1536x1024.jpg","width":1536,"height":1024},"2048x2048":{"url":"https:\/\/villarrealcf.es\/wp-content\/uploads\/2025\/05\/VillarrealCF-SevillaFC-361-2048x1365.jpg","width":2048,"height":1365},"tp-image-grid":{"url":"https:\/\/villarrealcf.es\/wp-content\/uploads\/2025\/05\/VillarrealCF-SevillaFC-361-700x700.jpg","width":700,"height":700},"size-bunyad-medium":{"url":"https:\/\/villarrealcf.es\/wp-content\/uploads\/2025\/05\/VillarrealCF-SevillaFC-361-1620x1080.jpg","width":1620,"height":1080},"sportspress-crop-medium":{"url":"https:\/\/villarrealcf.es\/wp-content\/uploads\/2025\/05\/VillarrealCF-SevillaFC-361-300x300.jpg","width":300,"height":300},"sportspress-fit-medium":{"url":"https:\/\/villarrealcf.es\/wp-content\/uploads\/2025\/05\/VillarrealCF-SevillaFC-361-300x200.jpg","width":300,"height":200},"sportspress-fit-icon":{"url":"https:\/\/villarrealcf.es\/wp-content\/uploads\/2025\/05\/VillarrealCF-SevillaFC-361-128x85.jpg","width":128,"height":85},"sportspress-fit-mini":{"url":"https:\/\/villarrealcf.es\/wp-content\/uploads\/2025\/05\/VillarrealCF-SevillaFC-361-32x21.jpg","width":32,"height":21},"bunyad-small":{"url":"https:\/\/villarrealcf.es\/wp-content\/uploads\/2025\/05\/VillarrealCF-SevillaFC-361-150x100.jpg","width":150,"height":100},"bunyad-medium":{"url":"https:\/\/villarrealcf.es\/wp-content\/uploads\/2025\/05\/VillarrealCF-SevillaFC-361-450x300.jpg","width":450,"height":300},"bunyad-full":{"url":"https:\/\/villarrealcf.es\/wp-content\/uploads\/2025\/05\/VillarrealCF-SevillaFC-361-1200x800.jpg","width":1200,"height":800},"bunyad-viewport":{"url":"https:\/\/villarrealcf.es\/wp-content\/uploads\/2025\/05\/VillarrealCF-SevillaFC-361-2048x1365.jpg","width":2048,"height":1365},"bunyad-768":{"url":"https:\/\/villarrealcf.es\/wp-content\/uploads\/2025\/05\/VillarrealCF-SevillaFC-361-768x512.jpg","width":768,"height":512},"full":{"url":"https:\/\/villarrealcf.es\/wp-content\/uploads\/2025\/05\/VillarrealCF-SevillaFC-361.jpg","width":2835,"height":1890}}},"author_data":{"id":"1","name":"root_envidea","first_name":"Villarreal CF","last_name":"","description":"","avatar_url":"https:\/\/secure.gravatar.com\/avatar\/48f95f42a3ccc324f3a3458e4b9e6fb070b083e99d388e170c1afb061fa99b63?s=96&d=mm&r=g","acf":null},"taxonomies_data":{"category":[{"id":13494,"name":"First Team","slug":"first-team","acf":null}],"post_tag":[{"id":5986,"name":"Alfonso Pedraza","slug":"alfonso-pedraza","acf":null},{"id":15051,"name":"Dani Requena","slug":"dani-requena-2-en","acf":null},{"id":15960,"name":"Etta Eyong","slug":"etta-eyong-en","acf":null},{"id":9201,"name":"Football","slug":"football-d34-en","acf":null},{"id":13478,"name":"Football","slug":"football-eng","acf":null},{"id":6598,"name":"Marcelino","slug":"marcelino","acf":null},{"id":15364,"name":"Pau Navarro","slug":"pau-navarro-en","acf":null},{"id":10635,"name":"Rodrigo Hern\u00e1ndez","slug":"rodrigo-hernandez-en","acf":null},{"id":13463,"name":"Sin categorizar","slug":"sin-categorizar","acf":null},{"id":9199,"name":"Soccer","slug":"soccer-d105-en","acf":null},{"id":13482,"name":"Submarine","slug":"submarine-en","acf":null},{"id":13487,"name":"Yellow Submarine","slug":"yellow-submarine-en","acf":null}],"translation_priority":[{"id":734,"name":"Optional","slug":"optional-en","acf":null}]},"seo_full":{"native":{"title":"Marcelino leads the way in Villarreal CF\u2019s academy project - Web Oficial del Villarreal CF","description":"The Asturian coach has given eight Cantera Grogueta players their debuts this season","canonical":"https:\/\/villarrealcf.es\/en\/los-jovenes-abanderados-de-marcelino\/"}},"_links":{"self":[{"href":"https:\/\/villarrealcf.es\/en\/wp-json\/wp\/v2\/posts\/593271","targetHints":{"allow":["GET"]}}],"collection":[{"href":"https:\/\/villarrealcf.es\/en\/wp-json\/wp\/v2\/posts"}],"about":[{"href":"https:\/\/villarrealcf.es\/en\/wp-json\/wp\/v2\/types\/post"}],"author":[{"embeddable":true,"href":"https:\/\/villarrealcf.es\/en\/wp-json\/wp\/v2\/users\/1"}],"replies":[{"embeddable":true,"href":"https:\/\/villarrealcf.es\/en\/wp-json\/wp\/v2\/comments?post=593271"}],"version-history":[{"count":0,"href":"https:\/\/villarrealcf.es\/en\/wp-json\/wp\/v2\/posts\/593271\/revisions"}],"wp:featuredmedia":[{"embeddable":true,"href":"https:\/\/villarrealcf.es\/en\/wp-json\/wp\/v2\/media\/591608"}],"wp:attachment":[{"href":"https:\/\/villarrealcf.es\/en\/wp-json\/wp\/v2\/media?parent=593271"}],"wp:term":[{"taxonomy":"category","embeddable":true,"href":"https:\/\/villarrealcf.es\/en\/wp-json\/wp\/v2\/categories?post=593271"},{"taxonomy":"post_tag","embeddable":true,"href":"https:\/\/villarrealcf.es\/en\/wp-json\/wp\/v2\/tags?post=593271"}],"curies":[{"name":"wp","href":"https:\/\/api.w.org\/{rel}","templated":true}]}}