{"id":592553,"date":"2025-06-04T10:33:00","date_gmt":"2025-06-04T08:33:00","guid":{"rendered":"https:\/\/villarrealcf.es\/los-10-mejores-momentos-del-villarreal-en-la-2024-25\/"},"modified":"2025-06-04T10:43:44","modified_gmt":"2025-06-04T08:43:44","slug":"villarreal-cfs-top-10-moments-of-the-2024-25-season","status":"publish","type":"post","link":"https:\/\/villarrealcf.es\/en\/villarreal-cfs-top-10-moments-of-the-2024-25-season\/","title":{"rendered":"Villarreal CF\u2019s Top 10 Moments of the 2024\/25 Season"},"content":{"protected":false,"blocks":[{"type":"heading","level":2,"text":"Marcelino\u2019s side enjoyed a number of unforgettable evenings during a campaign that ended with Champions League qualification"},{"type":"paragraph","text":"Villarreal CF experienced some fantastic moments throughout the 2024\/25 season. The Yellows picked up memorable victories, celebrated goals that will live long in the memory and took part in tributes and celebrations that will go down in club history."},{"type":"paragraph","text":"With the campaign now complete, here\u2019s a look back at ten unforgettable moments:"},{"type":"paragraph","text":"1. Last-gasp win over RC Celta (4-3)"},{"type":"paragraph","text":"In the 100th minute, Villarreal snatched victory over Celta (4-3) at the Estadio de la Cer\u00e1mica. Dani Parejo scored a last-gasp winner to settle a seven-goal thriller."},{"type":"paragraph","text":"Sergi Cardona, Thierno Barry, a Jailson own goal and Parejo were on target for the Yellows, while Borja Iglesias, Mingueza and Starfelt scored for the visitors."},{"type":"image","url":"https:\/\/villarrealcf.es\/wp-content\/uploads\/2025\/06\/VillarrealCF-RCCeltaVigo-248-1-edited.jpg","alt":"","width":2835,"height":1595,"srcset":"https:\/\/villarrealcf.es\/wp-content\/uploads\/2025\/06\/VillarrealCF-RCCeltaVigo-248-1-edited.jpg 2835w, https:\/\/villarrealcf.es\/wp-content\/uploads\/2025\/06\/VillarrealCF-RCCeltaVigo-248-1-edited-1920x1080.jpg 1920w, https:\/\/villarrealcf.es\/wp-content\/uploads\/2025\/06\/VillarrealCF-RCCeltaVigo-248-1-edited.jpg 1920w, https:\/\/villarrealcf.es\/wp-content\/uploads\/2025\/06\/VillarrealCF-RCCeltaVigo-248-1-edited-1536x864.jpg 1536w, https:\/\/villarrealcf.es\/wp-content\/uploads\/2025\/06\/VillarrealCF-RCCeltaVigo-248-1-edited-2048x1152.jpg 2048w, https:\/\/villarrealcf.es\/wp-content\/uploads\/2025\/06\/VillarrealCF-RCCeltaVigo-248-1-edited.jpg 1920w, https:\/\/villarrealcf.es\/wp-content\/uploads\/2025\/06\/VillarrealCF-RCCeltaVigo-248-1-edited.jpg 1920w, https:\/\/villarrealcf.es\/wp-content\/uploads\/2025\/06\/VillarrealCF-RCCeltaVigo-248-1-edited-32x18.jpg 32w, https:\/\/villarrealcf.es\/wp-content\/uploads\/2025\/06\/VillarrealCF-RCCeltaVigo-248-1-edited-150x84.jpg 150w, https:\/\/villarrealcf.es\/wp-content\/uploads\/2025\/06\/VillarrealCF-RCCeltaVigo-248-1-edited.jpg 1920w, https:\/\/villarrealcf.es\/wp-content\/uploads\/2025\/06\/VillarrealCF-RCCeltaVigo-248-1-edited-1200x675.jpg 1200w","sizes":"auto, (max-width: 2835px) 100vw, 2835px"},{"type":"paragraph","text":"2. Tribute to DANA victims and win over Alav\u00e9s (3-0)"},{"type":"paragraph","text":"Villarreal CF paid tribute to the victims of the DANA floods that hit southern Valencia in late October."},{"type":"paragraph","text":"Against Alav\u00e9s, the Yellows wore black at home for the first time ever. A giant Comunitat Valenciana flag was displayed, and the regional anthem rang out. Villarreal went on to win 3-0 thanks to goals from Ilias Akhomach, Dani Parejo and Santi Comesa\u00f1a."},{"type":"image","url":"https:\/\/villarrealcf.es\/wp-content\/uploads\/2025\/06\/VillarrealCF-DeportivoAlaves-095-edited.jpg","alt":"","width":2835,"height":1595,"srcset":"https:\/\/villarrealcf.es\/wp-content\/uploads\/2025\/06\/VillarrealCF-DeportivoAlaves-095-edited.jpg 2835w, https:\/\/villarrealcf.es\/wp-content\/uploads\/2025\/06\/VillarrealCF-DeportivoAlaves-095-edited-1920x1080.jpg 1920w, https:\/\/villarrealcf.es\/wp-content\/uploads\/2025\/06\/VillarrealCF-DeportivoAlaves-095-edited.jpg 1920w, https:\/\/villarrealcf.es\/wp-content\/uploads\/2025\/06\/VillarrealCF-DeportivoAlaves-095-edited-1536x864.jpg 1536w, https:\/\/villarrealcf.es\/wp-content\/uploads\/2025\/06\/VillarrealCF-DeportivoAlaves-095-edited-2048x1152.jpg 2048w, https:\/\/villarrealcf.es\/wp-content\/uploads\/2025\/06\/VillarrealCF-DeportivoAlaves-095-edited.jpg 1920w, https:\/\/villarrealcf.es\/wp-content\/uploads\/2025\/06\/VillarrealCF-DeportivoAlaves-095-edited.jpg 1920w, https:\/\/villarrealcf.es\/wp-content\/uploads\/2025\/06\/VillarrealCF-DeportivoAlaves-095-edited-32x18.jpg 32w, https:\/\/villarrealcf.es\/wp-content\/uploads\/2025\/06\/VillarrealCF-DeportivoAlaves-095-edited-150x84.jpg 150w, https:\/\/villarrealcf.es\/wp-content\/uploads\/2025\/06\/VillarrealCF-DeportivoAlaves-095-edited.jpg 1920w, https:\/\/villarrealcf.es\/wp-content\/uploads\/2025\/06\/VillarrealCF-DeportivoAlaves-095-edited-1200x675.jpg 1200w","sizes":"auto, (max-width: 2835px) 100vw, 2835px"},{"type":"paragraph","text":"3. Thierno Barry\u2019s hat-trick against CD Legan\u00e9s (2-5)"},{"type":"paragraph","text":"Thierno Barry bagged his first hat-trick for Villarreal CF in a big win at Butarque."},{"type":"paragraph","text":"The French striker became the 11th player in the club\u2019s history to score a LaLiga hat-trick, joining names like Juan Rom\u00e1n Riquelme, Diego Forl\u00e1n, Ike Uche, C\u00e9dric Bakambu, Carlos Bacca, Gerard Moreno, Arnaut Danjuma, Yeremy Pino, Jos\u00e9 Luis Morales and Alexander Sorloth."},{"type":"image","url":"https:\/\/villarrealcf.es\/wp-content\/uploads\/2025\/06\/CDLeganes-VillarrealCF-271-edited.jpg","alt":"","width":1890,"height":1063,"srcset":"https:\/\/villarrealcf.es\/wp-content\/uploads\/2025\/06\/CDLeganes-VillarrealCF-271-edited.jpg 1890w, https:\/\/villarrealcf.es\/wp-content\/uploads\/2025\/06\/CDLeganes-VillarrealCF-271-edited.jpg 1920w, https:\/\/villarrealcf.es\/wp-content\/uploads\/2025\/06\/CDLeganes-VillarrealCF-271-edited-1536x864.jpg 1536w, https:\/\/villarrealcf.es\/wp-content\/uploads\/2025\/06\/CDLeganes-VillarrealCF-271-edited.jpg 1920w, https:\/\/villarrealcf.es\/wp-content\/uploads\/2025\/06\/CDLeganes-VillarrealCF-271-edited.jpg 1920w, https:\/\/villarrealcf.es\/wp-content\/uploads\/2025\/06\/CDLeganes-VillarrealCF-271-edited-32x18.jpg 32w, https:\/\/villarrealcf.es\/wp-content\/uploads\/2025\/06\/CDLeganes-VillarrealCF-271-edited-150x84.jpg 150w, https:\/\/villarrealcf.es\/wp-content\/uploads\/2025\/06\/CDLeganes-VillarrealCF-271-edited.jpg 1920w, https:\/\/villarrealcf.es\/wp-content\/uploads\/2025\/06\/CDLeganes-VillarrealCF-271-edited-1200x675.jpg 1200w","sizes":"auto, (max-width: 1890px) 100vw, 1890px"},{"type":"paragraph","text":"4. Four goals in eight minutes vs Mallorca (4-0)"},{"type":"paragraph","text":"Villarreal blew away Mallorca with four goals in eight sensational minutes. Logan Costa opened the scoring in the 20th minute, followed by goals from \u00c1lex Baena (24\u2019), Dani Parejo (26\u2019) and Yeremy Pino (28\u2019) in a stunning attacking display at the Estadio de la Cer\u00e1mica."},{"type":"image","url":"https:\/\/villarrealcf.es\/wp-content\/uploads\/2025\/06\/VillarrealCF-RCD-Mallorca-174-edited.jpg","alt":"","width":2835,"height":1595,"srcset":"https:\/\/villarrealcf.es\/wp-content\/uploads\/2025\/06\/VillarrealCF-RCD-Mallorca-174-edited.jpg 2835w, https:\/\/villarrealcf.es\/wp-content\/uploads\/2025\/06\/VillarrealCF-RCD-Mallorca-174-edited-1920x1080.jpg 1920w, https:\/\/villarrealcf.es\/wp-content\/uploads\/2025\/06\/VillarrealCF-RCD-Mallorca-174-edited.jpg 1920w, https:\/\/villarrealcf.es\/wp-content\/uploads\/2025\/06\/VillarrealCF-RCD-Mallorca-174-edited-1536x864.jpg 1536w, https:\/\/villarrealcf.es\/wp-content\/uploads\/2025\/06\/VillarrealCF-RCD-Mallorca-174-edited-2048x1152.jpg 2048w, https:\/\/villarrealcf.es\/wp-content\/uploads\/2025\/06\/VillarrealCF-RCD-Mallorca-174-edited.jpg 1920w, https:\/\/villarrealcf.es\/wp-content\/uploads\/2025\/06\/VillarrealCF-RCD-Mallorca-174-edited.jpg 1920w, https:\/\/villarrealcf.es\/wp-content\/uploads\/2025\/06\/VillarrealCF-RCD-Mallorca-174-edited-32x18.jpg 32w, https:\/\/villarrealcf.es\/wp-content\/uploads\/2025\/06\/VillarrealCF-RCD-Mallorca-174-edited-150x84.jpg 150w, https:\/\/villarrealcf.es\/wp-content\/uploads\/2025\/06\/VillarrealCF-RCD-Mallorca-174-edited.jpg 1920w, https:\/\/villarrealcf.es\/wp-content\/uploads\/2025\/06\/VillarrealCF-RCD-Mallorca-174-edited-1200x675.jpg 1200w","sizes":"auto, (max-width: 2835px) 100vw, 2835px"},{"type":"paragraph","text":"5. Alfonso Pedraza returns from injury"},{"type":"paragraph","text":"Alfonso Pedraza made his long-awaited comeback after recovering from a serious ankle injury that kept him out for months."},{"type":"paragraph","text":"The left-back returned to action in an official match against Rayo Vallecano (0-1) at the Estadio de Vallecas."},{"type":"image","url":"https:\/\/villarrealcf.es\/wp-content\/uploads\/2025\/06\/RayoVallecano-VillarrealCF-185-edited.jpg","alt":"","width":2835,"height":1595,"srcset":"https:\/\/villarrealcf.es\/wp-content\/uploads\/2025\/06\/RayoVallecano-VillarrealCF-185-edited.jpg 2835w, https:\/\/villarrealcf.es\/wp-content\/uploads\/2025\/06\/RayoVallecano-VillarrealCF-185-edited-1920x1080.jpg 1920w, https:\/\/villarrealcf.es\/wp-content\/uploads\/2025\/06\/RayoVallecano-VillarrealCF-185-edited.jpg 1920w, https:\/\/villarrealcf.es\/wp-content\/uploads\/2025\/06\/RayoVallecano-VillarrealCF-185-edited-1536x864.jpg 1536w, https:\/\/villarrealcf.es\/wp-content\/uploads\/2025\/06\/RayoVallecano-VillarrealCF-185-edited-2048x1152.jpg 2048w, https:\/\/villarrealcf.es\/wp-content\/uploads\/2025\/06\/RayoVallecano-VillarrealCF-185-edited.jpg 1920w, https:\/\/villarrealcf.es\/wp-content\/uploads\/2025\/06\/RayoVallecano-VillarrealCF-185-edited.jpg 1920w, https:\/\/villarrealcf.es\/wp-content\/uploads\/2025\/06\/RayoVallecano-VillarrealCF-185-edited-32x18.jpg 32w, https:\/\/villarrealcf.es\/wp-content\/uploads\/2025\/06\/RayoVallecano-VillarrealCF-185-edited-150x84.jpg 150w, https:\/\/villarrealcf.es\/wp-content\/uploads\/2025\/06\/RayoVallecano-VillarrealCF-185-edited.jpg 1920w, https:\/\/villarrealcf.es\/wp-content\/uploads\/2025\/06\/RayoVallecano-VillarrealCF-185-edited-1200x675.jpg 1200w","sizes":"auto, (max-width: 2835px) 100vw, 2835px"},{"type":"paragraph","text":"6. Statement win at the Benito Villamar\u00edn (1-2)"},{"type":"paragraph","text":"Villarreal\u2019s 2-1 victory over Real Betis was one of the most decisive moments in the race for the Champions League."},{"type":"paragraph","text":"Marcelino\u2019s side got the better of a Betis team that had enjoyed a strong second half of the season. Goals from Thierno Barry and Ayoze P\u00e9rez secured three vital points in what felt like a Champions League play-off."},{"type":"image","url":"https:\/\/villarrealcf.es\/wp-content\/uploads\/2025\/06\/RealBetisBalompie-VillarrealCF-168-edited.jpg","alt":"","width":2835,"height":1595,"srcset":"https:\/\/villarrealcf.es\/wp-content\/uploads\/2025\/06\/RealBetisBalompie-VillarrealCF-168-edited.jpg 2835w, https:\/\/villarrealcf.es\/wp-content\/uploads\/2025\/06\/RealBetisBalompie-VillarrealCF-168-edited-1920x1080.jpg 1920w, https:\/\/villarrealcf.es\/wp-content\/uploads\/2025\/06\/RealBetisBalompie-VillarrealCF-168-edited.jpg 1920w, https:\/\/villarrealcf.es\/wp-content\/uploads\/2025\/06\/RealBetisBalompie-VillarrealCF-168-edited-1536x864.jpg 1536w, https:\/\/villarrealcf.es\/wp-content\/uploads\/2025\/06\/RealBetisBalompie-VillarrealCF-168-edited-2048x1152.jpg 2048w, https:\/\/villarrealcf.es\/wp-content\/uploads\/2025\/06\/RealBetisBalompie-VillarrealCF-168-edited.jpg 1920w, https:\/\/villarrealcf.es\/wp-content\/uploads\/2025\/06\/RealBetisBalompie-VillarrealCF-168-edited.jpg 1920w, https:\/\/villarrealcf.es\/wp-content\/uploads\/2025\/06\/RealBetisBalompie-VillarrealCF-168-edited-32x18.jpg 32w, https:\/\/villarrealcf.es\/wp-content\/uploads\/2025\/06\/RealBetisBalompie-VillarrealCF-168-edited-150x84.jpg 150w, https:\/\/villarrealcf.es\/wp-content\/uploads\/2025\/06\/RealBetisBalompie-VillarrealCF-168-edited.jpg 1920w, https:\/\/villarrealcf.es\/wp-content\/uploads\/2025\/06\/RealBetisBalompie-VillarrealCF-168-edited-1200x675.jpg 1200w","sizes":"auto, (max-width: 2835px) 100vw, 2835px"},{"type":"paragraph","text":"7. Etta Eyong steps up in Girona"},{"type":"paragraph","text":"Villarreal picked up yet another win at Montilivi (0-1), maintaining their perfect LaLiga record there."},{"type":"paragraph","text":"In the closing minutes, B team striker Etta Eyong rose highest to head home the winner, keeping Villarreal\u2019s Champions League dream alive\u2014especially after Betis dropped points at home to Osasuna (1-1)."},{"type":"image","url":"https:\/\/villarrealcf.es\/wp-content\/uploads\/2025\/06\/GironaFC-VillarrealCF-215-edited.jpg","alt":"","width":2835,"height":1595,"srcset":"https:\/\/villarrealcf.es\/wp-content\/uploads\/2025\/06\/GironaFC-VillarrealCF-215-edited.jpg 2835w, https:\/\/villarrealcf.es\/wp-content\/uploads\/2025\/06\/GironaFC-VillarrealCF-215-edited-1920x1080.jpg 1920w, https:\/\/villarrealcf.es\/wp-content\/uploads\/2025\/06\/GironaFC-VillarrealCF-215-edited.jpg 1920w, https:\/\/villarrealcf.es\/wp-content\/uploads\/2025\/06\/GironaFC-VillarrealCF-215-edited-1536x864.jpg 1536w, https:\/\/villarrealcf.es\/wp-content\/uploads\/2025\/06\/GironaFC-VillarrealCF-215-edited-2048x1152.jpg 2048w, https:\/\/villarrealcf.es\/wp-content\/uploads\/2025\/06\/GironaFC-VillarrealCF-215-edited.jpg 1920w, https:\/\/villarrealcf.es\/wp-content\/uploads\/2025\/06\/GironaFC-VillarrealCF-215-edited.jpg 1920w, https:\/\/villarrealcf.es\/wp-content\/uploads\/2025\/06\/GironaFC-VillarrealCF-215-edited-32x18.jpg 32w, https:\/\/villarrealcf.es\/wp-content\/uploads\/2025\/06\/GironaFC-VillarrealCF-215-edited-150x84.jpg 150w, https:\/\/villarrealcf.es\/wp-content\/uploads\/2025\/06\/GironaFC-VillarrealCF-215-edited.jpg 1920w, https:\/\/villarrealcf.es\/wp-content\/uploads\/2025\/06\/GironaFC-VillarrealCF-215-edited-1200x675.jpg 1200w","sizes":"auto, (max-width: 2835px) 100vw, 2835px"},{"type":"paragraph","text":"8. Ayoze P\u00e9rez seals Zarra Trophy with brace against Legan\u00e9s"},{"type":"paragraph","text":"Ayoze P\u00e9rez scored twice against CD Legan\u00e9s (3-0), overtaking Oihan Sancet in the race for the Zarra Trophy."},{"type":"paragraph","text":"His brace was a masterclass in clinical finishing, and a later goal against Barcelona at the Llu\u00eds Companys took his tally to 19 LaLiga goals\u2014enough to win him the prestigious individual prize."},{"type":"image","url":"https:\/\/villarrealcf.es\/wp-content\/uploads\/2025\/06\/VillarrealCF-CDLeganes-242-edited.jpg","alt":"","width":2835,"height":1595,"srcset":"https:\/\/villarrealcf.es\/wp-content\/uploads\/2025\/06\/VillarrealCF-CDLeganes-242-edited.jpg 2835w, https:\/\/villarrealcf.es\/wp-content\/uploads\/2025\/06\/VillarrealCF-CDLeganes-242-edited-1920x1080.jpg 1920w, https:\/\/villarrealcf.es\/wp-content\/uploads\/2025\/06\/VillarrealCF-CDLeganes-242-edited.jpg 1920w, https:\/\/villarrealcf.es\/wp-content\/uploads\/2025\/06\/VillarrealCF-CDLeganes-242-edited-1536x864.jpg 1536w, https:\/\/villarrealcf.es\/wp-content\/uploads\/2025\/06\/VillarrealCF-CDLeganes-242-edited-2048x1152.jpg 2048w, https:\/\/villarrealcf.es\/wp-content\/uploads\/2025\/06\/VillarrealCF-CDLeganes-242-edited.jpg 1920w, https:\/\/villarrealcf.es\/wp-content\/uploads\/2025\/06\/VillarrealCF-CDLeganes-242-edited.jpg 1920w, https:\/\/villarrealcf.es\/wp-content\/uploads\/2025\/06\/VillarrealCF-CDLeganes-242-edited-32x18.jpg 32w, https:\/\/villarrealcf.es\/wp-content\/uploads\/2025\/06\/VillarrealCF-CDLeganes-242-edited-150x84.jpg 150w, https:\/\/villarrealcf.es\/wp-content\/uploads\/2025\/06\/VillarrealCF-CDLeganes-242-edited.jpg 1920w, https:\/\/villarrealcf.es\/wp-content\/uploads\/2025\/06\/VillarrealCF-CDLeganes-242-edited-1200x675.jpg 1200w","sizes":"auto, (max-width: 2835px) 100vw, 2835px"},{"type":"paragraph","text":"9. Submarine secure Champions League spot by beating the champions"},{"type":"paragraph","text":"Villarreal CF sealed Champions League qualification in style by defeating LaLiga EA Sports champions FC Barcelona (2-3) at their own ground."},{"type":"paragraph","text":"Ayoze opened the scoring, before Lamine Yamal and Ferm\u00edn L\u00f3pez struck for Bar\u00e7a. However, second-half goals from Santi Comesa\u00f1a and Tajon Buchanan sealed a historic victory for the Yellows."},{"type":"image","url":"https:\/\/villarrealcf.es\/wp-content\/uploads\/2025\/06\/FCBarcelona-VillarrealCF-193-edited.jpg","alt":"","width":2835,"height":1595,"srcset":"https:\/\/villarrealcf.es\/wp-content\/uploads\/2025\/06\/FCBarcelona-VillarrealCF-193-edited.jpg 2835w, https:\/\/villarrealcf.es\/wp-content\/uploads\/2025\/06\/FCBarcelona-VillarrealCF-193-edited-1920x1080.jpg 1920w, https:\/\/villarrealcf.es\/wp-content\/uploads\/2025\/06\/FCBarcelona-VillarrealCF-193-edited.jpg 1920w, https:\/\/villarrealcf.es\/wp-content\/uploads\/2025\/06\/FCBarcelona-VillarrealCF-193-edited-1536x864.jpg 1536w, https:\/\/villarrealcf.es\/wp-content\/uploads\/2025\/06\/FCBarcelona-VillarrealCF-193-edited-2048x1152.jpg 2048w, https:\/\/villarrealcf.es\/wp-content\/uploads\/2025\/06\/FCBarcelona-VillarrealCF-193-edited.jpg 1920w, https:\/\/villarrealcf.es\/wp-content\/uploads\/2025\/06\/FCBarcelona-VillarrealCF-193-edited.jpg 1920w, https:\/\/villarrealcf.es\/wp-content\/uploads\/2025\/06\/FCBarcelona-VillarrealCF-193-edited-32x18.jpg 32w, https:\/\/villarrealcf.es\/wp-content\/uploads\/2025\/06\/FCBarcelona-VillarrealCF-193-edited-150x84.jpg 150w, https:\/\/villarrealcf.es\/wp-content\/uploads\/2025\/06\/FCBarcelona-VillarrealCF-193-edited.jpg 1920w, https:\/\/villarrealcf.es\/wp-content\/uploads\/2025\/06\/FCBarcelona-VillarrealCF-193-edited-1200x675.jpg 1200w","sizes":"auto, (max-width: 2835px) 100vw, 2835px"},{"type":"paragraph","text":"10. A Champions League party and a heartfelt farewell to Ra\u00fal Albiol"},{"type":"paragraph","text":"The final matchday of the season was a true celebration for Villarreal. The Yellows hosted Sevilla to mark their qualification for the Champions League and say goodbye to club legend Ra\u00fal Albiol."},{"type":"paragraph","text":"There was music, speeches and plenty of emotion before La morocha and the Champions League anthem echoed around the stadium. The night ended with fireworks\u2014capping off a season to remember."},{"type":"image","url":"https:\/\/villarrealcf.es\/wp-content\/uploads\/2025\/06\/VillarrealCF-SevillaFC-379-edited.jpg","alt":"","width":2835,"height":1595,"srcset":"https:\/\/villarrealcf.es\/wp-content\/uploads\/2025\/06\/VillarrealCF-SevillaFC-379-edited.jpg 2835w, https:\/\/villarrealcf.es\/wp-content\/uploads\/2025\/06\/VillarrealCF-SevillaFC-379-edited-1920x1080.jpg 1920w, https:\/\/villarrealcf.es\/wp-content\/uploads\/2025\/06\/VillarrealCF-SevillaFC-379-edited.jpg 1920w, https:\/\/villarrealcf.es\/wp-content\/uploads\/2025\/06\/VillarrealCF-SevillaFC-379-edited-1536x864.jpg 1536w, https:\/\/villarrealcf.es\/wp-content\/uploads\/2025\/06\/VillarrealCF-SevillaFC-379-edited-2048x1152.jpg 2048w, https:\/\/villarrealcf.es\/wp-content\/uploads\/2025\/06\/VillarrealCF-SevillaFC-379-edited.jpg 1920w, https:\/\/villarrealcf.es\/wp-content\/uploads\/2025\/06\/VillarrealCF-SevillaFC-379-edited.jpg 1920w, https:\/\/villarrealcf.es\/wp-content\/uploads\/2025\/06\/VillarrealCF-SevillaFC-379-edited-32x18.jpg 32w, https:\/\/villarrealcf.es\/wp-content\/uploads\/2025\/06\/VillarrealCF-SevillaFC-379-edited-150x84.jpg 150w, https:\/\/villarrealcf.es\/wp-content\/uploads\/2025\/06\/VillarrealCF-SevillaFC-379-edited.jpg 1920w, https:\/\/villarrealcf.es\/wp-content\/uploads\/2025\/06\/VillarrealCF-SevillaFC-379-edited-1200x675.jpg 1200w","sizes":"auto, (max-width: 2835px) 100vw, 2835px"}],"structured":{"summary":{"text":"Marcelino\u2019s side enjoyed a number of unforgettable evenings during a campaign that ended with Champions League qualification Villarreal CF experienced some fantastic moments throughout the 2024\/25 season. The Yellows picked up memorable victories, celebrated goals that will live long in the memory and took part in tributes and celebrations that will go down in club history. With the campaign now complete, here\u2019s a look back at ten unforgettable moments: 1. Last-gasp win over RC Celta (4-3) In the 100th minute, Villarreal snatched victory over Celta (4-3) at the Estadio de la Cer\u00e1mica. Dani Parejo scored a last-gasp winner to settle a seven-goal thriller. Sergi Cardona, Thierno Barry, a Jailson own goal and Parejo were on target for the Yellows, while Borja Iglesias, Mingueza and Starfelt scored for the visitors. 2. Tribute to DANA victims and win over Alav\u00e9s (3-0) Villarreal CF paid tribute to the victims of the DANA floods that hit southern Valencia in late October. Against Alav\u00e9s, the Yellows wore black at home for the first time ever. A giant Comunitat Valenciana flag was displayed, and the regional anthem rang out. Villarreal went on to win 3-0 thanks to goals from Ilias Akhomach, Dani Parejo and Santi Comesa\u00f1a. 3. Thierno Barry\u2019s hat-trick against CD Legan\u00e9s (2-5) Thierno Barry bagged his first hat-trick for Villarreal CF in a big win at Butarque. The French striker became the 11th player in the club\u2019s history to score a LaLiga hat-trick, joining names like Juan Rom\u00e1n Riquelme, Diego Forl\u00e1n, Ike Uche, C\u00e9dric Bakambu, Carlos Bacca, Gerard Moreno, Arnaut Danjuma, Yeremy Pino, Jos\u00e9 Luis Morales and Alexander Sorloth. 4. Four goals in eight minutes vs Mallorca (4-0) Villarreal blew away Mallorca with four goals in eight sensational minutes. Logan Costa opened the scoring in the 20th minute, followed by goals from \u00c1lex Baena (24\u2019), Dani Parejo (26\u2019) and Yeremy Pino (28\u2019) in a stunning attacking display at the Estadio de la Cer\u00e1mica. 5. Alfonso Pedraza returns from injury Alfonso Pedraza made his long-awaited comeback after recovering from a serious ankle injury that kept him out for months. The left-back returned to action in an official match against Rayo Vallecano (0-1) at the Estadio de Vallecas. 6. Statement win at the Benito Villamar\u00edn (1-2) Villarreal\u2019s 2-1 victory over Real Betis was one of the most decisive moments in the race for the Champions League. Marcelino\u2019s side got the better of a Betis team that had enjoyed a strong second half of the season. Goals from Thierno Barry and Ayoze P\u00e9rez secured three vital points in what felt like a Champions League play-off. 7. Etta Eyong steps up in Girona Villarreal picked up yet another win at Montilivi (0-1), maintaining their perfect LaLiga record there. In the closing minutes, B team striker Etta Eyong rose highest to head home the winner, keeping Villarreal\u2019s Champions League dream alive\u2014especially after Betis dropped points at home to Osasuna (1-1). 8. Ayoze P\u00e9rez seals Zarra Trophy with brace against Legan\u00e9s Ayoze P\u00e9rez scored twice against CD Legan\u00e9s (3-0), overtaking Oihan Sancet in the race for the Zarra Trophy. His brace was a masterclass in clinical finishing, and a later goal against Barcelona at the Llu\u00eds Companys took his tally to 19 LaLiga goals\u2014enough to win him the prestigious individual prize. 9. Submarine secure Champions League spot by beating the champions Villarreal CF sealed Champions League qualification in style by defeating LaLiga EA Sports champions FC Barcelona (2-3) at their own ground. Ayoze opened the scoring, before Lamine Yamal and Ferm\u00edn L\u00f3pez struck for Bar\u00e7a. However, second-half goals from Santi Comesa\u00f1a and Tajon Buchanan sealed a historic victory for the Yellows. 10. A Champions League party and a heartfelt farewell to Ra\u00fal Albiol The final matchday of the season was a true celebration for Villarreal. The Yellows hosted Sevilla to mark their qualification for the Champions League and say goodbye to club legend Ra\u00fal Albiol. There was music, speeches and plenty of emotion before La morocha and the Champions League anthem echoed around the stadium. The night ended with fireworks\u2014capping off a season to remember.","headings":[{"type":"heading","level":2,"text":"Marcelino\u2019s side enjoyed a number of unforgettable evenings during a campaign that ended with Champions League qualification"}],"buttons":[],"images":[{"type":"image","url":"https:\/\/villarrealcf.es\/wp-content\/uploads\/2025\/06\/VillarrealCF-RCCeltaVigo-248-1-edited.jpg","alt":"","width":2835,"height":1595,"srcset":"https:\/\/villarrealcf.es\/wp-content\/uploads\/2025\/06\/VillarrealCF-RCCeltaVigo-248-1-edited.jpg 2835w, https:\/\/villarrealcf.es\/wp-content\/uploads\/2025\/06\/VillarrealCF-RCCeltaVigo-248-1-edited-1920x1080.jpg 1920w, https:\/\/villarrealcf.es\/wp-content\/uploads\/2025\/06\/VillarrealCF-RCCeltaVigo-248-1-edited.jpg 1920w, https:\/\/villarrealcf.es\/wp-content\/uploads\/2025\/06\/VillarrealCF-RCCeltaVigo-248-1-edited-1536x864.jpg 1536w, https:\/\/villarrealcf.es\/wp-content\/uploads\/2025\/06\/VillarrealCF-RCCeltaVigo-248-1-edited-2048x1152.jpg 2048w, https:\/\/villarrealcf.es\/wp-content\/uploads\/2025\/06\/VillarrealCF-RCCeltaVigo-248-1-edited.jpg 1920w, https:\/\/villarrealcf.es\/wp-content\/uploads\/2025\/06\/VillarrealCF-RCCeltaVigo-248-1-edited.jpg 1920w, https:\/\/villarrealcf.es\/wp-content\/uploads\/2025\/06\/VillarrealCF-RCCeltaVigo-248-1-edited-32x18.jpg 32w, https:\/\/villarrealcf.es\/wp-content\/uploads\/2025\/06\/VillarrealCF-RCCeltaVigo-248-1-edited-150x84.jpg 150w, https:\/\/villarrealcf.es\/wp-content\/uploads\/2025\/06\/VillarrealCF-RCCeltaVigo-248-1-edited.jpg 1920w, https:\/\/villarrealcf.es\/wp-content\/uploads\/2025\/06\/VillarrealCF-RCCeltaVigo-248-1-edited-1200x675.jpg 1200w","sizes":"auto, (max-width: 2835px) 100vw, 2835px"},{"type":"image","url":"https:\/\/villarrealcf.es\/wp-content\/uploads\/2025\/06\/VillarrealCF-DeportivoAlaves-095-edited.jpg","alt":"","width":2835,"height":1595,"srcset":"https:\/\/villarrealcf.es\/wp-content\/uploads\/2025\/06\/VillarrealCF-DeportivoAlaves-095-edited.jpg 2835w, https:\/\/villarrealcf.es\/wp-content\/uploads\/2025\/06\/VillarrealCF-DeportivoAlaves-095-edited-1920x1080.jpg 1920w, https:\/\/villarrealcf.es\/wp-content\/uploads\/2025\/06\/VillarrealCF-DeportivoAlaves-095-edited.jpg 1920w, https:\/\/villarrealcf.es\/wp-content\/uploads\/2025\/06\/VillarrealCF-DeportivoAlaves-095-edited-1536x864.jpg 1536w, https:\/\/villarrealcf.es\/wp-content\/uploads\/2025\/06\/VillarrealCF-DeportivoAlaves-095-edited-2048x1152.jpg 2048w, https:\/\/villarrealcf.es\/wp-content\/uploads\/2025\/06\/VillarrealCF-DeportivoAlaves-095-edited.jpg 1920w, https:\/\/villarrealcf.es\/wp-content\/uploads\/2025\/06\/VillarrealCF-DeportivoAlaves-095-edited.jpg 1920w, https:\/\/villarrealcf.es\/wp-content\/uploads\/2025\/06\/VillarrealCF-DeportivoAlaves-095-edited-32x18.jpg 32w, https:\/\/villarrealcf.es\/wp-content\/uploads\/2025\/06\/VillarrealCF-DeportivoAlaves-095-edited-150x84.jpg 150w, https:\/\/villarrealcf.es\/wp-content\/uploads\/2025\/06\/VillarrealCF-DeportivoAlaves-095-edited.jpg 1920w, https:\/\/villarrealcf.es\/wp-content\/uploads\/2025\/06\/VillarrealCF-DeportivoAlaves-095-edited-1200x675.jpg 1200w","sizes":"auto, (max-width: 2835px) 100vw, 2835px"},{"type":"image","url":"https:\/\/villarrealcf.es\/wp-content\/uploads\/2025\/06\/CDLeganes-VillarrealCF-271-edited.jpg","alt":"","width":1890,"height":1063,"srcset":"https:\/\/villarrealcf.es\/wp-content\/uploads\/2025\/06\/CDLeganes-VillarrealCF-271-edited.jpg 1890w, https:\/\/villarrealcf.es\/wp-content\/uploads\/2025\/06\/CDLeganes-VillarrealCF-271-edited.jpg 1920w, https:\/\/villarrealcf.es\/wp-content\/uploads\/2025\/06\/CDLeganes-VillarrealCF-271-edited-1536x864.jpg 1536w, https:\/\/villarrealcf.es\/wp-content\/uploads\/2025\/06\/CDLeganes-VillarrealCF-271-edited.jpg 1920w, https:\/\/villarrealcf.es\/wp-content\/uploads\/2025\/06\/CDLeganes-VillarrealCF-271-edited.jpg 1920w, https:\/\/villarrealcf.es\/wp-content\/uploads\/2025\/06\/CDLeganes-VillarrealCF-271-edited-32x18.jpg 32w, https:\/\/villarrealcf.es\/wp-content\/uploads\/2025\/06\/CDLeganes-VillarrealCF-271-edited-150x84.jpg 150w, https:\/\/villarrealcf.es\/wp-content\/uploads\/2025\/06\/CDLeganes-VillarrealCF-271-edited.jpg 1920w, https:\/\/villarrealcf.es\/wp-content\/uploads\/2025\/06\/CDLeganes-VillarrealCF-271-edited-1200x675.jpg 1200w","sizes":"auto, (max-width: 1890px) 100vw, 1890px"},{"type":"image","url":"https:\/\/villarrealcf.es\/wp-content\/uploads\/2025\/06\/VillarrealCF-RCD-Mallorca-174-edited.jpg","alt":"","width":2835,"height":1595,"srcset":"https:\/\/villarrealcf.es\/wp-content\/uploads\/2025\/06\/VillarrealCF-RCD-Mallorca-174-edited.jpg 2835w, https:\/\/villarrealcf.es\/wp-content\/uploads\/2025\/06\/VillarrealCF-RCD-Mallorca-174-edited-1920x1080.jpg 1920w, https:\/\/villarrealcf.es\/wp-content\/uploads\/2025\/06\/VillarrealCF-RCD-Mallorca-174-edited.jpg 1920w, https:\/\/villarrealcf.es\/wp-content\/uploads\/2025\/06\/VillarrealCF-RCD-Mallorca-174-edited-1536x864.jpg 1536w, https:\/\/villarrealcf.es\/wp-content\/uploads\/2025\/06\/VillarrealCF-RCD-Mallorca-174-edited-2048x1152.jpg 2048w, https:\/\/villarrealcf.es\/wp-content\/uploads\/2025\/06\/VillarrealCF-RCD-Mallorca-174-edited.jpg 1920w, https:\/\/villarrealcf.es\/wp-content\/uploads\/2025\/06\/VillarrealCF-RCD-Mallorca-174-edited.jpg 1920w, https:\/\/villarrealcf.es\/wp-content\/uploads\/2025\/06\/VillarrealCF-RCD-Mallorca-174-edited-32x18.jpg 32w, https:\/\/villarrealcf.es\/wp-content\/uploads\/2025\/06\/VillarrealCF-RCD-Mallorca-174-edited-150x84.jpg 150w, https:\/\/villarrealcf.es\/wp-content\/uploads\/2025\/06\/VillarrealCF-RCD-Mallorca-174-edited.jpg 1920w, https:\/\/villarrealcf.es\/wp-content\/uploads\/2025\/06\/VillarrealCF-RCD-Mallorca-174-edited-1200x675.jpg 1200w","sizes":"auto, (max-width: 2835px) 100vw, 2835px"},{"type":"image","url":"https:\/\/villarrealcf.es\/wp-content\/uploads\/2025\/06\/RayoVallecano-VillarrealCF-185-edited.jpg","alt":"","width":2835,"height":1595,"srcset":"https:\/\/villarrealcf.es\/wp-content\/uploads\/2025\/06\/RayoVallecano-VillarrealCF-185-edited.jpg 2835w, https:\/\/villarrealcf.es\/wp-content\/uploads\/2025\/06\/RayoVallecano-VillarrealCF-185-edited-1920x1080.jpg 1920w, https:\/\/villarrealcf.es\/wp-content\/uploads\/2025\/06\/RayoVallecano-VillarrealCF-185-edited.jpg 1920w, https:\/\/villarrealcf.es\/wp-content\/uploads\/2025\/06\/RayoVallecano-VillarrealCF-185-edited-1536x864.jpg 1536w, https:\/\/villarrealcf.es\/wp-content\/uploads\/2025\/06\/RayoVallecano-VillarrealCF-185-edited-2048x1152.jpg 2048w, https:\/\/villarrealcf.es\/wp-content\/uploads\/2025\/06\/RayoVallecano-VillarrealCF-185-edited.jpg 1920w, https:\/\/villarrealcf.es\/wp-content\/uploads\/2025\/06\/RayoVallecano-VillarrealCF-185-edited.jpg 1920w, https:\/\/villarrealcf.es\/wp-content\/uploads\/2025\/06\/RayoVallecano-VillarrealCF-185-edited-32x18.jpg 32w, https:\/\/villarrealcf.es\/wp-content\/uploads\/2025\/06\/RayoVallecano-VillarrealCF-185-edited-150x84.jpg 150w, https:\/\/villarrealcf.es\/wp-content\/uploads\/2025\/06\/RayoVallecano-VillarrealCF-185-edited.jpg 1920w, https:\/\/villarrealcf.es\/wp-content\/uploads\/2025\/06\/RayoVallecano-VillarrealCF-185-edited-1200x675.jpg 1200w","sizes":"auto, (max-width: 2835px) 100vw, 2835px"},{"type":"image","url":"https:\/\/villarrealcf.es\/wp-content\/uploads\/2025\/06\/RealBetisBalompie-VillarrealCF-168-edited.jpg","alt":"","width":2835,"height":1595,"srcset":"https:\/\/villarrealcf.es\/wp-content\/uploads\/2025\/06\/RealBetisBalompie-VillarrealCF-168-edited.jpg 2835w, https:\/\/villarrealcf.es\/wp-content\/uploads\/2025\/06\/RealBetisBalompie-VillarrealCF-168-edited-1920x1080.jpg 1920w, https:\/\/villarrealcf.es\/wp-content\/uploads\/2025\/06\/RealBetisBalompie-VillarrealCF-168-edited.jpg 1920w, https:\/\/villarrealcf.es\/wp-content\/uploads\/2025\/06\/RealBetisBalompie-VillarrealCF-168-edited-1536x864.jpg 1536w, https:\/\/villarrealcf.es\/wp-content\/uploads\/2025\/06\/RealBetisBalompie-VillarrealCF-168-edited-2048x1152.jpg 2048w, https:\/\/villarrealcf.es\/wp-content\/uploads\/2025\/06\/RealBetisBalompie-VillarrealCF-168-edited.jpg 1920w, https:\/\/villarrealcf.es\/wp-content\/uploads\/2025\/06\/RealBetisBalompie-VillarrealCF-168-edited.jpg 1920w, https:\/\/villarrealcf.es\/wp-content\/uploads\/2025\/06\/RealBetisBalompie-VillarrealCF-168-edited-32x18.jpg 32w, https:\/\/villarrealcf.es\/wp-content\/uploads\/2025\/06\/RealBetisBalompie-VillarrealCF-168-edited-150x84.jpg 150w, https:\/\/villarrealcf.es\/wp-content\/uploads\/2025\/06\/RealBetisBalompie-VillarrealCF-168-edited.jpg 1920w, https:\/\/villarrealcf.es\/wp-content\/uploads\/2025\/06\/RealBetisBalompie-VillarrealCF-168-edited-1200x675.jpg 1200w","sizes":"auto, (max-width: 2835px) 100vw, 2835px"},{"type":"image","url":"https:\/\/villarrealcf.es\/wp-content\/uploads\/2025\/06\/GironaFC-VillarrealCF-215-edited.jpg","alt":"","width":2835,"height":1595,"srcset":"https:\/\/villarrealcf.es\/wp-content\/uploads\/2025\/06\/GironaFC-VillarrealCF-215-edited.jpg 2835w, https:\/\/villarrealcf.es\/wp-content\/uploads\/2025\/06\/GironaFC-VillarrealCF-215-edited-1920x1080.jpg 1920w, https:\/\/villarrealcf.es\/wp-content\/uploads\/2025\/06\/GironaFC-VillarrealCF-215-edited.jpg 1920w, https:\/\/villarrealcf.es\/wp-content\/uploads\/2025\/06\/GironaFC-VillarrealCF-215-edited-1536x864.jpg 1536w, https:\/\/villarrealcf.es\/wp-content\/uploads\/2025\/06\/GironaFC-VillarrealCF-215-edited-2048x1152.jpg 2048w, https:\/\/villarrealcf.es\/wp-content\/uploads\/2025\/06\/GironaFC-VillarrealCF-215-edited.jpg 1920w, https:\/\/villarrealcf.es\/wp-content\/uploads\/2025\/06\/GironaFC-VillarrealCF-215-edited.jpg 1920w, https:\/\/villarrealcf.es\/wp-content\/uploads\/2025\/06\/GironaFC-VillarrealCF-215-edited-32x18.jpg 32w, https:\/\/villarrealcf.es\/wp-content\/uploads\/2025\/06\/GironaFC-VillarrealCF-215-edited-150x84.jpg 150w, https:\/\/villarrealcf.es\/wp-content\/uploads\/2025\/06\/GironaFC-VillarrealCF-215-edited.jpg 1920w, https:\/\/villarrealcf.es\/wp-content\/uploads\/2025\/06\/GironaFC-VillarrealCF-215-edited-1200x675.jpg 1200w","sizes":"auto, (max-width: 2835px) 100vw, 2835px"},{"type":"image","url":"https:\/\/villarrealcf.es\/wp-content\/uploads\/2025\/06\/VillarrealCF-CDLeganes-242-edited.jpg","alt":"","width":2835,"height":1595,"srcset":"https:\/\/villarrealcf.es\/wp-content\/uploads\/2025\/06\/VillarrealCF-CDLeganes-242-edited.jpg 2835w, https:\/\/villarrealcf.es\/wp-content\/uploads\/2025\/06\/VillarrealCF-CDLeganes-242-edited-1920x1080.jpg 1920w, https:\/\/villarrealcf.es\/wp-content\/uploads\/2025\/06\/VillarrealCF-CDLeganes-242-edited.jpg 1920w, https:\/\/villarrealcf.es\/wp-content\/uploads\/2025\/06\/VillarrealCF-CDLeganes-242-edited-1536x864.jpg 1536w, https:\/\/villarrealcf.es\/wp-content\/uploads\/2025\/06\/VillarrealCF-CDLeganes-242-edited-2048x1152.jpg 2048w, https:\/\/villarrealcf.es\/wp-content\/uploads\/2025\/06\/VillarrealCF-CDLeganes-242-edited.jpg 1920w, https:\/\/villarrealcf.es\/wp-content\/uploads\/2025\/06\/VillarrealCF-CDLeganes-242-edited.jpg 1920w, https:\/\/villarrealcf.es\/wp-content\/uploads\/2025\/06\/VillarrealCF-CDLeganes-242-edited-32x18.jpg 32w, https:\/\/villarrealcf.es\/wp-content\/uploads\/2025\/06\/VillarrealCF-CDLeganes-242-edited-150x84.jpg 150w, https:\/\/villarrealcf.es\/wp-content\/uploads\/2025\/06\/VillarrealCF-CDLeganes-242-edited.jpg 1920w, https:\/\/villarrealcf.es\/wp-content\/uploads\/2025\/06\/VillarrealCF-CDLeganes-242-edited-1200x675.jpg 1200w","sizes":"auto, (max-width: 2835px) 100vw, 2835px"},{"type":"image","url":"https:\/\/villarrealcf.es\/wp-content\/uploads\/2025\/06\/FCBarcelona-VillarrealCF-193-edited.jpg","alt":"","width":2835,"height":1595,"srcset":"https:\/\/villarrealcf.es\/wp-content\/uploads\/2025\/06\/FCBarcelona-VillarrealCF-193-edited.jpg 2835w, https:\/\/villarrealcf.es\/wp-content\/uploads\/2025\/06\/FCBarcelona-VillarrealCF-193-edited-1920x1080.jpg 1920w, https:\/\/villarrealcf.es\/wp-content\/uploads\/2025\/06\/FCBarcelona-VillarrealCF-193-edited.jpg 1920w, https:\/\/villarrealcf.es\/wp-content\/uploads\/2025\/06\/FCBarcelona-VillarrealCF-193-edited-1536x864.jpg 1536w, https:\/\/villarrealcf.es\/wp-content\/uploads\/2025\/06\/FCBarcelona-VillarrealCF-193-edited-2048x1152.jpg 2048w, https:\/\/villarrealcf.es\/wp-content\/uploads\/2025\/06\/FCBarcelona-VillarrealCF-193-edited.jpg 1920w, https:\/\/villarrealcf.es\/wp-content\/uploads\/2025\/06\/FCBarcelona-VillarrealCF-193-edited.jpg 1920w, https:\/\/villarrealcf.es\/wp-content\/uploads\/2025\/06\/FCBarcelona-VillarrealCF-193-edited-32x18.jpg 32w, https:\/\/villarrealcf.es\/wp-content\/uploads\/2025\/06\/FCBarcelona-VillarrealCF-193-edited-150x84.jpg 150w, https:\/\/villarrealcf.es\/wp-content\/uploads\/2025\/06\/FCBarcelona-VillarrealCF-193-edited.jpg 1920w, https:\/\/villarrealcf.es\/wp-content\/uploads\/2025\/06\/FCBarcelona-VillarrealCF-193-edited-1200x675.jpg 1200w","sizes":"auto, (max-width: 2835px) 100vw, 2835px"},{"type":"image","url":"https:\/\/villarrealcf.es\/wp-content\/uploads\/2025\/06\/VillarrealCF-SevillaFC-379-edited.jpg","alt":"","width":2835,"height":1595,"srcset":"https:\/\/villarrealcf.es\/wp-content\/uploads\/2025\/06\/VillarrealCF-SevillaFC-379-edited.jpg 2835w, https:\/\/villarrealcf.es\/wp-content\/uploads\/2025\/06\/VillarrealCF-SevillaFC-379-edited-1920x1080.jpg 1920w, https:\/\/villarrealcf.es\/wp-content\/uploads\/2025\/06\/VillarrealCF-SevillaFC-379-edited.jpg 1920w, https:\/\/villarrealcf.es\/wp-content\/uploads\/2025\/06\/VillarrealCF-SevillaFC-379-edited-1536x864.jpg 1536w, https:\/\/villarrealcf.es\/wp-content\/uploads\/2025\/06\/VillarrealCF-SevillaFC-379-edited-2048x1152.jpg 2048w, https:\/\/villarrealcf.es\/wp-content\/uploads\/2025\/06\/VillarrealCF-SevillaFC-379-edited.jpg 1920w, https:\/\/villarrealcf.es\/wp-content\/uploads\/2025\/06\/VillarrealCF-SevillaFC-379-edited.jpg 1920w, https:\/\/villarrealcf.es\/wp-content\/uploads\/2025\/06\/VillarrealCF-SevillaFC-379-edited-32x18.jpg 32w, https:\/\/villarrealcf.es\/wp-content\/uploads\/2025\/06\/VillarrealCF-SevillaFC-379-edited-150x84.jpg 150w, https:\/\/villarrealcf.es\/wp-content\/uploads\/2025\/06\/VillarrealCF-SevillaFC-379-edited.jpg 1920w, https:\/\/villarrealcf.es\/wp-content\/uploads\/2025\/06\/VillarrealCF-SevillaFC-379-edited-1200x675.jpg 1200w","sizes":"auto, (max-width: 2835px) 100vw, 2835px"}],"counts":{"blocks":42,"headings":1,"texts":31,"buttons":0,"images":10}},"sections":[{"id":"section-1","title":"Marcelino\u2019s side enjoyed a number of unforgettable evenings during a campaign that ended with Champions League qualification","text":"Marcelino\u2019s side enjoyed a number of unforgettable evenings during a campaign that ended with Champions League qualification Villarreal CF experienced some fantastic moments throughout the 2024\/25 season. The Yellows picked up memorable victories, celebrated goals that will live long in the memory and took part in tributes and celebrations that will go down in club history. With the campaign now complete, here\u2019s a look back at ten unforgettable moments: 1. Last-gasp win over RC Celta (4-3) In the 100th minute, Villarreal snatched victory over Celta (4-3) at the Estadio de la Cer\u00e1mica. Dani Parejo scored a last-gasp winner to settle a seven-goal thriller. Sergi Cardona, Thierno Barry, a Jailson own goal and Parejo were on target for the Yellows, while Borja Iglesias, Mingueza and Starfelt scored for the visitors. 2. Tribute to DANA victims and win over Alav\u00e9s (3-0) Villarreal CF paid tribute to the victims of the DANA floods that hit southern Valencia in late October. Against Alav\u00e9s, the Yellows wore black at home for the first time ever. A giant Comunitat Valenciana flag was displayed, and the regional anthem rang out. Villarreal went on to win 3-0 thanks to goals from Ilias Akhomach, Dani Parejo and Santi Comesa\u00f1a. 3. Thierno Barry\u2019s hat-trick against CD Legan\u00e9s (2-5) Thierno Barry bagged his first hat-trick for Villarreal CF in a big win at Butarque. The French striker became the 11th player in the club\u2019s history to score a LaLiga hat-trick, joining names like Juan Rom\u00e1n Riquelme, Diego Forl\u00e1n, Ike Uche, C\u00e9dric Bakambu, Carlos Bacca, Gerard Moreno, Arnaut Danjuma, Yeremy Pino, Jos\u00e9 Luis Morales and Alexander Sorloth. 4. Four goals in eight minutes vs Mallorca (4-0) Villarreal blew away Mallorca with four goals in eight sensational minutes. Logan Costa opened the scoring in the 20th minute, followed by goals from \u00c1lex Baena (24\u2019), Dani Parejo (26\u2019) and Yeremy Pino (28\u2019) in a stunning attacking display at the Estadio de la Cer\u00e1mica. 5. Alfonso Pedraza returns from injury Alfonso Pedraza made his long-awaited comeback after recovering from a serious ankle injury that kept him out for months. The left-back returned to action in an official match against Rayo Vallecano (0-1) at the Estadio de Vallecas. 6. Statement win at the Benito Villamar\u00edn (1-2) Villarreal\u2019s 2-1 victory over Real Betis was one of the most decisive moments in the race for the Champions League. Marcelino\u2019s side got the better of a Betis team that had enjoyed a strong second half of the season. Goals from Thierno Barry and Ayoze P\u00e9rez secured three vital points in what felt like a Champions League play-off. 7. Etta Eyong steps up in Girona Villarreal picked up yet another win at Montilivi (0-1), maintaining their perfect LaLiga record there. In the closing minutes, B team striker Etta Eyong rose highest to head home the winner, keeping Villarreal\u2019s Champions League dream alive\u2014especially after Betis dropped points at home to Osasuna (1-1). 8. Ayoze P\u00e9rez seals Zarra Trophy with brace against Legan\u00e9s Ayoze P\u00e9rez scored twice against CD Legan\u00e9s (3-0), overtaking Oihan Sancet in the race for the Zarra Trophy. His brace was a masterclass in clinical finishing, and a later goal against Barcelona at the Llu\u00eds Companys took his tally to 19 LaLiga goals\u2014enough to win him the prestigious individual prize. 9. Submarine secure Champions League spot by beating the champions Villarreal CF sealed Champions League qualification in style by defeating LaLiga EA Sports champions FC Barcelona (2-3) at their own ground. Ayoze opened the scoring, before Lamine Yamal and Ferm\u00edn L\u00f3pez struck for Bar\u00e7a. However, second-half goals from Santi Comesa\u00f1a and Tajon Buchanan sealed a historic victory for the Yellows. 10. A Champions League party and a heartfelt farewell to Ra\u00fal Albiol The final matchday of the season was a true celebration for Villarreal. The Yellows hosted Sevilla to mark their qualification for the Champions League and say goodbye to club legend Ra\u00fal Albiol. There was music, speeches and plenty of emotion before La morocha and the Champions League anthem echoed around the stadium. The night ended with fireworks\u2014capping off a season to remember.","headings":[{"type":"heading","level":2,"text":"Marcelino\u2019s side enjoyed a number of unforgettable evenings during a campaign that ended with Champions League qualification"}],"texts":[{"type":"paragraph","text":"Villarreal CF experienced some fantastic moments throughout the 2024\/25 season. The Yellows picked up memorable victories, celebrated goals that will live long in the memory and took part in tributes and celebrations that will go down in club history."},{"type":"paragraph","text":"With the campaign now complete, here\u2019s a look back at ten unforgettable moments:"},{"type":"paragraph","text":"1. Last-gasp win over RC Celta (4-3)"},{"type":"paragraph","text":"In the 100th minute, Villarreal snatched victory over Celta (4-3) at the Estadio de la Cer\u00e1mica. Dani Parejo scored a last-gasp winner to settle a seven-goal thriller."},{"type":"paragraph","text":"Sergi Cardona, Thierno Barry, a Jailson own goal and Parejo were on target for the Yellows, while Borja Iglesias, Mingueza and Starfelt scored for the visitors."},{"type":"paragraph","text":"2. Tribute to DANA victims and win over Alav\u00e9s (3-0)"},{"type":"paragraph","text":"Villarreal CF paid tribute to the victims of the DANA floods that hit southern Valencia in late October."},{"type":"paragraph","text":"Against Alav\u00e9s, the Yellows wore black at home for the first time ever. A giant Comunitat Valenciana flag was displayed, and the regional anthem rang out. Villarreal went on to win 3-0 thanks to goals from Ilias Akhomach, Dani Parejo and Santi Comesa\u00f1a."},{"type":"paragraph","text":"3. Thierno Barry\u2019s hat-trick against CD Legan\u00e9s (2-5)"},{"type":"paragraph","text":"Thierno Barry bagged his first hat-trick for Villarreal CF in a big win at Butarque."},{"type":"paragraph","text":"The French striker became the 11th player in the club\u2019s history to score a LaLiga hat-trick, joining names like Juan Rom\u00e1n Riquelme, Diego Forl\u00e1n, Ike Uche, C\u00e9dric Bakambu, Carlos Bacca, Gerard Moreno, Arnaut Danjuma, Yeremy Pino, Jos\u00e9 Luis Morales and Alexander Sorloth."},{"type":"paragraph","text":"4. Four goals in eight minutes vs Mallorca (4-0)"},{"type":"paragraph","text":"Villarreal blew away Mallorca with four goals in eight sensational minutes. Logan Costa opened the scoring in the 20th minute, followed by goals from \u00c1lex Baena (24\u2019), Dani Parejo (26\u2019) and Yeremy Pino (28\u2019) in a stunning attacking display at the Estadio de la Cer\u00e1mica."},{"type":"paragraph","text":"5. Alfonso Pedraza returns from injury"},{"type":"paragraph","text":"Alfonso Pedraza made his long-awaited comeback after recovering from a serious ankle injury that kept him out for months."},{"type":"paragraph","text":"The left-back returned to action in an official match against Rayo Vallecano (0-1) at the Estadio de Vallecas."},{"type":"paragraph","text":"6. Statement win at the Benito Villamar\u00edn (1-2)"},{"type":"paragraph","text":"Villarreal\u2019s 2-1 victory over Real Betis was one of the most decisive moments in the race for the Champions League."},{"type":"paragraph","text":"Marcelino\u2019s side got the better of a Betis team that had enjoyed a strong second half of the season. Goals from Thierno Barry and Ayoze P\u00e9rez secured three vital points in what felt like a Champions League play-off."},{"type":"paragraph","text":"7. Etta Eyong steps up in Girona"},{"type":"paragraph","text":"Villarreal picked up yet another win at Montilivi (0-1), maintaining their perfect LaLiga record there."},{"type":"paragraph","text":"In the closing minutes, B team striker Etta Eyong rose highest to head home the winner, keeping Villarreal\u2019s Champions League dream alive\u2014especially after Betis dropped points at home to Osasuna (1-1)."},{"type":"paragraph","text":"8. Ayoze P\u00e9rez seals Zarra Trophy with brace against Legan\u00e9s"},{"type":"paragraph","text":"Ayoze P\u00e9rez scored twice against CD Legan\u00e9s (3-0), overtaking Oihan Sancet in the race for the Zarra Trophy."},{"type":"paragraph","text":"His brace was a masterclass in clinical finishing, and a later goal against Barcelona at the Llu\u00eds Companys took his tally to 19 LaLiga goals\u2014enough to win him the prestigious individual prize."},{"type":"paragraph","text":"9. Submarine secure Champions League spot by beating the champions"},{"type":"paragraph","text":"Villarreal CF sealed Champions League qualification in style by defeating LaLiga EA Sports champions FC Barcelona (2-3) at their own ground."},{"type":"paragraph","text":"Ayoze opened the scoring, before Lamine Yamal and Ferm\u00edn L\u00f3pez struck for Bar\u00e7a. However, second-half goals from Santi Comesa\u00f1a and Tajon Buchanan sealed a historic victory for the Yellows."},{"type":"paragraph","text":"10. A Champions League party and a heartfelt farewell to Ra\u00fal Albiol"},{"type":"paragraph","text":"The final matchday of the season was a true celebration for Villarreal. The Yellows hosted Sevilla to mark their qualification for the Champions League and say goodbye to club legend Ra\u00fal Albiol."},{"type":"paragraph","text":"There was music, speeches and plenty of emotion before La morocha and the Champions League anthem echoed around the stadium. The night ended with fireworks\u2014capping off a season to remember."}],"buttons":[],"images":[{"type":"image","url":"https:\/\/villarrealcf.es\/wp-content\/uploads\/2025\/06\/VillarrealCF-RCCeltaVigo-248-1-edited.jpg","alt":"","width":2835,"height":1595,"srcset":"https:\/\/villarrealcf.es\/wp-content\/uploads\/2025\/06\/VillarrealCF-RCCeltaVigo-248-1-edited.jpg 2835w, https:\/\/villarrealcf.es\/wp-content\/uploads\/2025\/06\/VillarrealCF-RCCeltaVigo-248-1-edited-1920x1080.jpg 1920w, https:\/\/villarrealcf.es\/wp-content\/uploads\/2025\/06\/VillarrealCF-RCCeltaVigo-248-1-edited.jpg 1920w, https:\/\/villarrealcf.es\/wp-content\/uploads\/2025\/06\/VillarrealCF-RCCeltaVigo-248-1-edited-1536x864.jpg 1536w, https:\/\/villarrealcf.es\/wp-content\/uploads\/2025\/06\/VillarrealCF-RCCeltaVigo-248-1-edited-2048x1152.jpg 2048w, https:\/\/villarrealcf.es\/wp-content\/uploads\/2025\/06\/VillarrealCF-RCCeltaVigo-248-1-edited.jpg 1920w, https:\/\/villarrealcf.es\/wp-content\/uploads\/2025\/06\/VillarrealCF-RCCeltaVigo-248-1-edited.jpg 1920w, https:\/\/villarrealcf.es\/wp-content\/uploads\/2025\/06\/VillarrealCF-RCCeltaVigo-248-1-edited-32x18.jpg 32w, https:\/\/villarrealcf.es\/wp-content\/uploads\/2025\/06\/VillarrealCF-RCCeltaVigo-248-1-edited-150x84.jpg 150w, https:\/\/villarrealcf.es\/wp-content\/uploads\/2025\/06\/VillarrealCF-RCCeltaVigo-248-1-edited.jpg 1920w, https:\/\/villarrealcf.es\/wp-content\/uploads\/2025\/06\/VillarrealCF-RCCeltaVigo-248-1-edited-1200x675.jpg 1200w","sizes":"auto, (max-width: 2835px) 100vw, 2835px"},{"type":"image","url":"https:\/\/villarrealcf.es\/wp-content\/uploads\/2025\/06\/VillarrealCF-DeportivoAlaves-095-edited.jpg","alt":"","width":2835,"height":1595,"srcset":"https:\/\/villarrealcf.es\/wp-content\/uploads\/2025\/06\/VillarrealCF-DeportivoAlaves-095-edited.jpg 2835w, https:\/\/villarrealcf.es\/wp-content\/uploads\/2025\/06\/VillarrealCF-DeportivoAlaves-095-edited-1920x1080.jpg 1920w, https:\/\/villarrealcf.es\/wp-content\/uploads\/2025\/06\/VillarrealCF-DeportivoAlaves-095-edited.jpg 1920w, https:\/\/villarrealcf.es\/wp-content\/uploads\/2025\/06\/VillarrealCF-DeportivoAlaves-095-edited-1536x864.jpg 1536w, https:\/\/villarrealcf.es\/wp-content\/uploads\/2025\/06\/VillarrealCF-DeportivoAlaves-095-edited-2048x1152.jpg 2048w, https:\/\/villarrealcf.es\/wp-content\/uploads\/2025\/06\/VillarrealCF-DeportivoAlaves-095-edited.jpg 1920w, https:\/\/villarrealcf.es\/wp-content\/uploads\/2025\/06\/VillarrealCF-DeportivoAlaves-095-edited.jpg 1920w, https:\/\/villarrealcf.es\/wp-content\/uploads\/2025\/06\/VillarrealCF-DeportivoAlaves-095-edited-32x18.jpg 32w, https:\/\/villarrealcf.es\/wp-content\/uploads\/2025\/06\/VillarrealCF-DeportivoAlaves-095-edited-150x84.jpg 150w, https:\/\/villarrealcf.es\/wp-content\/uploads\/2025\/06\/VillarrealCF-DeportivoAlaves-095-edited.jpg 1920w, https:\/\/villarrealcf.es\/wp-content\/uploads\/2025\/06\/VillarrealCF-DeportivoAlaves-095-edited-1200x675.jpg 1200w","sizes":"auto, (max-width: 2835px) 100vw, 2835px"},{"type":"image","url":"https:\/\/villarrealcf.es\/wp-content\/uploads\/2025\/06\/CDLeganes-VillarrealCF-271-edited.jpg","alt":"","width":1890,"height":1063,"srcset":"https:\/\/villarrealcf.es\/wp-content\/uploads\/2025\/06\/CDLeganes-VillarrealCF-271-edited.jpg 1890w, https:\/\/villarrealcf.es\/wp-content\/uploads\/2025\/06\/CDLeganes-VillarrealCF-271-edited.jpg 1920w, https:\/\/villarrealcf.es\/wp-content\/uploads\/2025\/06\/CDLeganes-VillarrealCF-271-edited-1536x864.jpg 1536w, https:\/\/villarrealcf.es\/wp-content\/uploads\/2025\/06\/CDLeganes-VillarrealCF-271-edited.jpg 1920w, https:\/\/villarrealcf.es\/wp-content\/uploads\/2025\/06\/CDLeganes-VillarrealCF-271-edited.jpg 1920w, https:\/\/villarrealcf.es\/wp-content\/uploads\/2025\/06\/CDLeganes-VillarrealCF-271-edited-32x18.jpg 32w, https:\/\/villarrealcf.es\/wp-content\/uploads\/2025\/06\/CDLeganes-VillarrealCF-271-edited-150x84.jpg 150w, https:\/\/villarrealcf.es\/wp-content\/uploads\/2025\/06\/CDLeganes-VillarrealCF-271-edited.jpg 1920w, https:\/\/villarrealcf.es\/wp-content\/uploads\/2025\/06\/CDLeganes-VillarrealCF-271-edited-1200x675.jpg 1200w","sizes":"auto, (max-width: 1890px) 100vw, 1890px"},{"type":"image","url":"https:\/\/villarrealcf.es\/wp-content\/uploads\/2025\/06\/VillarrealCF-RCD-Mallorca-174-edited.jpg","alt":"","width":2835,"height":1595,"srcset":"https:\/\/villarrealcf.es\/wp-content\/uploads\/2025\/06\/VillarrealCF-RCD-Mallorca-174-edited.jpg 2835w, https:\/\/villarrealcf.es\/wp-content\/uploads\/2025\/06\/VillarrealCF-RCD-Mallorca-174-edited-1920x1080.jpg 1920w, https:\/\/villarrealcf.es\/wp-content\/uploads\/2025\/06\/VillarrealCF-RCD-Mallorca-174-edited.jpg 1920w, https:\/\/villarrealcf.es\/wp-content\/uploads\/2025\/06\/VillarrealCF-RCD-Mallorca-174-edited-1536x864.jpg 1536w, https:\/\/villarrealcf.es\/wp-content\/uploads\/2025\/06\/VillarrealCF-RCD-Mallorca-174-edited-2048x1152.jpg 2048w, https:\/\/villarrealcf.es\/wp-content\/uploads\/2025\/06\/VillarrealCF-RCD-Mallorca-174-edited.jpg 1920w, https:\/\/villarrealcf.es\/wp-content\/uploads\/2025\/06\/VillarrealCF-RCD-Mallorca-174-edited.jpg 1920w, https:\/\/villarrealcf.es\/wp-content\/uploads\/2025\/06\/VillarrealCF-RCD-Mallorca-174-edited-32x18.jpg 32w, https:\/\/villarrealcf.es\/wp-content\/uploads\/2025\/06\/VillarrealCF-RCD-Mallorca-174-edited-150x84.jpg 150w, https:\/\/villarrealcf.es\/wp-content\/uploads\/2025\/06\/VillarrealCF-RCD-Mallorca-174-edited.jpg 1920w, https:\/\/villarrealcf.es\/wp-content\/uploads\/2025\/06\/VillarrealCF-RCD-Mallorca-174-edited-1200x675.jpg 1200w","sizes":"auto, (max-width: 2835px) 100vw, 2835px"},{"type":"image","url":"https:\/\/villarrealcf.es\/wp-content\/uploads\/2025\/06\/RayoVallecano-VillarrealCF-185-edited.jpg","alt":"","width":2835,"height":1595,"srcset":"https:\/\/villarrealcf.es\/wp-content\/uploads\/2025\/06\/RayoVallecano-VillarrealCF-185-edited.jpg 2835w, https:\/\/villarrealcf.es\/wp-content\/uploads\/2025\/06\/RayoVallecano-VillarrealCF-185-edited-1920x1080.jpg 1920w, https:\/\/villarrealcf.es\/wp-content\/uploads\/2025\/06\/RayoVallecano-VillarrealCF-185-edited.jpg 1920w, https:\/\/villarrealcf.es\/wp-content\/uploads\/2025\/06\/RayoVallecano-VillarrealCF-185-edited-1536x864.jpg 1536w, https:\/\/villarrealcf.es\/wp-content\/uploads\/2025\/06\/RayoVallecano-VillarrealCF-185-edited-2048x1152.jpg 2048w, https:\/\/villarrealcf.es\/wp-content\/uploads\/2025\/06\/RayoVallecano-VillarrealCF-185-edited.jpg 1920w, https:\/\/villarrealcf.es\/wp-content\/uploads\/2025\/06\/RayoVallecano-VillarrealCF-185-edited.jpg 1920w, https:\/\/villarrealcf.es\/wp-content\/uploads\/2025\/06\/RayoVallecano-VillarrealCF-185-edited-32x18.jpg 32w, https:\/\/villarrealcf.es\/wp-content\/uploads\/2025\/06\/RayoVallecano-VillarrealCF-185-edited-150x84.jpg 150w, https:\/\/villarrealcf.es\/wp-content\/uploads\/2025\/06\/RayoVallecano-VillarrealCF-185-edited.jpg 1920w, https:\/\/villarrealcf.es\/wp-content\/uploads\/2025\/06\/RayoVallecano-VillarrealCF-185-edited-1200x675.jpg 1200w","sizes":"auto, (max-width: 2835px) 100vw, 2835px"},{"type":"image","url":"https:\/\/villarrealcf.es\/wp-content\/uploads\/2025\/06\/RealBetisBalompie-VillarrealCF-168-edited.jpg","alt":"","width":2835,"height":1595,"srcset":"https:\/\/villarrealcf.es\/wp-content\/uploads\/2025\/06\/RealBetisBalompie-VillarrealCF-168-edited.jpg 2835w, https:\/\/villarrealcf.es\/wp-content\/uploads\/2025\/06\/RealBetisBalompie-VillarrealCF-168-edited-1920x1080.jpg 1920w, https:\/\/villarrealcf.es\/wp-content\/uploads\/2025\/06\/RealBetisBalompie-VillarrealCF-168-edited.jpg 1920w, https:\/\/villarrealcf.es\/wp-content\/uploads\/2025\/06\/RealBetisBalompie-VillarrealCF-168-edited-1536x864.jpg 1536w, https:\/\/villarrealcf.es\/wp-content\/uploads\/2025\/06\/RealBetisBalompie-VillarrealCF-168-edited-2048x1152.jpg 2048w, https:\/\/villarrealcf.es\/wp-content\/uploads\/2025\/06\/RealBetisBalompie-VillarrealCF-168-edited.jpg 1920w, https:\/\/villarrealcf.es\/wp-content\/uploads\/2025\/06\/RealBetisBalompie-VillarrealCF-168-edited.jpg 1920w, https:\/\/villarrealcf.es\/wp-content\/uploads\/2025\/06\/RealBetisBalompie-VillarrealCF-168-edited-32x18.jpg 32w, https:\/\/villarrealcf.es\/wp-content\/uploads\/2025\/06\/RealBetisBalompie-VillarrealCF-168-edited-150x84.jpg 150w, https:\/\/villarrealcf.es\/wp-content\/uploads\/2025\/06\/RealBetisBalompie-VillarrealCF-168-edited.jpg 1920w, https:\/\/villarrealcf.es\/wp-content\/uploads\/2025\/06\/RealBetisBalompie-VillarrealCF-168-edited-1200x675.jpg 1200w","sizes":"auto, (max-width: 2835px) 100vw, 2835px"},{"type":"image","url":"https:\/\/villarrealcf.es\/wp-content\/uploads\/2025\/06\/GironaFC-VillarrealCF-215-edited.jpg","alt":"","width":2835,"height":1595,"srcset":"https:\/\/villarrealcf.es\/wp-content\/uploads\/2025\/06\/GironaFC-VillarrealCF-215-edited.jpg 2835w, https:\/\/villarrealcf.es\/wp-content\/uploads\/2025\/06\/GironaFC-VillarrealCF-215-edited-1920x1080.jpg 1920w, https:\/\/villarrealcf.es\/wp-content\/uploads\/2025\/06\/GironaFC-VillarrealCF-215-edited.jpg 1920w, https:\/\/villarrealcf.es\/wp-content\/uploads\/2025\/06\/GironaFC-VillarrealCF-215-edited-1536x864.jpg 1536w, https:\/\/villarrealcf.es\/wp-content\/uploads\/2025\/06\/GironaFC-VillarrealCF-215-edited-2048x1152.jpg 2048w, https:\/\/villarrealcf.es\/wp-content\/uploads\/2025\/06\/GironaFC-VillarrealCF-215-edited.jpg 1920w, https:\/\/villarrealcf.es\/wp-content\/uploads\/2025\/06\/GironaFC-VillarrealCF-215-edited.jpg 1920w, https:\/\/villarrealcf.es\/wp-content\/uploads\/2025\/06\/GironaFC-VillarrealCF-215-edited-32x18.jpg 32w, https:\/\/villarrealcf.es\/wp-content\/uploads\/2025\/06\/GironaFC-VillarrealCF-215-edited-150x84.jpg 150w, https:\/\/villarrealcf.es\/wp-content\/uploads\/2025\/06\/GironaFC-VillarrealCF-215-edited.jpg 1920w, https:\/\/villarrealcf.es\/wp-content\/uploads\/2025\/06\/GironaFC-VillarrealCF-215-edited-1200x675.jpg 1200w","sizes":"auto, (max-width: 2835px) 100vw, 2835px"},{"type":"image","url":"https:\/\/villarrealcf.es\/wp-content\/uploads\/2025\/06\/VillarrealCF-CDLeganes-242-edited.jpg","alt":"","width":2835,"height":1595,"srcset":"https:\/\/villarrealcf.es\/wp-content\/uploads\/2025\/06\/VillarrealCF-CDLeganes-242-edited.jpg 2835w, https:\/\/villarrealcf.es\/wp-content\/uploads\/2025\/06\/VillarrealCF-CDLeganes-242-edited-1920x1080.jpg 1920w, https:\/\/villarrealcf.es\/wp-content\/uploads\/2025\/06\/VillarrealCF-CDLeganes-242-edited.jpg 1920w, https:\/\/villarrealcf.es\/wp-content\/uploads\/2025\/06\/VillarrealCF-CDLeganes-242-edited-1536x864.jpg 1536w, https:\/\/villarrealcf.es\/wp-content\/uploads\/2025\/06\/VillarrealCF-CDLeganes-242-edited-2048x1152.jpg 2048w, https:\/\/villarrealcf.es\/wp-content\/uploads\/2025\/06\/VillarrealCF-CDLeganes-242-edited.jpg 1920w, https:\/\/villarrealcf.es\/wp-content\/uploads\/2025\/06\/VillarrealCF-CDLeganes-242-edited.jpg 1920w, https:\/\/villarrealcf.es\/wp-content\/uploads\/2025\/06\/VillarrealCF-CDLeganes-242-edited-32x18.jpg 32w, https:\/\/villarrealcf.es\/wp-content\/uploads\/2025\/06\/VillarrealCF-CDLeganes-242-edited-150x84.jpg 150w, https:\/\/villarrealcf.es\/wp-content\/uploads\/2025\/06\/VillarrealCF-CDLeganes-242-edited.jpg 1920w, https:\/\/villarrealcf.es\/wp-content\/uploads\/2025\/06\/VillarrealCF-CDLeganes-242-edited-1200x675.jpg 1200w","sizes":"auto, (max-width: 2835px) 100vw, 2835px"},{"type":"image","url":"https:\/\/villarrealcf.es\/wp-content\/uploads\/2025\/06\/FCBarcelona-VillarrealCF-193-edited.jpg","alt":"","width":2835,"height":1595,"srcset":"https:\/\/villarrealcf.es\/wp-content\/uploads\/2025\/06\/FCBarcelona-VillarrealCF-193-edited.jpg 2835w, https:\/\/villarrealcf.es\/wp-content\/uploads\/2025\/06\/FCBarcelona-VillarrealCF-193-edited-1920x1080.jpg 1920w, https:\/\/villarrealcf.es\/wp-content\/uploads\/2025\/06\/FCBarcelona-VillarrealCF-193-edited.jpg 1920w, https:\/\/villarrealcf.es\/wp-content\/uploads\/2025\/06\/FCBarcelona-VillarrealCF-193-edited-1536x864.jpg 1536w, https:\/\/villarrealcf.es\/wp-content\/uploads\/2025\/06\/FCBarcelona-VillarrealCF-193-edited-2048x1152.jpg 2048w, https:\/\/villarrealcf.es\/wp-content\/uploads\/2025\/06\/FCBarcelona-VillarrealCF-193-edited.jpg 1920w, https:\/\/villarrealcf.es\/wp-content\/uploads\/2025\/06\/FCBarcelona-VillarrealCF-193-edited.jpg 1920w, https:\/\/villarrealcf.es\/wp-content\/uploads\/2025\/06\/FCBarcelona-VillarrealCF-193-edited-32x18.jpg 32w, https:\/\/villarrealcf.es\/wp-content\/uploads\/2025\/06\/FCBarcelona-VillarrealCF-193-edited-150x84.jpg 150w, https:\/\/villarrealcf.es\/wp-content\/uploads\/2025\/06\/FCBarcelona-VillarrealCF-193-edited.jpg 1920w, https:\/\/villarrealcf.es\/wp-content\/uploads\/2025\/06\/FCBarcelona-VillarrealCF-193-edited-1200x675.jpg 1200w","sizes":"auto, (max-width: 2835px) 100vw, 2835px"},{"type":"image","url":"https:\/\/villarrealcf.es\/wp-content\/uploads\/2025\/06\/VillarrealCF-SevillaFC-379-edited.jpg","alt":"","width":2835,"height":1595,"srcset":"https:\/\/villarrealcf.es\/wp-content\/uploads\/2025\/06\/VillarrealCF-SevillaFC-379-edited.jpg 2835w, https:\/\/villarrealcf.es\/wp-content\/uploads\/2025\/06\/VillarrealCF-SevillaFC-379-edited-1920x1080.jpg 1920w, https:\/\/villarrealcf.es\/wp-content\/uploads\/2025\/06\/VillarrealCF-SevillaFC-379-edited.jpg 1920w, https:\/\/villarrealcf.es\/wp-content\/uploads\/2025\/06\/VillarrealCF-SevillaFC-379-edited-1536x864.jpg 1536w, https:\/\/villarrealcf.es\/wp-content\/uploads\/2025\/06\/VillarrealCF-SevillaFC-379-edited-2048x1152.jpg 2048w, https:\/\/villarrealcf.es\/wp-content\/uploads\/2025\/06\/VillarrealCF-SevillaFC-379-edited.jpg 1920w, https:\/\/villarrealcf.es\/wp-content\/uploads\/2025\/06\/VillarrealCF-SevillaFC-379-edited.jpg 1920w, https:\/\/villarrealcf.es\/wp-content\/uploads\/2025\/06\/VillarrealCF-SevillaFC-379-edited-32x18.jpg 32w, https:\/\/villarrealcf.es\/wp-content\/uploads\/2025\/06\/VillarrealCF-SevillaFC-379-edited-150x84.jpg 150w, https:\/\/villarrealcf.es\/wp-content\/uploads\/2025\/06\/VillarrealCF-SevillaFC-379-edited.jpg 1920w, https:\/\/villarrealcf.es\/wp-content\/uploads\/2025\/06\/VillarrealCF-SevillaFC-379-edited-1200x675.jpg 1200w","sizes":"auto, (max-width: 2835px) 100vw, 2835px"}],"widgets":[],"blocks":[{"type":"heading","level":2,"text":"Marcelino\u2019s side enjoyed a number of unforgettable evenings during a campaign that ended with Champions League qualification"},{"type":"paragraph","text":"Villarreal CF experienced some fantastic moments throughout the 2024\/25 season. The Yellows picked up memorable victories, celebrated goals that will live long in the memory and took part in tributes and celebrations that will go down in club history."},{"type":"paragraph","text":"With the campaign now complete, here\u2019s a look back at ten unforgettable moments:"},{"type":"paragraph","text":"1. Last-gasp win over RC Celta (4-3)"},{"type":"paragraph","text":"In the 100th minute, Villarreal snatched victory over Celta (4-3) at the Estadio de la Cer\u00e1mica. Dani Parejo scored a last-gasp winner to settle a seven-goal thriller."},{"type":"paragraph","text":"Sergi Cardona, Thierno Barry, a Jailson own goal and Parejo were on target for the Yellows, while Borja Iglesias, Mingueza and Starfelt scored for the visitors."},{"type":"image","url":"https:\/\/villarrealcf.es\/wp-content\/uploads\/2025\/06\/VillarrealCF-RCCeltaVigo-248-1-edited.jpg","alt":"","width":2835,"height":1595,"srcset":"https:\/\/villarrealcf.es\/wp-content\/uploads\/2025\/06\/VillarrealCF-RCCeltaVigo-248-1-edited.jpg 2835w, https:\/\/villarrealcf.es\/wp-content\/uploads\/2025\/06\/VillarrealCF-RCCeltaVigo-248-1-edited-1920x1080.jpg 1920w, https:\/\/villarrealcf.es\/wp-content\/uploads\/2025\/06\/VillarrealCF-RCCeltaVigo-248-1-edited.jpg 1920w, https:\/\/villarrealcf.es\/wp-content\/uploads\/2025\/06\/VillarrealCF-RCCeltaVigo-248-1-edited-1536x864.jpg 1536w, https:\/\/villarrealcf.es\/wp-content\/uploads\/2025\/06\/VillarrealCF-RCCeltaVigo-248-1-edited-2048x1152.jpg 2048w, https:\/\/villarrealcf.es\/wp-content\/uploads\/2025\/06\/VillarrealCF-RCCeltaVigo-248-1-edited.jpg 1920w, https:\/\/villarrealcf.es\/wp-content\/uploads\/2025\/06\/VillarrealCF-RCCeltaVigo-248-1-edited.jpg 1920w, https:\/\/villarrealcf.es\/wp-content\/uploads\/2025\/06\/VillarrealCF-RCCeltaVigo-248-1-edited-32x18.jpg 32w, https:\/\/villarrealcf.es\/wp-content\/uploads\/2025\/06\/VillarrealCF-RCCeltaVigo-248-1-edited-150x84.jpg 150w, https:\/\/villarrealcf.es\/wp-content\/uploads\/2025\/06\/VillarrealCF-RCCeltaVigo-248-1-edited.jpg 1920w, https:\/\/villarrealcf.es\/wp-content\/uploads\/2025\/06\/VillarrealCF-RCCeltaVigo-248-1-edited-1200x675.jpg 1200w","sizes":"auto, (max-width: 2835px) 100vw, 2835px"},{"type":"paragraph","text":"2. Tribute to DANA victims and win over Alav\u00e9s (3-0)"},{"type":"paragraph","text":"Villarreal CF paid tribute to the victims of the DANA floods that hit southern Valencia in late October."},{"type":"paragraph","text":"Against Alav\u00e9s, the Yellows wore black at home for the first time ever. A giant Comunitat Valenciana flag was displayed, and the regional anthem rang out. Villarreal went on to win 3-0 thanks to goals from Ilias Akhomach, Dani Parejo and Santi Comesa\u00f1a."},{"type":"image","url":"https:\/\/villarrealcf.es\/wp-content\/uploads\/2025\/06\/VillarrealCF-DeportivoAlaves-095-edited.jpg","alt":"","width":2835,"height":1595,"srcset":"https:\/\/villarrealcf.es\/wp-content\/uploads\/2025\/06\/VillarrealCF-DeportivoAlaves-095-edited.jpg 2835w, https:\/\/villarrealcf.es\/wp-content\/uploads\/2025\/06\/VillarrealCF-DeportivoAlaves-095-edited-1920x1080.jpg 1920w, https:\/\/villarrealcf.es\/wp-content\/uploads\/2025\/06\/VillarrealCF-DeportivoAlaves-095-edited.jpg 1920w, https:\/\/villarrealcf.es\/wp-content\/uploads\/2025\/06\/VillarrealCF-DeportivoAlaves-095-edited-1536x864.jpg 1536w, https:\/\/villarrealcf.es\/wp-content\/uploads\/2025\/06\/VillarrealCF-DeportivoAlaves-095-edited-2048x1152.jpg 2048w, https:\/\/villarrealcf.es\/wp-content\/uploads\/2025\/06\/VillarrealCF-DeportivoAlaves-095-edited.jpg 1920w, https:\/\/villarrealcf.es\/wp-content\/uploads\/2025\/06\/VillarrealCF-DeportivoAlaves-095-edited.jpg 1920w, https:\/\/villarrealcf.es\/wp-content\/uploads\/2025\/06\/VillarrealCF-DeportivoAlaves-095-edited-32x18.jpg 32w, https:\/\/villarrealcf.es\/wp-content\/uploads\/2025\/06\/VillarrealCF-DeportivoAlaves-095-edited-150x84.jpg 150w, https:\/\/villarrealcf.es\/wp-content\/uploads\/2025\/06\/VillarrealCF-DeportivoAlaves-095-edited.jpg 1920w, https:\/\/villarrealcf.es\/wp-content\/uploads\/2025\/06\/VillarrealCF-DeportivoAlaves-095-edited-1200x675.jpg 1200w","sizes":"auto, (max-width: 2835px) 100vw, 2835px"},{"type":"paragraph","text":"3. Thierno Barry\u2019s hat-trick against CD Legan\u00e9s (2-5)"},{"type":"paragraph","text":"Thierno Barry bagged his first hat-trick for Villarreal CF in a big win at Butarque."},{"type":"paragraph","text":"The French striker became the 11th player in the club\u2019s history to score a LaLiga hat-trick, joining names like Juan Rom\u00e1n Riquelme, Diego Forl\u00e1n, Ike Uche, C\u00e9dric Bakambu, Carlos Bacca, Gerard Moreno, Arnaut Danjuma, Yeremy Pino, Jos\u00e9 Luis Morales and Alexander Sorloth."},{"type":"image","url":"https:\/\/villarrealcf.es\/wp-content\/uploads\/2025\/06\/CDLeganes-VillarrealCF-271-edited.jpg","alt":"","width":1890,"height":1063,"srcset":"https:\/\/villarrealcf.es\/wp-content\/uploads\/2025\/06\/CDLeganes-VillarrealCF-271-edited.jpg 1890w, https:\/\/villarrealcf.es\/wp-content\/uploads\/2025\/06\/CDLeganes-VillarrealCF-271-edited.jpg 1920w, https:\/\/villarrealcf.es\/wp-content\/uploads\/2025\/06\/CDLeganes-VillarrealCF-271-edited-1536x864.jpg 1536w, https:\/\/villarrealcf.es\/wp-content\/uploads\/2025\/06\/CDLeganes-VillarrealCF-271-edited.jpg 1920w, https:\/\/villarrealcf.es\/wp-content\/uploads\/2025\/06\/CDLeganes-VillarrealCF-271-edited.jpg 1920w, https:\/\/villarrealcf.es\/wp-content\/uploads\/2025\/06\/CDLeganes-VillarrealCF-271-edited-32x18.jpg 32w, https:\/\/villarrealcf.es\/wp-content\/uploads\/2025\/06\/CDLeganes-VillarrealCF-271-edited-150x84.jpg 150w, https:\/\/villarrealcf.es\/wp-content\/uploads\/2025\/06\/CDLeganes-VillarrealCF-271-edited.jpg 1920w, https:\/\/villarrealcf.es\/wp-content\/uploads\/2025\/06\/CDLeganes-VillarrealCF-271-edited-1200x675.jpg 1200w","sizes":"auto, (max-width: 1890px) 100vw, 1890px"},{"type":"paragraph","text":"4. Four goals in eight minutes vs Mallorca (4-0)"},{"type":"paragraph","text":"Villarreal blew away Mallorca with four goals in eight sensational minutes. Logan Costa opened the scoring in the 20th minute, followed by goals from \u00c1lex Baena (24\u2019), Dani Parejo (26\u2019) and Yeremy Pino (28\u2019) in a stunning attacking display at the Estadio de la Cer\u00e1mica."},{"type":"image","url":"https:\/\/villarrealcf.es\/wp-content\/uploads\/2025\/06\/VillarrealCF-RCD-Mallorca-174-edited.jpg","alt":"","width":2835,"height":1595,"srcset":"https:\/\/villarrealcf.es\/wp-content\/uploads\/2025\/06\/VillarrealCF-RCD-Mallorca-174-edited.jpg 2835w, https:\/\/villarrealcf.es\/wp-content\/uploads\/2025\/06\/VillarrealCF-RCD-Mallorca-174-edited-1920x1080.jpg 1920w, https:\/\/villarrealcf.es\/wp-content\/uploads\/2025\/06\/VillarrealCF-RCD-Mallorca-174-edited.jpg 1920w, https:\/\/villarrealcf.es\/wp-content\/uploads\/2025\/06\/VillarrealCF-RCD-Mallorca-174-edited-1536x864.jpg 1536w, https:\/\/villarrealcf.es\/wp-content\/uploads\/2025\/06\/VillarrealCF-RCD-Mallorca-174-edited-2048x1152.jpg 2048w, https:\/\/villarrealcf.es\/wp-content\/uploads\/2025\/06\/VillarrealCF-RCD-Mallorca-174-edited.jpg 1920w, https:\/\/villarrealcf.es\/wp-content\/uploads\/2025\/06\/VillarrealCF-RCD-Mallorca-174-edited.jpg 1920w, https:\/\/villarrealcf.es\/wp-content\/uploads\/2025\/06\/VillarrealCF-RCD-Mallorca-174-edited-32x18.jpg 32w, https:\/\/villarrealcf.es\/wp-content\/uploads\/2025\/06\/VillarrealCF-RCD-Mallorca-174-edited-150x84.jpg 150w, https:\/\/villarrealcf.es\/wp-content\/uploads\/2025\/06\/VillarrealCF-RCD-Mallorca-174-edited.jpg 1920w, https:\/\/villarrealcf.es\/wp-content\/uploads\/2025\/06\/VillarrealCF-RCD-Mallorca-174-edited-1200x675.jpg 1200w","sizes":"auto, (max-width: 2835px) 100vw, 2835px"},{"type":"paragraph","text":"5. Alfonso Pedraza returns from injury"},{"type":"paragraph","text":"Alfonso Pedraza made his long-awaited comeback after recovering from a serious ankle injury that kept him out for months."},{"type":"paragraph","text":"The left-back returned to action in an official match against Rayo Vallecano (0-1) at the Estadio de Vallecas."},{"type":"image","url":"https:\/\/villarrealcf.es\/wp-content\/uploads\/2025\/06\/RayoVallecano-VillarrealCF-185-edited.jpg","alt":"","width":2835,"height":1595,"srcset":"https:\/\/villarrealcf.es\/wp-content\/uploads\/2025\/06\/RayoVallecano-VillarrealCF-185-edited.jpg 2835w, https:\/\/villarrealcf.es\/wp-content\/uploads\/2025\/06\/RayoVallecano-VillarrealCF-185-edited-1920x1080.jpg 1920w, https:\/\/villarrealcf.es\/wp-content\/uploads\/2025\/06\/RayoVallecano-VillarrealCF-185-edited.jpg 1920w, https:\/\/villarrealcf.es\/wp-content\/uploads\/2025\/06\/RayoVallecano-VillarrealCF-185-edited-1536x864.jpg 1536w, https:\/\/villarrealcf.es\/wp-content\/uploads\/2025\/06\/RayoVallecano-VillarrealCF-185-edited-2048x1152.jpg 2048w, https:\/\/villarrealcf.es\/wp-content\/uploads\/2025\/06\/RayoVallecano-VillarrealCF-185-edited.jpg 1920w, https:\/\/villarrealcf.es\/wp-content\/uploads\/2025\/06\/RayoVallecano-VillarrealCF-185-edited.jpg 1920w, https:\/\/villarrealcf.es\/wp-content\/uploads\/2025\/06\/RayoVallecano-VillarrealCF-185-edited-32x18.jpg 32w, https:\/\/villarrealcf.es\/wp-content\/uploads\/2025\/06\/RayoVallecano-VillarrealCF-185-edited-150x84.jpg 150w, https:\/\/villarrealcf.es\/wp-content\/uploads\/2025\/06\/RayoVallecano-VillarrealCF-185-edited.jpg 1920w, https:\/\/villarrealcf.es\/wp-content\/uploads\/2025\/06\/RayoVallecano-VillarrealCF-185-edited-1200x675.jpg 1200w","sizes":"auto, (max-width: 2835px) 100vw, 2835px"},{"type":"paragraph","text":"6. Statement win at the Benito Villamar\u00edn (1-2)"},{"type":"paragraph","text":"Villarreal\u2019s 2-1 victory over Real Betis was one of the most decisive moments in the race for the Champions League."},{"type":"paragraph","text":"Marcelino\u2019s side got the better of a Betis team that had enjoyed a strong second half of the season. Goals from Thierno Barry and Ayoze P\u00e9rez secured three vital points in what felt like a Champions League play-off."},{"type":"image","url":"https:\/\/villarrealcf.es\/wp-content\/uploads\/2025\/06\/RealBetisBalompie-VillarrealCF-168-edited.jpg","alt":"","width":2835,"height":1595,"srcset":"https:\/\/villarrealcf.es\/wp-content\/uploads\/2025\/06\/RealBetisBalompie-VillarrealCF-168-edited.jpg 2835w, https:\/\/villarrealcf.es\/wp-content\/uploads\/2025\/06\/RealBetisBalompie-VillarrealCF-168-edited-1920x1080.jpg 1920w, https:\/\/villarrealcf.es\/wp-content\/uploads\/2025\/06\/RealBetisBalompie-VillarrealCF-168-edited.jpg 1920w, https:\/\/villarrealcf.es\/wp-content\/uploads\/2025\/06\/RealBetisBalompie-VillarrealCF-168-edited-1536x864.jpg 1536w, https:\/\/villarrealcf.es\/wp-content\/uploads\/2025\/06\/RealBetisBalompie-VillarrealCF-168-edited-2048x1152.jpg 2048w, https:\/\/villarrealcf.es\/wp-content\/uploads\/2025\/06\/RealBetisBalompie-VillarrealCF-168-edited.jpg 1920w, https:\/\/villarrealcf.es\/wp-content\/uploads\/2025\/06\/RealBetisBalompie-VillarrealCF-168-edited.jpg 1920w, https:\/\/villarrealcf.es\/wp-content\/uploads\/2025\/06\/RealBetisBalompie-VillarrealCF-168-edited-32x18.jpg 32w, https:\/\/villarrealcf.es\/wp-content\/uploads\/2025\/06\/RealBetisBalompie-VillarrealCF-168-edited-150x84.jpg 150w, https:\/\/villarrealcf.es\/wp-content\/uploads\/2025\/06\/RealBetisBalompie-VillarrealCF-168-edited.jpg 1920w, https:\/\/villarrealcf.es\/wp-content\/uploads\/2025\/06\/RealBetisBalompie-VillarrealCF-168-edited-1200x675.jpg 1200w","sizes":"auto, (max-width: 2835px) 100vw, 2835px"},{"type":"paragraph","text":"7. Etta Eyong steps up in Girona"},{"type":"paragraph","text":"Villarreal picked up yet another win at Montilivi (0-1), maintaining their perfect LaLiga record there."},{"type":"paragraph","text":"In the closing minutes, B team striker Etta Eyong rose highest to head home the winner, keeping Villarreal\u2019s Champions League dream alive\u2014especially after Betis dropped points at home to Osasuna (1-1)."},{"type":"image","url":"https:\/\/villarrealcf.es\/wp-content\/uploads\/2025\/06\/GironaFC-VillarrealCF-215-edited.jpg","alt":"","width":2835,"height":1595,"srcset":"https:\/\/villarrealcf.es\/wp-content\/uploads\/2025\/06\/GironaFC-VillarrealCF-215-edited.jpg 2835w, https:\/\/villarrealcf.es\/wp-content\/uploads\/2025\/06\/GironaFC-VillarrealCF-215-edited-1920x1080.jpg 1920w, https:\/\/villarrealcf.es\/wp-content\/uploads\/2025\/06\/GironaFC-VillarrealCF-215-edited.jpg 1920w, https:\/\/villarrealcf.es\/wp-content\/uploads\/2025\/06\/GironaFC-VillarrealCF-215-edited-1536x864.jpg 1536w, https:\/\/villarrealcf.es\/wp-content\/uploads\/2025\/06\/GironaFC-VillarrealCF-215-edited-2048x1152.jpg 2048w, https:\/\/villarrealcf.es\/wp-content\/uploads\/2025\/06\/GironaFC-VillarrealCF-215-edited.jpg 1920w, https:\/\/villarrealcf.es\/wp-content\/uploads\/2025\/06\/GironaFC-VillarrealCF-215-edited.jpg 1920w, https:\/\/villarrealcf.es\/wp-content\/uploads\/2025\/06\/GironaFC-VillarrealCF-215-edited-32x18.jpg 32w, https:\/\/villarrealcf.es\/wp-content\/uploads\/2025\/06\/GironaFC-VillarrealCF-215-edited-150x84.jpg 150w, https:\/\/villarrealcf.es\/wp-content\/uploads\/2025\/06\/GironaFC-VillarrealCF-215-edited.jpg 1920w, https:\/\/villarrealcf.es\/wp-content\/uploads\/2025\/06\/GironaFC-VillarrealCF-215-edited-1200x675.jpg 1200w","sizes":"auto, (max-width: 2835px) 100vw, 2835px"},{"type":"paragraph","text":"8. Ayoze P\u00e9rez seals Zarra Trophy with brace against Legan\u00e9s"},{"type":"paragraph","text":"Ayoze P\u00e9rez scored twice against CD Legan\u00e9s (3-0), overtaking Oihan Sancet in the race for the Zarra Trophy."},{"type":"paragraph","text":"His brace was a masterclass in clinical finishing, and a later goal against Barcelona at the Llu\u00eds Companys took his tally to 19 LaLiga goals\u2014enough to win him the prestigious individual prize."},{"type":"image","url":"https:\/\/villarrealcf.es\/wp-content\/uploads\/2025\/06\/VillarrealCF-CDLeganes-242-edited.jpg","alt":"","width":2835,"height":1595,"srcset":"https:\/\/villarrealcf.es\/wp-content\/uploads\/2025\/06\/VillarrealCF-CDLeganes-242-edited.jpg 2835w, https:\/\/villarrealcf.es\/wp-content\/uploads\/2025\/06\/VillarrealCF-CDLeganes-242-edited-1920x1080.jpg 1920w, https:\/\/villarrealcf.es\/wp-content\/uploads\/2025\/06\/VillarrealCF-CDLeganes-242-edited.jpg 1920w, https:\/\/villarrealcf.es\/wp-content\/uploads\/2025\/06\/VillarrealCF-CDLeganes-242-edited-1536x864.jpg 1536w, https:\/\/villarrealcf.es\/wp-content\/uploads\/2025\/06\/VillarrealCF-CDLeganes-242-edited-2048x1152.jpg 2048w, https:\/\/villarrealcf.es\/wp-content\/uploads\/2025\/06\/VillarrealCF-CDLeganes-242-edited.jpg 1920w, https:\/\/villarrealcf.es\/wp-content\/uploads\/2025\/06\/VillarrealCF-CDLeganes-242-edited.jpg 1920w, https:\/\/villarrealcf.es\/wp-content\/uploads\/2025\/06\/VillarrealCF-CDLeganes-242-edited-32x18.jpg 32w, https:\/\/villarrealcf.es\/wp-content\/uploads\/2025\/06\/VillarrealCF-CDLeganes-242-edited-150x84.jpg 150w, https:\/\/villarrealcf.es\/wp-content\/uploads\/2025\/06\/VillarrealCF-CDLeganes-242-edited.jpg 1920w, https:\/\/villarrealcf.es\/wp-content\/uploads\/2025\/06\/VillarrealCF-CDLeganes-242-edited-1200x675.jpg 1200w","sizes":"auto, (max-width: 2835px) 100vw, 2835px"},{"type":"paragraph","text":"9. Submarine secure Champions League spot by beating the champions"},{"type":"paragraph","text":"Villarreal CF sealed Champions League qualification in style by defeating LaLiga EA Sports champions FC Barcelona (2-3) at their own ground."},{"type":"paragraph","text":"Ayoze opened the scoring, before Lamine Yamal and Ferm\u00edn L\u00f3pez struck for Bar\u00e7a. However, second-half goals from Santi Comesa\u00f1a and Tajon Buchanan sealed a historic victory for the Yellows."},{"type":"image","url":"https:\/\/villarrealcf.es\/wp-content\/uploads\/2025\/06\/FCBarcelona-VillarrealCF-193-edited.jpg","alt":"","width":2835,"height":1595,"srcset":"https:\/\/villarrealcf.es\/wp-content\/uploads\/2025\/06\/FCBarcelona-VillarrealCF-193-edited.jpg 2835w, https:\/\/villarrealcf.es\/wp-content\/uploads\/2025\/06\/FCBarcelona-VillarrealCF-193-edited-1920x1080.jpg 1920w, https:\/\/villarrealcf.es\/wp-content\/uploads\/2025\/06\/FCBarcelona-VillarrealCF-193-edited.jpg 1920w, https:\/\/villarrealcf.es\/wp-content\/uploads\/2025\/06\/FCBarcelona-VillarrealCF-193-edited-1536x864.jpg 1536w, https:\/\/villarrealcf.es\/wp-content\/uploads\/2025\/06\/FCBarcelona-VillarrealCF-193-edited-2048x1152.jpg 2048w, https:\/\/villarrealcf.es\/wp-content\/uploads\/2025\/06\/FCBarcelona-VillarrealCF-193-edited.jpg 1920w, https:\/\/villarrealcf.es\/wp-content\/uploads\/2025\/06\/FCBarcelona-VillarrealCF-193-edited.jpg 1920w, https:\/\/villarrealcf.es\/wp-content\/uploads\/2025\/06\/FCBarcelona-VillarrealCF-193-edited-32x18.jpg 32w, https:\/\/villarrealcf.es\/wp-content\/uploads\/2025\/06\/FCBarcelona-VillarrealCF-193-edited-150x84.jpg 150w, https:\/\/villarrealcf.es\/wp-content\/uploads\/2025\/06\/FCBarcelona-VillarrealCF-193-edited.jpg 1920w, https:\/\/villarrealcf.es\/wp-content\/uploads\/2025\/06\/FCBarcelona-VillarrealCF-193-edited-1200x675.jpg 1200w","sizes":"auto, (max-width: 2835px) 100vw, 2835px"},{"type":"paragraph","text":"10. A Champions League party and a heartfelt farewell to Ra\u00fal Albiol"},{"type":"paragraph","text":"The final matchday of the season was a true celebration for Villarreal. The Yellows hosted Sevilla to mark their qualification for the Champions League and say goodbye to club legend Ra\u00fal Albiol."},{"type":"paragraph","text":"There was music, speeches and plenty of emotion before La morocha and the Champions League anthem echoed around the stadium. The night ended with fireworks\u2014capping off a season to remember."},{"type":"image","url":"https:\/\/villarrealcf.es\/wp-content\/uploads\/2025\/06\/VillarrealCF-SevillaFC-379-edited.jpg","alt":"","width":2835,"height":1595,"srcset":"https:\/\/villarrealcf.es\/wp-content\/uploads\/2025\/06\/VillarrealCF-SevillaFC-379-edited.jpg 2835w, https:\/\/villarrealcf.es\/wp-content\/uploads\/2025\/06\/VillarrealCF-SevillaFC-379-edited-1920x1080.jpg 1920w, https:\/\/villarrealcf.es\/wp-content\/uploads\/2025\/06\/VillarrealCF-SevillaFC-379-edited.jpg 1920w, https:\/\/villarrealcf.es\/wp-content\/uploads\/2025\/06\/VillarrealCF-SevillaFC-379-edited-1536x864.jpg 1536w, https:\/\/villarrealcf.es\/wp-content\/uploads\/2025\/06\/VillarrealCF-SevillaFC-379-edited-2048x1152.jpg 2048w, https:\/\/villarrealcf.es\/wp-content\/uploads\/2025\/06\/VillarrealCF-SevillaFC-379-edited.jpg 1920w, https:\/\/villarrealcf.es\/wp-content\/uploads\/2025\/06\/VillarrealCF-SevillaFC-379-edited.jpg 1920w, https:\/\/villarrealcf.es\/wp-content\/uploads\/2025\/06\/VillarrealCF-SevillaFC-379-edited-32x18.jpg 32w, https:\/\/villarrealcf.es\/wp-content\/uploads\/2025\/06\/VillarrealCF-SevillaFC-379-edited-150x84.jpg 150w, https:\/\/villarrealcf.es\/wp-content\/uploads\/2025\/06\/VillarrealCF-SevillaFC-379-edited.jpg 1920w, https:\/\/villarrealcf.es\/wp-content\/uploads\/2025\/06\/VillarrealCF-SevillaFC-379-edited-1200x675.jpg 1200w","sizes":"auto, (max-width: 2835px) 100vw, 2835px"}]}],"hero":{"id":"section-1","title":"Marcelino\u2019s side enjoyed a number of unforgettable evenings during a campaign that ended with Champions League qualification","text":"Marcelino\u2019s side enjoyed a number of unforgettable evenings during a campaign that ended with Champions League qualification Villarreal CF experienced some fantastic moments throughout the 2024\/25 season. The Yellows picked up memorable victories, celebrated goals that will live long in the memory and took part in tributes and celebrations that will go down in club history. With the campaign now complete, here\u2019s a look back at ten unforgettable moments: 1. Last-gasp win over RC Celta (4-3) In the 100th minute, Villarreal snatched victory over Celta (4-3) at the Estadio de la Cer\u00e1mica. Dani Parejo scored a last-gasp winner to settle a seven-goal thriller. Sergi Cardona, Thierno Barry, a Jailson own goal and Parejo were on target for the Yellows, while Borja Iglesias, Mingueza and Starfelt scored for the visitors. 2. Tribute to DANA victims and win over Alav\u00e9s (3-0) Villarreal CF paid tribute to the victims of the DANA floods that hit southern Valencia in late October. Against Alav\u00e9s, the Yellows wore black at home for the first time ever. A giant Comunitat Valenciana flag was displayed, and the regional anthem rang out. Villarreal went on to win 3-0 thanks to goals from Ilias Akhomach, Dani Parejo and Santi Comesa\u00f1a. 3. Thierno Barry\u2019s hat-trick against CD Legan\u00e9s (2-5) Thierno Barry bagged his first hat-trick for Villarreal CF in a big win at Butarque. The French striker became the 11th player in the club\u2019s history to score a LaLiga hat-trick, joining names like Juan Rom\u00e1n Riquelme, Diego Forl\u00e1n, Ike Uche, C\u00e9dric Bakambu, Carlos Bacca, Gerard Moreno, Arnaut Danjuma, Yeremy Pino, Jos\u00e9 Luis Morales and Alexander Sorloth. 4. Four goals in eight minutes vs Mallorca (4-0) Villarreal blew away Mallorca with four goals in eight sensational minutes. Logan Costa opened the scoring in the 20th minute, followed by goals from \u00c1lex Baena (24\u2019), Dani Parejo (26\u2019) and Yeremy Pino (28\u2019) in a stunning attacking display at the Estadio de la Cer\u00e1mica. 5. Alfonso Pedraza returns from injury Alfonso Pedraza made his long-awaited comeback after recovering from a serious ankle injury that kept him out for months. The left-back returned to action in an official match against Rayo Vallecano (0-1) at the Estadio de Vallecas. 6. Statement win at the Benito Villamar\u00edn (1-2) Villarreal\u2019s 2-1 victory over Real Betis was one of the most decisive moments in the race for the Champions League. Marcelino\u2019s side got the better of a Betis team that had enjoyed a strong second half of the season. Goals from Thierno Barry and Ayoze P\u00e9rez secured three vital points in what felt like a Champions League play-off. 7. Etta Eyong steps up in Girona Villarreal picked up yet another win at Montilivi (0-1), maintaining their perfect LaLiga record there. In the closing minutes, B team striker Etta Eyong rose highest to head home the winner, keeping Villarreal\u2019s Champions League dream alive\u2014especially after Betis dropped points at home to Osasuna (1-1). 8. Ayoze P\u00e9rez seals Zarra Trophy with brace against Legan\u00e9s Ayoze P\u00e9rez scored twice against CD Legan\u00e9s (3-0), overtaking Oihan Sancet in the race for the Zarra Trophy. His brace was a masterclass in clinical finishing, and a later goal against Barcelona at the Llu\u00eds Companys took his tally to 19 LaLiga goals\u2014enough to win him the prestigious individual prize. 9. Submarine secure Champions League spot by beating the champions Villarreal CF sealed Champions League qualification in style by defeating LaLiga EA Sports champions FC Barcelona (2-3) at their own ground. Ayoze opened the scoring, before Lamine Yamal and Ferm\u00edn L\u00f3pez struck for Bar\u00e7a. However, second-half goals from Santi Comesa\u00f1a and Tajon Buchanan sealed a historic victory for the Yellows. 10. A Champions League party and a heartfelt farewell to Ra\u00fal Albiol The final matchday of the season was a true celebration for Villarreal. The Yellows hosted Sevilla to mark their qualification for the Champions League and say goodbye to club legend Ra\u00fal Albiol. There was music, speeches and plenty of emotion before La morocha and the Champions League anthem echoed around the stadium. The night ended with fireworks\u2014capping off a season to remember.","headings":[{"type":"heading","level":2,"text":"Marcelino\u2019s side enjoyed a number of unforgettable evenings during a campaign that ended with Champions League qualification"}],"texts":[{"type":"paragraph","text":"Villarreal CF experienced some fantastic moments throughout the 2024\/25 season. The Yellows picked up memorable victories, celebrated goals that will live long in the memory and took part in tributes and celebrations that will go down in club history."},{"type":"paragraph","text":"With the campaign now complete, here\u2019s a look back at ten unforgettable moments:"},{"type":"paragraph","text":"1. Last-gasp win over RC Celta (4-3)"},{"type":"paragraph","text":"In the 100th minute, Villarreal snatched victory over Celta (4-3) at the Estadio de la Cer\u00e1mica. Dani Parejo scored a last-gasp winner to settle a seven-goal thriller."},{"type":"paragraph","text":"Sergi Cardona, Thierno Barry, a Jailson own goal and Parejo were on target for the Yellows, while Borja Iglesias, Mingueza and Starfelt scored for the visitors."},{"type":"paragraph","text":"2. Tribute to DANA victims and win over Alav\u00e9s (3-0)"},{"type":"paragraph","text":"Villarreal CF paid tribute to the victims of the DANA floods that hit southern Valencia in late October."},{"type":"paragraph","text":"Against Alav\u00e9s, the Yellows wore black at home for the first time ever. A giant Comunitat Valenciana flag was displayed, and the regional anthem rang out. Villarreal went on to win 3-0 thanks to goals from Ilias Akhomach, Dani Parejo and Santi Comesa\u00f1a."},{"type":"paragraph","text":"3. Thierno Barry\u2019s hat-trick against CD Legan\u00e9s (2-5)"},{"type":"paragraph","text":"Thierno Barry bagged his first hat-trick for Villarreal CF in a big win at Butarque."},{"type":"paragraph","text":"The French striker became the 11th player in the club\u2019s history to score a LaLiga hat-trick, joining names like Juan Rom\u00e1n Riquelme, Diego Forl\u00e1n, Ike Uche, C\u00e9dric Bakambu, Carlos Bacca, Gerard Moreno, Arnaut Danjuma, Yeremy Pino, Jos\u00e9 Luis Morales and Alexander Sorloth."},{"type":"paragraph","text":"4. Four goals in eight minutes vs Mallorca (4-0)"},{"type":"paragraph","text":"Villarreal blew away Mallorca with four goals in eight sensational minutes. Logan Costa opened the scoring in the 20th minute, followed by goals from \u00c1lex Baena (24\u2019), Dani Parejo (26\u2019) and Yeremy Pino (28\u2019) in a stunning attacking display at the Estadio de la Cer\u00e1mica."},{"type":"paragraph","text":"5. Alfonso Pedraza returns from injury"},{"type":"paragraph","text":"Alfonso Pedraza made his long-awaited comeback after recovering from a serious ankle injury that kept him out for months."},{"type":"paragraph","text":"The left-back returned to action in an official match against Rayo Vallecano (0-1) at the Estadio de Vallecas."},{"type":"paragraph","text":"6. Statement win at the Benito Villamar\u00edn (1-2)"},{"type":"paragraph","text":"Villarreal\u2019s 2-1 victory over Real Betis was one of the most decisive moments in the race for the Champions League."},{"type":"paragraph","text":"Marcelino\u2019s side got the better of a Betis team that had enjoyed a strong second half of the season. Goals from Thierno Barry and Ayoze P\u00e9rez secured three vital points in what felt like a Champions League play-off."},{"type":"paragraph","text":"7. Etta Eyong steps up in Girona"},{"type":"paragraph","text":"Villarreal picked up yet another win at Montilivi (0-1), maintaining their perfect LaLiga record there."},{"type":"paragraph","text":"In the closing minutes, B team striker Etta Eyong rose highest to head home the winner, keeping Villarreal\u2019s Champions League dream alive\u2014especially after Betis dropped points at home to Osasuna (1-1)."},{"type":"paragraph","text":"8. Ayoze P\u00e9rez seals Zarra Trophy with brace against Legan\u00e9s"},{"type":"paragraph","text":"Ayoze P\u00e9rez scored twice against CD Legan\u00e9s (3-0), overtaking Oihan Sancet in the race for the Zarra Trophy."},{"type":"paragraph","text":"His brace was a masterclass in clinical finishing, and a later goal against Barcelona at the Llu\u00eds Companys took his tally to 19 LaLiga goals\u2014enough to win him the prestigious individual prize."},{"type":"paragraph","text":"9. Submarine secure Champions League spot by beating the champions"},{"type":"paragraph","text":"Villarreal CF sealed Champions League qualification in style by defeating LaLiga EA Sports champions FC Barcelona (2-3) at their own ground."},{"type":"paragraph","text":"Ayoze opened the scoring, before Lamine Yamal and Ferm\u00edn L\u00f3pez struck for Bar\u00e7a. However, second-half goals from Santi Comesa\u00f1a and Tajon Buchanan sealed a historic victory for the Yellows."},{"type":"paragraph","text":"10. A Champions League party and a heartfelt farewell to Ra\u00fal Albiol"},{"type":"paragraph","text":"The final matchday of the season was a true celebration for Villarreal. The Yellows hosted Sevilla to mark their qualification for the Champions League and say goodbye to club legend Ra\u00fal Albiol."},{"type":"paragraph","text":"There was music, speeches and plenty of emotion before La morocha and the Champions League anthem echoed around the stadium. The night ended with fireworks\u2014capping off a season to remember."}],"buttons":[],"images":[{"type":"image","url":"https:\/\/villarrealcf.es\/wp-content\/uploads\/2025\/06\/VillarrealCF-RCCeltaVigo-248-1-edited.jpg","alt":"","width":2835,"height":1595,"srcset":"https:\/\/villarrealcf.es\/wp-content\/uploads\/2025\/06\/VillarrealCF-RCCeltaVigo-248-1-edited.jpg 2835w, https:\/\/villarrealcf.es\/wp-content\/uploads\/2025\/06\/VillarrealCF-RCCeltaVigo-248-1-edited-1920x1080.jpg 1920w, https:\/\/villarrealcf.es\/wp-content\/uploads\/2025\/06\/VillarrealCF-RCCeltaVigo-248-1-edited.jpg 1920w, https:\/\/villarrealcf.es\/wp-content\/uploads\/2025\/06\/VillarrealCF-RCCeltaVigo-248-1-edited-1536x864.jpg 1536w, https:\/\/villarrealcf.es\/wp-content\/uploads\/2025\/06\/VillarrealCF-RCCeltaVigo-248-1-edited-2048x1152.jpg 2048w, https:\/\/villarrealcf.es\/wp-content\/uploads\/2025\/06\/VillarrealCF-RCCeltaVigo-248-1-edited.jpg 1920w, https:\/\/villarrealcf.es\/wp-content\/uploads\/2025\/06\/VillarrealCF-RCCeltaVigo-248-1-edited.jpg 1920w, https:\/\/villarrealcf.es\/wp-content\/uploads\/2025\/06\/VillarrealCF-RCCeltaVigo-248-1-edited-32x18.jpg 32w, https:\/\/villarrealcf.es\/wp-content\/uploads\/2025\/06\/VillarrealCF-RCCeltaVigo-248-1-edited-150x84.jpg 150w, https:\/\/villarrealcf.es\/wp-content\/uploads\/2025\/06\/VillarrealCF-RCCeltaVigo-248-1-edited.jpg 1920w, https:\/\/villarrealcf.es\/wp-content\/uploads\/2025\/06\/VillarrealCF-RCCeltaVigo-248-1-edited-1200x675.jpg 1200w","sizes":"auto, (max-width: 2835px) 100vw, 2835px"},{"type":"image","url":"https:\/\/villarrealcf.es\/wp-content\/uploads\/2025\/06\/VillarrealCF-DeportivoAlaves-095-edited.jpg","alt":"","width":2835,"height":1595,"srcset":"https:\/\/villarrealcf.es\/wp-content\/uploads\/2025\/06\/VillarrealCF-DeportivoAlaves-095-edited.jpg 2835w, https:\/\/villarrealcf.es\/wp-content\/uploads\/2025\/06\/VillarrealCF-DeportivoAlaves-095-edited-1920x1080.jpg 1920w, https:\/\/villarrealcf.es\/wp-content\/uploads\/2025\/06\/VillarrealCF-DeportivoAlaves-095-edited.jpg 1920w, https:\/\/villarrealcf.es\/wp-content\/uploads\/2025\/06\/VillarrealCF-DeportivoAlaves-095-edited-1536x864.jpg 1536w, https:\/\/villarrealcf.es\/wp-content\/uploads\/2025\/06\/VillarrealCF-DeportivoAlaves-095-edited-2048x1152.jpg 2048w, https:\/\/villarrealcf.es\/wp-content\/uploads\/2025\/06\/VillarrealCF-DeportivoAlaves-095-edited.jpg 1920w, https:\/\/villarrealcf.es\/wp-content\/uploads\/2025\/06\/VillarrealCF-DeportivoAlaves-095-edited.jpg 1920w, https:\/\/villarrealcf.es\/wp-content\/uploads\/2025\/06\/VillarrealCF-DeportivoAlaves-095-edited-32x18.jpg 32w, https:\/\/villarrealcf.es\/wp-content\/uploads\/2025\/06\/VillarrealCF-DeportivoAlaves-095-edited-150x84.jpg 150w, https:\/\/villarrealcf.es\/wp-content\/uploads\/2025\/06\/VillarrealCF-DeportivoAlaves-095-edited.jpg 1920w, https:\/\/villarrealcf.es\/wp-content\/uploads\/2025\/06\/VillarrealCF-DeportivoAlaves-095-edited-1200x675.jpg 1200w","sizes":"auto, (max-width: 2835px) 100vw, 2835px"},{"type":"image","url":"https:\/\/villarrealcf.es\/wp-content\/uploads\/2025\/06\/CDLeganes-VillarrealCF-271-edited.jpg","alt":"","width":1890,"height":1063,"srcset":"https:\/\/villarrealcf.es\/wp-content\/uploads\/2025\/06\/CDLeganes-VillarrealCF-271-edited.jpg 1890w, https:\/\/villarrealcf.es\/wp-content\/uploads\/2025\/06\/CDLeganes-VillarrealCF-271-edited.jpg 1920w, https:\/\/villarrealcf.es\/wp-content\/uploads\/2025\/06\/CDLeganes-VillarrealCF-271-edited-1536x864.jpg 1536w, https:\/\/villarrealcf.es\/wp-content\/uploads\/2025\/06\/CDLeganes-VillarrealCF-271-edited.jpg 1920w, https:\/\/villarrealcf.es\/wp-content\/uploads\/2025\/06\/CDLeganes-VillarrealCF-271-edited.jpg 1920w, https:\/\/villarrealcf.es\/wp-content\/uploads\/2025\/06\/CDLeganes-VillarrealCF-271-edited-32x18.jpg 32w, https:\/\/villarrealcf.es\/wp-content\/uploads\/2025\/06\/CDLeganes-VillarrealCF-271-edited-150x84.jpg 150w, https:\/\/villarrealcf.es\/wp-content\/uploads\/2025\/06\/CDLeganes-VillarrealCF-271-edited.jpg 1920w, https:\/\/villarrealcf.es\/wp-content\/uploads\/2025\/06\/CDLeganes-VillarrealCF-271-edited-1200x675.jpg 1200w","sizes":"auto, (max-width: 1890px) 100vw, 1890px"},{"type":"image","url":"https:\/\/villarrealcf.es\/wp-content\/uploads\/2025\/06\/VillarrealCF-RCD-Mallorca-174-edited.jpg","alt":"","width":2835,"height":1595,"srcset":"https:\/\/villarrealcf.es\/wp-content\/uploads\/2025\/06\/VillarrealCF-RCD-Mallorca-174-edited.jpg 2835w, https:\/\/villarrealcf.es\/wp-content\/uploads\/2025\/06\/VillarrealCF-RCD-Mallorca-174-edited-1920x1080.jpg 1920w, https:\/\/villarrealcf.es\/wp-content\/uploads\/2025\/06\/VillarrealCF-RCD-Mallorca-174-edited.jpg 1920w, https:\/\/villarrealcf.es\/wp-content\/uploads\/2025\/06\/VillarrealCF-RCD-Mallorca-174-edited-1536x864.jpg 1536w, https:\/\/villarrealcf.es\/wp-content\/uploads\/2025\/06\/VillarrealCF-RCD-Mallorca-174-edited-2048x1152.jpg 2048w, https:\/\/villarrealcf.es\/wp-content\/uploads\/2025\/06\/VillarrealCF-RCD-Mallorca-174-edited.jpg 1920w, https:\/\/villarrealcf.es\/wp-content\/uploads\/2025\/06\/VillarrealCF-RCD-Mallorca-174-edited.jpg 1920w, https:\/\/villarrealcf.es\/wp-content\/uploads\/2025\/06\/VillarrealCF-RCD-Mallorca-174-edited-32x18.jpg 32w, https:\/\/villarrealcf.es\/wp-content\/uploads\/2025\/06\/VillarrealCF-RCD-Mallorca-174-edited-150x84.jpg 150w, https:\/\/villarrealcf.es\/wp-content\/uploads\/2025\/06\/VillarrealCF-RCD-Mallorca-174-edited.jpg 1920w, https:\/\/villarrealcf.es\/wp-content\/uploads\/2025\/06\/VillarrealCF-RCD-Mallorca-174-edited-1200x675.jpg 1200w","sizes":"auto, (max-width: 2835px) 100vw, 2835px"},{"type":"image","url":"https:\/\/villarrealcf.es\/wp-content\/uploads\/2025\/06\/RayoVallecano-VillarrealCF-185-edited.jpg","alt":"","width":2835,"height":1595,"srcset":"https:\/\/villarrealcf.es\/wp-content\/uploads\/2025\/06\/RayoVallecano-VillarrealCF-185-edited.jpg 2835w, https:\/\/villarrealcf.es\/wp-content\/uploads\/2025\/06\/RayoVallecano-VillarrealCF-185-edited-1920x1080.jpg 1920w, https:\/\/villarrealcf.es\/wp-content\/uploads\/2025\/06\/RayoVallecano-VillarrealCF-185-edited.jpg 1920w, https:\/\/villarrealcf.es\/wp-content\/uploads\/2025\/06\/RayoVallecano-VillarrealCF-185-edited-1536x864.jpg 1536w, https:\/\/villarrealcf.es\/wp-content\/uploads\/2025\/06\/RayoVallecano-VillarrealCF-185-edited-2048x1152.jpg 2048w, https:\/\/villarrealcf.es\/wp-content\/uploads\/2025\/06\/RayoVallecano-VillarrealCF-185-edited.jpg 1920w, https:\/\/villarrealcf.es\/wp-content\/uploads\/2025\/06\/RayoVallecano-VillarrealCF-185-edited.jpg 1920w, https:\/\/villarrealcf.es\/wp-content\/uploads\/2025\/06\/RayoVallecano-VillarrealCF-185-edited-32x18.jpg 32w, https:\/\/villarrealcf.es\/wp-content\/uploads\/2025\/06\/RayoVallecano-VillarrealCF-185-edited-150x84.jpg 150w, https:\/\/villarrealcf.es\/wp-content\/uploads\/2025\/06\/RayoVallecano-VillarrealCF-185-edited.jpg 1920w, https:\/\/villarrealcf.es\/wp-content\/uploads\/2025\/06\/RayoVallecano-VillarrealCF-185-edited-1200x675.jpg 1200w","sizes":"auto, (max-width: 2835px) 100vw, 2835px"},{"type":"image","url":"https:\/\/villarrealcf.es\/wp-content\/uploads\/2025\/06\/RealBetisBalompie-VillarrealCF-168-edited.jpg","alt":"","width":2835,"height":1595,"srcset":"https:\/\/villarrealcf.es\/wp-content\/uploads\/2025\/06\/RealBetisBalompie-VillarrealCF-168-edited.jpg 2835w, https:\/\/villarrealcf.es\/wp-content\/uploads\/2025\/06\/RealBetisBalompie-VillarrealCF-168-edited-1920x1080.jpg 1920w, https:\/\/villarrealcf.es\/wp-content\/uploads\/2025\/06\/RealBetisBalompie-VillarrealCF-168-edited.jpg 1920w, https:\/\/villarrealcf.es\/wp-content\/uploads\/2025\/06\/RealBetisBalompie-VillarrealCF-168-edited-1536x864.jpg 1536w, https:\/\/villarrealcf.es\/wp-content\/uploads\/2025\/06\/RealBetisBalompie-VillarrealCF-168-edited-2048x1152.jpg 2048w, https:\/\/villarrealcf.es\/wp-content\/uploads\/2025\/06\/RealBetisBalompie-VillarrealCF-168-edited.jpg 1920w, https:\/\/villarrealcf.es\/wp-content\/uploads\/2025\/06\/RealBetisBalompie-VillarrealCF-168-edited.jpg 1920w, https:\/\/villarrealcf.es\/wp-content\/uploads\/2025\/06\/RealBetisBalompie-VillarrealCF-168-edited-32x18.jpg 32w, https:\/\/villarrealcf.es\/wp-content\/uploads\/2025\/06\/RealBetisBalompie-VillarrealCF-168-edited-150x84.jpg 150w, https:\/\/villarrealcf.es\/wp-content\/uploads\/2025\/06\/RealBetisBalompie-VillarrealCF-168-edited.jpg 1920w, https:\/\/villarrealcf.es\/wp-content\/uploads\/2025\/06\/RealBetisBalompie-VillarrealCF-168-edited-1200x675.jpg 1200w","sizes":"auto, (max-width: 2835px) 100vw, 2835px"},{"type":"image","url":"https:\/\/villarrealcf.es\/wp-content\/uploads\/2025\/06\/GironaFC-VillarrealCF-215-edited.jpg","alt":"","width":2835,"height":1595,"srcset":"https:\/\/villarrealcf.es\/wp-content\/uploads\/2025\/06\/GironaFC-VillarrealCF-215-edited.jpg 2835w, https:\/\/villarrealcf.es\/wp-content\/uploads\/2025\/06\/GironaFC-VillarrealCF-215-edited-1920x1080.jpg 1920w, https:\/\/villarrealcf.es\/wp-content\/uploads\/2025\/06\/GironaFC-VillarrealCF-215-edited.jpg 1920w, https:\/\/villarrealcf.es\/wp-content\/uploads\/2025\/06\/GironaFC-VillarrealCF-215-edited-1536x864.jpg 1536w, https:\/\/villarrealcf.es\/wp-content\/uploads\/2025\/06\/GironaFC-VillarrealCF-215-edited-2048x1152.jpg 2048w, https:\/\/villarrealcf.es\/wp-content\/uploads\/2025\/06\/GironaFC-VillarrealCF-215-edited.jpg 1920w, https:\/\/villarrealcf.es\/wp-content\/uploads\/2025\/06\/GironaFC-VillarrealCF-215-edited.jpg 1920w, https:\/\/villarrealcf.es\/wp-content\/uploads\/2025\/06\/GironaFC-VillarrealCF-215-edited-32x18.jpg 32w, https:\/\/villarrealcf.es\/wp-content\/uploads\/2025\/06\/GironaFC-VillarrealCF-215-edited-150x84.jpg 150w, https:\/\/villarrealcf.es\/wp-content\/uploads\/2025\/06\/GironaFC-VillarrealCF-215-edited.jpg 1920w, https:\/\/villarrealcf.es\/wp-content\/uploads\/2025\/06\/GironaFC-VillarrealCF-215-edited-1200x675.jpg 1200w","sizes":"auto, (max-width: 2835px) 100vw, 2835px"},{"type":"image","url":"https:\/\/villarrealcf.es\/wp-content\/uploads\/2025\/06\/VillarrealCF-CDLeganes-242-edited.jpg","alt":"","width":2835,"height":1595,"srcset":"https:\/\/villarrealcf.es\/wp-content\/uploads\/2025\/06\/VillarrealCF-CDLeganes-242-edited.jpg 2835w, https:\/\/villarrealcf.es\/wp-content\/uploads\/2025\/06\/VillarrealCF-CDLeganes-242-edited-1920x1080.jpg 1920w, https:\/\/villarrealcf.es\/wp-content\/uploads\/2025\/06\/VillarrealCF-CDLeganes-242-edited.jpg 1920w, https:\/\/villarrealcf.es\/wp-content\/uploads\/2025\/06\/VillarrealCF-CDLeganes-242-edited-1536x864.jpg 1536w, https:\/\/villarrealcf.es\/wp-content\/uploads\/2025\/06\/VillarrealCF-CDLeganes-242-edited-2048x1152.jpg 2048w, https:\/\/villarrealcf.es\/wp-content\/uploads\/2025\/06\/VillarrealCF-CDLeganes-242-edited.jpg 1920w, https:\/\/villarrealcf.es\/wp-content\/uploads\/2025\/06\/VillarrealCF-CDLeganes-242-edited.jpg 1920w, https:\/\/villarrealcf.es\/wp-content\/uploads\/2025\/06\/VillarrealCF-CDLeganes-242-edited-32x18.jpg 32w, https:\/\/villarrealcf.es\/wp-content\/uploads\/2025\/06\/VillarrealCF-CDLeganes-242-edited-150x84.jpg 150w, https:\/\/villarrealcf.es\/wp-content\/uploads\/2025\/06\/VillarrealCF-CDLeganes-242-edited.jpg 1920w, https:\/\/villarrealcf.es\/wp-content\/uploads\/2025\/06\/VillarrealCF-CDLeganes-242-edited-1200x675.jpg 1200w","sizes":"auto, (max-width: 2835px) 100vw, 2835px"},{"type":"image","url":"https:\/\/villarrealcf.es\/wp-content\/uploads\/2025\/06\/FCBarcelona-VillarrealCF-193-edited.jpg","alt":"","width":2835,"height":1595,"srcset":"https:\/\/villarrealcf.es\/wp-content\/uploads\/2025\/06\/FCBarcelona-VillarrealCF-193-edited.jpg 2835w, https:\/\/villarrealcf.es\/wp-content\/uploads\/2025\/06\/FCBarcelona-VillarrealCF-193-edited-1920x1080.jpg 1920w, https:\/\/villarrealcf.es\/wp-content\/uploads\/2025\/06\/FCBarcelona-VillarrealCF-193-edited.jpg 1920w, https:\/\/villarrealcf.es\/wp-content\/uploads\/2025\/06\/FCBarcelona-VillarrealCF-193-edited-1536x864.jpg 1536w, https:\/\/villarrealcf.es\/wp-content\/uploads\/2025\/06\/FCBarcelona-VillarrealCF-193-edited-2048x1152.jpg 2048w, https:\/\/villarrealcf.es\/wp-content\/uploads\/2025\/06\/FCBarcelona-VillarrealCF-193-edited.jpg 1920w, https:\/\/villarrealcf.es\/wp-content\/uploads\/2025\/06\/FCBarcelona-VillarrealCF-193-edited.jpg 1920w, https:\/\/villarrealcf.es\/wp-content\/uploads\/2025\/06\/FCBarcelona-VillarrealCF-193-edited-32x18.jpg 32w, https:\/\/villarrealcf.es\/wp-content\/uploads\/2025\/06\/FCBarcelona-VillarrealCF-193-edited-150x84.jpg 150w, https:\/\/villarrealcf.es\/wp-content\/uploads\/2025\/06\/FCBarcelona-VillarrealCF-193-edited.jpg 1920w, https:\/\/villarrealcf.es\/wp-content\/uploads\/2025\/06\/FCBarcelona-VillarrealCF-193-edited-1200x675.jpg 1200w","sizes":"auto, (max-width: 2835px) 100vw, 2835px"},{"type":"image","url":"https:\/\/villarrealcf.es\/wp-content\/uploads\/2025\/06\/VillarrealCF-SevillaFC-379-edited.jpg","alt":"","width":2835,"height":1595,"srcset":"https:\/\/villarrealcf.es\/wp-content\/uploads\/2025\/06\/VillarrealCF-SevillaFC-379-edited.jpg 2835w, https:\/\/villarrealcf.es\/wp-content\/uploads\/2025\/06\/VillarrealCF-SevillaFC-379-edited-1920x1080.jpg 1920w, https:\/\/villarrealcf.es\/wp-content\/uploads\/2025\/06\/VillarrealCF-SevillaFC-379-edited.jpg 1920w, https:\/\/villarrealcf.es\/wp-content\/uploads\/2025\/06\/VillarrealCF-SevillaFC-379-edited-1536x864.jpg 1536w, https:\/\/villarrealcf.es\/wp-content\/uploads\/2025\/06\/VillarrealCF-SevillaFC-379-edited-2048x1152.jpg 2048w, https:\/\/villarrealcf.es\/wp-content\/uploads\/2025\/06\/VillarrealCF-SevillaFC-379-edited.jpg 1920w, https:\/\/villarrealcf.es\/wp-content\/uploads\/2025\/06\/VillarrealCF-SevillaFC-379-edited.jpg 1920w, https:\/\/villarrealcf.es\/wp-content\/uploads\/2025\/06\/VillarrealCF-SevillaFC-379-edited-32x18.jpg 32w, https:\/\/villarrealcf.es\/wp-content\/uploads\/2025\/06\/VillarrealCF-SevillaFC-379-edited-150x84.jpg 150w, https:\/\/villarrealcf.es\/wp-content\/uploads\/2025\/06\/VillarrealCF-SevillaFC-379-edited.jpg 1920w, https:\/\/villarrealcf.es\/wp-content\/uploads\/2025\/06\/VillarrealCF-SevillaFC-379-edited-1200x675.jpg 1200w","sizes":"auto, (max-width: 2835px) 100vw, 2835px"}],"widgets":[],"blocks":[{"type":"heading","level":2,"text":"Marcelino\u2019s side enjoyed a number of unforgettable evenings during a campaign that ended with Champions League qualification"},{"type":"paragraph","text":"Villarreal CF experienced some fantastic moments throughout the 2024\/25 season. The Yellows picked up memorable victories, celebrated goals that will live long in the memory and took part in tributes and celebrations that will go down in club history."},{"type":"paragraph","text":"With the campaign now complete, here\u2019s a look back at ten unforgettable moments:"},{"type":"paragraph","text":"1. Last-gasp win over RC Celta (4-3)"},{"type":"paragraph","text":"In the 100th minute, Villarreal snatched victory over Celta (4-3) at the Estadio de la Cer\u00e1mica. Dani Parejo scored a last-gasp winner to settle a seven-goal thriller."},{"type":"paragraph","text":"Sergi Cardona, Thierno Barry, a Jailson own goal and Parejo were on target for the Yellows, while Borja Iglesias, Mingueza and Starfelt scored for the visitors."},{"type":"image","url":"https:\/\/villarrealcf.es\/wp-content\/uploads\/2025\/06\/VillarrealCF-RCCeltaVigo-248-1-edited.jpg","alt":"","width":2835,"height":1595,"srcset":"https:\/\/villarrealcf.es\/wp-content\/uploads\/2025\/06\/VillarrealCF-RCCeltaVigo-248-1-edited.jpg 2835w, https:\/\/villarrealcf.es\/wp-content\/uploads\/2025\/06\/VillarrealCF-RCCeltaVigo-248-1-edited-1920x1080.jpg 1920w, https:\/\/villarrealcf.es\/wp-content\/uploads\/2025\/06\/VillarrealCF-RCCeltaVigo-248-1-edited.jpg 1920w, https:\/\/villarrealcf.es\/wp-content\/uploads\/2025\/06\/VillarrealCF-RCCeltaVigo-248-1-edited-1536x864.jpg 1536w, https:\/\/villarrealcf.es\/wp-content\/uploads\/2025\/06\/VillarrealCF-RCCeltaVigo-248-1-edited-2048x1152.jpg 2048w, https:\/\/villarrealcf.es\/wp-content\/uploads\/2025\/06\/VillarrealCF-RCCeltaVigo-248-1-edited.jpg 1920w, https:\/\/villarrealcf.es\/wp-content\/uploads\/2025\/06\/VillarrealCF-RCCeltaVigo-248-1-edited.jpg 1920w, https:\/\/villarrealcf.es\/wp-content\/uploads\/2025\/06\/VillarrealCF-RCCeltaVigo-248-1-edited-32x18.jpg 32w, https:\/\/villarrealcf.es\/wp-content\/uploads\/2025\/06\/VillarrealCF-RCCeltaVigo-248-1-edited-150x84.jpg 150w, https:\/\/villarrealcf.es\/wp-content\/uploads\/2025\/06\/VillarrealCF-RCCeltaVigo-248-1-edited.jpg 1920w, https:\/\/villarrealcf.es\/wp-content\/uploads\/2025\/06\/VillarrealCF-RCCeltaVigo-248-1-edited-1200x675.jpg 1200w","sizes":"auto, (max-width: 2835px) 100vw, 2835px"},{"type":"paragraph","text":"2. Tribute to DANA victims and win over Alav\u00e9s (3-0)"},{"type":"paragraph","text":"Villarreal CF paid tribute to the victims of the DANA floods that hit southern Valencia in late October."},{"type":"paragraph","text":"Against Alav\u00e9s, the Yellows wore black at home for the first time ever. A giant Comunitat Valenciana flag was displayed, and the regional anthem rang out. Villarreal went on to win 3-0 thanks to goals from Ilias Akhomach, Dani Parejo and Santi Comesa\u00f1a."},{"type":"image","url":"https:\/\/villarrealcf.es\/wp-content\/uploads\/2025\/06\/VillarrealCF-DeportivoAlaves-095-edited.jpg","alt":"","width":2835,"height":1595,"srcset":"https:\/\/villarrealcf.es\/wp-content\/uploads\/2025\/06\/VillarrealCF-DeportivoAlaves-095-edited.jpg 2835w, https:\/\/villarrealcf.es\/wp-content\/uploads\/2025\/06\/VillarrealCF-DeportivoAlaves-095-edited-1920x1080.jpg 1920w, https:\/\/villarrealcf.es\/wp-content\/uploads\/2025\/06\/VillarrealCF-DeportivoAlaves-095-edited.jpg 1920w, https:\/\/villarrealcf.es\/wp-content\/uploads\/2025\/06\/VillarrealCF-DeportivoAlaves-095-edited-1536x864.jpg 1536w, https:\/\/villarrealcf.es\/wp-content\/uploads\/2025\/06\/VillarrealCF-DeportivoAlaves-095-edited-2048x1152.jpg 2048w, https:\/\/villarrealcf.es\/wp-content\/uploads\/2025\/06\/VillarrealCF-DeportivoAlaves-095-edited.jpg 1920w, https:\/\/villarrealcf.es\/wp-content\/uploads\/2025\/06\/VillarrealCF-DeportivoAlaves-095-edited.jpg 1920w, https:\/\/villarrealcf.es\/wp-content\/uploads\/2025\/06\/VillarrealCF-DeportivoAlaves-095-edited-32x18.jpg 32w, https:\/\/villarrealcf.es\/wp-content\/uploads\/2025\/06\/VillarrealCF-DeportivoAlaves-095-edited-150x84.jpg 150w, https:\/\/villarrealcf.es\/wp-content\/uploads\/2025\/06\/VillarrealCF-DeportivoAlaves-095-edited.jpg 1920w, https:\/\/villarrealcf.es\/wp-content\/uploads\/2025\/06\/VillarrealCF-DeportivoAlaves-095-edited-1200x675.jpg 1200w","sizes":"auto, (max-width: 2835px) 100vw, 2835px"},{"type":"paragraph","text":"3. Thierno Barry\u2019s hat-trick against CD Legan\u00e9s (2-5)"},{"type":"paragraph","text":"Thierno Barry bagged his first hat-trick for Villarreal CF in a big win at Butarque."},{"type":"paragraph","text":"The French striker became the 11th player in the club\u2019s history to score a LaLiga hat-trick, joining names like Juan Rom\u00e1n Riquelme, Diego Forl\u00e1n, Ike Uche, C\u00e9dric Bakambu, Carlos Bacca, Gerard Moreno, Arnaut Danjuma, Yeremy Pino, Jos\u00e9 Luis Morales and Alexander Sorloth."},{"type":"image","url":"https:\/\/villarrealcf.es\/wp-content\/uploads\/2025\/06\/CDLeganes-VillarrealCF-271-edited.jpg","alt":"","width":1890,"height":1063,"srcset":"https:\/\/villarrealcf.es\/wp-content\/uploads\/2025\/06\/CDLeganes-VillarrealCF-271-edited.jpg 1890w, https:\/\/villarrealcf.es\/wp-content\/uploads\/2025\/06\/CDLeganes-VillarrealCF-271-edited.jpg 1920w, https:\/\/villarrealcf.es\/wp-content\/uploads\/2025\/06\/CDLeganes-VillarrealCF-271-edited-1536x864.jpg 1536w, https:\/\/villarrealcf.es\/wp-content\/uploads\/2025\/06\/CDLeganes-VillarrealCF-271-edited.jpg 1920w, https:\/\/villarrealcf.es\/wp-content\/uploads\/2025\/06\/CDLeganes-VillarrealCF-271-edited.jpg 1920w, https:\/\/villarrealcf.es\/wp-content\/uploads\/2025\/06\/CDLeganes-VillarrealCF-271-edited-32x18.jpg 32w, https:\/\/villarrealcf.es\/wp-content\/uploads\/2025\/06\/CDLeganes-VillarrealCF-271-edited-150x84.jpg 150w, https:\/\/villarrealcf.es\/wp-content\/uploads\/2025\/06\/CDLeganes-VillarrealCF-271-edited.jpg 1920w, https:\/\/villarrealcf.es\/wp-content\/uploads\/2025\/06\/CDLeganes-VillarrealCF-271-edited-1200x675.jpg 1200w","sizes":"auto, (max-width: 1890px) 100vw, 1890px"},{"type":"paragraph","text":"4. Four goals in eight minutes vs Mallorca (4-0)"},{"type":"paragraph","text":"Villarreal blew away Mallorca with four goals in eight sensational minutes. Logan Costa opened the scoring in the 20th minute, followed by goals from \u00c1lex Baena (24\u2019), Dani Parejo (26\u2019) and Yeremy Pino (28\u2019) in a stunning attacking display at the Estadio de la Cer\u00e1mica."},{"type":"image","url":"https:\/\/villarrealcf.es\/wp-content\/uploads\/2025\/06\/VillarrealCF-RCD-Mallorca-174-edited.jpg","alt":"","width":2835,"height":1595,"srcset":"https:\/\/villarrealcf.es\/wp-content\/uploads\/2025\/06\/VillarrealCF-RCD-Mallorca-174-edited.jpg 2835w, https:\/\/villarrealcf.es\/wp-content\/uploads\/2025\/06\/VillarrealCF-RCD-Mallorca-174-edited-1920x1080.jpg 1920w, https:\/\/villarrealcf.es\/wp-content\/uploads\/2025\/06\/VillarrealCF-RCD-Mallorca-174-edited.jpg 1920w, https:\/\/villarrealcf.es\/wp-content\/uploads\/2025\/06\/VillarrealCF-RCD-Mallorca-174-edited-1536x864.jpg 1536w, https:\/\/villarrealcf.es\/wp-content\/uploads\/2025\/06\/VillarrealCF-RCD-Mallorca-174-edited-2048x1152.jpg 2048w, https:\/\/villarrealcf.es\/wp-content\/uploads\/2025\/06\/VillarrealCF-RCD-Mallorca-174-edited.jpg 1920w, https:\/\/villarrealcf.es\/wp-content\/uploads\/2025\/06\/VillarrealCF-RCD-Mallorca-174-edited.jpg 1920w, https:\/\/villarrealcf.es\/wp-content\/uploads\/2025\/06\/VillarrealCF-RCD-Mallorca-174-edited-32x18.jpg 32w, https:\/\/villarrealcf.es\/wp-content\/uploads\/2025\/06\/VillarrealCF-RCD-Mallorca-174-edited-150x84.jpg 150w, https:\/\/villarrealcf.es\/wp-content\/uploads\/2025\/06\/VillarrealCF-RCD-Mallorca-174-edited.jpg 1920w, https:\/\/villarrealcf.es\/wp-content\/uploads\/2025\/06\/VillarrealCF-RCD-Mallorca-174-edited-1200x675.jpg 1200w","sizes":"auto, (max-width: 2835px) 100vw, 2835px"},{"type":"paragraph","text":"5. Alfonso Pedraza returns from injury"},{"type":"paragraph","text":"Alfonso Pedraza made his long-awaited comeback after recovering from a serious ankle injury that kept him out for months."},{"type":"paragraph","text":"The left-back returned to action in an official match against Rayo Vallecano (0-1) at the Estadio de Vallecas."},{"type":"image","url":"https:\/\/villarrealcf.es\/wp-content\/uploads\/2025\/06\/RayoVallecano-VillarrealCF-185-edited.jpg","alt":"","width":2835,"height":1595,"srcset":"https:\/\/villarrealcf.es\/wp-content\/uploads\/2025\/06\/RayoVallecano-VillarrealCF-185-edited.jpg 2835w, https:\/\/villarrealcf.es\/wp-content\/uploads\/2025\/06\/RayoVallecano-VillarrealCF-185-edited-1920x1080.jpg 1920w, https:\/\/villarrealcf.es\/wp-content\/uploads\/2025\/06\/RayoVallecano-VillarrealCF-185-edited.jpg 1920w, https:\/\/villarrealcf.es\/wp-content\/uploads\/2025\/06\/RayoVallecano-VillarrealCF-185-edited-1536x864.jpg 1536w, https:\/\/villarrealcf.es\/wp-content\/uploads\/2025\/06\/RayoVallecano-VillarrealCF-185-edited-2048x1152.jpg 2048w, https:\/\/villarrealcf.es\/wp-content\/uploads\/2025\/06\/RayoVallecano-VillarrealCF-185-edited.jpg 1920w, https:\/\/villarrealcf.es\/wp-content\/uploads\/2025\/06\/RayoVallecano-VillarrealCF-185-edited.jpg 1920w, https:\/\/villarrealcf.es\/wp-content\/uploads\/2025\/06\/RayoVallecano-VillarrealCF-185-edited-32x18.jpg 32w, https:\/\/villarrealcf.es\/wp-content\/uploads\/2025\/06\/RayoVallecano-VillarrealCF-185-edited-150x84.jpg 150w, https:\/\/villarrealcf.es\/wp-content\/uploads\/2025\/06\/RayoVallecano-VillarrealCF-185-edited.jpg 1920w, https:\/\/villarrealcf.es\/wp-content\/uploads\/2025\/06\/RayoVallecano-VillarrealCF-185-edited-1200x675.jpg 1200w","sizes":"auto, (max-width: 2835px) 100vw, 2835px"},{"type":"paragraph","text":"6. Statement win at the Benito Villamar\u00edn (1-2)"},{"type":"paragraph","text":"Villarreal\u2019s 2-1 victory over Real Betis was one of the most decisive moments in the race for the Champions League."},{"type":"paragraph","text":"Marcelino\u2019s side got the better of a Betis team that had enjoyed a strong second half of the season. Goals from Thierno Barry and Ayoze P\u00e9rez secured three vital points in what felt like a Champions League play-off."},{"type":"image","url":"https:\/\/villarrealcf.es\/wp-content\/uploads\/2025\/06\/RealBetisBalompie-VillarrealCF-168-edited.jpg","alt":"","width":2835,"height":1595,"srcset":"https:\/\/villarrealcf.es\/wp-content\/uploads\/2025\/06\/RealBetisBalompie-VillarrealCF-168-edited.jpg 2835w, https:\/\/villarrealcf.es\/wp-content\/uploads\/2025\/06\/RealBetisBalompie-VillarrealCF-168-edited-1920x1080.jpg 1920w, https:\/\/villarrealcf.es\/wp-content\/uploads\/2025\/06\/RealBetisBalompie-VillarrealCF-168-edited.jpg 1920w, https:\/\/villarrealcf.es\/wp-content\/uploads\/2025\/06\/RealBetisBalompie-VillarrealCF-168-edited-1536x864.jpg 1536w, https:\/\/villarrealcf.es\/wp-content\/uploads\/2025\/06\/RealBetisBalompie-VillarrealCF-168-edited-2048x1152.jpg 2048w, https:\/\/villarrealcf.es\/wp-content\/uploads\/2025\/06\/RealBetisBalompie-VillarrealCF-168-edited.jpg 1920w, https:\/\/villarrealcf.es\/wp-content\/uploads\/2025\/06\/RealBetisBalompie-VillarrealCF-168-edited.jpg 1920w, https:\/\/villarrealcf.es\/wp-content\/uploads\/2025\/06\/RealBetisBalompie-VillarrealCF-168-edited-32x18.jpg 32w, https:\/\/villarrealcf.es\/wp-content\/uploads\/2025\/06\/RealBetisBalompie-VillarrealCF-168-edited-150x84.jpg 150w, https:\/\/villarrealcf.es\/wp-content\/uploads\/2025\/06\/RealBetisBalompie-VillarrealCF-168-edited.jpg 1920w, https:\/\/villarrealcf.es\/wp-content\/uploads\/2025\/06\/RealBetisBalompie-VillarrealCF-168-edited-1200x675.jpg 1200w","sizes":"auto, (max-width: 2835px) 100vw, 2835px"},{"type":"paragraph","text":"7. Etta Eyong steps up in Girona"},{"type":"paragraph","text":"Villarreal picked up yet another win at Montilivi (0-1), maintaining their perfect LaLiga record there."},{"type":"paragraph","text":"In the closing minutes, B team striker Etta Eyong rose highest to head home the winner, keeping Villarreal\u2019s Champions League dream alive\u2014especially after Betis dropped points at home to Osasuna (1-1)."},{"type":"image","url":"https:\/\/villarrealcf.es\/wp-content\/uploads\/2025\/06\/GironaFC-VillarrealCF-215-edited.jpg","alt":"","width":2835,"height":1595,"srcset":"https:\/\/villarrealcf.es\/wp-content\/uploads\/2025\/06\/GironaFC-VillarrealCF-215-edited.jpg 2835w, https:\/\/villarrealcf.es\/wp-content\/uploads\/2025\/06\/GironaFC-VillarrealCF-215-edited-1920x1080.jpg 1920w, https:\/\/villarrealcf.es\/wp-content\/uploads\/2025\/06\/GironaFC-VillarrealCF-215-edited.jpg 1920w, https:\/\/villarrealcf.es\/wp-content\/uploads\/2025\/06\/GironaFC-VillarrealCF-215-edited-1536x864.jpg 1536w, https:\/\/villarrealcf.es\/wp-content\/uploads\/2025\/06\/GironaFC-VillarrealCF-215-edited-2048x1152.jpg 2048w, https:\/\/villarrealcf.es\/wp-content\/uploads\/2025\/06\/GironaFC-VillarrealCF-215-edited.jpg 1920w, https:\/\/villarrealcf.es\/wp-content\/uploads\/2025\/06\/GironaFC-VillarrealCF-215-edited.jpg 1920w, https:\/\/villarrealcf.es\/wp-content\/uploads\/2025\/06\/GironaFC-VillarrealCF-215-edited-32x18.jpg 32w, https:\/\/villarrealcf.es\/wp-content\/uploads\/2025\/06\/GironaFC-VillarrealCF-215-edited-150x84.jpg 150w, https:\/\/villarrealcf.es\/wp-content\/uploads\/2025\/06\/GironaFC-VillarrealCF-215-edited.jpg 1920w, https:\/\/villarrealcf.es\/wp-content\/uploads\/2025\/06\/GironaFC-VillarrealCF-215-edited-1200x675.jpg 1200w","sizes":"auto, (max-width: 2835px) 100vw, 2835px"},{"type":"paragraph","text":"8. Ayoze P\u00e9rez seals Zarra Trophy with brace against Legan\u00e9s"},{"type":"paragraph","text":"Ayoze P\u00e9rez scored twice against CD Legan\u00e9s (3-0), overtaking Oihan Sancet in the race for the Zarra Trophy."},{"type":"paragraph","text":"His brace was a masterclass in clinical finishing, and a later goal against Barcelona at the Llu\u00eds Companys took his tally to 19 LaLiga goals\u2014enough to win him the prestigious individual prize."},{"type":"image","url":"https:\/\/villarrealcf.es\/wp-content\/uploads\/2025\/06\/VillarrealCF-CDLeganes-242-edited.jpg","alt":"","width":2835,"height":1595,"srcset":"https:\/\/villarrealcf.es\/wp-content\/uploads\/2025\/06\/VillarrealCF-CDLeganes-242-edited.jpg 2835w, https:\/\/villarrealcf.es\/wp-content\/uploads\/2025\/06\/VillarrealCF-CDLeganes-242-edited-1920x1080.jpg 1920w, https:\/\/villarrealcf.es\/wp-content\/uploads\/2025\/06\/VillarrealCF-CDLeganes-242-edited.jpg 1920w, https:\/\/villarrealcf.es\/wp-content\/uploads\/2025\/06\/VillarrealCF-CDLeganes-242-edited-1536x864.jpg 1536w, https:\/\/villarrealcf.es\/wp-content\/uploads\/2025\/06\/VillarrealCF-CDLeganes-242-edited-2048x1152.jpg 2048w, https:\/\/villarrealcf.es\/wp-content\/uploads\/2025\/06\/VillarrealCF-CDLeganes-242-edited.jpg 1920w, https:\/\/villarrealcf.es\/wp-content\/uploads\/2025\/06\/VillarrealCF-CDLeganes-242-edited.jpg 1920w, https:\/\/villarrealcf.es\/wp-content\/uploads\/2025\/06\/VillarrealCF-CDLeganes-242-edited-32x18.jpg 32w, https:\/\/villarrealcf.es\/wp-content\/uploads\/2025\/06\/VillarrealCF-CDLeganes-242-edited-150x84.jpg 150w, https:\/\/villarrealcf.es\/wp-content\/uploads\/2025\/06\/VillarrealCF-CDLeganes-242-edited.jpg 1920w, https:\/\/villarrealcf.es\/wp-content\/uploads\/2025\/06\/VillarrealCF-CDLeganes-242-edited-1200x675.jpg 1200w","sizes":"auto, (max-width: 2835px) 100vw, 2835px"},{"type":"paragraph","text":"9. Submarine secure Champions League spot by beating the champions"},{"type":"paragraph","text":"Villarreal CF sealed Champions League qualification in style by defeating LaLiga EA Sports champions FC Barcelona (2-3) at their own ground."},{"type":"paragraph","text":"Ayoze opened the scoring, before Lamine Yamal and Ferm\u00edn L\u00f3pez struck for Bar\u00e7a. However, second-half goals from Santi Comesa\u00f1a and Tajon Buchanan sealed a historic victory for the Yellows."},{"type":"image","url":"https:\/\/villarrealcf.es\/wp-content\/uploads\/2025\/06\/FCBarcelona-VillarrealCF-193-edited.jpg","alt":"","width":2835,"height":1595,"srcset":"https:\/\/villarrealcf.es\/wp-content\/uploads\/2025\/06\/FCBarcelona-VillarrealCF-193-edited.jpg 2835w, https:\/\/villarrealcf.es\/wp-content\/uploads\/2025\/06\/FCBarcelona-VillarrealCF-193-edited-1920x1080.jpg 1920w, https:\/\/villarrealcf.es\/wp-content\/uploads\/2025\/06\/FCBarcelona-VillarrealCF-193-edited.jpg 1920w, https:\/\/villarrealcf.es\/wp-content\/uploads\/2025\/06\/FCBarcelona-VillarrealCF-193-edited-1536x864.jpg 1536w, https:\/\/villarrealcf.es\/wp-content\/uploads\/2025\/06\/FCBarcelona-VillarrealCF-193-edited-2048x1152.jpg 2048w, https:\/\/villarrealcf.es\/wp-content\/uploads\/2025\/06\/FCBarcelona-VillarrealCF-193-edited.jpg 1920w, https:\/\/villarrealcf.es\/wp-content\/uploads\/2025\/06\/FCBarcelona-VillarrealCF-193-edited.jpg 1920w, https:\/\/villarrealcf.es\/wp-content\/uploads\/2025\/06\/FCBarcelona-VillarrealCF-193-edited-32x18.jpg 32w, https:\/\/villarrealcf.es\/wp-content\/uploads\/2025\/06\/FCBarcelona-VillarrealCF-193-edited-150x84.jpg 150w, https:\/\/villarrealcf.es\/wp-content\/uploads\/2025\/06\/FCBarcelona-VillarrealCF-193-edited.jpg 1920w, https:\/\/villarrealcf.es\/wp-content\/uploads\/2025\/06\/FCBarcelona-VillarrealCF-193-edited-1200x675.jpg 1200w","sizes":"auto, (max-width: 2835px) 100vw, 2835px"},{"type":"paragraph","text":"10. A Champions League party and a heartfelt farewell to Ra\u00fal Albiol"},{"type":"paragraph","text":"The final matchday of the season was a true celebration for Villarreal. The Yellows hosted Sevilla to mark their qualification for the Champions League and say goodbye to club legend Ra\u00fal Albiol."},{"type":"paragraph","text":"There was music, speeches and plenty of emotion before La morocha and the Champions League anthem echoed around the stadium. The night ended with fireworks\u2014capping off a season to remember."},{"type":"image","url":"https:\/\/villarrealcf.es\/wp-content\/uploads\/2025\/06\/VillarrealCF-SevillaFC-379-edited.jpg","alt":"","width":2835,"height":1595,"srcset":"https:\/\/villarrealcf.es\/wp-content\/uploads\/2025\/06\/VillarrealCF-SevillaFC-379-edited.jpg 2835w, https:\/\/villarrealcf.es\/wp-content\/uploads\/2025\/06\/VillarrealCF-SevillaFC-379-edited-1920x1080.jpg 1920w, https:\/\/villarrealcf.es\/wp-content\/uploads\/2025\/06\/VillarrealCF-SevillaFC-379-edited.jpg 1920w, https:\/\/villarrealcf.es\/wp-content\/uploads\/2025\/06\/VillarrealCF-SevillaFC-379-edited-1536x864.jpg 1536w, https:\/\/villarrealcf.es\/wp-content\/uploads\/2025\/06\/VillarrealCF-SevillaFC-379-edited-2048x1152.jpg 2048w, https:\/\/villarrealcf.es\/wp-content\/uploads\/2025\/06\/VillarrealCF-SevillaFC-379-edited.jpg 1920w, https:\/\/villarrealcf.es\/wp-content\/uploads\/2025\/06\/VillarrealCF-SevillaFC-379-edited.jpg 1920w, https:\/\/villarrealcf.es\/wp-content\/uploads\/2025\/06\/VillarrealCF-SevillaFC-379-edited-32x18.jpg 32w, https:\/\/villarrealcf.es\/wp-content\/uploads\/2025\/06\/VillarrealCF-SevillaFC-379-edited-150x84.jpg 150w, https:\/\/villarrealcf.es\/wp-content\/uploads\/2025\/06\/VillarrealCF-SevillaFC-379-edited.jpg 1920w, https:\/\/villarrealcf.es\/wp-content\/uploads\/2025\/06\/VillarrealCF-SevillaFC-379-edited-1200x675.jpg 1200w","sizes":"auto, (max-width: 2835px) 100vw, 2835px"}]}},"sections":[{"id":"section-1","title":"Marcelino\u2019s side enjoyed a number of unforgettable evenings during a campaign that ended with Champions League qualification","text":"Marcelino\u2019s side enjoyed a number of unforgettable evenings during a campaign that ended with Champions League qualification Villarreal CF experienced some fantastic moments throughout the 2024\/25 season. The Yellows picked up memorable victories, celebrated goals that will live long in the memory and took part in tributes and celebrations that will go down in club history. With the campaign now complete, here\u2019s a look back at ten unforgettable moments: 1. Last-gasp win over RC Celta (4-3) In the 100th minute, Villarreal snatched victory over Celta (4-3) at the Estadio de la Cer\u00e1mica. Dani Parejo scored a last-gasp winner to settle a seven-goal thriller. Sergi Cardona, Thierno Barry, a Jailson own goal and Parejo were on target for the Yellows, while Borja Iglesias, Mingueza and Starfelt scored for the visitors. 2. Tribute to DANA victims and win over Alav\u00e9s (3-0) Villarreal CF paid tribute to the victims of the DANA floods that hit southern Valencia in late October. Against Alav\u00e9s, the Yellows wore black at home for the first time ever. A giant Comunitat Valenciana flag was displayed, and the regional anthem rang out. Villarreal went on to win 3-0 thanks to goals from Ilias Akhomach, Dani Parejo and Santi Comesa\u00f1a. 3. Thierno Barry\u2019s hat-trick against CD Legan\u00e9s (2-5) Thierno Barry bagged his first hat-trick for Villarreal CF in a big win at Butarque. The French striker became the 11th player in the club\u2019s history to score a LaLiga hat-trick, joining names like Juan Rom\u00e1n Riquelme, Diego Forl\u00e1n, Ike Uche, C\u00e9dric Bakambu, Carlos Bacca, Gerard Moreno, Arnaut Danjuma, Yeremy Pino, Jos\u00e9 Luis Morales and Alexander Sorloth. 4. Four goals in eight minutes vs Mallorca (4-0) Villarreal blew away Mallorca with four goals in eight sensational minutes. Logan Costa opened the scoring in the 20th minute, followed by goals from \u00c1lex Baena (24\u2019), Dani Parejo (26\u2019) and Yeremy Pino (28\u2019) in a stunning attacking display at the Estadio de la Cer\u00e1mica. 5. Alfonso Pedraza returns from injury Alfonso Pedraza made his long-awaited comeback after recovering from a serious ankle injury that kept him out for months. The left-back returned to action in an official match against Rayo Vallecano (0-1) at the Estadio de Vallecas. 6. Statement win at the Benito Villamar\u00edn (1-2) Villarreal\u2019s 2-1 victory over Real Betis was one of the most decisive moments in the race for the Champions League. Marcelino\u2019s side got the better of a Betis team that had enjoyed a strong second half of the season. Goals from Thierno Barry and Ayoze P\u00e9rez secured three vital points in what felt like a Champions League play-off. 7. Etta Eyong steps up in Girona Villarreal picked up yet another win at Montilivi (0-1), maintaining their perfect LaLiga record there. In the closing minutes, B team striker Etta Eyong rose highest to head home the winner, keeping Villarreal\u2019s Champions League dream alive\u2014especially after Betis dropped points at home to Osasuna (1-1). 8. Ayoze P\u00e9rez seals Zarra Trophy with brace against Legan\u00e9s Ayoze P\u00e9rez scored twice against CD Legan\u00e9s (3-0), overtaking Oihan Sancet in the race for the Zarra Trophy. His brace was a masterclass in clinical finishing, and a later goal against Barcelona at the Llu\u00eds Companys took his tally to 19 LaLiga goals\u2014enough to win him the prestigious individual prize. 9. Submarine secure Champions League spot by beating the champions Villarreal CF sealed Champions League qualification in style by defeating LaLiga EA Sports champions FC Barcelona (2-3) at their own ground. Ayoze opened the scoring, before Lamine Yamal and Ferm\u00edn L\u00f3pez struck for Bar\u00e7a. However, second-half goals from Santi Comesa\u00f1a and Tajon Buchanan sealed a historic victory for the Yellows. 10. A Champions League party and a heartfelt farewell to Ra\u00fal Albiol The final matchday of the season was a true celebration for Villarreal. The Yellows hosted Sevilla to mark their qualification for the Champions League and say goodbye to club legend Ra\u00fal Albiol. There was music, speeches and plenty of emotion before La morocha and the Champions League anthem echoed around the stadium. The night ended with fireworks\u2014capping off a season to remember.","url":"","background_image":"","images":[{"type":"image","url":"https:\/\/villarrealcf.es\/wp-content\/uploads\/2025\/06\/VillarrealCF-RCCeltaVigo-248-1-edited.jpg","alt":"","width":2835,"height":1595,"srcset":"https:\/\/villarrealcf.es\/wp-content\/uploads\/2025\/06\/VillarrealCF-RCCeltaVigo-248-1-edited.jpg 2835w, https:\/\/villarrealcf.es\/wp-content\/uploads\/2025\/06\/VillarrealCF-RCCeltaVigo-248-1-edited-1920x1080.jpg 1920w, https:\/\/villarrealcf.es\/wp-content\/uploads\/2025\/06\/VillarrealCF-RCCeltaVigo-248-1-edited.jpg 1920w, https:\/\/villarrealcf.es\/wp-content\/uploads\/2025\/06\/VillarrealCF-RCCeltaVigo-248-1-edited-1536x864.jpg 1536w, https:\/\/villarrealcf.es\/wp-content\/uploads\/2025\/06\/VillarrealCF-RCCeltaVigo-248-1-edited-2048x1152.jpg 2048w, https:\/\/villarrealcf.es\/wp-content\/uploads\/2025\/06\/VillarrealCF-RCCeltaVigo-248-1-edited.jpg 1920w, https:\/\/villarrealcf.es\/wp-content\/uploads\/2025\/06\/VillarrealCF-RCCeltaVigo-248-1-edited.jpg 1920w, https:\/\/villarrealcf.es\/wp-content\/uploads\/2025\/06\/VillarrealCF-RCCeltaVigo-248-1-edited-32x18.jpg 32w, https:\/\/villarrealcf.es\/wp-content\/uploads\/2025\/06\/VillarrealCF-RCCeltaVigo-248-1-edited-150x84.jpg 150w, https:\/\/villarrealcf.es\/wp-content\/uploads\/2025\/06\/VillarrealCF-RCCeltaVigo-248-1-edited.jpg 1920w, https:\/\/villarrealcf.es\/wp-content\/uploads\/2025\/06\/VillarrealCF-RCCeltaVigo-248-1-edited-1200x675.jpg 1200w","sizes":"auto, (max-width: 2835px) 100vw, 2835px"},{"type":"image","url":"https:\/\/villarrealcf.es\/wp-content\/uploads\/2025\/06\/VillarrealCF-DeportivoAlaves-095-edited.jpg","alt":"","width":2835,"height":1595,"srcset":"https:\/\/villarrealcf.es\/wp-content\/uploads\/2025\/06\/VillarrealCF-DeportivoAlaves-095-edited.jpg 2835w, https:\/\/villarrealcf.es\/wp-content\/uploads\/2025\/06\/VillarrealCF-DeportivoAlaves-095-edited-1920x1080.jpg 1920w, https:\/\/villarrealcf.es\/wp-content\/uploads\/2025\/06\/VillarrealCF-DeportivoAlaves-095-edited.jpg 1920w, https:\/\/villarrealcf.es\/wp-content\/uploads\/2025\/06\/VillarrealCF-DeportivoAlaves-095-edited-1536x864.jpg 1536w, https:\/\/villarrealcf.es\/wp-content\/uploads\/2025\/06\/VillarrealCF-DeportivoAlaves-095-edited-2048x1152.jpg 2048w, https:\/\/villarrealcf.es\/wp-content\/uploads\/2025\/06\/VillarrealCF-DeportivoAlaves-095-edited.jpg 1920w, https:\/\/villarrealcf.es\/wp-content\/uploads\/2025\/06\/VillarrealCF-DeportivoAlaves-095-edited.jpg 1920w, https:\/\/villarrealcf.es\/wp-content\/uploads\/2025\/06\/VillarrealCF-DeportivoAlaves-095-edited-32x18.jpg 32w, https:\/\/villarrealcf.es\/wp-content\/uploads\/2025\/06\/VillarrealCF-DeportivoAlaves-095-edited-150x84.jpg 150w, https:\/\/villarrealcf.es\/wp-content\/uploads\/2025\/06\/VillarrealCF-DeportivoAlaves-095-edited.jpg 1920w, https:\/\/villarrealcf.es\/wp-content\/uploads\/2025\/06\/VillarrealCF-DeportivoAlaves-095-edited-1200x675.jpg 1200w","sizes":"auto, (max-width: 2835px) 100vw, 2835px"},{"type":"image","url":"https:\/\/villarrealcf.es\/wp-content\/uploads\/2025\/06\/CDLeganes-VillarrealCF-271-edited.jpg","alt":"","width":1890,"height":1063,"srcset":"https:\/\/villarrealcf.es\/wp-content\/uploads\/2025\/06\/CDLeganes-VillarrealCF-271-edited.jpg 1890w, https:\/\/villarrealcf.es\/wp-content\/uploads\/2025\/06\/CDLeganes-VillarrealCF-271-edited.jpg 1920w, https:\/\/villarrealcf.es\/wp-content\/uploads\/2025\/06\/CDLeganes-VillarrealCF-271-edited-1536x864.jpg 1536w, https:\/\/villarrealcf.es\/wp-content\/uploads\/2025\/06\/CDLeganes-VillarrealCF-271-edited.jpg 1920w, https:\/\/villarrealcf.es\/wp-content\/uploads\/2025\/06\/CDLeganes-VillarrealCF-271-edited.jpg 1920w, https:\/\/villarrealcf.es\/wp-content\/uploads\/2025\/06\/CDLeganes-VillarrealCF-271-edited-32x18.jpg 32w, https:\/\/villarrealcf.es\/wp-content\/uploads\/2025\/06\/CDLeganes-VillarrealCF-271-edited-150x84.jpg 150w, https:\/\/villarrealcf.es\/wp-content\/uploads\/2025\/06\/CDLeganes-VillarrealCF-271-edited.jpg 1920w, https:\/\/villarrealcf.es\/wp-content\/uploads\/2025\/06\/CDLeganes-VillarrealCF-271-edited-1200x675.jpg 1200w","sizes":"auto, (max-width: 1890px) 100vw, 1890px"},{"type":"image","url":"https:\/\/villarrealcf.es\/wp-content\/uploads\/2025\/06\/VillarrealCF-RCD-Mallorca-174-edited.jpg","alt":"","width":2835,"height":1595,"srcset":"https:\/\/villarrealcf.es\/wp-content\/uploads\/2025\/06\/VillarrealCF-RCD-Mallorca-174-edited.jpg 2835w, https:\/\/villarrealcf.es\/wp-content\/uploads\/2025\/06\/VillarrealCF-RCD-Mallorca-174-edited-1920x1080.jpg 1920w, https:\/\/villarrealcf.es\/wp-content\/uploads\/2025\/06\/VillarrealCF-RCD-Mallorca-174-edited.jpg 1920w, https:\/\/villarrealcf.es\/wp-content\/uploads\/2025\/06\/VillarrealCF-RCD-Mallorca-174-edited-1536x864.jpg 1536w, https:\/\/villarrealcf.es\/wp-content\/uploads\/2025\/06\/VillarrealCF-RCD-Mallorca-174-edited-2048x1152.jpg 2048w, https:\/\/villarrealcf.es\/wp-content\/uploads\/2025\/06\/VillarrealCF-RCD-Mallorca-174-edited.jpg 1920w, https:\/\/villarrealcf.es\/wp-content\/uploads\/2025\/06\/VillarrealCF-RCD-Mallorca-174-edited.jpg 1920w, https:\/\/villarrealcf.es\/wp-content\/uploads\/2025\/06\/VillarrealCF-RCD-Mallorca-174-edited-32x18.jpg 32w, https:\/\/villarrealcf.es\/wp-content\/uploads\/2025\/06\/VillarrealCF-RCD-Mallorca-174-edited-150x84.jpg 150w, https:\/\/villarrealcf.es\/wp-content\/uploads\/2025\/06\/VillarrealCF-RCD-Mallorca-174-edited.jpg 1920w, https:\/\/villarrealcf.es\/wp-content\/uploads\/2025\/06\/VillarrealCF-RCD-Mallorca-174-edited-1200x675.jpg 1200w","sizes":"auto, (max-width: 2835px) 100vw, 2835px"},{"type":"image","url":"https:\/\/villarrealcf.es\/wp-content\/uploads\/2025\/06\/RayoVallecano-VillarrealCF-185-edited.jpg","alt":"","width":2835,"height":1595,"srcset":"https:\/\/villarrealcf.es\/wp-content\/uploads\/2025\/06\/RayoVallecano-VillarrealCF-185-edited.jpg 2835w, https:\/\/villarrealcf.es\/wp-content\/uploads\/2025\/06\/RayoVallecano-VillarrealCF-185-edited-1920x1080.jpg 1920w, https:\/\/villarrealcf.es\/wp-content\/uploads\/2025\/06\/RayoVallecano-VillarrealCF-185-edited.jpg 1920w, https:\/\/villarrealcf.es\/wp-content\/uploads\/2025\/06\/RayoVallecano-VillarrealCF-185-edited-1536x864.jpg 1536w, https:\/\/villarrealcf.es\/wp-content\/uploads\/2025\/06\/RayoVallecano-VillarrealCF-185-edited-2048x1152.jpg 2048w, https:\/\/villarrealcf.es\/wp-content\/uploads\/2025\/06\/RayoVallecano-VillarrealCF-185-edited.jpg 1920w, https:\/\/villarrealcf.es\/wp-content\/uploads\/2025\/06\/RayoVallecano-VillarrealCF-185-edited.jpg 1920w, https:\/\/villarrealcf.es\/wp-content\/uploads\/2025\/06\/RayoVallecano-VillarrealCF-185-edited-32x18.jpg 32w, https:\/\/villarrealcf.es\/wp-content\/uploads\/2025\/06\/RayoVallecano-VillarrealCF-185-edited-150x84.jpg 150w, https:\/\/villarrealcf.es\/wp-content\/uploads\/2025\/06\/RayoVallecano-VillarrealCF-185-edited.jpg 1920w, https:\/\/villarrealcf.es\/wp-content\/uploads\/2025\/06\/RayoVallecano-VillarrealCF-185-edited-1200x675.jpg 1200w","sizes":"auto, (max-width: 2835px) 100vw, 2835px"},{"type":"image","url":"https:\/\/villarrealcf.es\/wp-content\/uploads\/2025\/06\/RealBetisBalompie-VillarrealCF-168-edited.jpg","alt":"","width":2835,"height":1595,"srcset":"https:\/\/villarrealcf.es\/wp-content\/uploads\/2025\/06\/RealBetisBalompie-VillarrealCF-168-edited.jpg 2835w, https:\/\/villarrealcf.es\/wp-content\/uploads\/2025\/06\/RealBetisBalompie-VillarrealCF-168-edited-1920x1080.jpg 1920w, https:\/\/villarrealcf.es\/wp-content\/uploads\/2025\/06\/RealBetisBalompie-VillarrealCF-168-edited.jpg 1920w, https:\/\/villarrealcf.es\/wp-content\/uploads\/2025\/06\/RealBetisBalompie-VillarrealCF-168-edited-1536x864.jpg 1536w, https:\/\/villarrealcf.es\/wp-content\/uploads\/2025\/06\/RealBetisBalompie-VillarrealCF-168-edited-2048x1152.jpg 2048w, https:\/\/villarrealcf.es\/wp-content\/uploads\/2025\/06\/RealBetisBalompie-VillarrealCF-168-edited.jpg 1920w, https:\/\/villarrealcf.es\/wp-content\/uploads\/2025\/06\/RealBetisBalompie-VillarrealCF-168-edited.jpg 1920w, https:\/\/villarrealcf.es\/wp-content\/uploads\/2025\/06\/RealBetisBalompie-VillarrealCF-168-edited-32x18.jpg 32w, https:\/\/villarrealcf.es\/wp-content\/uploads\/2025\/06\/RealBetisBalompie-VillarrealCF-168-edited-150x84.jpg 150w, https:\/\/villarrealcf.es\/wp-content\/uploads\/2025\/06\/RealBetisBalompie-VillarrealCF-168-edited.jpg 1920w, https:\/\/villarrealcf.es\/wp-content\/uploads\/2025\/06\/RealBetisBalompie-VillarrealCF-168-edited-1200x675.jpg 1200w","sizes":"auto, (max-width: 2835px) 100vw, 2835px"},{"type":"image","url":"https:\/\/villarrealcf.es\/wp-content\/uploads\/2025\/06\/GironaFC-VillarrealCF-215-edited.jpg","alt":"","width":2835,"height":1595,"srcset":"https:\/\/villarrealcf.es\/wp-content\/uploads\/2025\/06\/GironaFC-VillarrealCF-215-edited.jpg 2835w, https:\/\/villarrealcf.es\/wp-content\/uploads\/2025\/06\/GironaFC-VillarrealCF-215-edited-1920x1080.jpg 1920w, https:\/\/villarrealcf.es\/wp-content\/uploads\/2025\/06\/GironaFC-VillarrealCF-215-edited.jpg 1920w, https:\/\/villarrealcf.es\/wp-content\/uploads\/2025\/06\/GironaFC-VillarrealCF-215-edited-1536x864.jpg 1536w, https:\/\/villarrealcf.es\/wp-content\/uploads\/2025\/06\/GironaFC-VillarrealCF-215-edited-2048x1152.jpg 2048w, https:\/\/villarrealcf.es\/wp-content\/uploads\/2025\/06\/GironaFC-VillarrealCF-215-edited.jpg 1920w, https:\/\/villarrealcf.es\/wp-content\/uploads\/2025\/06\/GironaFC-VillarrealCF-215-edited.jpg 1920w, https:\/\/villarrealcf.es\/wp-content\/uploads\/2025\/06\/GironaFC-VillarrealCF-215-edited-32x18.jpg 32w, https:\/\/villarrealcf.es\/wp-content\/uploads\/2025\/06\/GironaFC-VillarrealCF-215-edited-150x84.jpg 150w, https:\/\/villarrealcf.es\/wp-content\/uploads\/2025\/06\/GironaFC-VillarrealCF-215-edited.jpg 1920w, https:\/\/villarrealcf.es\/wp-content\/uploads\/2025\/06\/GironaFC-VillarrealCF-215-edited-1200x675.jpg 1200w","sizes":"auto, (max-width: 2835px) 100vw, 2835px"},{"type":"image","url":"https:\/\/villarrealcf.es\/wp-content\/uploads\/2025\/06\/VillarrealCF-CDLeganes-242-edited.jpg","alt":"","width":2835,"height":1595,"srcset":"https:\/\/villarrealcf.es\/wp-content\/uploads\/2025\/06\/VillarrealCF-CDLeganes-242-edited.jpg 2835w, https:\/\/villarrealcf.es\/wp-content\/uploads\/2025\/06\/VillarrealCF-CDLeganes-242-edited-1920x1080.jpg 1920w, https:\/\/villarrealcf.es\/wp-content\/uploads\/2025\/06\/VillarrealCF-CDLeganes-242-edited.jpg 1920w, https:\/\/villarrealcf.es\/wp-content\/uploads\/2025\/06\/VillarrealCF-CDLeganes-242-edited-1536x864.jpg 1536w, https:\/\/villarrealcf.es\/wp-content\/uploads\/2025\/06\/VillarrealCF-CDLeganes-242-edited-2048x1152.jpg 2048w, https:\/\/villarrealcf.es\/wp-content\/uploads\/2025\/06\/VillarrealCF-CDLeganes-242-edited.jpg 1920w, https:\/\/villarrealcf.es\/wp-content\/uploads\/2025\/06\/VillarrealCF-CDLeganes-242-edited.jpg 1920w, https:\/\/villarrealcf.es\/wp-content\/uploads\/2025\/06\/VillarrealCF-CDLeganes-242-edited-32x18.jpg 32w, https:\/\/villarrealcf.es\/wp-content\/uploads\/2025\/06\/VillarrealCF-CDLeganes-242-edited-150x84.jpg 150w, https:\/\/villarrealcf.es\/wp-content\/uploads\/2025\/06\/VillarrealCF-CDLeganes-242-edited.jpg 1920w, https:\/\/villarrealcf.es\/wp-content\/uploads\/2025\/06\/VillarrealCF-CDLeganes-242-edited-1200x675.jpg 1200w","sizes":"auto, (max-width: 2835px) 100vw, 2835px"},{"type":"image","url":"https:\/\/villarrealcf.es\/wp-content\/uploads\/2025\/06\/FCBarcelona-VillarrealCF-193-edited.jpg","alt":"","width":2835,"height":1595,"srcset":"https:\/\/villarrealcf.es\/wp-content\/uploads\/2025\/06\/FCBarcelona-VillarrealCF-193-edited.jpg 2835w, https:\/\/villarrealcf.es\/wp-content\/uploads\/2025\/06\/FCBarcelona-VillarrealCF-193-edited-1920x1080.jpg 1920w, https:\/\/villarrealcf.es\/wp-content\/uploads\/2025\/06\/FCBarcelona-VillarrealCF-193-edited.jpg 1920w, https:\/\/villarrealcf.es\/wp-content\/uploads\/2025\/06\/FCBarcelona-VillarrealCF-193-edited-1536x864.jpg 1536w, https:\/\/villarrealcf.es\/wp-content\/uploads\/2025\/06\/FCBarcelona-VillarrealCF-193-edited-2048x1152.jpg 2048w, https:\/\/villarrealcf.es\/wp-content\/uploads\/2025\/06\/FCBarcelona-VillarrealCF-193-edited.jpg 1920w, https:\/\/villarrealcf.es\/wp-content\/uploads\/2025\/06\/FCBarcelona-VillarrealCF-193-edited.jpg 1920w, https:\/\/villarrealcf.es\/wp-content\/uploads\/2025\/06\/FCBarcelona-VillarrealCF-193-edited-32x18.jpg 32w, https:\/\/villarrealcf.es\/wp-content\/uploads\/2025\/06\/FCBarcelona-VillarrealCF-193-edited-150x84.jpg 150w, https:\/\/villarrealcf.es\/wp-content\/uploads\/2025\/06\/FCBarcelona-VillarrealCF-193-edited.jpg 1920w, https:\/\/villarrealcf.es\/wp-content\/uploads\/2025\/06\/FCBarcelona-VillarrealCF-193-edited-1200x675.jpg 1200w","sizes":"auto, (max-width: 2835px) 100vw, 2835px"},{"type":"image","url":"https:\/\/villarrealcf.es\/wp-content\/uploads\/2025\/06\/VillarrealCF-SevillaFC-379-edited.jpg","alt":"","width":2835,"height":1595,"srcset":"https:\/\/villarrealcf.es\/wp-content\/uploads\/2025\/06\/VillarrealCF-SevillaFC-379-edited.jpg 2835w, https:\/\/villarrealcf.es\/wp-content\/uploads\/2025\/06\/VillarrealCF-SevillaFC-379-edited-1920x1080.jpg 1920w, https:\/\/villarrealcf.es\/wp-content\/uploads\/2025\/06\/VillarrealCF-SevillaFC-379-edited.jpg 1920w, https:\/\/villarrealcf.es\/wp-content\/uploads\/2025\/06\/VillarrealCF-SevillaFC-379-edited-1536x864.jpg 1536w, https:\/\/villarrealcf.es\/wp-content\/uploads\/2025\/06\/VillarrealCF-SevillaFC-379-edited-2048x1152.jpg 2048w, https:\/\/villarrealcf.es\/wp-content\/uploads\/2025\/06\/VillarrealCF-SevillaFC-379-edited.jpg 1920w, https:\/\/villarrealcf.es\/wp-content\/uploads\/2025\/06\/VillarrealCF-SevillaFC-379-edited.jpg 1920w, https:\/\/villarrealcf.es\/wp-content\/uploads\/2025\/06\/VillarrealCF-SevillaFC-379-edited-32x18.jpg 32w, https:\/\/villarrealcf.es\/wp-content\/uploads\/2025\/06\/VillarrealCF-SevillaFC-379-edited-150x84.jpg 150w, https:\/\/villarrealcf.es\/wp-content\/uploads\/2025\/06\/VillarrealCF-SevillaFC-379-edited.jpg 1920w, https:\/\/villarrealcf.es\/wp-content\/uploads\/2025\/06\/VillarrealCF-SevillaFC-379-edited-1200x675.jpg 1200w","sizes":"auto, (max-width: 2835px) 100vw, 2835px"}],"videos":[],"links":[]}]},"excerpt":{"rendered":"Marcelino\u2019s side enjoyed a number of unforgettable evenings during a campaign that ended with Champions League qualification","protected":false},"author":25,"featured_media":592378,"comment_status":"closed","ping_status":"closed","sticky":false,"template":"","format":"standard","meta":{"_acf_changed":false,"footnotes":""},"categories":[13494],"tags":[13478,9201,9868,13463,13496,9199,13482,13487],"acf":null,"lang":"en","translations":{"es":592310,"val":592543,"en":592553},"essential_grid":{"has_grid":false},"formatted_date":"June 4, 2025","modified_date":"June 4, 2025","permalink":"https:\/\/villarrealcf.es\/en\/villarreal-cfs-top-10-moments-of-the-2024-25-season\/","reading_time":4,"featured_media_data":{"id":592378,"title":"EQUIPO\rTOBLERONE\rFIESTA CHAMPIONS","caption":"EQUIPO\rTOBLERONE\rFIESTA CHAMPIONS","alt_text":"","description":"","mime_type":"image\/jpeg","source_url":"https:\/\/villarrealcf.es\/wp-content\/uploads\/2025\/06\/SomDeChampionsVillarreal.jpg","sizes":{"thumbnail":{"url":"https:\/\/villarrealcf.es\/wp-content\/uploads\/2025\/06\/SomDeChampionsVillarreal.jpg","width":1920,"height":1080},"medium":{"url":"https:\/\/villarrealcf.es\/wp-content\/uploads\/2025\/06\/SomDeChampionsVillarreal.jpg","width":1920,"height":1080},"medium_large":{"url":"https:\/\/villarrealcf.es\/wp-content\/uploads\/2025\/06\/SomDeChampionsVillarreal-768x432.jpg","width":768,"height":432},"large":{"url":"https:\/\/villarrealcf.es\/wp-content\/uploads\/2025\/06\/SomDeChampionsVillarreal.jpg","width":788,"height":443},"1536x1536":{"url":"https:\/\/villarrealcf.es\/wp-content\/uploads\/2025\/06\/SomDeChampionsVillarreal-1536x864.jpg","width":1536,"height":864},"2048x2048":{"url":"https:\/\/villarrealcf.es\/wp-content\/uploads\/2025\/06\/SomDeChampionsVillarreal.jpg","width":1920,"height":1080},"tp-image-grid":{"url":"https:\/\/villarrealcf.es\/wp-content\/uploads\/2025\/06\/SomDeChampionsVillarreal-700x700.jpg","width":700,"height":700},"size-bunyad-medium":{"url":"https:\/\/villarrealcf.es\/wp-content\/uploads\/2025\/06\/SomDeChampionsVillarreal.jpg","width":1920,"height":1080},"sportspress-crop-medium":{"url":"https:\/\/villarrealcf.es\/wp-content\/uploads\/2025\/06\/SomDeChampionsVillarreal-300x300.jpg","width":300,"height":300},"sportspress-fit-medium":{"url":"https:\/\/villarrealcf.es\/wp-content\/uploads\/2025\/06\/SomDeChampionsVillarreal-300x169.jpg","width":300,"height":169},"sportspress-fit-icon":{"url":"https:\/\/villarrealcf.es\/wp-content\/uploads\/2025\/06\/SomDeChampionsVillarreal-128x72.jpg","width":128,"height":72},"sportspress-fit-mini":{"url":"https:\/\/villarrealcf.es\/wp-content\/uploads\/2025\/06\/SomDeChampionsVillarreal-32x18.jpg","width":32,"height":18},"bunyad-small":{"url":"https:\/\/villarrealcf.es\/wp-content\/uploads\/2025\/06\/SomDeChampionsVillarreal-150x84.jpg","width":150,"height":84},"bunyad-medium":{"url":"https:\/\/villarrealcf.es\/wp-content\/uploads\/2025\/06\/SomDeChampionsVillarreal-450x253.jpg","width":450,"height":253},"bunyad-full":{"url":"https:\/\/villarrealcf.es\/wp-content\/uploads\/2025\/06\/SomDeChampionsVillarreal-1200x675.jpg","width":1200,"height":675},"bunyad-viewport":{"url":"https:\/\/villarrealcf.es\/wp-content\/uploads\/2025\/06\/SomDeChampionsVillarreal.jpg","width":1920,"height":1080},"bunyad-768":{"url":"https:\/\/villarrealcf.es\/wp-content\/uploads\/2025\/06\/SomDeChampionsVillarreal-768x432.jpg","width":768,"height":432},"full":{"url":"https:\/\/villarrealcf.es\/wp-content\/uploads\/2025\/06\/SomDeChampionsVillarreal.jpg","width":1920,"height":1080}}},"author_data":{"id":"25","name":"Javier Ayuso","first_name":"Javier","last_name":"Ayuso","description":"","avatar_url":"https:\/\/secure.gravatar.com\/avatar\/fcf8894be45988fcce5bbff0efe1790d2a7f4ba57e2c7c898f5068154e696495?s=96&d=mm&r=g","acf":null},"taxonomies_data":{"category":[{"id":13494,"name":"First Team","slug":"first-team","acf":null}],"post_tag":[{"id":13478,"name":"Football","slug":"football-eng","acf":null},{"id":9201,"name":"Football","slug":"football-d34-en","acf":null},{"id":9868,"name":"Primer Equipo","slug":"primer-equipo-en","acf":null},{"id":13463,"name":"Sin categorizar","slug":"sin-categorizar","acf":null},{"id":13496,"name":"Sin categorizar","slug":"sin-categorizar-en-14","acf":null},{"id":9199,"name":"Soccer","slug":"soccer-d105-en","acf":null},{"id":13482,"name":"Submarine","slug":"submarine-en","acf":null},{"id":13487,"name":"Yellow Submarine","slug":"yellow-submarine-en","acf":null}],"translation_priority":[{"id":734,"name":"Optional","slug":"optional-en","acf":null}]},"seo_full":{"native":{"title":"Villarreal CF\u2019s Top 10 Moments of the 2024\/25 Season - Web Oficial del Villarreal CF","description":"Marcelino\u2019s side enjoyed a number of unforgettable evenings during a campaign that ended with Champions League qualification","canonical":"https:\/\/villarrealcf.es\/en\/villarreal-cfs-top-10-moments-of-the-2024-25-season\/"}},"_links":{"self":[{"href":"https:\/\/villarrealcf.es\/en\/wp-json\/wp\/v2\/posts\/592553","targetHints":{"allow":["GET"]}}],"collection":[{"href":"https:\/\/villarrealcf.es\/en\/wp-json\/wp\/v2\/posts"}],"about":[{"href":"https:\/\/villarrealcf.es\/en\/wp-json\/wp\/v2\/types\/post"}],"author":[{"embeddable":true,"href":"https:\/\/villarrealcf.es\/en\/wp-json\/wp\/v2\/users\/25"}],"replies":[{"embeddable":true,"href":"https:\/\/villarrealcf.es\/en\/wp-json\/wp\/v2\/comments?post=592553"}],"version-history":[{"count":0,"href":"https:\/\/villarrealcf.es\/en\/wp-json\/wp\/v2\/posts\/592553\/revisions"}],"wp:featuredmedia":[{"embeddable":true,"href":"https:\/\/villarrealcf.es\/en\/wp-json\/wp\/v2\/media\/592378"}],"wp:attachment":[{"href":"https:\/\/villarrealcf.es\/en\/wp-json\/wp\/v2\/media?parent=592553"}],"wp:term":[{"taxonomy":"category","embeddable":true,"href":"https:\/\/villarrealcf.es\/en\/wp-json\/wp\/v2\/categories?post=592553"},{"taxonomy":"post_tag","embeddable":true,"href":"https:\/\/villarrealcf.es\/en\/wp-json\/wp\/v2\/tags?post=592553"}],"curies":[{"name":"wp","href":"https:\/\/api.w.org\/{rel}","templated":true}]}}