{"id":334865,"date":"2025-01-30T14:06:19","date_gmt":"2025-01-30T13:06:19","guid":{"rendered":"https:\/\/villarrealcf.es\/el-villarreal-cf-en-marcha-contra-el-cancer\/"},"modified":"2025-01-31T10:21:35","modified_gmt":"2025-01-31T09:21:35","slug":"el-villarreal-cf-en-marcha-contra-el-cancer","status":"publish","type":"post","link":"https:\/\/villarrealcf.es\/en\/el-villarreal-cf-en-marcha-contra-el-cancer\/","title":{"rendered":"Villarreal get involved with charity walk against cancer"},"content":{"protected":false,"blocks":[{"type":"heading","level":2,"text":"The Submarine are calling on their fans to sign up for the event, which will take place on 9th February in Castell\u00f3n"},{"type":"paragraph","text":"Villarreal CF is taking part in the \u2018Marcha Contra el C\u00e1ncer\u2019 charity walk. The Yellows are collaborating with this traditional charity event, promoted by the Asociaci\u00f3n Espa\u00f1ola Contra el C\u00e1ncer (Spanish Association Against Cancer), which celebrates its ninth edition on Sunday 9th February at 11am in Castell\u00f3n de la Plana."},{"type":"paragraph","text":"In this way, the Submarine encourages all its fans and supporters to take part in the event. Participants can purchase their charity pack for the popular walk for just 10 euros at the AECC association headquarters (Paseo Ribalta, 25-27) from 8am to 6pm, as well as in other establishments in the city: the Jaume I University, El Corte Ingl\u00e9s, Runner\u2019s Home, Suma Fitness Club, \u00c1gora Lled\u00f3 International English School, Colegio San Cristobal and the International English School of Castell\u00f3n."},{"type":"paragraph","text":"This charity run is organised every year in commemoration of World Cancer Day, which takes place every 4th February. In 2025, the Asociaci\u00f3n Espa\u00f1ola Contra el C\u00e1ncer, Villarreal CF\u2019s partner through Endavant Solidaritat and promoter of the race, wants to bring the spotlight on childhood and adolescent cancer."}],"structured":{"summary":{"text":"The Submarine are calling on their fans to sign up for the event, which will take place on 9th February in Castell\u00f3n Villarreal CF is taking part in the \u2018Marcha Contra el C\u00e1ncer\u2019 charity walk. The Yellows are collaborating with this traditional charity event, promoted by the Asociaci\u00f3n Espa\u00f1ola Contra el C\u00e1ncer (Spanish Association Against Cancer), which celebrates its ninth edition on Sunday 9th February at 11am in Castell\u00f3n de la Plana. In this way, the Submarine encourages all its fans and supporters to take part in the event. Participants can purchase their charity pack for the popular walk for just 10 euros at the AECC association headquarters (Paseo Ribalta, 25-27) from 8am to 6pm, as well as in other establishments in the city: the Jaume I University, El Corte Ingl\u00e9s, Runner\u2019s Home, Suma Fitness Club, \u00c1gora Lled\u00f3 International English School, Colegio San Cristobal and the International English School of Castell\u00f3n. This charity run is organised every year in commemoration of World Cancer Day, which takes place every 4th February. In 2025, the Asociaci\u00f3n Espa\u00f1ola Contra el C\u00e1ncer, Villarreal CF\u2019s partner through Endavant Solidaritat and promoter of the race, wants to bring the spotlight on childhood and adolescent cancer.","headings":[{"type":"heading","level":2,"text":"The Submarine are calling on their fans to sign up for the event, which will take place on 9th February in Castell\u00f3n"}],"buttons":[],"images":[],"counts":{"blocks":4,"headings":1,"texts":3,"buttons":0,"images":0}},"sections":[{"id":"section-1","title":"The Submarine are calling on their fans to sign up for the event, which will take place on 9th February in Castell\u00f3n","text":"The Submarine are calling on their fans to sign up for the event, which will take place on 9th February in Castell\u00f3n Villarreal CF is taking part in the \u2018Marcha Contra el C\u00e1ncer\u2019 charity walk. The Yellows are collaborating with this traditional charity event, promoted by the Asociaci\u00f3n Espa\u00f1ola Contra el C\u00e1ncer (Spanish Association Against Cancer), which celebrates its ninth edition on Sunday 9th February at 11am in Castell\u00f3n de la Plana. In this way, the Submarine encourages all its fans and supporters to take part in the event. Participants can purchase their charity pack for the popular walk for just 10 euros at the AECC association headquarters (Paseo Ribalta, 25-27) from 8am to 6pm, as well as in other establishments in the city: the Jaume I University, El Corte Ingl\u00e9s, Runner\u2019s Home, Suma Fitness Club, \u00c1gora Lled\u00f3 International English School, Colegio San Cristobal and the International English School of Castell\u00f3n. This charity run is organised every year in commemoration of World Cancer Day, which takes place every 4th February. In 2025, the Asociaci\u00f3n Espa\u00f1ola Contra el C\u00e1ncer, Villarreal CF\u2019s partner through Endavant Solidaritat and promoter of the race, wants to bring the spotlight on childhood and adolescent cancer.","headings":[{"type":"heading","level":2,"text":"The Submarine are calling on their fans to sign up for the event, which will take place on 9th February in Castell\u00f3n"}],"texts":[{"type":"paragraph","text":"Villarreal CF is taking part in the \u2018Marcha Contra el C\u00e1ncer\u2019 charity walk. The Yellows are collaborating with this traditional charity event, promoted by the Asociaci\u00f3n Espa\u00f1ola Contra el C\u00e1ncer (Spanish Association Against Cancer), which celebrates its ninth edition on Sunday 9th February at 11am in Castell\u00f3n de la Plana."},{"type":"paragraph","text":"In this way, the Submarine encourages all its fans and supporters to take part in the event. Participants can purchase their charity pack for the popular walk for just 10 euros at the AECC association headquarters (Paseo Ribalta, 25-27) from 8am to 6pm, as well as in other establishments in the city: the Jaume I University, El Corte Ingl\u00e9s, Runner\u2019s Home, Suma Fitness Club, \u00c1gora Lled\u00f3 International English School, Colegio San Cristobal and the International English School of Castell\u00f3n."},{"type":"paragraph","text":"This charity run is organised every year in commemoration of World Cancer Day, which takes place every 4th February. In 2025, the Asociaci\u00f3n Espa\u00f1ola Contra el C\u00e1ncer, Villarreal CF\u2019s partner through Endavant Solidaritat and promoter of the race, wants to bring the spotlight on childhood and adolescent cancer."}],"buttons":[],"images":[],"widgets":[],"blocks":[{"type":"heading","level":2,"text":"The Submarine are calling on their fans to sign up for the event, which will take place on 9th February in Castell\u00f3n"},{"type":"paragraph","text":"Villarreal CF is taking part in the \u2018Marcha Contra el C\u00e1ncer\u2019 charity walk. The Yellows are collaborating with this traditional charity event, promoted by the Asociaci\u00f3n Espa\u00f1ola Contra el C\u00e1ncer (Spanish Association Against Cancer), which celebrates its ninth edition on Sunday 9th February at 11am in Castell\u00f3n de la Plana."},{"type":"paragraph","text":"In this way, the Submarine encourages all its fans and supporters to take part in the event. Participants can purchase their charity pack for the popular walk for just 10 euros at the AECC association headquarters (Paseo Ribalta, 25-27) from 8am to 6pm, as well as in other establishments in the city: the Jaume I University, El Corte Ingl\u00e9s, Runner\u2019s Home, Suma Fitness Club, \u00c1gora Lled\u00f3 International English School, Colegio San Cristobal and the International English School of Castell\u00f3n."},{"type":"paragraph","text":"This charity run is organised every year in commemoration of World Cancer Day, which takes place every 4th February. In 2025, the Asociaci\u00f3n Espa\u00f1ola Contra el C\u00e1ncer, Villarreal CF\u2019s partner through Endavant Solidaritat and promoter of the race, wants to bring the spotlight on childhood and adolescent cancer."}]}],"hero":{"id":"section-1","title":"The Submarine are calling on their fans to sign up for the event, which will take place on 9th February in Castell\u00f3n","text":"The Submarine are calling on their fans to sign up for the event, which will take place on 9th February in Castell\u00f3n Villarreal CF is taking part in the \u2018Marcha Contra el C\u00e1ncer\u2019 charity walk. The Yellows are collaborating with this traditional charity event, promoted by the Asociaci\u00f3n Espa\u00f1ola Contra el C\u00e1ncer (Spanish Association Against Cancer), which celebrates its ninth edition on Sunday 9th February at 11am in Castell\u00f3n de la Plana. In this way, the Submarine encourages all its fans and supporters to take part in the event. Participants can purchase their charity pack for the popular walk for just 10 euros at the AECC association headquarters (Paseo Ribalta, 25-27) from 8am to 6pm, as well as in other establishments in the city: the Jaume I University, El Corte Ingl\u00e9s, Runner\u2019s Home, Suma Fitness Club, \u00c1gora Lled\u00f3 International English School, Colegio San Cristobal and the International English School of Castell\u00f3n. This charity run is organised every year in commemoration of World Cancer Day, which takes place every 4th February. In 2025, the Asociaci\u00f3n Espa\u00f1ola Contra el C\u00e1ncer, Villarreal CF\u2019s partner through Endavant Solidaritat and promoter of the race, wants to bring the spotlight on childhood and adolescent cancer.","headings":[{"type":"heading","level":2,"text":"The Submarine are calling on their fans to sign up for the event, which will take place on 9th February in Castell\u00f3n"}],"texts":[{"type":"paragraph","text":"Villarreal CF is taking part in the \u2018Marcha Contra el C\u00e1ncer\u2019 charity walk. The Yellows are collaborating with this traditional charity event, promoted by the Asociaci\u00f3n Espa\u00f1ola Contra el C\u00e1ncer (Spanish Association Against Cancer), which celebrates its ninth edition on Sunday 9th February at 11am in Castell\u00f3n de la Plana."},{"type":"paragraph","text":"In this way, the Submarine encourages all its fans and supporters to take part in the event. Participants can purchase their charity pack for the popular walk for just 10 euros at the AECC association headquarters (Paseo Ribalta, 25-27) from 8am to 6pm, as well as in other establishments in the city: the Jaume I University, El Corte Ingl\u00e9s, Runner\u2019s Home, Suma Fitness Club, \u00c1gora Lled\u00f3 International English School, Colegio San Cristobal and the International English School of Castell\u00f3n."},{"type":"paragraph","text":"This charity run is organised every year in commemoration of World Cancer Day, which takes place every 4th February. In 2025, the Asociaci\u00f3n Espa\u00f1ola Contra el C\u00e1ncer, Villarreal CF\u2019s partner through Endavant Solidaritat and promoter of the race, wants to bring the spotlight on childhood and adolescent cancer."}],"buttons":[],"images":[],"widgets":[],"blocks":[{"type":"heading","level":2,"text":"The Submarine are calling on their fans to sign up for the event, which will take place on 9th February in Castell\u00f3n"},{"type":"paragraph","text":"Villarreal CF is taking part in the \u2018Marcha Contra el C\u00e1ncer\u2019 charity walk. The Yellows are collaborating with this traditional charity event, promoted by the Asociaci\u00f3n Espa\u00f1ola Contra el C\u00e1ncer (Spanish Association Against Cancer), which celebrates its ninth edition on Sunday 9th February at 11am in Castell\u00f3n de la Plana."},{"type":"paragraph","text":"In this way, the Submarine encourages all its fans and supporters to take part in the event. Participants can purchase their charity pack for the popular walk for just 10 euros at the AECC association headquarters (Paseo Ribalta, 25-27) from 8am to 6pm, as well as in other establishments in the city: the Jaume I University, El Corte Ingl\u00e9s, Runner\u2019s Home, Suma Fitness Club, \u00c1gora Lled\u00f3 International English School, Colegio San Cristobal and the International English School of Castell\u00f3n."},{"type":"paragraph","text":"This charity run is organised every year in commemoration of World Cancer Day, which takes place every 4th February. In 2025, the Asociaci\u00f3n Espa\u00f1ola Contra el C\u00e1ncer, Villarreal CF\u2019s partner through Endavant Solidaritat and promoter of the race, wants to bring the spotlight on childhood and adolescent cancer."}]}},"sections":[{"id":"section-1","title":"The Submarine are calling on their fans to sign up for the event, which will take place on 9th February in Castell\u00f3n","text":"The Submarine are calling on their fans to sign up for the event, which will take place on 9th February in Castell\u00f3n Villarreal CF is taking part in the \u2018Marcha Contra el C\u00e1ncer\u2019 charity walk. The Yellows are collaborating with this traditional charity event, promoted by the Asociaci\u00f3n Espa\u00f1ola Contra el C\u00e1ncer (Spanish Association Against Cancer), which celebrates its ninth edition on Sunday 9th February at 11am in Castell\u00f3n de la Plana. In this way, the Submarine encourages all its fans and supporters to take part in the event. Participants can purchase their charity pack for the popular walk for just 10 euros at the AECC association headquarters (Paseo Ribalta, 25-27) from 8am to 6pm, as well as in other establishments in the city: the Jaume I University, El Corte Ingl\u00e9s, Runner\u2019s Home, Suma Fitness Club, \u00c1gora Lled\u00f3 International English School, Colegio San Cristobal and the International English School of Castell\u00f3n. This charity run is organised every year in commemoration of World Cancer Day, which takes place every 4th February. In 2025, the Asociaci\u00f3n Espa\u00f1ola Contra el C\u00e1ncer, Villarreal CF\u2019s partner through Endavant Solidaritat and promoter of the race, wants to bring the spotlight on childhood and adolescent cancer.","url":"","background_image":"","images":[],"videos":[],"links":[]}]},"excerpt":{"rendered":"The Submarine are calling on their fans to sign up for the event, which will take place on 9th February in Castell\u00f3n","protected":false},"author":1,"featured_media":334777,"comment_status":"closed","ping_status":"closed","sticky":false,"template":"","format":"standard","meta":{"_acf_changed":false,"footnotes":""},"categories":[13508],"tags":[13467,4888,9201,13478,15357,13463,9199,13482,13487],"acf":null,"lang":"en","translations":{"es":334773,"val":334808,"en":334865},"essential_grid":{"has_grid":false},"formatted_date":"January 30, 2025","modified_date":"January 31, 2025","permalink":"https:\/\/villarrealcf.es\/en\/el-villarreal-cf-en-marcha-contra-el-cancer\/","reading_time":2,"featured_media_data":{"id":334777,"title":"Foto jugadores marcha contra el c\u00e1ncer","caption":"","alt_text":"","description":"","mime_type":"image\/jpeg","source_url":"https:\/\/villarrealcf.es\/wp-content\/uploads\/2025\/01\/Foto-jugadores-marcha-contra-el-cancer.jpg","sizes":{"thumbnail":{"url":"https:\/\/villarrealcf.es\/wp-content\/uploads\/2025\/01\/Foto-jugadores-marcha-contra-el-cancer.jpg","width":1920,"height":1080},"medium":{"url":"https:\/\/villarrealcf.es\/wp-content\/uploads\/2025\/01\/Foto-jugadores-marcha-contra-el-cancer.jpg","width":1920,"height":1080},"medium_large":{"url":"https:\/\/villarrealcf.es\/wp-content\/uploads\/2025\/01\/Foto-jugadores-marcha-contra-el-cancer-768x432.jpg","width":768,"height":432},"large":{"url":"https:\/\/villarrealcf.es\/wp-content\/uploads\/2025\/01\/Foto-jugadores-marcha-contra-el-cancer.jpg","width":788,"height":443},"1536x1536":{"url":"https:\/\/villarrealcf.es\/wp-content\/uploads\/2025\/01\/Foto-jugadores-marcha-contra-el-cancer-1536x864.jpg","width":1536,"height":864},"2048x2048":{"url":"https:\/\/villarrealcf.es\/wp-content\/uploads\/2025\/01\/Foto-jugadores-marcha-contra-el-cancer.jpg","width":1920,"height":1080},"tp-image-grid":{"url":"https:\/\/villarrealcf.es\/wp-content\/uploads\/2025\/01\/Foto-jugadores-marcha-contra-el-cancer-700x700.jpg","width":700,"height":700},"size-bunyad-medium":{"url":"https:\/\/villarrealcf.es\/wp-content\/uploads\/2025\/01\/Foto-jugadores-marcha-contra-el-cancer.jpg","width":1920,"height":1080},"sportspress-crop-medium":{"url":"https:\/\/villarrealcf.es\/wp-content\/uploads\/2025\/01\/Foto-jugadores-marcha-contra-el-cancer-300x300.jpg","width":300,"height":300},"sportspress-fit-medium":{"url":"https:\/\/villarrealcf.es\/wp-content\/uploads\/2025\/01\/Foto-jugadores-marcha-contra-el-cancer-300x169.jpg","width":300,"height":169},"sportspress-fit-icon":{"url":"https:\/\/villarrealcf.es\/wp-content\/uploads\/2025\/01\/Foto-jugadores-marcha-contra-el-cancer-128x72.jpg","width":128,"height":72},"sportspress-fit-mini":{"url":"https:\/\/villarrealcf.es\/wp-content\/uploads\/2025\/01\/Foto-jugadores-marcha-contra-el-cancer-32x18.jpg","width":32,"height":18},"bunyad-small":{"url":"https:\/\/villarrealcf.es\/wp-content\/uploads\/2025\/01\/Foto-jugadores-marcha-contra-el-cancer-150x84.jpg","width":150,"height":84},"bunyad-medium":{"url":"https:\/\/villarrealcf.es\/wp-content\/uploads\/2025\/01\/Foto-jugadores-marcha-contra-el-cancer-450x253.jpg","width":450,"height":253},"bunyad-full":{"url":"https:\/\/villarrealcf.es\/wp-content\/uploads\/2025\/01\/Foto-jugadores-marcha-contra-el-cancer-1200x675.jpg","width":1200,"height":675},"bunyad-viewport":{"url":"https:\/\/villarrealcf.es\/wp-content\/uploads\/2025\/01\/Foto-jugadores-marcha-contra-el-cancer.jpg","width":1920,"height":1080},"bunyad-768":{"url":"https:\/\/villarrealcf.es\/wp-content\/uploads\/2025\/01\/Foto-jugadores-marcha-contra-el-cancer-768x432.jpg","width":768,"height":432},"full":{"url":"https:\/\/villarrealcf.es\/wp-content\/uploads\/2025\/01\/Foto-jugadores-marcha-contra-el-cancer.jpg","width":1920,"height":1080}}},"author_data":{"id":"1","name":"root_envidea","first_name":"Villarreal CF","last_name":"","description":"","avatar_url":"https:\/\/secure.gravatar.com\/avatar\/48f95f42a3ccc324f3a3458e4b9e6fb070b083e99d388e170c1afb061fa99b63?s=96&d=mm&r=g","acf":null},"taxonomies_data":{"category":[{"id":13508,"name":"Endavant","slug":"endavant-en","acf":null}],"post_tag":[{"id":13467,"name":"Endavant","slug":"endavant-en","acf":null},{"id":4888,"name":"Endavant Solidaritat","slug":"endavant-solidaritat","acf":null},{"id":9201,"name":"Football","slug":"football-d34-en","acf":null},{"id":13478,"name":"Football","slug":"football-eng","acf":null},{"id":15357,"name":"Marcha Contra el C\u00e1ncer","slug":"marcha-contra-el-cancer-en","acf":null},{"id":13463,"name":"Sin categorizar","slug":"sin-categorizar","acf":null},{"id":9199,"name":"Soccer","slug":"soccer-d105-en","acf":null},{"id":13482,"name":"Submarine","slug":"submarine-en","acf":null},{"id":13487,"name":"Yellow Submarine","slug":"yellow-submarine-en","acf":null}],"translation_priority":[{"id":734,"name":"Optional","slug":"optional-en","acf":null}]},"seo_full":{"native":{"title":"Villarreal get involved with charity walk against cancer - Web Oficial del Villarreal CF","description":"The Submarine are calling on their fans to sign up for the event, which will take place on 9th February in Castell\u00f3n","canonical":"https:\/\/villarrealcf.es\/en\/el-villarreal-cf-en-marcha-contra-el-cancer\/"}},"_links":{"self":[{"href":"https:\/\/villarrealcf.es\/en\/wp-json\/wp\/v2\/posts\/334865","targetHints":{"allow":["GET"]}}],"collection":[{"href":"https:\/\/villarrealcf.es\/en\/wp-json\/wp\/v2\/posts"}],"about":[{"href":"https:\/\/villarrealcf.es\/en\/wp-json\/wp\/v2\/types\/post"}],"author":[{"embeddable":true,"href":"https:\/\/villarrealcf.es\/en\/wp-json\/wp\/v2\/users\/1"}],"replies":[{"embeddable":true,"href":"https:\/\/villarrealcf.es\/en\/wp-json\/wp\/v2\/comments?post=334865"}],"version-history":[{"count":0,"href":"https:\/\/villarrealcf.es\/en\/wp-json\/wp\/v2\/posts\/334865\/revisions"}],"wp:featuredmedia":[{"embeddable":true,"href":"https:\/\/villarrealcf.es\/en\/wp-json\/wp\/v2\/media\/334777"}],"wp:attachment":[{"href":"https:\/\/villarrealcf.es\/en\/wp-json\/wp\/v2\/media?parent=334865"}],"wp:term":[{"taxonomy":"category","embeddable":true,"href":"https:\/\/villarrealcf.es\/en\/wp-json\/wp\/v2\/categories?post=334865"},{"taxonomy":"post_tag","embeddable":true,"href":"https:\/\/villarrealcf.es\/en\/wp-json\/wp\/v2\/tags?post=334865"}],"curies":[{"name":"wp","href":"https:\/\/api.w.org\/{rel}","templated":true}]}}