{"id":323974,"date":"2024-10-08T15:54:33","date_gmt":"2024-10-08T13:54:33","guid":{"rendered":"https:\/\/villarrealcf.es\/el-villarreal-tine-de-amarillo-la-penya-llagosti-groc\/"},"modified":"2024-10-10T10:52:32","modified_gmt":"2024-10-10T08:52:32","slug":"villarreal-stars-visit-the-llagosti-groc-fan-club","status":"publish","type":"post","link":"https:\/\/villarrealcf.es\/en\/villarreal-stars-visit-the-llagosti-groc-fan-club\/","title":{"rendered":"Villarreal stars visit the Llagost\u00ed Groc fan club"},"content":{"protected":false,"blocks":[{"type":"heading","level":2,"text":"Denis Su\u00e1rez, Rodri Alonso and Claudia Ense\u00f1at have met fans in Vinar\u00f2s"},{"type":"paragraph","text":"Villarreal CF visited the Penya Llagost\u00ed Groc fan club in Vinar\u00f2s this Tuesday, represented by men\u2019s first-team footballer Denis Su\u00e1rez, B-team player Rodri Alonso and Villarreal Women youngster Claudia Ense\u00f1at."},{"type":"paragraph","text":"The Bar Amistar, the headquarters of the Penya Llagost\u00ed Groc fan club, was the meeting point between the players and fans from the Vinar\u00f2s-based fan club, which was founded in 2019. Their president, Sim\u00f3n Cid, was the master of ceremonies of the truly Yellow event."},{"type":"video","kind":"iframe","url":"https:\/\/www.youtube.com\/embed\/jUZATN_0pDA?feature=oembed","poster":""}],"structured":{"summary":{"text":"Denis Su\u00e1rez, Rodri Alonso and Claudia Ense\u00f1at have met fans in Vinar\u00f2s Villarreal CF visited the Penya Llagost\u00ed Groc fan club in Vinar\u00f2s this Tuesday, represented by men\u2019s first-team footballer Denis Su\u00e1rez, B-team player Rodri Alonso and Villarreal Women youngster Claudia Ense\u00f1at. The Bar Amistar, the headquarters of the Penya Llagost\u00ed Groc fan club, was the meeting point between the players and fans from the Vinar\u00f2s-based fan club, which was founded in 2019. Their president, Sim\u00f3n Cid, was the master of ceremonies of the truly Yellow event.","headings":[{"type":"heading","level":2,"text":"Denis Su\u00e1rez, Rodri Alonso and Claudia Ense\u00f1at have met fans in Vinar\u00f2s"}],"buttons":[],"images":[],"counts":{"blocks":4,"headings":1,"texts":2,"buttons":0,"images":0}},"sections":[{"id":"section-1","title":"Denis Su\u00e1rez, Rodri Alonso and Claudia Ense\u00f1at have met fans in Vinar\u00f2s","text":"Denis Su\u00e1rez, Rodri Alonso and Claudia Ense\u00f1at have met fans in Vinar\u00f2s Villarreal CF visited the Penya Llagost\u00ed Groc fan club in Vinar\u00f2s this Tuesday, represented by men\u2019s first-team footballer Denis Su\u00e1rez, B-team player Rodri Alonso and Villarreal Women youngster Claudia Ense\u00f1at. The Bar Amistar, the headquarters of the Penya Llagost\u00ed Groc fan club, was the meeting point between the players and fans from the Vinar\u00f2s-based fan club, which was founded in 2019. Their president, Sim\u00f3n Cid, was the master of ceremonies of the truly Yellow event.","headings":[{"type":"heading","level":2,"text":"Denis Su\u00e1rez, Rodri Alonso and Claudia Ense\u00f1at have met fans in Vinar\u00f2s"}],"texts":[{"type":"paragraph","text":"Villarreal CF visited the Penya Llagost\u00ed Groc fan club in Vinar\u00f2s this Tuesday, represented by men\u2019s first-team footballer Denis Su\u00e1rez, B-team player Rodri Alonso and Villarreal Women youngster Claudia Ense\u00f1at."},{"type":"paragraph","text":"The Bar Amistar, the headquarters of the Penya Llagost\u00ed Groc fan club, was the meeting point between the players and fans from the Vinar\u00f2s-based fan club, which was founded in 2019. Their president, Sim\u00f3n Cid, was the master of ceremonies of the truly Yellow event."}],"buttons":[],"images":[],"widgets":[],"blocks":[{"type":"heading","level":2,"text":"Denis Su\u00e1rez, Rodri Alonso and Claudia Ense\u00f1at have met fans in Vinar\u00f2s"},{"type":"paragraph","text":"Villarreal CF visited the Penya Llagost\u00ed Groc fan club in Vinar\u00f2s this Tuesday, represented by men\u2019s first-team footballer Denis Su\u00e1rez, B-team player Rodri Alonso and Villarreal Women youngster Claudia Ense\u00f1at."},{"type":"paragraph","text":"The Bar Amistar, the headquarters of the Penya Llagost\u00ed Groc fan club, was the meeting point between the players and fans from the Vinar\u00f2s-based fan club, which was founded in 2019. Their president, Sim\u00f3n Cid, was the master of ceremonies of the truly Yellow event."},{"type":"video","kind":"iframe","url":"https:\/\/www.youtube.com\/embed\/jUZATN_0pDA?feature=oembed","poster":""}]}],"hero":{"id":"section-1","title":"Denis Su\u00e1rez, Rodri Alonso and Claudia Ense\u00f1at have met fans in Vinar\u00f2s","text":"Denis Su\u00e1rez, Rodri Alonso and Claudia Ense\u00f1at have met fans in Vinar\u00f2s Villarreal CF visited the Penya Llagost\u00ed Groc fan club in Vinar\u00f2s this Tuesday, represented by men\u2019s first-team footballer Denis Su\u00e1rez, B-team player Rodri Alonso and Villarreal Women youngster Claudia Ense\u00f1at. The Bar Amistar, the headquarters of the Penya Llagost\u00ed Groc fan club, was the meeting point between the players and fans from the Vinar\u00f2s-based fan club, which was founded in 2019. Their president, Sim\u00f3n Cid, was the master of ceremonies of the truly Yellow event.","headings":[{"type":"heading","level":2,"text":"Denis Su\u00e1rez, Rodri Alonso and Claudia Ense\u00f1at have met fans in Vinar\u00f2s"}],"texts":[{"type":"paragraph","text":"Villarreal CF visited the Penya Llagost\u00ed Groc fan club in Vinar\u00f2s this Tuesday, represented by men\u2019s first-team footballer Denis Su\u00e1rez, B-team player Rodri Alonso and Villarreal Women youngster Claudia Ense\u00f1at."},{"type":"paragraph","text":"The Bar Amistar, the headquarters of the Penya Llagost\u00ed Groc fan club, was the meeting point between the players and fans from the Vinar\u00f2s-based fan club, which was founded in 2019. Their president, Sim\u00f3n Cid, was the master of ceremonies of the truly Yellow event."}],"buttons":[],"images":[],"widgets":[],"blocks":[{"type":"heading","level":2,"text":"Denis Su\u00e1rez, Rodri Alonso and Claudia Ense\u00f1at have met fans in Vinar\u00f2s"},{"type":"paragraph","text":"Villarreal CF visited the Penya Llagost\u00ed Groc fan club in Vinar\u00f2s this Tuesday, represented by men\u2019s first-team footballer Denis Su\u00e1rez, B-team player Rodri Alonso and Villarreal Women youngster Claudia Ense\u00f1at."},{"type":"paragraph","text":"The Bar Amistar, the headquarters of the Penya Llagost\u00ed Groc fan club, was the meeting point between the players and fans from the Vinar\u00f2s-based fan club, which was founded in 2019. Their president, Sim\u00f3n Cid, was the master of ceremonies of the truly Yellow event."},{"type":"video","kind":"iframe","url":"https:\/\/www.youtube.com\/embed\/jUZATN_0pDA?feature=oembed","poster":""}]}},"sections":[{"id":"section-1","title":"Denis Su\u00e1rez, Rodri Alonso and Claudia Ense\u00f1at have met fans in Vinar\u00f2s","text":"Denis Su\u00e1rez, Rodri Alonso and Claudia Ense\u00f1at have met fans in Vinar\u00f2s Villarreal CF visited the Penya Llagost\u00ed Groc fan club in Vinar\u00f2s this Tuesday, represented by men\u2019s first-team footballer Denis Su\u00e1rez, B-team player Rodri Alonso and Villarreal Women youngster Claudia Ense\u00f1at. The Bar Amistar, the headquarters of the Penya Llagost\u00ed Groc fan club, was the meeting point between the players and fans from the Vinar\u00f2s-based fan club, which was founded in 2019. Their president, Sim\u00f3n Cid, was the master of ceremonies of the truly Yellow event.","url":"","background_image":"","images":[],"videos":[{"type":"video","kind":"iframe","url":"https:\/\/www.youtube.com\/embed\/jUZATN_0pDA?feature=oembed","poster":""}],"links":[]}]},"excerpt":{"rendered":"Denis Su\u00e1rez, Rodri Alonso and Claudia Ense\u00f1at have met fans in Vinar\u00f2s","protected":false},"author":33,"featured_media":323946,"comment_status":"closed","ping_status":"closed","sticky":false,"template":"","format":"standard","meta":{"_acf_changed":false,"footnotes":""},"categories":[13506],"tags":[9758,9201,13478,16034,13504,13463,9199,13482,13798,5771,13487],"acf":null,"lang":"en","translations":{"es":323911,"val":323914,"en":323974},"essential_grid":{"has_grid":false},"formatted_date":"October 8, 2024","modified_date":"October 10, 2024","permalink":"https:\/\/villarrealcf.es\/en\/villarreal-stars-visit-the-llagosti-groc-fan-club\/","reading_time":1,"featured_media_data":{"id":323946,"title":"LLAGOSTIGROC","caption":"","alt_text":"","description":"","mime_type":"image\/jpeg","source_url":"https:\/\/villarrealcf.es\/wp-content\/uploads\/2024\/10\/LLAGOSTIGROC.jpg","sizes":{"thumbnail":{"url":"https:\/\/villarrealcf.es\/wp-content\/uploads\/2024\/10\/LLAGOSTIGROC.jpg","width":1920,"height":1080},"medium":{"url":"https:\/\/villarrealcf.es\/wp-content\/uploads\/2024\/10\/LLAGOSTIGROC.jpg","width":1920,"height":1080},"medium_large":{"url":"https:\/\/villarrealcf.es\/wp-content\/uploads\/2024\/10\/LLAGOSTIGROC-768x432.jpg","width":768,"height":432},"large":{"url":"https:\/\/villarrealcf.es\/wp-content\/uploads\/2024\/10\/LLAGOSTIGROC.jpg","width":788,"height":443},"1536x1536":{"url":"https:\/\/villarrealcf.es\/wp-content\/uploads\/2024\/10\/LLAGOSTIGROC-1536x864.jpg","width":1536,"height":864},"2048x2048":{"url":"https:\/\/villarrealcf.es\/wp-content\/uploads\/2024\/10\/LLAGOSTIGROC.jpg","width":1920,"height":1080},"tp-image-grid":{"url":"https:\/\/villarrealcf.es\/wp-content\/uploads\/2024\/10\/LLAGOSTIGROC-700x700.jpg","width":700,"height":700},"size-bunyad-medium":{"url":"https:\/\/villarrealcf.es\/wp-content\/uploads\/2024\/10\/LLAGOSTIGROC.jpg","width":1920,"height":1080},"sportspress-crop-medium":{"url":"https:\/\/villarrealcf.es\/wp-content\/uploads\/2024\/10\/LLAGOSTIGROC-300x300.jpg","width":300,"height":300},"sportspress-fit-medium":{"url":"https:\/\/villarrealcf.es\/wp-content\/uploads\/2024\/10\/LLAGOSTIGROC-300x169.jpg","width":300,"height":169},"sportspress-fit-icon":{"url":"https:\/\/villarrealcf.es\/wp-content\/uploads\/2024\/10\/LLAGOSTIGROC-128x72.jpg","width":128,"height":72},"sportspress-fit-mini":{"url":"https:\/\/villarrealcf.es\/wp-content\/uploads\/2024\/10\/LLAGOSTIGROC-32x18.jpg","width":32,"height":18},"bunyad-small":{"url":"https:\/\/villarrealcf.es\/wp-content\/uploads\/2024\/10\/LLAGOSTIGROC-150x84.jpg","width":150,"height":84},"bunyad-medium":{"url":"https:\/\/villarrealcf.es\/wp-content\/uploads\/2024\/10\/LLAGOSTIGROC-450x253.jpg","width":450,"height":253},"bunyad-full":{"url":"https:\/\/villarrealcf.es\/wp-content\/uploads\/2024\/10\/LLAGOSTIGROC-1200x675.jpg","width":1200,"height":675},"bunyad-viewport":{"url":"https:\/\/villarrealcf.es\/wp-content\/uploads\/2024\/10\/LLAGOSTIGROC.jpg","width":1920,"height":1080},"bunyad-768":{"url":"https:\/\/villarrealcf.es\/wp-content\/uploads\/2024\/10\/LLAGOSTIGROC-768x432.jpg","width":768,"height":432},"full":{"url":"https:\/\/villarrealcf.es\/wp-content\/uploads\/2024\/10\/LLAGOSTIGROC.jpg","width":1920,"height":1080}}},"author_data":{"id":"33","name":"Nacho Tejada","first_name":"Nacho","last_name":"Tejada","description":"","avatar_url":"https:\/\/secure.gravatar.com\/avatar\/b1580534b2fcd93e031504756165758941290488df5c88966a26f84344931fd1?s=96&d=mm&r=g","acf":null},"taxonomies_data":{"category":[{"id":13506,"name":"Fans","slug":"fans-en","acf":null}],"post_tag":[{"id":9758,"name":"APV","slug":"apv-en","acf":null},{"id":9201,"name":"Football","slug":"football-d34-en","acf":null},{"id":13478,"name":"Football","slug":"football-eng","acf":null},{"id":16034,"name":"Llagost\u00ed Groc","slug":"llagosti-groc-en","acf":null},{"id":13504,"name":"Sin categorizar","slug":"sin-categorizar-en-19","acf":null},{"id":13463,"name":"Sin categorizar","slug":"sin-categorizar","acf":null},{"id":9199,"name":"Soccer","slug":"soccer-d105-en","acf":null},{"id":13482,"name":"Submarine","slug":"submarine-en","acf":null},{"id":13798,"name":"Villarreal Femenino","slug":"villarreal-femenino-2-en","acf":null},{"id":5771,"name":"Vinar\u00f2s","slug":"vinaros","acf":null},{"id":13487,"name":"Yellow Submarine","slug":"yellow-submarine-en","acf":null}],"translation_priority":[{"id":734,"name":"Optional","slug":"optional-en","acf":null}]},"seo_full":{"native":{"title":"Villarreal stars visit the Llagost\u00ed Groc fan club - Web Oficial del Villarreal CF","description":"Denis Su\u00e1rez, Rodri Alonso and Claudia Ense\u00f1at have met fans in Vinar\u00f2s","canonical":"https:\/\/villarrealcf.es\/en\/villarreal-stars-visit-the-llagosti-groc-fan-club\/"}},"_links":{"self":[{"href":"https:\/\/villarrealcf.es\/en\/wp-json\/wp\/v2\/posts\/323974","targetHints":{"allow":["GET"]}}],"collection":[{"href":"https:\/\/villarrealcf.es\/en\/wp-json\/wp\/v2\/posts"}],"about":[{"href":"https:\/\/villarrealcf.es\/en\/wp-json\/wp\/v2\/types\/post"}],"author":[{"embeddable":true,"href":"https:\/\/villarrealcf.es\/en\/wp-json\/wp\/v2\/users\/33"}],"replies":[{"embeddable":true,"href":"https:\/\/villarrealcf.es\/en\/wp-json\/wp\/v2\/comments?post=323974"}],"version-history":[{"count":0,"href":"https:\/\/villarrealcf.es\/en\/wp-json\/wp\/v2\/posts\/323974\/revisions"}],"wp:featuredmedia":[{"embeddable":true,"href":"https:\/\/villarrealcf.es\/en\/wp-json\/wp\/v2\/media\/323946"}],"wp:attachment":[{"href":"https:\/\/villarrealcf.es\/en\/wp-json\/wp\/v2\/media?parent=323974"}],"wp:term":[{"taxonomy":"category","embeddable":true,"href":"https:\/\/villarrealcf.es\/en\/wp-json\/wp\/v2\/categories?post=323974"},{"taxonomy":"post_tag","embeddable":true,"href":"https:\/\/villarrealcf.es\/en\/wp-json\/wp\/v2\/tags?post=323974"}],"curies":[{"name":"wp","href":"https:\/\/api.w.org\/{rel}","templated":true}]}}