{"id":304828,"date":"2024-04-30T10:29:51","date_gmt":"2024-04-30T08:29:51","guid":{"rendered":"https:\/\/villarrealcf.es\/dos-generaciones-unidas-gracias-a-endavant-igualtat\/"},"modified":"2024-04-24T10:55:47","modified_gmt":"2024-04-24T08:55:47","slug":"two-generations-united-thanks-to-endavant-igualtat","status":"publish","type":"post","link":"https:\/\/villarrealcf.es\/en\/two-generations-united-thanks-to-endavant-igualtat\/","title":{"rendered":"Two generations united thanks to Endavant Igualtat"},"content":{"protected":false,"blocks":[{"type":"heading","level":2,"text":"The teenage players pick up the elderly from the nursing home to show them around La Cer\u00e1mica"},{"type":"paragraph","text":"This year, the Yellows U16s are spending time with the senior citizens from the Mare de D\u00e9u de Gr\u00e0cia care home in Vila-real, thanks to the Endavant Igualtat project. They have already carried out several activities as part of the club\u2019s Corporate Social Responsibility programme, but the last one was undoubtedly the most special. V\u00edctor Herrero\u2019s players went to the centre to meet their new friends for the season and show them around the renovated Estadio de la Cer\u00e1mica, the home of all the Yellows."},{"type":"paragraph","text":"The residents of the centre were able to get to know different rooms of the yellow stadium, such as the press room, the changing rooms or the bench area, imagining directing a match from that position. \u201cWe have come to see how the stadium has been built and all the adjacent areas, so we can get to know how the club works,\u201d explained Pepe Gall\u00e9n, one of the residents of the home."},{"type":"image","url":"https:\/\/villarrealcf.es\/wp-content\/uploads\/2024\/04\/20240422-CadeteVisitaEstadioResidenciaAncianos-023-1620x1080.jpg","alt":"","width":1620,"height":1080,"srcset":"https:\/\/villarrealcf.es\/wp-content\/uploads\/2024\/04\/20240422-CadeteVisitaEstadioResidenciaAncianos-023-1620x1080.jpg 1620w, https:\/\/villarrealcf.es\/wp-content\/uploads\/2024\/04\/20240422-CadeteVisitaEstadioResidenciaAncianos-023-1620x1080.jpg 1920w, https:\/\/villarrealcf.es\/wp-content\/uploads\/2024\/04\/20240422-CadeteVisitaEstadioResidenciaAncianos-023-1536x1024.jpg 1536w, https:\/\/villarrealcf.es\/wp-content\/uploads\/2024\/04\/20240422-CadeteVisitaEstadioResidenciaAncianos-023-2048x1365.jpg 2048w, https:\/\/villarrealcf.es\/wp-content\/uploads\/2024\/04\/20240422-CadeteVisitaEstadioResidenciaAncianos-023-1620x1080.jpg 1920w, https:\/\/villarrealcf.es\/wp-content\/uploads\/2024\/04\/20240422-CadeteVisitaEstadioResidenciaAncianos-023-1620x1080.jpg 1920w, https:\/\/villarrealcf.es\/wp-content\/uploads\/2024\/04\/20240422-CadeteVisitaEstadioResidenciaAncianos-023-32x21.jpg 32w, https:\/\/villarrealcf.es\/wp-content\/uploads\/2024\/04\/20240422-CadeteVisitaEstadioResidenciaAncianos-023-150x100.jpg 150w, https:\/\/villarrealcf.es\/wp-content\/uploads\/2024\/04\/20240422-CadeteVisitaEstadioResidenciaAncianos-023-1620x1080.jpg 1920w, https:\/\/villarrealcf.es\/wp-content\/uploads\/2024\/04\/20240422-CadeteVisitaEstadioResidenciaAncianos-023-1200x800.jpg 1200w","sizes":"auto, (max-width: 1620px) 100vw, 1620px"},{"type":"paragraph","text":"Pepe is a great Villarreal fan, who recites from memory the line-up of the heroes of the 1970 promotion to the Second Division: \u201cAlapont, Deb\u00f3n, Alca\u00f1iz, Marzal, Eusebio, Linares, Mart\u00ednez, Luiche, Palau, Causanilles and Serrano\u201d. If that promotion was already a milestone for the Submarine\u2019s fans, the Europa League, Pepe\u2019s generation could not even imagine it: \u201cA very big accolade. This was a small club that, little by little, has gone from strength to strength. The people are very grateful to the club,\u201d he recalls."},{"type":"image","url":"https:\/\/villarrealcf.es\/wp-content\/uploads\/2024\/04\/20240422-CadeteVisitaEstadioResidenciaAncianos-009-1620x1080.jpg","alt":"","width":1620,"height":1080,"srcset":"https:\/\/villarrealcf.es\/wp-content\/uploads\/2024\/04\/20240422-CadeteVisitaEstadioResidenciaAncianos-009-1620x1080.jpg 1620w, https:\/\/villarrealcf.es\/wp-content\/uploads\/2024\/04\/20240422-CadeteVisitaEstadioResidenciaAncianos-009-1620x1080.jpg 1920w, https:\/\/villarrealcf.es\/wp-content\/uploads\/2024\/04\/20240422-CadeteVisitaEstadioResidenciaAncianos-009-1536x1024.jpg 1536w, https:\/\/villarrealcf.es\/wp-content\/uploads\/2024\/04\/20240422-CadeteVisitaEstadioResidenciaAncianos-009-2048x1365.jpg 2048w, https:\/\/villarrealcf.es\/wp-content\/uploads\/2024\/04\/20240422-CadeteVisitaEstadioResidenciaAncianos-009-1620x1080.jpg 1920w, https:\/\/villarrealcf.es\/wp-content\/uploads\/2024\/04\/20240422-CadeteVisitaEstadioResidenciaAncianos-009-1620x1080.jpg 1920w, https:\/\/villarrealcf.es\/wp-content\/uploads\/2024\/04\/20240422-CadeteVisitaEstadioResidenciaAncianos-009-32x21.jpg 32w, https:\/\/villarrealcf.es\/wp-content\/uploads\/2024\/04\/20240422-CadeteVisitaEstadioResidenciaAncianos-009-150x100.jpg 150w, https:\/\/villarrealcf.es\/wp-content\/uploads\/2024\/04\/20240422-CadeteVisitaEstadioResidenciaAncianos-009-1620x1080.jpg 1920w, https:\/\/villarrealcf.es\/wp-content\/uploads\/2024\/04\/20240422-CadeteVisitaEstadioResidenciaAncianos-009-1200x800.jpg 1200w","sizes":"auto, (max-width: 1620px) 100vw, 1620px"},{"type":"paragraph","text":"A project that continues to surprise"},{"type":"paragraph","text":"If anything also surprises Pepe, it is the human quality of the players and coaches of the U16s (Cadete A) and their involvement in Endavant Igualtat, a project that cheers them up for a good part of the year: \u201cIt gives us a space in which we trust in the people. The players who come to see us fill our hearts because we are a bit of a part of the world\u201d, explains an excited Pepe, who is not the only one surprised by the Groguet Corporate Social Responsibility programme."},{"type":"paragraph","text":"Daniel Lorente, U16s assistant coach, is living his first season at Miralcamp and did not expect this involvement of the club with the province of Castell\u00f3n: \u201cThe impact was great when I entered the club and saw how it worked. I was surprised by this more human side because it is not in any other place I know. You take the kids out of their daily bubble of the sports area and make them see the day-to-day realities outside of football. It\u2019s a very good initiative for the kids\u2019 development,\u201d he underlines."},{"type":"image","url":"https:\/\/villarrealcf.es\/wp-content\/uploads\/2024\/04\/20240422-CadeteVisitaEstadioResidenciaAncianos-018-1620x1080.jpg","alt":"","width":1620,"height":1080,"srcset":"https:\/\/villarrealcf.es\/wp-content\/uploads\/2024\/04\/20240422-CadeteVisitaEstadioResidenciaAncianos-018-1620x1080.jpg 1620w, https:\/\/villarrealcf.es\/wp-content\/uploads\/2024\/04\/20240422-CadeteVisitaEstadioResidenciaAncianos-018-1620x1080.jpg 1920w, https:\/\/villarrealcf.es\/wp-content\/uploads\/2024\/04\/20240422-CadeteVisitaEstadioResidenciaAncianos-018-1536x1024.jpg 1536w, https:\/\/villarrealcf.es\/wp-content\/uploads\/2024\/04\/20240422-CadeteVisitaEstadioResidenciaAncianos-018-2048x1365.jpg 2048w, https:\/\/villarrealcf.es\/wp-content\/uploads\/2024\/04\/20240422-CadeteVisitaEstadioResidenciaAncianos-018-1620x1080.jpg 1920w, https:\/\/villarrealcf.es\/wp-content\/uploads\/2024\/04\/20240422-CadeteVisitaEstadioResidenciaAncianos-018-1620x1080.jpg 1920w, https:\/\/villarrealcf.es\/wp-content\/uploads\/2024\/04\/20240422-CadeteVisitaEstadioResidenciaAncianos-018-32x21.jpg 32w, https:\/\/villarrealcf.es\/wp-content\/uploads\/2024\/04\/20240422-CadeteVisitaEstadioResidenciaAncianos-018-150x100.jpg 150w, https:\/\/villarrealcf.es\/wp-content\/uploads\/2024\/04\/20240422-CadeteVisitaEstadioResidenciaAncianos-018-1620x1080.jpg 1920w, https:\/\/villarrealcf.es\/wp-content\/uploads\/2024\/04\/20240422-CadeteVisitaEstadioResidenciaAncianos-018-1200x800.jpg 1200w","sizes":"auto, (max-width: 1620px) 100vw, 1620px"},{"type":"paragraph","text":"V\u00edctor G\u00f3mez, U16s goalkeeper, also talks about this initial experience: \u201cAt first, you\u2019re a bit hesitant because you don\u2019t know what you\u2019re going to find, but once you experience it, it\u2019s a very good feeling to be able to share a day with different people. It\u2019s a very nice project and it helps everyone a lot. We take some very good things away with us.\u201d"},{"type":"paragraph","text":"Although V\u00edctor has been with the club for some years now, this is his second edition of Endavant, which when he arrived, was halted due to the COVID-19 pandemic. Thanks to the project, he has been able to live with very diverse people from different generations: \u201cLast year we lived with a shelter for children our age. We lived with them and we saw that not everyone is as lucky as we are and we tried to help them. This year, with the residence, they have more experience than us and can give us advice.\u201d"},{"type":"image","url":"https:\/\/villarrealcf.es\/wp-content\/uploads\/2024\/04\/20240422-CadeteVisitaEstadioResidenciaAncianos-007-1620x1080.jpg","alt":"","width":1620,"height":1080,"srcset":"https:\/\/villarrealcf.es\/wp-content\/uploads\/2024\/04\/20240422-CadeteVisitaEstadioResidenciaAncianos-007-1620x1080.jpg 1620w, https:\/\/villarrealcf.es\/wp-content\/uploads\/2024\/04\/20240422-CadeteVisitaEstadioResidenciaAncianos-007-1620x1080.jpg 1920w, https:\/\/villarrealcf.es\/wp-content\/uploads\/2024\/04\/20240422-CadeteVisitaEstadioResidenciaAncianos-007-1536x1024.jpg 1536w, https:\/\/villarrealcf.es\/wp-content\/uploads\/2024\/04\/20240422-CadeteVisitaEstadioResidenciaAncianos-007-2048x1365.jpg 2048w, https:\/\/villarrealcf.es\/wp-content\/uploads\/2024\/04\/20240422-CadeteVisitaEstadioResidenciaAncianos-007-1620x1080.jpg 1920w, https:\/\/villarrealcf.es\/wp-content\/uploads\/2024\/04\/20240422-CadeteVisitaEstadioResidenciaAncianos-007-1620x1080.jpg 1920w, https:\/\/villarrealcf.es\/wp-content\/uploads\/2024\/04\/20240422-CadeteVisitaEstadioResidenciaAncianos-007-32x21.jpg 32w, https:\/\/villarrealcf.es\/wp-content\/uploads\/2024\/04\/20240422-CadeteVisitaEstadioResidenciaAncianos-007-150x100.jpg 150w, https:\/\/villarrealcf.es\/wp-content\/uploads\/2024\/04\/20240422-CadeteVisitaEstadioResidenciaAncianos-007-1620x1080.jpg 1920w, https:\/\/villarrealcf.es\/wp-content\/uploads\/2024\/04\/20240422-CadeteVisitaEstadioResidenciaAncianos-007-1200x800.jpg 1200w","sizes":"auto, (max-width: 1620px) 100vw, 1620px"},{"type":"paragraph","text":"Like V\u00edctor, his colleagues try to learn from the users of the Virgen de Gr\u00e0cia residence, many of whom, like Pepe, are great Villarreal fans. Thanks to Endavant, they share unique moments and a passion for the badge."}],"structured":{"summary":{"text":"The teenage players pick up the elderly from the nursing home to show them around La Cer\u00e1mica This year, the Yellows U16s are spending time with the senior citizens from the Mare de D\u00e9u de Gr\u00e0cia care home in Vila-real, thanks to the Endavant Igualtat project. They have already carried out several activities as part of the club\u2019s Corporate Social Responsibility programme, but the last one was undoubtedly the most special. V\u00edctor Herrero\u2019s players went to the centre to meet their new friends for the season and show them around the renovated Estadio de la Cer\u00e1mica, the home of all the Yellows. The residents of the centre were able to get to know different rooms of the yellow stadium, such as the press room, the changing rooms or the bench area, imagining directing a match from that position. \u201cWe have come to see how the stadium has been built and all the adjacent areas, so we can get to know how the club works,\u201d explained Pepe Gall\u00e9n, one of the residents of the home. Pepe is a great Villarreal fan, who recites from memory the line-up of the heroes of the 1970 promotion to the Second Division: \u201cAlapont, Deb\u00f3n, Alca\u00f1iz, Marzal, Eusebio, Linares, Mart\u00ednez, Luiche, Palau, Causanilles and Serrano\u201d. If that promotion was already a milestone for the Submarine\u2019s fans, the Europa League, Pepe\u2019s generation could not even imagine it: \u201cA very big accolade. This was a small club that, little by little, has gone from strength to strength. The people are very grateful to the club,\u201d he recalls. A project that continues to surprise If anything also surprises Pepe, it is the human quality of the players and coaches of the U16s (Cadete A) and their involvement in Endavant Igualtat, a project that cheers them up for a good part of the year: \u201cIt gives us a space in which we trust in the people. The players who come to see us fill our hearts because we are a bit of a part of the world\u201d, explains an excited Pepe, who is not the only one surprised by the Groguet Corporate Social Responsibility programme. Daniel Lorente, U16s assistant coach, is living his first season at Miralcamp and did not expect this involvement of the club with the province of Castell\u00f3n: \u201cThe impact was great when I entered the club and saw how it worked. I was surprised by this more human side because it is not in any other place I know. You take the kids out of their daily bubble of the sports area and make them see the day-to-day realities outside of football. It\u2019s a very good initiative for the kids\u2019 development,\u201d he underlines. V\u00edctor G\u00f3mez, U16s goalkeeper, also talks about this initial experience: \u201cAt first, you\u2019re a bit hesitant because you don\u2019t know what you\u2019re going to find, but once you experience it, it\u2019s a very good feeling to be able to share a day with different people. It\u2019s a very nice project and it helps everyone a lot. We take some very good things away with us.\u201d Although V\u00edctor has been with the club for some years now, this is his second edition of Endavant, which when he arrived, was halted due to the COVID-19 pandemic. Thanks to the project, he has been able to live with very diverse people from different generations: \u201cLast year we lived with a shelter for children our age. We lived with them and we saw that not everyone is as lucky as we are and we tried to help them. This year, with the residence, they have more experience than us and can give us advice.\u201d Like V\u00edctor, his colleagues try to learn from the users of the Virgen de Gr\u00e0cia residence, many of whom, like Pepe, are great Villarreal fans. Thanks to Endavant, they share unique moments and a passion for the badge.","headings":[{"type":"heading","level":2,"text":"The teenage players pick up the elderly from the nursing home to show them around La Cer\u00e1mica"}],"buttons":[],"images":[{"type":"image","url":"https:\/\/villarrealcf.es\/wp-content\/uploads\/2024\/04\/20240422-CadeteVisitaEstadioResidenciaAncianos-023-1620x1080.jpg","alt":"","width":1620,"height":1080,"srcset":"https:\/\/villarrealcf.es\/wp-content\/uploads\/2024\/04\/20240422-CadeteVisitaEstadioResidenciaAncianos-023-1620x1080.jpg 1620w, https:\/\/villarrealcf.es\/wp-content\/uploads\/2024\/04\/20240422-CadeteVisitaEstadioResidenciaAncianos-023-1620x1080.jpg 1920w, https:\/\/villarrealcf.es\/wp-content\/uploads\/2024\/04\/20240422-CadeteVisitaEstadioResidenciaAncianos-023-1536x1024.jpg 1536w, https:\/\/villarrealcf.es\/wp-content\/uploads\/2024\/04\/20240422-CadeteVisitaEstadioResidenciaAncianos-023-2048x1365.jpg 2048w, https:\/\/villarrealcf.es\/wp-content\/uploads\/2024\/04\/20240422-CadeteVisitaEstadioResidenciaAncianos-023-1620x1080.jpg 1920w, https:\/\/villarrealcf.es\/wp-content\/uploads\/2024\/04\/20240422-CadeteVisitaEstadioResidenciaAncianos-023-1620x1080.jpg 1920w, https:\/\/villarrealcf.es\/wp-content\/uploads\/2024\/04\/20240422-CadeteVisitaEstadioResidenciaAncianos-023-32x21.jpg 32w, https:\/\/villarrealcf.es\/wp-content\/uploads\/2024\/04\/20240422-CadeteVisitaEstadioResidenciaAncianos-023-150x100.jpg 150w, https:\/\/villarrealcf.es\/wp-content\/uploads\/2024\/04\/20240422-CadeteVisitaEstadioResidenciaAncianos-023-1620x1080.jpg 1920w, https:\/\/villarrealcf.es\/wp-content\/uploads\/2024\/04\/20240422-CadeteVisitaEstadioResidenciaAncianos-023-1200x800.jpg 1200w","sizes":"auto, (max-width: 1620px) 100vw, 1620px"},{"type":"image","url":"https:\/\/villarrealcf.es\/wp-content\/uploads\/2024\/04\/20240422-CadeteVisitaEstadioResidenciaAncianos-009-1620x1080.jpg","alt":"","width":1620,"height":1080,"srcset":"https:\/\/villarrealcf.es\/wp-content\/uploads\/2024\/04\/20240422-CadeteVisitaEstadioResidenciaAncianos-009-1620x1080.jpg 1620w, https:\/\/villarrealcf.es\/wp-content\/uploads\/2024\/04\/20240422-CadeteVisitaEstadioResidenciaAncianos-009-1620x1080.jpg 1920w, https:\/\/villarrealcf.es\/wp-content\/uploads\/2024\/04\/20240422-CadeteVisitaEstadioResidenciaAncianos-009-1536x1024.jpg 1536w, https:\/\/villarrealcf.es\/wp-content\/uploads\/2024\/04\/20240422-CadeteVisitaEstadioResidenciaAncianos-009-2048x1365.jpg 2048w, https:\/\/villarrealcf.es\/wp-content\/uploads\/2024\/04\/20240422-CadeteVisitaEstadioResidenciaAncianos-009-1620x1080.jpg 1920w, https:\/\/villarrealcf.es\/wp-content\/uploads\/2024\/04\/20240422-CadeteVisitaEstadioResidenciaAncianos-009-1620x1080.jpg 1920w, https:\/\/villarrealcf.es\/wp-content\/uploads\/2024\/04\/20240422-CadeteVisitaEstadioResidenciaAncianos-009-32x21.jpg 32w, https:\/\/villarrealcf.es\/wp-content\/uploads\/2024\/04\/20240422-CadeteVisitaEstadioResidenciaAncianos-009-150x100.jpg 150w, https:\/\/villarrealcf.es\/wp-content\/uploads\/2024\/04\/20240422-CadeteVisitaEstadioResidenciaAncianos-009-1620x1080.jpg 1920w, https:\/\/villarrealcf.es\/wp-content\/uploads\/2024\/04\/20240422-CadeteVisitaEstadioResidenciaAncianos-009-1200x800.jpg 1200w","sizes":"auto, (max-width: 1620px) 100vw, 1620px"},{"type":"image","url":"https:\/\/villarrealcf.es\/wp-content\/uploads\/2024\/04\/20240422-CadeteVisitaEstadioResidenciaAncianos-018-1620x1080.jpg","alt":"","width":1620,"height":1080,"srcset":"https:\/\/villarrealcf.es\/wp-content\/uploads\/2024\/04\/20240422-CadeteVisitaEstadioResidenciaAncianos-018-1620x1080.jpg 1620w, https:\/\/villarrealcf.es\/wp-content\/uploads\/2024\/04\/20240422-CadeteVisitaEstadioResidenciaAncianos-018-1620x1080.jpg 1920w, https:\/\/villarrealcf.es\/wp-content\/uploads\/2024\/04\/20240422-CadeteVisitaEstadioResidenciaAncianos-018-1536x1024.jpg 1536w, https:\/\/villarrealcf.es\/wp-content\/uploads\/2024\/04\/20240422-CadeteVisitaEstadioResidenciaAncianos-018-2048x1365.jpg 2048w, https:\/\/villarrealcf.es\/wp-content\/uploads\/2024\/04\/20240422-CadeteVisitaEstadioResidenciaAncianos-018-1620x1080.jpg 1920w, https:\/\/villarrealcf.es\/wp-content\/uploads\/2024\/04\/20240422-CadeteVisitaEstadioResidenciaAncianos-018-1620x1080.jpg 1920w, https:\/\/villarrealcf.es\/wp-content\/uploads\/2024\/04\/20240422-CadeteVisitaEstadioResidenciaAncianos-018-32x21.jpg 32w, https:\/\/villarrealcf.es\/wp-content\/uploads\/2024\/04\/20240422-CadeteVisitaEstadioResidenciaAncianos-018-150x100.jpg 150w, https:\/\/villarrealcf.es\/wp-content\/uploads\/2024\/04\/20240422-CadeteVisitaEstadioResidenciaAncianos-018-1620x1080.jpg 1920w, https:\/\/villarrealcf.es\/wp-content\/uploads\/2024\/04\/20240422-CadeteVisitaEstadioResidenciaAncianos-018-1200x800.jpg 1200w","sizes":"auto, (max-width: 1620px) 100vw, 1620px"},{"type":"image","url":"https:\/\/villarrealcf.es\/wp-content\/uploads\/2024\/04\/20240422-CadeteVisitaEstadioResidenciaAncianos-007-1620x1080.jpg","alt":"","width":1620,"height":1080,"srcset":"https:\/\/villarrealcf.es\/wp-content\/uploads\/2024\/04\/20240422-CadeteVisitaEstadioResidenciaAncianos-007-1620x1080.jpg 1620w, https:\/\/villarrealcf.es\/wp-content\/uploads\/2024\/04\/20240422-CadeteVisitaEstadioResidenciaAncianos-007-1620x1080.jpg 1920w, https:\/\/villarrealcf.es\/wp-content\/uploads\/2024\/04\/20240422-CadeteVisitaEstadioResidenciaAncianos-007-1536x1024.jpg 1536w, https:\/\/villarrealcf.es\/wp-content\/uploads\/2024\/04\/20240422-CadeteVisitaEstadioResidenciaAncianos-007-2048x1365.jpg 2048w, https:\/\/villarrealcf.es\/wp-content\/uploads\/2024\/04\/20240422-CadeteVisitaEstadioResidenciaAncianos-007-1620x1080.jpg 1920w, https:\/\/villarrealcf.es\/wp-content\/uploads\/2024\/04\/20240422-CadeteVisitaEstadioResidenciaAncianos-007-1620x1080.jpg 1920w, https:\/\/villarrealcf.es\/wp-content\/uploads\/2024\/04\/20240422-CadeteVisitaEstadioResidenciaAncianos-007-32x21.jpg 32w, https:\/\/villarrealcf.es\/wp-content\/uploads\/2024\/04\/20240422-CadeteVisitaEstadioResidenciaAncianos-007-150x100.jpg 150w, https:\/\/villarrealcf.es\/wp-content\/uploads\/2024\/04\/20240422-CadeteVisitaEstadioResidenciaAncianos-007-1620x1080.jpg 1920w, https:\/\/villarrealcf.es\/wp-content\/uploads\/2024\/04\/20240422-CadeteVisitaEstadioResidenciaAncianos-007-1200x800.jpg 1200w","sizes":"auto, (max-width: 1620px) 100vw, 1620px"}],"counts":{"blocks":14,"headings":1,"texts":9,"buttons":0,"images":4}},"sections":[{"id":"section-1","title":"The teenage players pick up the elderly from the nursing home to show them around La Cer\u00e1mica","text":"The teenage players pick up the elderly from the nursing home to show them around La Cer\u00e1mica This year, the Yellows U16s are spending time with the senior citizens from the Mare de D\u00e9u de Gr\u00e0cia care home in Vila-real, thanks to the Endavant Igualtat project. They have already carried out several activities as part of the club\u2019s Corporate Social Responsibility programme, but the last one was undoubtedly the most special. V\u00edctor Herrero\u2019s players went to the centre to meet their new friends for the season and show them around the renovated Estadio de la Cer\u00e1mica, the home of all the Yellows. The residents of the centre were able to get to know different rooms of the yellow stadium, such as the press room, the changing rooms or the bench area, imagining directing a match from that position. \u201cWe have come to see how the stadium has been built and all the adjacent areas, so we can get to know how the club works,\u201d explained Pepe Gall\u00e9n, one of the residents of the home. Pepe is a great Villarreal fan, who recites from memory the line-up of the heroes of the 1970 promotion to the Second Division: \u201cAlapont, Deb\u00f3n, Alca\u00f1iz, Marzal, Eusebio, Linares, Mart\u00ednez, Luiche, Palau, Causanilles and Serrano\u201d. If that promotion was already a milestone for the Submarine\u2019s fans, the Europa League, Pepe\u2019s generation could not even imagine it: \u201cA very big accolade. This was a small club that, little by little, has gone from strength to strength. The people are very grateful to the club,\u201d he recalls. A project that continues to surprise If anything also surprises Pepe, it is the human quality of the players and coaches of the U16s (Cadete A) and their involvement in Endavant Igualtat, a project that cheers them up for a good part of the year: \u201cIt gives us a space in which we trust in the people. The players who come to see us fill our hearts because we are a bit of a part of the world\u201d, explains an excited Pepe, who is not the only one surprised by the Groguet Corporate Social Responsibility programme. Daniel Lorente, U16s assistant coach, is living his first season at Miralcamp and did not expect this involvement of the club with the province of Castell\u00f3n: \u201cThe impact was great when I entered the club and saw how it worked. I was surprised by this more human side because it is not in any other place I know. You take the kids out of their daily bubble of the sports area and make them see the day-to-day realities outside of football. It\u2019s a very good initiative for the kids\u2019 development,\u201d he underlines. V\u00edctor G\u00f3mez, U16s goalkeeper, also talks about this initial experience: \u201cAt first, you\u2019re a bit hesitant because you don\u2019t know what you\u2019re going to find, but once you experience it, it\u2019s a very good feeling to be able to share a day with different people. It\u2019s a very nice project and it helps everyone a lot. We take some very good things away with us.\u201d Although V\u00edctor has been with the club for some years now, this is his second edition of Endavant, which when he arrived, was halted due to the COVID-19 pandemic. Thanks to the project, he has been able to live with very diverse people from different generations: \u201cLast year we lived with a shelter for children our age. We lived with them and we saw that not everyone is as lucky as we are and we tried to help them. This year, with the residence, they have more experience than us and can give us advice.\u201d Like V\u00edctor, his colleagues try to learn from the users of the Virgen de Gr\u00e0cia residence, many of whom, like Pepe, are great Villarreal fans. Thanks to Endavant, they share unique moments and a passion for the badge.","headings":[{"type":"heading","level":2,"text":"The teenage players pick up the elderly from the nursing home to show them around La Cer\u00e1mica"}],"texts":[{"type":"paragraph","text":"This year, the Yellows U16s are spending time with the senior citizens from the Mare de D\u00e9u de Gr\u00e0cia care home in Vila-real, thanks to the Endavant Igualtat project. They have already carried out several activities as part of the club\u2019s Corporate Social Responsibility programme, but the last one was undoubtedly the most special. V\u00edctor Herrero\u2019s players went to the centre to meet their new friends for the season and show them around the renovated Estadio de la Cer\u00e1mica, the home of all the Yellows."},{"type":"paragraph","text":"The residents of the centre were able to get to know different rooms of the yellow stadium, such as the press room, the changing rooms or the bench area, imagining directing a match from that position. \u201cWe have come to see how the stadium has been built and all the adjacent areas, so we can get to know how the club works,\u201d explained Pepe Gall\u00e9n, one of the residents of the home."},{"type":"paragraph","text":"Pepe is a great Villarreal fan, who recites from memory the line-up of the heroes of the 1970 promotion to the Second Division: \u201cAlapont, Deb\u00f3n, Alca\u00f1iz, Marzal, Eusebio, Linares, Mart\u00ednez, Luiche, Palau, Causanilles and Serrano\u201d. If that promotion was already a milestone for the Submarine\u2019s fans, the Europa League, Pepe\u2019s generation could not even imagine it: \u201cA very big accolade. This was a small club that, little by little, has gone from strength to strength. The people are very grateful to the club,\u201d he recalls."},{"type":"paragraph","text":"A project that continues to surprise"},{"type":"paragraph","text":"If anything also surprises Pepe, it is the human quality of the players and coaches of the U16s (Cadete A) and their involvement in Endavant Igualtat, a project that cheers them up for a good part of the year: \u201cIt gives us a space in which we trust in the people. The players who come to see us fill our hearts because we are a bit of a part of the world\u201d, explains an excited Pepe, who is not the only one surprised by the Groguet Corporate Social Responsibility programme."},{"type":"paragraph","text":"Daniel Lorente, U16s assistant coach, is living his first season at Miralcamp and did not expect this involvement of the club with the province of Castell\u00f3n: \u201cThe impact was great when I entered the club and saw how it worked. I was surprised by this more human side because it is not in any other place I know. You take the kids out of their daily bubble of the sports area and make them see the day-to-day realities outside of football. It\u2019s a very good initiative for the kids\u2019 development,\u201d he underlines."},{"type":"paragraph","text":"V\u00edctor G\u00f3mez, U16s goalkeeper, also talks about this initial experience: \u201cAt first, you\u2019re a bit hesitant because you don\u2019t know what you\u2019re going to find, but once you experience it, it\u2019s a very good feeling to be able to share a day with different people. It\u2019s a very nice project and it helps everyone a lot. We take some very good things away with us.\u201d"},{"type":"paragraph","text":"Although V\u00edctor has been with the club for some years now, this is his second edition of Endavant, which when he arrived, was halted due to the COVID-19 pandemic. Thanks to the project, he has been able to live with very diverse people from different generations: \u201cLast year we lived with a shelter for children our age. We lived with them and we saw that not everyone is as lucky as we are and we tried to help them. This year, with the residence, they have more experience than us and can give us advice.\u201d"},{"type":"paragraph","text":"Like V\u00edctor, his colleagues try to learn from the users of the Virgen de Gr\u00e0cia residence, many of whom, like Pepe, are great Villarreal fans. Thanks to Endavant, they share unique moments and a passion for the badge."}],"buttons":[],"images":[{"type":"image","url":"https:\/\/villarrealcf.es\/wp-content\/uploads\/2024\/04\/20240422-CadeteVisitaEstadioResidenciaAncianos-023-1620x1080.jpg","alt":"","width":1620,"height":1080,"srcset":"https:\/\/villarrealcf.es\/wp-content\/uploads\/2024\/04\/20240422-CadeteVisitaEstadioResidenciaAncianos-023-1620x1080.jpg 1620w, https:\/\/villarrealcf.es\/wp-content\/uploads\/2024\/04\/20240422-CadeteVisitaEstadioResidenciaAncianos-023-1620x1080.jpg 1920w, https:\/\/villarrealcf.es\/wp-content\/uploads\/2024\/04\/20240422-CadeteVisitaEstadioResidenciaAncianos-023-1536x1024.jpg 1536w, https:\/\/villarrealcf.es\/wp-content\/uploads\/2024\/04\/20240422-CadeteVisitaEstadioResidenciaAncianos-023-2048x1365.jpg 2048w, https:\/\/villarrealcf.es\/wp-content\/uploads\/2024\/04\/20240422-CadeteVisitaEstadioResidenciaAncianos-023-1620x1080.jpg 1920w, https:\/\/villarrealcf.es\/wp-content\/uploads\/2024\/04\/20240422-CadeteVisitaEstadioResidenciaAncianos-023-1620x1080.jpg 1920w, https:\/\/villarrealcf.es\/wp-content\/uploads\/2024\/04\/20240422-CadeteVisitaEstadioResidenciaAncianos-023-32x21.jpg 32w, https:\/\/villarrealcf.es\/wp-content\/uploads\/2024\/04\/20240422-CadeteVisitaEstadioResidenciaAncianos-023-150x100.jpg 150w, https:\/\/villarrealcf.es\/wp-content\/uploads\/2024\/04\/20240422-CadeteVisitaEstadioResidenciaAncianos-023-1620x1080.jpg 1920w, https:\/\/villarrealcf.es\/wp-content\/uploads\/2024\/04\/20240422-CadeteVisitaEstadioResidenciaAncianos-023-1200x800.jpg 1200w","sizes":"auto, (max-width: 1620px) 100vw, 1620px"},{"type":"image","url":"https:\/\/villarrealcf.es\/wp-content\/uploads\/2024\/04\/20240422-CadeteVisitaEstadioResidenciaAncianos-009-1620x1080.jpg","alt":"","width":1620,"height":1080,"srcset":"https:\/\/villarrealcf.es\/wp-content\/uploads\/2024\/04\/20240422-CadeteVisitaEstadioResidenciaAncianos-009-1620x1080.jpg 1620w, https:\/\/villarrealcf.es\/wp-content\/uploads\/2024\/04\/20240422-CadeteVisitaEstadioResidenciaAncianos-009-1620x1080.jpg 1920w, https:\/\/villarrealcf.es\/wp-content\/uploads\/2024\/04\/20240422-CadeteVisitaEstadioResidenciaAncianos-009-1536x1024.jpg 1536w, https:\/\/villarrealcf.es\/wp-content\/uploads\/2024\/04\/20240422-CadeteVisitaEstadioResidenciaAncianos-009-2048x1365.jpg 2048w, https:\/\/villarrealcf.es\/wp-content\/uploads\/2024\/04\/20240422-CadeteVisitaEstadioResidenciaAncianos-009-1620x1080.jpg 1920w, https:\/\/villarrealcf.es\/wp-content\/uploads\/2024\/04\/20240422-CadeteVisitaEstadioResidenciaAncianos-009-1620x1080.jpg 1920w, https:\/\/villarrealcf.es\/wp-content\/uploads\/2024\/04\/20240422-CadeteVisitaEstadioResidenciaAncianos-009-32x21.jpg 32w, https:\/\/villarrealcf.es\/wp-content\/uploads\/2024\/04\/20240422-CadeteVisitaEstadioResidenciaAncianos-009-150x100.jpg 150w, https:\/\/villarrealcf.es\/wp-content\/uploads\/2024\/04\/20240422-CadeteVisitaEstadioResidenciaAncianos-009-1620x1080.jpg 1920w, https:\/\/villarrealcf.es\/wp-content\/uploads\/2024\/04\/20240422-CadeteVisitaEstadioResidenciaAncianos-009-1200x800.jpg 1200w","sizes":"auto, (max-width: 1620px) 100vw, 1620px"},{"type":"image","url":"https:\/\/villarrealcf.es\/wp-content\/uploads\/2024\/04\/20240422-CadeteVisitaEstadioResidenciaAncianos-018-1620x1080.jpg","alt":"","width":1620,"height":1080,"srcset":"https:\/\/villarrealcf.es\/wp-content\/uploads\/2024\/04\/20240422-CadeteVisitaEstadioResidenciaAncianos-018-1620x1080.jpg 1620w, https:\/\/villarrealcf.es\/wp-content\/uploads\/2024\/04\/20240422-CadeteVisitaEstadioResidenciaAncianos-018-1620x1080.jpg 1920w, https:\/\/villarrealcf.es\/wp-content\/uploads\/2024\/04\/20240422-CadeteVisitaEstadioResidenciaAncianos-018-1536x1024.jpg 1536w, https:\/\/villarrealcf.es\/wp-content\/uploads\/2024\/04\/20240422-CadeteVisitaEstadioResidenciaAncianos-018-2048x1365.jpg 2048w, https:\/\/villarrealcf.es\/wp-content\/uploads\/2024\/04\/20240422-CadeteVisitaEstadioResidenciaAncianos-018-1620x1080.jpg 1920w, https:\/\/villarrealcf.es\/wp-content\/uploads\/2024\/04\/20240422-CadeteVisitaEstadioResidenciaAncianos-018-1620x1080.jpg 1920w, https:\/\/villarrealcf.es\/wp-content\/uploads\/2024\/04\/20240422-CadeteVisitaEstadioResidenciaAncianos-018-32x21.jpg 32w, https:\/\/villarrealcf.es\/wp-content\/uploads\/2024\/04\/20240422-CadeteVisitaEstadioResidenciaAncianos-018-150x100.jpg 150w, https:\/\/villarrealcf.es\/wp-content\/uploads\/2024\/04\/20240422-CadeteVisitaEstadioResidenciaAncianos-018-1620x1080.jpg 1920w, https:\/\/villarrealcf.es\/wp-content\/uploads\/2024\/04\/20240422-CadeteVisitaEstadioResidenciaAncianos-018-1200x800.jpg 1200w","sizes":"auto, (max-width: 1620px) 100vw, 1620px"},{"type":"image","url":"https:\/\/villarrealcf.es\/wp-content\/uploads\/2024\/04\/20240422-CadeteVisitaEstadioResidenciaAncianos-007-1620x1080.jpg","alt":"","width":1620,"height":1080,"srcset":"https:\/\/villarrealcf.es\/wp-content\/uploads\/2024\/04\/20240422-CadeteVisitaEstadioResidenciaAncianos-007-1620x1080.jpg 1620w, https:\/\/villarrealcf.es\/wp-content\/uploads\/2024\/04\/20240422-CadeteVisitaEstadioResidenciaAncianos-007-1620x1080.jpg 1920w, https:\/\/villarrealcf.es\/wp-content\/uploads\/2024\/04\/20240422-CadeteVisitaEstadioResidenciaAncianos-007-1536x1024.jpg 1536w, https:\/\/villarrealcf.es\/wp-content\/uploads\/2024\/04\/20240422-CadeteVisitaEstadioResidenciaAncianos-007-2048x1365.jpg 2048w, https:\/\/villarrealcf.es\/wp-content\/uploads\/2024\/04\/20240422-CadeteVisitaEstadioResidenciaAncianos-007-1620x1080.jpg 1920w, https:\/\/villarrealcf.es\/wp-content\/uploads\/2024\/04\/20240422-CadeteVisitaEstadioResidenciaAncianos-007-1620x1080.jpg 1920w, https:\/\/villarrealcf.es\/wp-content\/uploads\/2024\/04\/20240422-CadeteVisitaEstadioResidenciaAncianos-007-32x21.jpg 32w, https:\/\/villarrealcf.es\/wp-content\/uploads\/2024\/04\/20240422-CadeteVisitaEstadioResidenciaAncianos-007-150x100.jpg 150w, https:\/\/villarrealcf.es\/wp-content\/uploads\/2024\/04\/20240422-CadeteVisitaEstadioResidenciaAncianos-007-1620x1080.jpg 1920w, https:\/\/villarrealcf.es\/wp-content\/uploads\/2024\/04\/20240422-CadeteVisitaEstadioResidenciaAncianos-007-1200x800.jpg 1200w","sizes":"auto, (max-width: 1620px) 100vw, 1620px"}],"widgets":[],"blocks":[{"type":"heading","level":2,"text":"The teenage players pick up the elderly from the nursing home to show them around La Cer\u00e1mica"},{"type":"paragraph","text":"This year, the Yellows U16s are spending time with the senior citizens from the Mare de D\u00e9u de Gr\u00e0cia care home in Vila-real, thanks to the Endavant Igualtat project. They have already carried out several activities as part of the club\u2019s Corporate Social Responsibility programme, but the last one was undoubtedly the most special. V\u00edctor Herrero\u2019s players went to the centre to meet their new friends for the season and show them around the renovated Estadio de la Cer\u00e1mica, the home of all the Yellows."},{"type":"paragraph","text":"The residents of the centre were able to get to know different rooms of the yellow stadium, such as the press room, the changing rooms or the bench area, imagining directing a match from that position. \u201cWe have come to see how the stadium has been built and all the adjacent areas, so we can get to know how the club works,\u201d explained Pepe Gall\u00e9n, one of the residents of the home."},{"type":"image","url":"https:\/\/villarrealcf.es\/wp-content\/uploads\/2024\/04\/20240422-CadeteVisitaEstadioResidenciaAncianos-023-1620x1080.jpg","alt":"","width":1620,"height":1080,"srcset":"https:\/\/villarrealcf.es\/wp-content\/uploads\/2024\/04\/20240422-CadeteVisitaEstadioResidenciaAncianos-023-1620x1080.jpg 1620w, https:\/\/villarrealcf.es\/wp-content\/uploads\/2024\/04\/20240422-CadeteVisitaEstadioResidenciaAncianos-023-1620x1080.jpg 1920w, https:\/\/villarrealcf.es\/wp-content\/uploads\/2024\/04\/20240422-CadeteVisitaEstadioResidenciaAncianos-023-1536x1024.jpg 1536w, https:\/\/villarrealcf.es\/wp-content\/uploads\/2024\/04\/20240422-CadeteVisitaEstadioResidenciaAncianos-023-2048x1365.jpg 2048w, https:\/\/villarrealcf.es\/wp-content\/uploads\/2024\/04\/20240422-CadeteVisitaEstadioResidenciaAncianos-023-1620x1080.jpg 1920w, https:\/\/villarrealcf.es\/wp-content\/uploads\/2024\/04\/20240422-CadeteVisitaEstadioResidenciaAncianos-023-1620x1080.jpg 1920w, https:\/\/villarrealcf.es\/wp-content\/uploads\/2024\/04\/20240422-CadeteVisitaEstadioResidenciaAncianos-023-32x21.jpg 32w, https:\/\/villarrealcf.es\/wp-content\/uploads\/2024\/04\/20240422-CadeteVisitaEstadioResidenciaAncianos-023-150x100.jpg 150w, https:\/\/villarrealcf.es\/wp-content\/uploads\/2024\/04\/20240422-CadeteVisitaEstadioResidenciaAncianos-023-1620x1080.jpg 1920w, https:\/\/villarrealcf.es\/wp-content\/uploads\/2024\/04\/20240422-CadeteVisitaEstadioResidenciaAncianos-023-1200x800.jpg 1200w","sizes":"auto, (max-width: 1620px) 100vw, 1620px"},{"type":"paragraph","text":"Pepe is a great Villarreal fan, who recites from memory the line-up of the heroes of the 1970 promotion to the Second Division: \u201cAlapont, Deb\u00f3n, Alca\u00f1iz, Marzal, Eusebio, Linares, Mart\u00ednez, Luiche, Palau, Causanilles and Serrano\u201d. If that promotion was already a milestone for the Submarine\u2019s fans, the Europa League, Pepe\u2019s generation could not even imagine it: \u201cA very big accolade. This was a small club that, little by little, has gone from strength to strength. The people are very grateful to the club,\u201d he recalls."},{"type":"image","url":"https:\/\/villarrealcf.es\/wp-content\/uploads\/2024\/04\/20240422-CadeteVisitaEstadioResidenciaAncianos-009-1620x1080.jpg","alt":"","width":1620,"height":1080,"srcset":"https:\/\/villarrealcf.es\/wp-content\/uploads\/2024\/04\/20240422-CadeteVisitaEstadioResidenciaAncianos-009-1620x1080.jpg 1620w, https:\/\/villarrealcf.es\/wp-content\/uploads\/2024\/04\/20240422-CadeteVisitaEstadioResidenciaAncianos-009-1620x1080.jpg 1920w, https:\/\/villarrealcf.es\/wp-content\/uploads\/2024\/04\/20240422-CadeteVisitaEstadioResidenciaAncianos-009-1536x1024.jpg 1536w, https:\/\/villarrealcf.es\/wp-content\/uploads\/2024\/04\/20240422-CadeteVisitaEstadioResidenciaAncianos-009-2048x1365.jpg 2048w, https:\/\/villarrealcf.es\/wp-content\/uploads\/2024\/04\/20240422-CadeteVisitaEstadioResidenciaAncianos-009-1620x1080.jpg 1920w, https:\/\/villarrealcf.es\/wp-content\/uploads\/2024\/04\/20240422-CadeteVisitaEstadioResidenciaAncianos-009-1620x1080.jpg 1920w, https:\/\/villarrealcf.es\/wp-content\/uploads\/2024\/04\/20240422-CadeteVisitaEstadioResidenciaAncianos-009-32x21.jpg 32w, https:\/\/villarrealcf.es\/wp-content\/uploads\/2024\/04\/20240422-CadeteVisitaEstadioResidenciaAncianos-009-150x100.jpg 150w, https:\/\/villarrealcf.es\/wp-content\/uploads\/2024\/04\/20240422-CadeteVisitaEstadioResidenciaAncianos-009-1620x1080.jpg 1920w, https:\/\/villarrealcf.es\/wp-content\/uploads\/2024\/04\/20240422-CadeteVisitaEstadioResidenciaAncianos-009-1200x800.jpg 1200w","sizes":"auto, (max-width: 1620px) 100vw, 1620px"},{"type":"paragraph","text":"A project that continues to surprise"},{"type":"paragraph","text":"If anything also surprises Pepe, it is the human quality of the players and coaches of the U16s (Cadete A) and their involvement in Endavant Igualtat, a project that cheers them up for a good part of the year: \u201cIt gives us a space in which we trust in the people. The players who come to see us fill our hearts because we are a bit of a part of the world\u201d, explains an excited Pepe, who is not the only one surprised by the Groguet Corporate Social Responsibility programme."},{"type":"paragraph","text":"Daniel Lorente, U16s assistant coach, is living his first season at Miralcamp and did not expect this involvement of the club with the province of Castell\u00f3n: \u201cThe impact was great when I entered the club and saw how it worked. I was surprised by this more human side because it is not in any other place I know. You take the kids out of their daily bubble of the sports area and make them see the day-to-day realities outside of football. It\u2019s a very good initiative for the kids\u2019 development,\u201d he underlines."},{"type":"image","url":"https:\/\/villarrealcf.es\/wp-content\/uploads\/2024\/04\/20240422-CadeteVisitaEstadioResidenciaAncianos-018-1620x1080.jpg","alt":"","width":1620,"height":1080,"srcset":"https:\/\/villarrealcf.es\/wp-content\/uploads\/2024\/04\/20240422-CadeteVisitaEstadioResidenciaAncianos-018-1620x1080.jpg 1620w, https:\/\/villarrealcf.es\/wp-content\/uploads\/2024\/04\/20240422-CadeteVisitaEstadioResidenciaAncianos-018-1620x1080.jpg 1920w, https:\/\/villarrealcf.es\/wp-content\/uploads\/2024\/04\/20240422-CadeteVisitaEstadioResidenciaAncianos-018-1536x1024.jpg 1536w, https:\/\/villarrealcf.es\/wp-content\/uploads\/2024\/04\/20240422-CadeteVisitaEstadioResidenciaAncianos-018-2048x1365.jpg 2048w, https:\/\/villarrealcf.es\/wp-content\/uploads\/2024\/04\/20240422-CadeteVisitaEstadioResidenciaAncianos-018-1620x1080.jpg 1920w, https:\/\/villarrealcf.es\/wp-content\/uploads\/2024\/04\/20240422-CadeteVisitaEstadioResidenciaAncianos-018-1620x1080.jpg 1920w, https:\/\/villarrealcf.es\/wp-content\/uploads\/2024\/04\/20240422-CadeteVisitaEstadioResidenciaAncianos-018-32x21.jpg 32w, https:\/\/villarrealcf.es\/wp-content\/uploads\/2024\/04\/20240422-CadeteVisitaEstadioResidenciaAncianos-018-150x100.jpg 150w, https:\/\/villarrealcf.es\/wp-content\/uploads\/2024\/04\/20240422-CadeteVisitaEstadioResidenciaAncianos-018-1620x1080.jpg 1920w, https:\/\/villarrealcf.es\/wp-content\/uploads\/2024\/04\/20240422-CadeteVisitaEstadioResidenciaAncianos-018-1200x800.jpg 1200w","sizes":"auto, (max-width: 1620px) 100vw, 1620px"},{"type":"paragraph","text":"V\u00edctor G\u00f3mez, U16s goalkeeper, also talks about this initial experience: \u201cAt first, you\u2019re a bit hesitant because you don\u2019t know what you\u2019re going to find, but once you experience it, it\u2019s a very good feeling to be able to share a day with different people. It\u2019s a very nice project and it helps everyone a lot. We take some very good things away with us.\u201d"},{"type":"paragraph","text":"Although V\u00edctor has been with the club for some years now, this is his second edition of Endavant, which when he arrived, was halted due to the COVID-19 pandemic. Thanks to the project, he has been able to live with very diverse people from different generations: \u201cLast year we lived with a shelter for children our age. We lived with them and we saw that not everyone is as lucky as we are and we tried to help them. This year, with the residence, they have more experience than us and can give us advice.\u201d"},{"type":"image","url":"https:\/\/villarrealcf.es\/wp-content\/uploads\/2024\/04\/20240422-CadeteVisitaEstadioResidenciaAncianos-007-1620x1080.jpg","alt":"","width":1620,"height":1080,"srcset":"https:\/\/villarrealcf.es\/wp-content\/uploads\/2024\/04\/20240422-CadeteVisitaEstadioResidenciaAncianos-007-1620x1080.jpg 1620w, https:\/\/villarrealcf.es\/wp-content\/uploads\/2024\/04\/20240422-CadeteVisitaEstadioResidenciaAncianos-007-1620x1080.jpg 1920w, https:\/\/villarrealcf.es\/wp-content\/uploads\/2024\/04\/20240422-CadeteVisitaEstadioResidenciaAncianos-007-1536x1024.jpg 1536w, https:\/\/villarrealcf.es\/wp-content\/uploads\/2024\/04\/20240422-CadeteVisitaEstadioResidenciaAncianos-007-2048x1365.jpg 2048w, https:\/\/villarrealcf.es\/wp-content\/uploads\/2024\/04\/20240422-CadeteVisitaEstadioResidenciaAncianos-007-1620x1080.jpg 1920w, https:\/\/villarrealcf.es\/wp-content\/uploads\/2024\/04\/20240422-CadeteVisitaEstadioResidenciaAncianos-007-1620x1080.jpg 1920w, https:\/\/villarrealcf.es\/wp-content\/uploads\/2024\/04\/20240422-CadeteVisitaEstadioResidenciaAncianos-007-32x21.jpg 32w, https:\/\/villarrealcf.es\/wp-content\/uploads\/2024\/04\/20240422-CadeteVisitaEstadioResidenciaAncianos-007-150x100.jpg 150w, https:\/\/villarrealcf.es\/wp-content\/uploads\/2024\/04\/20240422-CadeteVisitaEstadioResidenciaAncianos-007-1620x1080.jpg 1920w, https:\/\/villarrealcf.es\/wp-content\/uploads\/2024\/04\/20240422-CadeteVisitaEstadioResidenciaAncianos-007-1200x800.jpg 1200w","sizes":"auto, (max-width: 1620px) 100vw, 1620px"},{"type":"paragraph","text":"Like V\u00edctor, his colleagues try to learn from the users of the Virgen de Gr\u00e0cia residence, many of whom, like Pepe, are great Villarreal fans. Thanks to Endavant, they share unique moments and a passion for the badge."}]}],"hero":{"id":"section-1","title":"The teenage players pick up the elderly from the nursing home to show them around La Cer\u00e1mica","text":"The teenage players pick up the elderly from the nursing home to show them around La Cer\u00e1mica This year, the Yellows U16s are spending time with the senior citizens from the Mare de D\u00e9u de Gr\u00e0cia care home in Vila-real, thanks to the Endavant Igualtat project. They have already carried out several activities as part of the club\u2019s Corporate Social Responsibility programme, but the last one was undoubtedly the most special. V\u00edctor Herrero\u2019s players went to the centre to meet their new friends for the season and show them around the renovated Estadio de la Cer\u00e1mica, the home of all the Yellows. The residents of the centre were able to get to know different rooms of the yellow stadium, such as the press room, the changing rooms or the bench area, imagining directing a match from that position. \u201cWe have come to see how the stadium has been built and all the adjacent areas, so we can get to know how the club works,\u201d explained Pepe Gall\u00e9n, one of the residents of the home. Pepe is a great Villarreal fan, who recites from memory the line-up of the heroes of the 1970 promotion to the Second Division: \u201cAlapont, Deb\u00f3n, Alca\u00f1iz, Marzal, Eusebio, Linares, Mart\u00ednez, Luiche, Palau, Causanilles and Serrano\u201d. If that promotion was already a milestone for the Submarine\u2019s fans, the Europa League, Pepe\u2019s generation could not even imagine it: \u201cA very big accolade. This was a small club that, little by little, has gone from strength to strength. The people are very grateful to the club,\u201d he recalls. A project that continues to surprise If anything also surprises Pepe, it is the human quality of the players and coaches of the U16s (Cadete A) and their involvement in Endavant Igualtat, a project that cheers them up for a good part of the year: \u201cIt gives us a space in which we trust in the people. The players who come to see us fill our hearts because we are a bit of a part of the world\u201d, explains an excited Pepe, who is not the only one surprised by the Groguet Corporate Social Responsibility programme. Daniel Lorente, U16s assistant coach, is living his first season at Miralcamp and did not expect this involvement of the club with the province of Castell\u00f3n: \u201cThe impact was great when I entered the club and saw how it worked. I was surprised by this more human side because it is not in any other place I know. You take the kids out of their daily bubble of the sports area and make them see the day-to-day realities outside of football. It\u2019s a very good initiative for the kids\u2019 development,\u201d he underlines. V\u00edctor G\u00f3mez, U16s goalkeeper, also talks about this initial experience: \u201cAt first, you\u2019re a bit hesitant because you don\u2019t know what you\u2019re going to find, but once you experience it, it\u2019s a very good feeling to be able to share a day with different people. It\u2019s a very nice project and it helps everyone a lot. We take some very good things away with us.\u201d Although V\u00edctor has been with the club for some years now, this is his second edition of Endavant, which when he arrived, was halted due to the COVID-19 pandemic. Thanks to the project, he has been able to live with very diverse people from different generations: \u201cLast year we lived with a shelter for children our age. We lived with them and we saw that not everyone is as lucky as we are and we tried to help them. This year, with the residence, they have more experience than us and can give us advice.\u201d Like V\u00edctor, his colleagues try to learn from the users of the Virgen de Gr\u00e0cia residence, many of whom, like Pepe, are great Villarreal fans. Thanks to Endavant, they share unique moments and a passion for the badge.","headings":[{"type":"heading","level":2,"text":"The teenage players pick up the elderly from the nursing home to show them around La Cer\u00e1mica"}],"texts":[{"type":"paragraph","text":"This year, the Yellows U16s are spending time with the senior citizens from the Mare de D\u00e9u de Gr\u00e0cia care home in Vila-real, thanks to the Endavant Igualtat project. They have already carried out several activities as part of the club\u2019s Corporate Social Responsibility programme, but the last one was undoubtedly the most special. V\u00edctor Herrero\u2019s players went to the centre to meet their new friends for the season and show them around the renovated Estadio de la Cer\u00e1mica, the home of all the Yellows."},{"type":"paragraph","text":"The residents of the centre were able to get to know different rooms of the yellow stadium, such as the press room, the changing rooms or the bench area, imagining directing a match from that position. \u201cWe have come to see how the stadium has been built and all the adjacent areas, so we can get to know how the club works,\u201d explained Pepe Gall\u00e9n, one of the residents of the home."},{"type":"paragraph","text":"Pepe is a great Villarreal fan, who recites from memory the line-up of the heroes of the 1970 promotion to the Second Division: \u201cAlapont, Deb\u00f3n, Alca\u00f1iz, Marzal, Eusebio, Linares, Mart\u00ednez, Luiche, Palau, Causanilles and Serrano\u201d. If that promotion was already a milestone for the Submarine\u2019s fans, the Europa League, Pepe\u2019s generation could not even imagine it: \u201cA very big accolade. This was a small club that, little by little, has gone from strength to strength. The people are very grateful to the club,\u201d he recalls."},{"type":"paragraph","text":"A project that continues to surprise"},{"type":"paragraph","text":"If anything also surprises Pepe, it is the human quality of the players and coaches of the U16s (Cadete A) and their involvement in Endavant Igualtat, a project that cheers them up for a good part of the year: \u201cIt gives us a space in which we trust in the people. The players who come to see us fill our hearts because we are a bit of a part of the world\u201d, explains an excited Pepe, who is not the only one surprised by the Groguet Corporate Social Responsibility programme."},{"type":"paragraph","text":"Daniel Lorente, U16s assistant coach, is living his first season at Miralcamp and did not expect this involvement of the club with the province of Castell\u00f3n: \u201cThe impact was great when I entered the club and saw how it worked. I was surprised by this more human side because it is not in any other place I know. You take the kids out of their daily bubble of the sports area and make them see the day-to-day realities outside of football. It\u2019s a very good initiative for the kids\u2019 development,\u201d he underlines."},{"type":"paragraph","text":"V\u00edctor G\u00f3mez, U16s goalkeeper, also talks about this initial experience: \u201cAt first, you\u2019re a bit hesitant because you don\u2019t know what you\u2019re going to find, but once you experience it, it\u2019s a very good feeling to be able to share a day with different people. It\u2019s a very nice project and it helps everyone a lot. We take some very good things away with us.\u201d"},{"type":"paragraph","text":"Although V\u00edctor has been with the club for some years now, this is his second edition of Endavant, which when he arrived, was halted due to the COVID-19 pandemic. Thanks to the project, he has been able to live with very diverse people from different generations: \u201cLast year we lived with a shelter for children our age. We lived with them and we saw that not everyone is as lucky as we are and we tried to help them. This year, with the residence, they have more experience than us and can give us advice.\u201d"},{"type":"paragraph","text":"Like V\u00edctor, his colleagues try to learn from the users of the Virgen de Gr\u00e0cia residence, many of whom, like Pepe, are great Villarreal fans. Thanks to Endavant, they share unique moments and a passion for the badge."}],"buttons":[],"images":[{"type":"image","url":"https:\/\/villarrealcf.es\/wp-content\/uploads\/2024\/04\/20240422-CadeteVisitaEstadioResidenciaAncianos-023-1620x1080.jpg","alt":"","width":1620,"height":1080,"srcset":"https:\/\/villarrealcf.es\/wp-content\/uploads\/2024\/04\/20240422-CadeteVisitaEstadioResidenciaAncianos-023-1620x1080.jpg 1620w, https:\/\/villarrealcf.es\/wp-content\/uploads\/2024\/04\/20240422-CadeteVisitaEstadioResidenciaAncianos-023-1620x1080.jpg 1920w, https:\/\/villarrealcf.es\/wp-content\/uploads\/2024\/04\/20240422-CadeteVisitaEstadioResidenciaAncianos-023-1536x1024.jpg 1536w, https:\/\/villarrealcf.es\/wp-content\/uploads\/2024\/04\/20240422-CadeteVisitaEstadioResidenciaAncianos-023-2048x1365.jpg 2048w, https:\/\/villarrealcf.es\/wp-content\/uploads\/2024\/04\/20240422-CadeteVisitaEstadioResidenciaAncianos-023-1620x1080.jpg 1920w, https:\/\/villarrealcf.es\/wp-content\/uploads\/2024\/04\/20240422-CadeteVisitaEstadioResidenciaAncianos-023-1620x1080.jpg 1920w, https:\/\/villarrealcf.es\/wp-content\/uploads\/2024\/04\/20240422-CadeteVisitaEstadioResidenciaAncianos-023-32x21.jpg 32w, https:\/\/villarrealcf.es\/wp-content\/uploads\/2024\/04\/20240422-CadeteVisitaEstadioResidenciaAncianos-023-150x100.jpg 150w, https:\/\/villarrealcf.es\/wp-content\/uploads\/2024\/04\/20240422-CadeteVisitaEstadioResidenciaAncianos-023-1620x1080.jpg 1920w, https:\/\/villarrealcf.es\/wp-content\/uploads\/2024\/04\/20240422-CadeteVisitaEstadioResidenciaAncianos-023-1200x800.jpg 1200w","sizes":"auto, (max-width: 1620px) 100vw, 1620px"},{"type":"image","url":"https:\/\/villarrealcf.es\/wp-content\/uploads\/2024\/04\/20240422-CadeteVisitaEstadioResidenciaAncianos-009-1620x1080.jpg","alt":"","width":1620,"height":1080,"srcset":"https:\/\/villarrealcf.es\/wp-content\/uploads\/2024\/04\/20240422-CadeteVisitaEstadioResidenciaAncianos-009-1620x1080.jpg 1620w, https:\/\/villarrealcf.es\/wp-content\/uploads\/2024\/04\/20240422-CadeteVisitaEstadioResidenciaAncianos-009-1620x1080.jpg 1920w, https:\/\/villarrealcf.es\/wp-content\/uploads\/2024\/04\/20240422-CadeteVisitaEstadioResidenciaAncianos-009-1536x1024.jpg 1536w, https:\/\/villarrealcf.es\/wp-content\/uploads\/2024\/04\/20240422-CadeteVisitaEstadioResidenciaAncianos-009-2048x1365.jpg 2048w, https:\/\/villarrealcf.es\/wp-content\/uploads\/2024\/04\/20240422-CadeteVisitaEstadioResidenciaAncianos-009-1620x1080.jpg 1920w, https:\/\/villarrealcf.es\/wp-content\/uploads\/2024\/04\/20240422-CadeteVisitaEstadioResidenciaAncianos-009-1620x1080.jpg 1920w, https:\/\/villarrealcf.es\/wp-content\/uploads\/2024\/04\/20240422-CadeteVisitaEstadioResidenciaAncianos-009-32x21.jpg 32w, https:\/\/villarrealcf.es\/wp-content\/uploads\/2024\/04\/20240422-CadeteVisitaEstadioResidenciaAncianos-009-150x100.jpg 150w, https:\/\/villarrealcf.es\/wp-content\/uploads\/2024\/04\/20240422-CadeteVisitaEstadioResidenciaAncianos-009-1620x1080.jpg 1920w, https:\/\/villarrealcf.es\/wp-content\/uploads\/2024\/04\/20240422-CadeteVisitaEstadioResidenciaAncianos-009-1200x800.jpg 1200w","sizes":"auto, (max-width: 1620px) 100vw, 1620px"},{"type":"image","url":"https:\/\/villarrealcf.es\/wp-content\/uploads\/2024\/04\/20240422-CadeteVisitaEstadioResidenciaAncianos-018-1620x1080.jpg","alt":"","width":1620,"height":1080,"srcset":"https:\/\/villarrealcf.es\/wp-content\/uploads\/2024\/04\/20240422-CadeteVisitaEstadioResidenciaAncianos-018-1620x1080.jpg 1620w, https:\/\/villarrealcf.es\/wp-content\/uploads\/2024\/04\/20240422-CadeteVisitaEstadioResidenciaAncianos-018-1620x1080.jpg 1920w, https:\/\/villarrealcf.es\/wp-content\/uploads\/2024\/04\/20240422-CadeteVisitaEstadioResidenciaAncianos-018-1536x1024.jpg 1536w, https:\/\/villarrealcf.es\/wp-content\/uploads\/2024\/04\/20240422-CadeteVisitaEstadioResidenciaAncianos-018-2048x1365.jpg 2048w, https:\/\/villarrealcf.es\/wp-content\/uploads\/2024\/04\/20240422-CadeteVisitaEstadioResidenciaAncianos-018-1620x1080.jpg 1920w, https:\/\/villarrealcf.es\/wp-content\/uploads\/2024\/04\/20240422-CadeteVisitaEstadioResidenciaAncianos-018-1620x1080.jpg 1920w, https:\/\/villarrealcf.es\/wp-content\/uploads\/2024\/04\/20240422-CadeteVisitaEstadioResidenciaAncianos-018-32x21.jpg 32w, https:\/\/villarrealcf.es\/wp-content\/uploads\/2024\/04\/20240422-CadeteVisitaEstadioResidenciaAncianos-018-150x100.jpg 150w, https:\/\/villarrealcf.es\/wp-content\/uploads\/2024\/04\/20240422-CadeteVisitaEstadioResidenciaAncianos-018-1620x1080.jpg 1920w, https:\/\/villarrealcf.es\/wp-content\/uploads\/2024\/04\/20240422-CadeteVisitaEstadioResidenciaAncianos-018-1200x800.jpg 1200w","sizes":"auto, (max-width: 1620px) 100vw, 1620px"},{"type":"image","url":"https:\/\/villarrealcf.es\/wp-content\/uploads\/2024\/04\/20240422-CadeteVisitaEstadioResidenciaAncianos-007-1620x1080.jpg","alt":"","width":1620,"height":1080,"srcset":"https:\/\/villarrealcf.es\/wp-content\/uploads\/2024\/04\/20240422-CadeteVisitaEstadioResidenciaAncianos-007-1620x1080.jpg 1620w, https:\/\/villarrealcf.es\/wp-content\/uploads\/2024\/04\/20240422-CadeteVisitaEstadioResidenciaAncianos-007-1620x1080.jpg 1920w, https:\/\/villarrealcf.es\/wp-content\/uploads\/2024\/04\/20240422-CadeteVisitaEstadioResidenciaAncianos-007-1536x1024.jpg 1536w, https:\/\/villarrealcf.es\/wp-content\/uploads\/2024\/04\/20240422-CadeteVisitaEstadioResidenciaAncianos-007-2048x1365.jpg 2048w, https:\/\/villarrealcf.es\/wp-content\/uploads\/2024\/04\/20240422-CadeteVisitaEstadioResidenciaAncianos-007-1620x1080.jpg 1920w, https:\/\/villarrealcf.es\/wp-content\/uploads\/2024\/04\/20240422-CadeteVisitaEstadioResidenciaAncianos-007-1620x1080.jpg 1920w, https:\/\/villarrealcf.es\/wp-content\/uploads\/2024\/04\/20240422-CadeteVisitaEstadioResidenciaAncianos-007-32x21.jpg 32w, https:\/\/villarrealcf.es\/wp-content\/uploads\/2024\/04\/20240422-CadeteVisitaEstadioResidenciaAncianos-007-150x100.jpg 150w, https:\/\/villarrealcf.es\/wp-content\/uploads\/2024\/04\/20240422-CadeteVisitaEstadioResidenciaAncianos-007-1620x1080.jpg 1920w, https:\/\/villarrealcf.es\/wp-content\/uploads\/2024\/04\/20240422-CadeteVisitaEstadioResidenciaAncianos-007-1200x800.jpg 1200w","sizes":"auto, (max-width: 1620px) 100vw, 1620px"}],"widgets":[],"blocks":[{"type":"heading","level":2,"text":"The teenage players pick up the elderly from the nursing home to show them around La Cer\u00e1mica"},{"type":"paragraph","text":"This year, the Yellows U16s are spending time with the senior citizens from the Mare de D\u00e9u de Gr\u00e0cia care home in Vila-real, thanks to the Endavant Igualtat project. They have already carried out several activities as part of the club\u2019s Corporate Social Responsibility programme, but the last one was undoubtedly the most special. V\u00edctor Herrero\u2019s players went to the centre to meet their new friends for the season and show them around the renovated Estadio de la Cer\u00e1mica, the home of all the Yellows."},{"type":"paragraph","text":"The residents of the centre were able to get to know different rooms of the yellow stadium, such as the press room, the changing rooms or the bench area, imagining directing a match from that position. \u201cWe have come to see how the stadium has been built and all the adjacent areas, so we can get to know how the club works,\u201d explained Pepe Gall\u00e9n, one of the residents of the home."},{"type":"image","url":"https:\/\/villarrealcf.es\/wp-content\/uploads\/2024\/04\/20240422-CadeteVisitaEstadioResidenciaAncianos-023-1620x1080.jpg","alt":"","width":1620,"height":1080,"srcset":"https:\/\/villarrealcf.es\/wp-content\/uploads\/2024\/04\/20240422-CadeteVisitaEstadioResidenciaAncianos-023-1620x1080.jpg 1620w, https:\/\/villarrealcf.es\/wp-content\/uploads\/2024\/04\/20240422-CadeteVisitaEstadioResidenciaAncianos-023-1620x1080.jpg 1920w, https:\/\/villarrealcf.es\/wp-content\/uploads\/2024\/04\/20240422-CadeteVisitaEstadioResidenciaAncianos-023-1536x1024.jpg 1536w, https:\/\/villarrealcf.es\/wp-content\/uploads\/2024\/04\/20240422-CadeteVisitaEstadioResidenciaAncianos-023-2048x1365.jpg 2048w, https:\/\/villarrealcf.es\/wp-content\/uploads\/2024\/04\/20240422-CadeteVisitaEstadioResidenciaAncianos-023-1620x1080.jpg 1920w, https:\/\/villarrealcf.es\/wp-content\/uploads\/2024\/04\/20240422-CadeteVisitaEstadioResidenciaAncianos-023-1620x1080.jpg 1920w, https:\/\/villarrealcf.es\/wp-content\/uploads\/2024\/04\/20240422-CadeteVisitaEstadioResidenciaAncianos-023-32x21.jpg 32w, https:\/\/villarrealcf.es\/wp-content\/uploads\/2024\/04\/20240422-CadeteVisitaEstadioResidenciaAncianos-023-150x100.jpg 150w, https:\/\/villarrealcf.es\/wp-content\/uploads\/2024\/04\/20240422-CadeteVisitaEstadioResidenciaAncianos-023-1620x1080.jpg 1920w, https:\/\/villarrealcf.es\/wp-content\/uploads\/2024\/04\/20240422-CadeteVisitaEstadioResidenciaAncianos-023-1200x800.jpg 1200w","sizes":"auto, (max-width: 1620px) 100vw, 1620px"},{"type":"paragraph","text":"Pepe is a great Villarreal fan, who recites from memory the line-up of the heroes of the 1970 promotion to the Second Division: \u201cAlapont, Deb\u00f3n, Alca\u00f1iz, Marzal, Eusebio, Linares, Mart\u00ednez, Luiche, Palau, Causanilles and Serrano\u201d. If that promotion was already a milestone for the Submarine\u2019s fans, the Europa League, Pepe\u2019s generation could not even imagine it: \u201cA very big accolade. This was a small club that, little by little, has gone from strength to strength. The people are very grateful to the club,\u201d he recalls."},{"type":"image","url":"https:\/\/villarrealcf.es\/wp-content\/uploads\/2024\/04\/20240422-CadeteVisitaEstadioResidenciaAncianos-009-1620x1080.jpg","alt":"","width":1620,"height":1080,"srcset":"https:\/\/villarrealcf.es\/wp-content\/uploads\/2024\/04\/20240422-CadeteVisitaEstadioResidenciaAncianos-009-1620x1080.jpg 1620w, https:\/\/villarrealcf.es\/wp-content\/uploads\/2024\/04\/20240422-CadeteVisitaEstadioResidenciaAncianos-009-1620x1080.jpg 1920w, https:\/\/villarrealcf.es\/wp-content\/uploads\/2024\/04\/20240422-CadeteVisitaEstadioResidenciaAncianos-009-1536x1024.jpg 1536w, https:\/\/villarrealcf.es\/wp-content\/uploads\/2024\/04\/20240422-CadeteVisitaEstadioResidenciaAncianos-009-2048x1365.jpg 2048w, https:\/\/villarrealcf.es\/wp-content\/uploads\/2024\/04\/20240422-CadeteVisitaEstadioResidenciaAncianos-009-1620x1080.jpg 1920w, https:\/\/villarrealcf.es\/wp-content\/uploads\/2024\/04\/20240422-CadeteVisitaEstadioResidenciaAncianos-009-1620x1080.jpg 1920w, https:\/\/villarrealcf.es\/wp-content\/uploads\/2024\/04\/20240422-CadeteVisitaEstadioResidenciaAncianos-009-32x21.jpg 32w, https:\/\/villarrealcf.es\/wp-content\/uploads\/2024\/04\/20240422-CadeteVisitaEstadioResidenciaAncianos-009-150x100.jpg 150w, https:\/\/villarrealcf.es\/wp-content\/uploads\/2024\/04\/20240422-CadeteVisitaEstadioResidenciaAncianos-009-1620x1080.jpg 1920w, https:\/\/villarrealcf.es\/wp-content\/uploads\/2024\/04\/20240422-CadeteVisitaEstadioResidenciaAncianos-009-1200x800.jpg 1200w","sizes":"auto, (max-width: 1620px) 100vw, 1620px"},{"type":"paragraph","text":"A project that continues to surprise"},{"type":"paragraph","text":"If anything also surprises Pepe, it is the human quality of the players and coaches of the U16s (Cadete A) and their involvement in Endavant Igualtat, a project that cheers them up for a good part of the year: \u201cIt gives us a space in which we trust in the people. The players who come to see us fill our hearts because we are a bit of a part of the world\u201d, explains an excited Pepe, who is not the only one surprised by the Groguet Corporate Social Responsibility programme."},{"type":"paragraph","text":"Daniel Lorente, U16s assistant coach, is living his first season at Miralcamp and did not expect this involvement of the club with the province of Castell\u00f3n: \u201cThe impact was great when I entered the club and saw how it worked. I was surprised by this more human side because it is not in any other place I know. You take the kids out of their daily bubble of the sports area and make them see the day-to-day realities outside of football. It\u2019s a very good initiative for the kids\u2019 development,\u201d he underlines."},{"type":"image","url":"https:\/\/villarrealcf.es\/wp-content\/uploads\/2024\/04\/20240422-CadeteVisitaEstadioResidenciaAncianos-018-1620x1080.jpg","alt":"","width":1620,"height":1080,"srcset":"https:\/\/villarrealcf.es\/wp-content\/uploads\/2024\/04\/20240422-CadeteVisitaEstadioResidenciaAncianos-018-1620x1080.jpg 1620w, https:\/\/villarrealcf.es\/wp-content\/uploads\/2024\/04\/20240422-CadeteVisitaEstadioResidenciaAncianos-018-1620x1080.jpg 1920w, https:\/\/villarrealcf.es\/wp-content\/uploads\/2024\/04\/20240422-CadeteVisitaEstadioResidenciaAncianos-018-1536x1024.jpg 1536w, https:\/\/villarrealcf.es\/wp-content\/uploads\/2024\/04\/20240422-CadeteVisitaEstadioResidenciaAncianos-018-2048x1365.jpg 2048w, https:\/\/villarrealcf.es\/wp-content\/uploads\/2024\/04\/20240422-CadeteVisitaEstadioResidenciaAncianos-018-1620x1080.jpg 1920w, https:\/\/villarrealcf.es\/wp-content\/uploads\/2024\/04\/20240422-CadeteVisitaEstadioResidenciaAncianos-018-1620x1080.jpg 1920w, https:\/\/villarrealcf.es\/wp-content\/uploads\/2024\/04\/20240422-CadeteVisitaEstadioResidenciaAncianos-018-32x21.jpg 32w, https:\/\/villarrealcf.es\/wp-content\/uploads\/2024\/04\/20240422-CadeteVisitaEstadioResidenciaAncianos-018-150x100.jpg 150w, https:\/\/villarrealcf.es\/wp-content\/uploads\/2024\/04\/20240422-CadeteVisitaEstadioResidenciaAncianos-018-1620x1080.jpg 1920w, https:\/\/villarrealcf.es\/wp-content\/uploads\/2024\/04\/20240422-CadeteVisitaEstadioResidenciaAncianos-018-1200x800.jpg 1200w","sizes":"auto, (max-width: 1620px) 100vw, 1620px"},{"type":"paragraph","text":"V\u00edctor G\u00f3mez, U16s goalkeeper, also talks about this initial experience: \u201cAt first, you\u2019re a bit hesitant because you don\u2019t know what you\u2019re going to find, but once you experience it, it\u2019s a very good feeling to be able to share a day with different people. It\u2019s a very nice project and it helps everyone a lot. We take some very good things away with us.\u201d"},{"type":"paragraph","text":"Although V\u00edctor has been with the club for some years now, this is his second edition of Endavant, which when he arrived, was halted due to the COVID-19 pandemic. Thanks to the project, he has been able to live with very diverse people from different generations: \u201cLast year we lived with a shelter for children our age. We lived with them and we saw that not everyone is as lucky as we are and we tried to help them. This year, with the residence, they have more experience than us and can give us advice.\u201d"},{"type":"image","url":"https:\/\/villarrealcf.es\/wp-content\/uploads\/2024\/04\/20240422-CadeteVisitaEstadioResidenciaAncianos-007-1620x1080.jpg","alt":"","width":1620,"height":1080,"srcset":"https:\/\/villarrealcf.es\/wp-content\/uploads\/2024\/04\/20240422-CadeteVisitaEstadioResidenciaAncianos-007-1620x1080.jpg 1620w, https:\/\/villarrealcf.es\/wp-content\/uploads\/2024\/04\/20240422-CadeteVisitaEstadioResidenciaAncianos-007-1620x1080.jpg 1920w, https:\/\/villarrealcf.es\/wp-content\/uploads\/2024\/04\/20240422-CadeteVisitaEstadioResidenciaAncianos-007-1536x1024.jpg 1536w, https:\/\/villarrealcf.es\/wp-content\/uploads\/2024\/04\/20240422-CadeteVisitaEstadioResidenciaAncianos-007-2048x1365.jpg 2048w, https:\/\/villarrealcf.es\/wp-content\/uploads\/2024\/04\/20240422-CadeteVisitaEstadioResidenciaAncianos-007-1620x1080.jpg 1920w, https:\/\/villarrealcf.es\/wp-content\/uploads\/2024\/04\/20240422-CadeteVisitaEstadioResidenciaAncianos-007-1620x1080.jpg 1920w, https:\/\/villarrealcf.es\/wp-content\/uploads\/2024\/04\/20240422-CadeteVisitaEstadioResidenciaAncianos-007-32x21.jpg 32w, https:\/\/villarrealcf.es\/wp-content\/uploads\/2024\/04\/20240422-CadeteVisitaEstadioResidenciaAncianos-007-150x100.jpg 150w, https:\/\/villarrealcf.es\/wp-content\/uploads\/2024\/04\/20240422-CadeteVisitaEstadioResidenciaAncianos-007-1620x1080.jpg 1920w, https:\/\/villarrealcf.es\/wp-content\/uploads\/2024\/04\/20240422-CadeteVisitaEstadioResidenciaAncianos-007-1200x800.jpg 1200w","sizes":"auto, (max-width: 1620px) 100vw, 1620px"},{"type":"paragraph","text":"Like V\u00edctor, his colleagues try to learn from the users of the Virgen de Gr\u00e0cia residence, many of whom, like Pepe, are great Villarreal fans. Thanks to Endavant, they share unique moments and a passion for the badge."}]}},"sections":[{"id":"section-1","title":"The teenage players pick up the elderly from the nursing home to show them around La Cer\u00e1mica","text":"The teenage players pick up the elderly from the nursing home to show them around La Cer\u00e1mica This year, the Yellows U16s are spending time with the senior citizens from the Mare de D\u00e9u de Gr\u00e0cia care home in Vila-real, thanks to the Endavant Igualtat project. They have already carried out several activities as part of the club\u2019s Corporate Social Responsibility programme, but the last one was undoubtedly the most special. V\u00edctor Herrero\u2019s players went to the centre to meet their new friends for the season and show them around the renovated Estadio de la Cer\u00e1mica, the home of all the Yellows. The residents of the centre were able to get to know different rooms of the yellow stadium, such as the press room, the changing rooms or the bench area, imagining directing a match from that position. \u201cWe have come to see how the stadium has been built and all the adjacent areas, so we can get to know how the club works,\u201d explained Pepe Gall\u00e9n, one of the residents of the home. Pepe is a great Villarreal fan, who recites from memory the line-up of the heroes of the 1970 promotion to the Second Division: \u201cAlapont, Deb\u00f3n, Alca\u00f1iz, Marzal, Eusebio, Linares, Mart\u00ednez, Luiche, Palau, Causanilles and Serrano\u201d. If that promotion was already a milestone for the Submarine\u2019s fans, the Europa League, Pepe\u2019s generation could not even imagine it: \u201cA very big accolade. This was a small club that, little by little, has gone from strength to strength. The people are very grateful to the club,\u201d he recalls. A project that continues to surprise If anything also surprises Pepe, it is the human quality of the players and coaches of the U16s (Cadete A) and their involvement in Endavant Igualtat, a project that cheers them up for a good part of the year: \u201cIt gives us a space in which we trust in the people. The players who come to see us fill our hearts because we are a bit of a part of the world\u201d, explains an excited Pepe, who is not the only one surprised by the Groguet Corporate Social Responsibility programme. Daniel Lorente, U16s assistant coach, is living his first season at Miralcamp and did not expect this involvement of the club with the province of Castell\u00f3n: \u201cThe impact was great when I entered the club and saw how it worked. I was surprised by this more human side because it is not in any other place I know. You take the kids out of their daily bubble of the sports area and make them see the day-to-day realities outside of football. It\u2019s a very good initiative for the kids\u2019 development,\u201d he underlines. V\u00edctor G\u00f3mez, U16s goalkeeper, also talks about this initial experience: \u201cAt first, you\u2019re a bit hesitant because you don\u2019t know what you\u2019re going to find, but once you experience it, it\u2019s a very good feeling to be able to share a day with different people. It\u2019s a very nice project and it helps everyone a lot. We take some very good things away with us.\u201d Although V\u00edctor has been with the club for some years now, this is his second edition of Endavant, which when he arrived, was halted due to the COVID-19 pandemic. Thanks to the project, he has been able to live with very diverse people from different generations: \u201cLast year we lived with a shelter for children our age. We lived with them and we saw that not everyone is as lucky as we are and we tried to help them. This year, with the residence, they have more experience than us and can give us advice.\u201d Like V\u00edctor, his colleagues try to learn from the users of the Virgen de Gr\u00e0cia residence, many of whom, like Pepe, are great Villarreal fans. Thanks to Endavant, they share unique moments and a passion for the badge.","url":"","background_image":"","images":[{"type":"image","url":"https:\/\/villarrealcf.es\/wp-content\/uploads\/2024\/04\/20240422-CadeteVisitaEstadioResidenciaAncianos-023-1620x1080.jpg","alt":"","width":1620,"height":1080,"srcset":"https:\/\/villarrealcf.es\/wp-content\/uploads\/2024\/04\/20240422-CadeteVisitaEstadioResidenciaAncianos-023-1620x1080.jpg 1620w, https:\/\/villarrealcf.es\/wp-content\/uploads\/2024\/04\/20240422-CadeteVisitaEstadioResidenciaAncianos-023-1620x1080.jpg 1920w, https:\/\/villarrealcf.es\/wp-content\/uploads\/2024\/04\/20240422-CadeteVisitaEstadioResidenciaAncianos-023-1536x1024.jpg 1536w, https:\/\/villarrealcf.es\/wp-content\/uploads\/2024\/04\/20240422-CadeteVisitaEstadioResidenciaAncianos-023-2048x1365.jpg 2048w, https:\/\/villarrealcf.es\/wp-content\/uploads\/2024\/04\/20240422-CadeteVisitaEstadioResidenciaAncianos-023-1620x1080.jpg 1920w, https:\/\/villarrealcf.es\/wp-content\/uploads\/2024\/04\/20240422-CadeteVisitaEstadioResidenciaAncianos-023-1620x1080.jpg 1920w, https:\/\/villarrealcf.es\/wp-content\/uploads\/2024\/04\/20240422-CadeteVisitaEstadioResidenciaAncianos-023-32x21.jpg 32w, https:\/\/villarrealcf.es\/wp-content\/uploads\/2024\/04\/20240422-CadeteVisitaEstadioResidenciaAncianos-023-150x100.jpg 150w, https:\/\/villarrealcf.es\/wp-content\/uploads\/2024\/04\/20240422-CadeteVisitaEstadioResidenciaAncianos-023-1620x1080.jpg 1920w, https:\/\/villarrealcf.es\/wp-content\/uploads\/2024\/04\/20240422-CadeteVisitaEstadioResidenciaAncianos-023-1200x800.jpg 1200w","sizes":"auto, (max-width: 1620px) 100vw, 1620px"},{"type":"image","url":"https:\/\/villarrealcf.es\/wp-content\/uploads\/2024\/04\/20240422-CadeteVisitaEstadioResidenciaAncianos-009-1620x1080.jpg","alt":"","width":1620,"height":1080,"srcset":"https:\/\/villarrealcf.es\/wp-content\/uploads\/2024\/04\/20240422-CadeteVisitaEstadioResidenciaAncianos-009-1620x1080.jpg 1620w, https:\/\/villarrealcf.es\/wp-content\/uploads\/2024\/04\/20240422-CadeteVisitaEstadioResidenciaAncianos-009-1620x1080.jpg 1920w, https:\/\/villarrealcf.es\/wp-content\/uploads\/2024\/04\/20240422-CadeteVisitaEstadioResidenciaAncianos-009-1536x1024.jpg 1536w, https:\/\/villarrealcf.es\/wp-content\/uploads\/2024\/04\/20240422-CadeteVisitaEstadioResidenciaAncianos-009-2048x1365.jpg 2048w, https:\/\/villarrealcf.es\/wp-content\/uploads\/2024\/04\/20240422-CadeteVisitaEstadioResidenciaAncianos-009-1620x1080.jpg 1920w, https:\/\/villarrealcf.es\/wp-content\/uploads\/2024\/04\/20240422-CadeteVisitaEstadioResidenciaAncianos-009-1620x1080.jpg 1920w, https:\/\/villarrealcf.es\/wp-content\/uploads\/2024\/04\/20240422-CadeteVisitaEstadioResidenciaAncianos-009-32x21.jpg 32w, https:\/\/villarrealcf.es\/wp-content\/uploads\/2024\/04\/20240422-CadeteVisitaEstadioResidenciaAncianos-009-150x100.jpg 150w, https:\/\/villarrealcf.es\/wp-content\/uploads\/2024\/04\/20240422-CadeteVisitaEstadioResidenciaAncianos-009-1620x1080.jpg 1920w, https:\/\/villarrealcf.es\/wp-content\/uploads\/2024\/04\/20240422-CadeteVisitaEstadioResidenciaAncianos-009-1200x800.jpg 1200w","sizes":"auto, (max-width: 1620px) 100vw, 1620px"},{"type":"image","url":"https:\/\/villarrealcf.es\/wp-content\/uploads\/2024\/04\/20240422-CadeteVisitaEstadioResidenciaAncianos-018-1620x1080.jpg","alt":"","width":1620,"height":1080,"srcset":"https:\/\/villarrealcf.es\/wp-content\/uploads\/2024\/04\/20240422-CadeteVisitaEstadioResidenciaAncianos-018-1620x1080.jpg 1620w, https:\/\/villarrealcf.es\/wp-content\/uploads\/2024\/04\/20240422-CadeteVisitaEstadioResidenciaAncianos-018-1620x1080.jpg 1920w, https:\/\/villarrealcf.es\/wp-content\/uploads\/2024\/04\/20240422-CadeteVisitaEstadioResidenciaAncianos-018-1536x1024.jpg 1536w, https:\/\/villarrealcf.es\/wp-content\/uploads\/2024\/04\/20240422-CadeteVisitaEstadioResidenciaAncianos-018-2048x1365.jpg 2048w, https:\/\/villarrealcf.es\/wp-content\/uploads\/2024\/04\/20240422-CadeteVisitaEstadioResidenciaAncianos-018-1620x1080.jpg 1920w, https:\/\/villarrealcf.es\/wp-content\/uploads\/2024\/04\/20240422-CadeteVisitaEstadioResidenciaAncianos-018-1620x1080.jpg 1920w, https:\/\/villarrealcf.es\/wp-content\/uploads\/2024\/04\/20240422-CadeteVisitaEstadioResidenciaAncianos-018-32x21.jpg 32w, https:\/\/villarrealcf.es\/wp-content\/uploads\/2024\/04\/20240422-CadeteVisitaEstadioResidenciaAncianos-018-150x100.jpg 150w, https:\/\/villarrealcf.es\/wp-content\/uploads\/2024\/04\/20240422-CadeteVisitaEstadioResidenciaAncianos-018-1620x1080.jpg 1920w, https:\/\/villarrealcf.es\/wp-content\/uploads\/2024\/04\/20240422-CadeteVisitaEstadioResidenciaAncianos-018-1200x800.jpg 1200w","sizes":"auto, (max-width: 1620px) 100vw, 1620px"},{"type":"image","url":"https:\/\/villarrealcf.es\/wp-content\/uploads\/2024\/04\/20240422-CadeteVisitaEstadioResidenciaAncianos-007-1620x1080.jpg","alt":"","width":1620,"height":1080,"srcset":"https:\/\/villarrealcf.es\/wp-content\/uploads\/2024\/04\/20240422-CadeteVisitaEstadioResidenciaAncianos-007-1620x1080.jpg 1620w, https:\/\/villarrealcf.es\/wp-content\/uploads\/2024\/04\/20240422-CadeteVisitaEstadioResidenciaAncianos-007-1620x1080.jpg 1920w, https:\/\/villarrealcf.es\/wp-content\/uploads\/2024\/04\/20240422-CadeteVisitaEstadioResidenciaAncianos-007-1536x1024.jpg 1536w, https:\/\/villarrealcf.es\/wp-content\/uploads\/2024\/04\/20240422-CadeteVisitaEstadioResidenciaAncianos-007-2048x1365.jpg 2048w, https:\/\/villarrealcf.es\/wp-content\/uploads\/2024\/04\/20240422-CadeteVisitaEstadioResidenciaAncianos-007-1620x1080.jpg 1920w, https:\/\/villarrealcf.es\/wp-content\/uploads\/2024\/04\/20240422-CadeteVisitaEstadioResidenciaAncianos-007-1620x1080.jpg 1920w, https:\/\/villarrealcf.es\/wp-content\/uploads\/2024\/04\/20240422-CadeteVisitaEstadioResidenciaAncianos-007-32x21.jpg 32w, https:\/\/villarrealcf.es\/wp-content\/uploads\/2024\/04\/20240422-CadeteVisitaEstadioResidenciaAncianos-007-150x100.jpg 150w, https:\/\/villarrealcf.es\/wp-content\/uploads\/2024\/04\/20240422-CadeteVisitaEstadioResidenciaAncianos-007-1620x1080.jpg 1920w, https:\/\/villarrealcf.es\/wp-content\/uploads\/2024\/04\/20240422-CadeteVisitaEstadioResidenciaAncianos-007-1200x800.jpg 1200w","sizes":"auto, (max-width: 1620px) 100vw, 1620px"}],"videos":[],"links":[]}]},"excerpt":{"rendered":"The teenage players pick up the elderly from the nursing home to show them around La Cer\u00e1mica","protected":false},"author":1,"featured_media":304727,"comment_status":"closed","ping_status":"closed","sticky":false,"template":"","format":"standard","meta":{"_acf_changed":false,"footnotes":""},"categories":[13508,16369],"tags":[6372,13424,13478,13789,13504,13544,13463,9199,13482,13487],"acf":null,"lang":"en","translations":{"es":304724,"val":304743,"en":304828},"essential_grid":{"has_grid":false},"formatted_date":"April 30, 2024","modified_date":"April 24, 2024","permalink":"https:\/\/villarrealcf.es\/en\/two-generations-united-thanks-to-endavant-igualtat\/","reading_time":4,"featured_media_data":{"id":304727,"title":"endavant","caption":"","alt_text":"","description":"","mime_type":"image\/jpeg","source_url":"https:\/\/villarrealcf.es\/wp-content\/uploads\/2024\/04\/endavant-1-scaled.jpg","sizes":{"thumbnail":{"url":"https:\/\/villarrealcf.es\/wp-content\/uploads\/2024\/04\/endavant-1-1920x1080.jpg","width":1920,"height":1080},"medium":{"url":"https:\/\/villarrealcf.es\/wp-content\/uploads\/2024\/04\/endavant-1-1920x1080.jpg","width":1920,"height":1080},"medium_large":{"url":"https:\/\/villarrealcf.es\/wp-content\/uploads\/2024\/04\/endavant-1-768x432.jpg","width":768,"height":432},"large":{"url":"https:\/\/villarrealcf.es\/wp-content\/uploads\/2024\/04\/endavant-1-1920x1080.jpg","width":788,"height":443},"1536x1536":{"url":"https:\/\/villarrealcf.es\/wp-content\/uploads\/2024\/04\/endavant-1-1536x864.jpg","width":1536,"height":864},"2048x2048":{"url":"https:\/\/villarrealcf.es\/wp-content\/uploads\/2024\/04\/endavant-1-2048x1151.jpg","width":2048,"height":1151},"tp-image-grid":{"url":"https:\/\/villarrealcf.es\/wp-content\/uploads\/2024\/04\/endavant-1-700x700.jpg","width":700,"height":700},"size-bunyad-medium":{"url":"https:\/\/villarrealcf.es\/wp-content\/uploads\/2024\/04\/endavant-1-1920x1080.jpg","width":1920,"height":1080},"sportspress-crop-medium":{"url":"https:\/\/villarrealcf.es\/wp-content\/uploads\/2024\/04\/endavant-1-300x300.jpg","width":300,"height":300},"sportspress-fit-medium":{"url":"https:\/\/villarrealcf.es\/wp-content\/uploads\/2024\/04\/endavant-1-300x169.jpg","width":300,"height":169},"sportspress-fit-icon":{"url":"https:\/\/villarrealcf.es\/wp-content\/uploads\/2024\/04\/endavant-1-128x72.jpg","width":128,"height":72},"sportspress-fit-mini":{"url":"https:\/\/villarrealcf.es\/wp-content\/uploads\/2024\/04\/endavant-1-32x18.jpg","width":32,"height":18},"bunyad-small":{"url":"https:\/\/villarrealcf.es\/wp-content\/uploads\/2024\/04\/endavant-1-150x84.jpg","width":150,"height":84},"bunyad-medium":{"url":"https:\/\/villarrealcf.es\/wp-content\/uploads\/2024\/04\/endavant-1-450x253.jpg","width":450,"height":253},"bunyad-full":{"url":"https:\/\/villarrealcf.es\/wp-content\/uploads\/2024\/04\/endavant-1-1200x675.jpg","width":1200,"height":675},"bunyad-viewport":{"url":"https:\/\/villarrealcf.es\/wp-content\/uploads\/2024\/04\/endavant-1-2048x1151.jpg","width":2048,"height":1151},"bunyad-768":{"url":"https:\/\/villarrealcf.es\/wp-content\/uploads\/2024\/04\/endavant-1-768x432.jpg","width":768,"height":432},"full":{"url":"https:\/\/villarrealcf.es\/wp-content\/uploads\/2024\/04\/endavant-1-scaled.jpg","width":2560,"height":1439}}},"author_data":{"id":"1","name":"root_envidea","first_name":"Villarreal CF","last_name":"","description":"","avatar_url":"https:\/\/secure.gravatar.com\/avatar\/48f95f42a3ccc324f3a3458e4b9e6fb070b083e99d388e170c1afb061fa99b63?s=96&d=mm&r=g","acf":null},"taxonomies_data":{"category":[{"id":13508,"name":"Endavant","slug":"endavant-en","acf":null},{"id":16369,"name":"Estadio de la Cer\u00e1mica","slug":"estadio-de-la-ceramica-en","acf":null}],"post_tag":[{"id":6372,"name":"Endavant Igualtat","slug":"endavant-igualtat","acf":null},{"id":13424,"name":"Estadio de la Cer\u00e1mica","slug":"estadio-de-la-ceramica-en","acf":null},{"id":13478,"name":"Football","slug":"football-eng","acf":null},{"id":13789,"name":"F\u00fatbol Base","slug":"futbol-base-3-en","acf":null},{"id":13504,"name":"Sin categorizar","slug":"sin-categorizar-en-19","acf":null},{"id":13544,"name":"Sin categorizar","slug":"sin-categorizar-en-21","acf":null},{"id":13463,"name":"Sin categorizar","slug":"sin-categorizar","acf":null},{"id":9199,"name":"Soccer","slug":"soccer-d105-en","acf":null},{"id":13482,"name":"Submarine","slug":"submarine-en","acf":null},{"id":13487,"name":"Yellow Submarine","slug":"yellow-submarine-en","acf":null}],"translation_priority":[{"id":734,"name":"Optional","slug":"optional-en","acf":null}]},"seo_full":{"native":{"title":"Two generations united thanks to Endavant Igualtat - Web Oficial del Villarreal CF","description":"The teenage players pick up the elderly from the nursing home to show them around La Cer\u00e1mica","canonical":"https:\/\/villarrealcf.es\/en\/two-generations-united-thanks-to-endavant-igualtat\/"}},"_links":{"self":[{"href":"https:\/\/villarrealcf.es\/en\/wp-json\/wp\/v2\/posts\/304828","targetHints":{"allow":["GET"]}}],"collection":[{"href":"https:\/\/villarrealcf.es\/en\/wp-json\/wp\/v2\/posts"}],"about":[{"href":"https:\/\/villarrealcf.es\/en\/wp-json\/wp\/v2\/types\/post"}],"author":[{"embeddable":true,"href":"https:\/\/villarrealcf.es\/en\/wp-json\/wp\/v2\/users\/1"}],"replies":[{"embeddable":true,"href":"https:\/\/villarrealcf.es\/en\/wp-json\/wp\/v2\/comments?post=304828"}],"version-history":[{"count":0,"href":"https:\/\/villarrealcf.es\/en\/wp-json\/wp\/v2\/posts\/304828\/revisions"}],"wp:featuredmedia":[{"embeddable":true,"href":"https:\/\/villarrealcf.es\/en\/wp-json\/wp\/v2\/media\/304727"}],"wp:attachment":[{"href":"https:\/\/villarrealcf.es\/en\/wp-json\/wp\/v2\/media?parent=304828"}],"wp:term":[{"taxonomy":"category","embeddable":true,"href":"https:\/\/villarrealcf.es\/en\/wp-json\/wp\/v2\/categories?post=304828"},{"taxonomy":"post_tag","embeddable":true,"href":"https:\/\/villarrealcf.es\/en\/wp-json\/wp\/v2\/tags?post=304828"}],"curies":[{"name":"wp","href":"https:\/\/api.w.org\/{rel}","templated":true}]}}