{"id":304502,"date":"2024-04-22T11:00:58","date_gmt":"2024-04-22T09:00:58","guid":{"rendered":"https:\/\/villarrealcf.es\/asics-penyagolosa-trails-brilla-con-fuerza\/"},"modified":"2024-04-22T11:30:24","modified_gmt":"2024-04-22T09:30:24","slug":"asics-penyagolosa-trails-shines","status":"publish","type":"post","link":"https:\/\/villarrealcf.es\/en\/asics-penyagolosa-trails-shines\/","title":{"rendered":"ASICS Penyagolosa Trails shines"},"content":{"protected":false,"blocks":[{"type":"heading","level":2,"text":"More than 2,000 runners coming from 40 different countries enjoyed the fantastic MiM and CSP courses"},{"type":"paragraph","text":"The ASICS Penyagolosa Trails race was held last Saturday with a brilliant edition, with more than 2,000 participants of up to 40 nationalities who accepted the challenge of enjoying the spectacular provincial trails through which the MiM and the CSP run."},{"type":"paragraph","text":"The iconic Marat\u00f3 i Mitja also celebrated its 25th edition in style, accompanied by 1,500 athletes from all corners of the world and with a large number of local spectators who came to cheer on the participants. The event started at 6am and Jos\u00e9 \u00c1ngel Fern\u00e1ndez \u2018Canales\u2019 and Gemma Arenas won the race after more than 60 kilometres and 3,300 metres of positive ascent."},{"type":"paragraph","text":"In the CSP, which started at midnight, Ram\u00f3n Recatal\u00e1 (from La Vilavella) and the French Camille Bruyas won. The race was attended by 600 brave runners who completed the 106 kilometres with 5,600 kilometres of positive ascent."},{"type":"paragraph","text":"This prestigious event forms part of the competitions of the Endavant Esports programme, a vertical part of the club\u2019s CSR and sustainability project, through which it promotes and encourages elite sport in the province of Castell\u00f3n."},{"type":"image","url":"https:\/\/villarrealcf.es\/wp-content\/uploads\/2024\/04\/@josemiguelmunoze-_DSC0708-2-1620x1080.jpg","alt":"","width":1620,"height":1080,"srcset":"https:\/\/villarrealcf.es\/wp-content\/uploads\/2024\/04\/@josemiguelmunoze-_DSC0708-2-1620x1080.jpg 1620w, https:\/\/villarrealcf.es\/wp-content\/uploads\/2024\/04\/@josemiguelmunoze-_DSC0708-2-1620x1080.jpg 1920w, https:\/\/villarrealcf.es\/wp-content\/uploads\/2024\/04\/@josemiguelmunoze-_DSC0708-2-1536x1024.jpg 1536w, https:\/\/villarrealcf.es\/wp-content\/uploads\/2024\/04\/@josemiguelmunoze-_DSC0708-2-2048x1365.jpg 2048w, https:\/\/villarrealcf.es\/wp-content\/uploads\/2024\/04\/@josemiguelmunoze-_DSC0708-2-1620x1080.jpg 1920w, https:\/\/villarrealcf.es\/wp-content\/uploads\/2024\/04\/@josemiguelmunoze-_DSC0708-2-1620x1080.jpg 1920w, https:\/\/villarrealcf.es\/wp-content\/uploads\/2024\/04\/@josemiguelmunoze-_DSC0708-2-32x21.jpg 32w, https:\/\/villarrealcf.es\/wp-content\/uploads\/2024\/04\/@josemiguelmunoze-_DSC0708-2-150x100.jpg 150w, https:\/\/villarrealcf.es\/wp-content\/uploads\/2024\/04\/@josemiguelmunoze-_DSC0708-2-1620x1080.jpg 1920w, https:\/\/villarrealcf.es\/wp-content\/uploads\/2024\/04\/@josemiguelmunoze-_DSC0708-2-1200x800.jpg 1200w","sizes":"auto, (max-width: 1620px) 100vw, 1620px"},{"type":"image","url":"https:\/\/villarrealcf.es\/wp-content\/uploads\/2024\/04\/Camille-Bruyas.jpeg","alt":"","width":1600,"height":1065,"srcset":"https:\/\/villarrealcf.es\/wp-content\/uploads\/2024\/04\/Camille-Bruyas.jpeg 1600w, https:\/\/villarrealcf.es\/wp-content\/uploads\/2024\/04\/Camille-Bruyas.jpeg 1920w, https:\/\/villarrealcf.es\/wp-content\/uploads\/2024\/04\/Camille-Bruyas-1536x1022.jpeg 1536w, https:\/\/villarrealcf.es\/wp-content\/uploads\/2024\/04\/Camille-Bruyas.jpeg 1920w, https:\/\/villarrealcf.es\/wp-content\/uploads\/2024\/04\/Camille-Bruyas.jpeg 1920w, https:\/\/villarrealcf.es\/wp-content\/uploads\/2024\/04\/Camille-Bruyas-32x21.jpeg 32w, https:\/\/villarrealcf.es\/wp-content\/uploads\/2024\/04\/Camille-Bruyas-150x100.jpeg 150w, https:\/\/villarrealcf.es\/wp-content\/uploads\/2024\/04\/Camille-Bruyas.jpeg 1920w, https:\/\/villarrealcf.es\/wp-content\/uploads\/2024\/04\/Camille-Bruyas-1200x799.jpeg 1200w","sizes":"auto, (max-width: 1600px) 100vw, 1600px"},{"type":"image","url":"https:\/\/villarrealcf.es\/wp-content\/uploads\/2024\/04\/@josemiguelmunoze-_DSC0726-2-1620x1080.jpg","alt":"","width":1620,"height":1080,"srcset":"https:\/\/villarrealcf.es\/wp-content\/uploads\/2024\/04\/@josemiguelmunoze-_DSC0726-2-1620x1080.jpg 1620w, https:\/\/villarrealcf.es\/wp-content\/uploads\/2024\/04\/@josemiguelmunoze-_DSC0726-2-1620x1080.jpg 1920w, https:\/\/villarrealcf.es\/wp-content\/uploads\/2024\/04\/@josemiguelmunoze-_DSC0726-2-1536x1024.jpg 1536w, https:\/\/villarrealcf.es\/wp-content\/uploads\/2024\/04\/@josemiguelmunoze-_DSC0726-2-2048x1365.jpg 2048w, https:\/\/villarrealcf.es\/wp-content\/uploads\/2024\/04\/@josemiguelmunoze-_DSC0726-2-1620x1080.jpg 1920w, https:\/\/villarrealcf.es\/wp-content\/uploads\/2024\/04\/@josemiguelmunoze-_DSC0726-2-1620x1080.jpg 1920w, https:\/\/villarrealcf.es\/wp-content\/uploads\/2024\/04\/@josemiguelmunoze-_DSC0726-2-32x21.jpg 32w, https:\/\/villarrealcf.es\/wp-content\/uploads\/2024\/04\/@josemiguelmunoze-_DSC0726-2-150x100.jpg 150w, https:\/\/villarrealcf.es\/wp-content\/uploads\/2024\/04\/@josemiguelmunoze-_DSC0726-2-1620x1080.jpg 1920w, https:\/\/villarrealcf.es\/wp-content\/uploads\/2024\/04\/@josemiguelmunoze-_DSC0726-2-1200x800.jpg 1200w","sizes":"auto, (max-width: 1620px) 100vw, 1620px"},{"type":"image","url":"https:\/\/villarrealcf.es\/wp-content\/uploads\/2024\/04\/Gemma.jpeg","alt":"","width":1600,"height":1007,"srcset":"https:\/\/villarrealcf.es\/wp-content\/uploads\/2024\/04\/Gemma.jpeg 1600w, https:\/\/villarrealcf.es\/wp-content\/uploads\/2024\/04\/Gemma.jpeg 1920w, https:\/\/villarrealcf.es\/wp-content\/uploads\/2024\/04\/Gemma-1536x967.jpeg 1536w, https:\/\/villarrealcf.es\/wp-content\/uploads\/2024\/04\/Gemma.jpeg 1920w, https:\/\/villarrealcf.es\/wp-content\/uploads\/2024\/04\/Gemma.jpeg 1920w, https:\/\/villarrealcf.es\/wp-content\/uploads\/2024\/04\/Gemma-32x20.jpeg 32w, https:\/\/villarrealcf.es\/wp-content\/uploads\/2024\/04\/Gemma-150x94.jpeg 150w, https:\/\/villarrealcf.es\/wp-content\/uploads\/2024\/04\/Gemma.jpeg 1920w, https:\/\/villarrealcf.es\/wp-content\/uploads\/2024\/04\/Gemma-1200x755.jpeg 1200w","sizes":"auto, (max-width: 1600px) 100vw, 1600px"},{"type":"image","url":"https:\/\/villarrealcf.es\/wp-content\/uploads\/2024\/04\/Cabeza-de-carrera.jpeg","alt":"","width":1600,"height":1067,"srcset":"https:\/\/villarrealcf.es\/wp-content\/uploads\/2024\/04\/Cabeza-de-carrera.jpeg 1600w, https:\/\/villarrealcf.es\/wp-content\/uploads\/2024\/04\/Cabeza-de-carrera.jpeg 1920w, https:\/\/villarrealcf.es\/wp-content\/uploads\/2024\/04\/Cabeza-de-carrera-1536x1024.jpeg 1536w, https:\/\/villarrealcf.es\/wp-content\/uploads\/2024\/04\/Cabeza-de-carrera.jpeg 1920w, https:\/\/villarrealcf.es\/wp-content\/uploads\/2024\/04\/Cabeza-de-carrera.jpeg 1920w, https:\/\/villarrealcf.es\/wp-content\/uploads\/2024\/04\/Cabeza-de-carrera-32x21.jpeg 32w, https:\/\/villarrealcf.es\/wp-content\/uploads\/2024\/04\/Cabeza-de-carrera-150x100.jpeg 150w, https:\/\/villarrealcf.es\/wp-content\/uploads\/2024\/04\/Cabeza-de-carrera.jpeg 1920w, https:\/\/villarrealcf.es\/wp-content\/uploads\/2024\/04\/Cabeza-de-carrera-1200x800.jpeg 1200w","sizes":"auto, (max-width: 1600px) 100vw, 1600px"},{"type":"image","url":"https:\/\/villarrealcf.es\/wp-content\/uploads\/2024\/04\/IMG_9015.jpg","alt":"","width":1616,"height":1080,"srcset":"https:\/\/villarrealcf.es\/wp-content\/uploads\/2024\/04\/IMG_9015.jpg 1616w, https:\/\/villarrealcf.es\/wp-content\/uploads\/2024\/04\/IMG_9015.jpg 1920w, https:\/\/villarrealcf.es\/wp-content\/uploads\/2024\/04\/IMG_9015-1536x1027.jpg 1536w, https:\/\/villarrealcf.es\/wp-content\/uploads\/2024\/04\/IMG_9015.jpg 1920w, https:\/\/villarrealcf.es\/wp-content\/uploads\/2024\/04\/IMG_9015.jpg 1920w, https:\/\/villarrealcf.es\/wp-content\/uploads\/2024\/04\/IMG_9015-32x21.jpg 32w, https:\/\/villarrealcf.es\/wp-content\/uploads\/2024\/04\/IMG_9015-150x100.jpg 150w, https:\/\/villarrealcf.es\/wp-content\/uploads\/2024\/04\/IMG_9015.jpg 1920w, https:\/\/villarrealcf.es\/wp-content\/uploads\/2024\/04\/IMG_9015-1200x802.jpg 1200w","sizes":"auto, (max-width: 1616px) 100vw, 1616px"}],"structured":{"summary":{"text":"More than 2,000 runners coming from 40 different countries enjoyed the fantastic MiM and CSP courses The ASICS Penyagolosa Trails race was held last Saturday with a brilliant edition, with more than 2,000 participants of up to 40 nationalities who accepted the challenge of enjoying the spectacular provincial trails through which the MiM and the CSP run. The iconic Marat\u00f3 i Mitja also celebrated its 25th edition in style, accompanied by 1,500 athletes from all corners of the world and with a large number of local spectators who came to cheer on the participants. The event started at 6am and Jos\u00e9 \u00c1ngel Fern\u00e1ndez \u2018Canales\u2019 and Gemma Arenas won the race after more than 60 kilometres and 3,300 metres of positive ascent. In the CSP, which started at midnight, Ram\u00f3n Recatal\u00e1 (from La Vilavella) and the French Camille Bruyas won. The race was attended by 600 brave runners who completed the 106 kilometres with 5,600 kilometres of positive ascent. This prestigious event forms part of the competitions of the Endavant Esports programme, a vertical part of the club\u2019s CSR and sustainability project, through which it promotes and encourages elite sport in the province of Castell\u00f3n.","headings":[{"type":"heading","level":2,"text":"More than 2,000 runners coming from 40 different countries enjoyed the fantastic MiM and CSP courses"}],"buttons":[],"images":[{"type":"image","url":"https:\/\/villarrealcf.es\/wp-content\/uploads\/2024\/04\/@josemiguelmunoze-_DSC0708-2-1620x1080.jpg","alt":"","width":1620,"height":1080,"srcset":"https:\/\/villarrealcf.es\/wp-content\/uploads\/2024\/04\/@josemiguelmunoze-_DSC0708-2-1620x1080.jpg 1620w, https:\/\/villarrealcf.es\/wp-content\/uploads\/2024\/04\/@josemiguelmunoze-_DSC0708-2-1620x1080.jpg 1920w, https:\/\/villarrealcf.es\/wp-content\/uploads\/2024\/04\/@josemiguelmunoze-_DSC0708-2-1536x1024.jpg 1536w, https:\/\/villarrealcf.es\/wp-content\/uploads\/2024\/04\/@josemiguelmunoze-_DSC0708-2-2048x1365.jpg 2048w, https:\/\/villarrealcf.es\/wp-content\/uploads\/2024\/04\/@josemiguelmunoze-_DSC0708-2-1620x1080.jpg 1920w, https:\/\/villarrealcf.es\/wp-content\/uploads\/2024\/04\/@josemiguelmunoze-_DSC0708-2-1620x1080.jpg 1920w, https:\/\/villarrealcf.es\/wp-content\/uploads\/2024\/04\/@josemiguelmunoze-_DSC0708-2-32x21.jpg 32w, https:\/\/villarrealcf.es\/wp-content\/uploads\/2024\/04\/@josemiguelmunoze-_DSC0708-2-150x100.jpg 150w, https:\/\/villarrealcf.es\/wp-content\/uploads\/2024\/04\/@josemiguelmunoze-_DSC0708-2-1620x1080.jpg 1920w, https:\/\/villarrealcf.es\/wp-content\/uploads\/2024\/04\/@josemiguelmunoze-_DSC0708-2-1200x800.jpg 1200w","sizes":"auto, (max-width: 1620px) 100vw, 1620px"},{"type":"image","url":"https:\/\/villarrealcf.es\/wp-content\/uploads\/2024\/04\/Camille-Bruyas.jpeg","alt":"","width":1600,"height":1065,"srcset":"https:\/\/villarrealcf.es\/wp-content\/uploads\/2024\/04\/Camille-Bruyas.jpeg 1600w, https:\/\/villarrealcf.es\/wp-content\/uploads\/2024\/04\/Camille-Bruyas.jpeg 1920w, https:\/\/villarrealcf.es\/wp-content\/uploads\/2024\/04\/Camille-Bruyas-1536x1022.jpeg 1536w, https:\/\/villarrealcf.es\/wp-content\/uploads\/2024\/04\/Camille-Bruyas.jpeg 1920w, https:\/\/villarrealcf.es\/wp-content\/uploads\/2024\/04\/Camille-Bruyas.jpeg 1920w, https:\/\/villarrealcf.es\/wp-content\/uploads\/2024\/04\/Camille-Bruyas-32x21.jpeg 32w, https:\/\/villarrealcf.es\/wp-content\/uploads\/2024\/04\/Camille-Bruyas-150x100.jpeg 150w, https:\/\/villarrealcf.es\/wp-content\/uploads\/2024\/04\/Camille-Bruyas.jpeg 1920w, https:\/\/villarrealcf.es\/wp-content\/uploads\/2024\/04\/Camille-Bruyas-1200x799.jpeg 1200w","sizes":"auto, (max-width: 1600px) 100vw, 1600px"},{"type":"image","url":"https:\/\/villarrealcf.es\/wp-content\/uploads\/2024\/04\/@josemiguelmunoze-_DSC0726-2-1620x1080.jpg","alt":"","width":1620,"height":1080,"srcset":"https:\/\/villarrealcf.es\/wp-content\/uploads\/2024\/04\/@josemiguelmunoze-_DSC0726-2-1620x1080.jpg 1620w, https:\/\/villarrealcf.es\/wp-content\/uploads\/2024\/04\/@josemiguelmunoze-_DSC0726-2-1620x1080.jpg 1920w, https:\/\/villarrealcf.es\/wp-content\/uploads\/2024\/04\/@josemiguelmunoze-_DSC0726-2-1536x1024.jpg 1536w, https:\/\/villarrealcf.es\/wp-content\/uploads\/2024\/04\/@josemiguelmunoze-_DSC0726-2-2048x1365.jpg 2048w, https:\/\/villarrealcf.es\/wp-content\/uploads\/2024\/04\/@josemiguelmunoze-_DSC0726-2-1620x1080.jpg 1920w, https:\/\/villarrealcf.es\/wp-content\/uploads\/2024\/04\/@josemiguelmunoze-_DSC0726-2-1620x1080.jpg 1920w, https:\/\/villarrealcf.es\/wp-content\/uploads\/2024\/04\/@josemiguelmunoze-_DSC0726-2-32x21.jpg 32w, https:\/\/villarrealcf.es\/wp-content\/uploads\/2024\/04\/@josemiguelmunoze-_DSC0726-2-150x100.jpg 150w, https:\/\/villarrealcf.es\/wp-content\/uploads\/2024\/04\/@josemiguelmunoze-_DSC0726-2-1620x1080.jpg 1920w, https:\/\/villarrealcf.es\/wp-content\/uploads\/2024\/04\/@josemiguelmunoze-_DSC0726-2-1200x800.jpg 1200w","sizes":"auto, (max-width: 1620px) 100vw, 1620px"},{"type":"image","url":"https:\/\/villarrealcf.es\/wp-content\/uploads\/2024\/04\/Gemma.jpeg","alt":"","width":1600,"height":1007,"srcset":"https:\/\/villarrealcf.es\/wp-content\/uploads\/2024\/04\/Gemma.jpeg 1600w, https:\/\/villarrealcf.es\/wp-content\/uploads\/2024\/04\/Gemma.jpeg 1920w, https:\/\/villarrealcf.es\/wp-content\/uploads\/2024\/04\/Gemma-1536x967.jpeg 1536w, https:\/\/villarrealcf.es\/wp-content\/uploads\/2024\/04\/Gemma.jpeg 1920w, https:\/\/villarrealcf.es\/wp-content\/uploads\/2024\/04\/Gemma.jpeg 1920w, https:\/\/villarrealcf.es\/wp-content\/uploads\/2024\/04\/Gemma-32x20.jpeg 32w, https:\/\/villarrealcf.es\/wp-content\/uploads\/2024\/04\/Gemma-150x94.jpeg 150w, https:\/\/villarrealcf.es\/wp-content\/uploads\/2024\/04\/Gemma.jpeg 1920w, https:\/\/villarrealcf.es\/wp-content\/uploads\/2024\/04\/Gemma-1200x755.jpeg 1200w","sizes":"auto, (max-width: 1600px) 100vw, 1600px"},{"type":"image","url":"https:\/\/villarrealcf.es\/wp-content\/uploads\/2024\/04\/Cabeza-de-carrera.jpeg","alt":"","width":1600,"height":1067,"srcset":"https:\/\/villarrealcf.es\/wp-content\/uploads\/2024\/04\/Cabeza-de-carrera.jpeg 1600w, https:\/\/villarrealcf.es\/wp-content\/uploads\/2024\/04\/Cabeza-de-carrera.jpeg 1920w, https:\/\/villarrealcf.es\/wp-content\/uploads\/2024\/04\/Cabeza-de-carrera-1536x1024.jpeg 1536w, https:\/\/villarrealcf.es\/wp-content\/uploads\/2024\/04\/Cabeza-de-carrera.jpeg 1920w, https:\/\/villarrealcf.es\/wp-content\/uploads\/2024\/04\/Cabeza-de-carrera.jpeg 1920w, https:\/\/villarrealcf.es\/wp-content\/uploads\/2024\/04\/Cabeza-de-carrera-32x21.jpeg 32w, https:\/\/villarrealcf.es\/wp-content\/uploads\/2024\/04\/Cabeza-de-carrera-150x100.jpeg 150w, https:\/\/villarrealcf.es\/wp-content\/uploads\/2024\/04\/Cabeza-de-carrera.jpeg 1920w, https:\/\/villarrealcf.es\/wp-content\/uploads\/2024\/04\/Cabeza-de-carrera-1200x800.jpeg 1200w","sizes":"auto, (max-width: 1600px) 100vw, 1600px"},{"type":"image","url":"https:\/\/villarrealcf.es\/wp-content\/uploads\/2024\/04\/IMG_9015.jpg","alt":"","width":1616,"height":1080,"srcset":"https:\/\/villarrealcf.es\/wp-content\/uploads\/2024\/04\/IMG_9015.jpg 1616w, https:\/\/villarrealcf.es\/wp-content\/uploads\/2024\/04\/IMG_9015.jpg 1920w, https:\/\/villarrealcf.es\/wp-content\/uploads\/2024\/04\/IMG_9015-1536x1027.jpg 1536w, https:\/\/villarrealcf.es\/wp-content\/uploads\/2024\/04\/IMG_9015.jpg 1920w, https:\/\/villarrealcf.es\/wp-content\/uploads\/2024\/04\/IMG_9015.jpg 1920w, https:\/\/villarrealcf.es\/wp-content\/uploads\/2024\/04\/IMG_9015-32x21.jpg 32w, https:\/\/villarrealcf.es\/wp-content\/uploads\/2024\/04\/IMG_9015-150x100.jpg 150w, https:\/\/villarrealcf.es\/wp-content\/uploads\/2024\/04\/IMG_9015.jpg 1920w, https:\/\/villarrealcf.es\/wp-content\/uploads\/2024\/04\/IMG_9015-1200x802.jpg 1200w","sizes":"auto, (max-width: 1616px) 100vw, 1616px"}],"counts":{"blocks":11,"headings":1,"texts":4,"buttons":0,"images":6}},"sections":[{"id":"section-1","title":"More than 2,000 runners coming from 40 different countries enjoyed the fantastic MiM and CSP courses","text":"More than 2,000 runners coming from 40 different countries enjoyed the fantastic MiM and CSP courses The ASICS Penyagolosa Trails race was held last Saturday with a brilliant edition, with more than 2,000 participants of up to 40 nationalities who accepted the challenge of enjoying the spectacular provincial trails through which the MiM and the CSP run. The iconic Marat\u00f3 i Mitja also celebrated its 25th edition in style, accompanied by 1,500 athletes from all corners of the world and with a large number of local spectators who came to cheer on the participants. The event started at 6am and Jos\u00e9 \u00c1ngel Fern\u00e1ndez \u2018Canales\u2019 and Gemma Arenas won the race after more than 60 kilometres and 3,300 metres of positive ascent. In the CSP, which started at midnight, Ram\u00f3n Recatal\u00e1 (from La Vilavella) and the French Camille Bruyas won. The race was attended by 600 brave runners who completed the 106 kilometres with 5,600 kilometres of positive ascent. This prestigious event forms part of the competitions of the Endavant Esports programme, a vertical part of the club\u2019s CSR and sustainability project, through which it promotes and encourages elite sport in the province of Castell\u00f3n.","headings":[{"type":"heading","level":2,"text":"More than 2,000 runners coming from 40 different countries enjoyed the fantastic MiM and CSP courses"}],"texts":[{"type":"paragraph","text":"The ASICS Penyagolosa Trails race was held last Saturday with a brilliant edition, with more than 2,000 participants of up to 40 nationalities who accepted the challenge of enjoying the spectacular provincial trails through which the MiM and the CSP run."},{"type":"paragraph","text":"The iconic Marat\u00f3 i Mitja also celebrated its 25th edition in style, accompanied by 1,500 athletes from all corners of the world and with a large number of local spectators who came to cheer on the participants. The event started at 6am and Jos\u00e9 \u00c1ngel Fern\u00e1ndez \u2018Canales\u2019 and Gemma Arenas won the race after more than 60 kilometres and 3,300 metres of positive ascent."},{"type":"paragraph","text":"In the CSP, which started at midnight, Ram\u00f3n Recatal\u00e1 (from La Vilavella) and the French Camille Bruyas won. The race was attended by 600 brave runners who completed the 106 kilometres with 5,600 kilometres of positive ascent."},{"type":"paragraph","text":"This prestigious event forms part of the competitions of the Endavant Esports programme, a vertical part of the club\u2019s CSR and sustainability project, through which it promotes and encourages elite sport in the province of Castell\u00f3n."}],"buttons":[],"images":[{"type":"image","url":"https:\/\/villarrealcf.es\/wp-content\/uploads\/2024\/04\/@josemiguelmunoze-_DSC0708-2-1620x1080.jpg","alt":"","width":1620,"height":1080,"srcset":"https:\/\/villarrealcf.es\/wp-content\/uploads\/2024\/04\/@josemiguelmunoze-_DSC0708-2-1620x1080.jpg 1620w, https:\/\/villarrealcf.es\/wp-content\/uploads\/2024\/04\/@josemiguelmunoze-_DSC0708-2-1620x1080.jpg 1920w, https:\/\/villarrealcf.es\/wp-content\/uploads\/2024\/04\/@josemiguelmunoze-_DSC0708-2-1536x1024.jpg 1536w, https:\/\/villarrealcf.es\/wp-content\/uploads\/2024\/04\/@josemiguelmunoze-_DSC0708-2-2048x1365.jpg 2048w, https:\/\/villarrealcf.es\/wp-content\/uploads\/2024\/04\/@josemiguelmunoze-_DSC0708-2-1620x1080.jpg 1920w, https:\/\/villarrealcf.es\/wp-content\/uploads\/2024\/04\/@josemiguelmunoze-_DSC0708-2-1620x1080.jpg 1920w, https:\/\/villarrealcf.es\/wp-content\/uploads\/2024\/04\/@josemiguelmunoze-_DSC0708-2-32x21.jpg 32w, https:\/\/villarrealcf.es\/wp-content\/uploads\/2024\/04\/@josemiguelmunoze-_DSC0708-2-150x100.jpg 150w, https:\/\/villarrealcf.es\/wp-content\/uploads\/2024\/04\/@josemiguelmunoze-_DSC0708-2-1620x1080.jpg 1920w, https:\/\/villarrealcf.es\/wp-content\/uploads\/2024\/04\/@josemiguelmunoze-_DSC0708-2-1200x800.jpg 1200w","sizes":"auto, (max-width: 1620px) 100vw, 1620px"},{"type":"image","url":"https:\/\/villarrealcf.es\/wp-content\/uploads\/2024\/04\/Camille-Bruyas.jpeg","alt":"","width":1600,"height":1065,"srcset":"https:\/\/villarrealcf.es\/wp-content\/uploads\/2024\/04\/Camille-Bruyas.jpeg 1600w, https:\/\/villarrealcf.es\/wp-content\/uploads\/2024\/04\/Camille-Bruyas.jpeg 1920w, https:\/\/villarrealcf.es\/wp-content\/uploads\/2024\/04\/Camille-Bruyas-1536x1022.jpeg 1536w, https:\/\/villarrealcf.es\/wp-content\/uploads\/2024\/04\/Camille-Bruyas.jpeg 1920w, https:\/\/villarrealcf.es\/wp-content\/uploads\/2024\/04\/Camille-Bruyas.jpeg 1920w, https:\/\/villarrealcf.es\/wp-content\/uploads\/2024\/04\/Camille-Bruyas-32x21.jpeg 32w, https:\/\/villarrealcf.es\/wp-content\/uploads\/2024\/04\/Camille-Bruyas-150x100.jpeg 150w, https:\/\/villarrealcf.es\/wp-content\/uploads\/2024\/04\/Camille-Bruyas.jpeg 1920w, https:\/\/villarrealcf.es\/wp-content\/uploads\/2024\/04\/Camille-Bruyas-1200x799.jpeg 1200w","sizes":"auto, (max-width: 1600px) 100vw, 1600px"},{"type":"image","url":"https:\/\/villarrealcf.es\/wp-content\/uploads\/2024\/04\/@josemiguelmunoze-_DSC0726-2-1620x1080.jpg","alt":"","width":1620,"height":1080,"srcset":"https:\/\/villarrealcf.es\/wp-content\/uploads\/2024\/04\/@josemiguelmunoze-_DSC0726-2-1620x1080.jpg 1620w, https:\/\/villarrealcf.es\/wp-content\/uploads\/2024\/04\/@josemiguelmunoze-_DSC0726-2-1620x1080.jpg 1920w, https:\/\/villarrealcf.es\/wp-content\/uploads\/2024\/04\/@josemiguelmunoze-_DSC0726-2-1536x1024.jpg 1536w, https:\/\/villarrealcf.es\/wp-content\/uploads\/2024\/04\/@josemiguelmunoze-_DSC0726-2-2048x1365.jpg 2048w, https:\/\/villarrealcf.es\/wp-content\/uploads\/2024\/04\/@josemiguelmunoze-_DSC0726-2-1620x1080.jpg 1920w, https:\/\/villarrealcf.es\/wp-content\/uploads\/2024\/04\/@josemiguelmunoze-_DSC0726-2-1620x1080.jpg 1920w, https:\/\/villarrealcf.es\/wp-content\/uploads\/2024\/04\/@josemiguelmunoze-_DSC0726-2-32x21.jpg 32w, https:\/\/villarrealcf.es\/wp-content\/uploads\/2024\/04\/@josemiguelmunoze-_DSC0726-2-150x100.jpg 150w, https:\/\/villarrealcf.es\/wp-content\/uploads\/2024\/04\/@josemiguelmunoze-_DSC0726-2-1620x1080.jpg 1920w, https:\/\/villarrealcf.es\/wp-content\/uploads\/2024\/04\/@josemiguelmunoze-_DSC0726-2-1200x800.jpg 1200w","sizes":"auto, (max-width: 1620px) 100vw, 1620px"},{"type":"image","url":"https:\/\/villarrealcf.es\/wp-content\/uploads\/2024\/04\/Gemma.jpeg","alt":"","width":1600,"height":1007,"srcset":"https:\/\/villarrealcf.es\/wp-content\/uploads\/2024\/04\/Gemma.jpeg 1600w, https:\/\/villarrealcf.es\/wp-content\/uploads\/2024\/04\/Gemma.jpeg 1920w, https:\/\/villarrealcf.es\/wp-content\/uploads\/2024\/04\/Gemma-1536x967.jpeg 1536w, https:\/\/villarrealcf.es\/wp-content\/uploads\/2024\/04\/Gemma.jpeg 1920w, https:\/\/villarrealcf.es\/wp-content\/uploads\/2024\/04\/Gemma.jpeg 1920w, https:\/\/villarrealcf.es\/wp-content\/uploads\/2024\/04\/Gemma-32x20.jpeg 32w, https:\/\/villarrealcf.es\/wp-content\/uploads\/2024\/04\/Gemma-150x94.jpeg 150w, https:\/\/villarrealcf.es\/wp-content\/uploads\/2024\/04\/Gemma.jpeg 1920w, https:\/\/villarrealcf.es\/wp-content\/uploads\/2024\/04\/Gemma-1200x755.jpeg 1200w","sizes":"auto, (max-width: 1600px) 100vw, 1600px"},{"type":"image","url":"https:\/\/villarrealcf.es\/wp-content\/uploads\/2024\/04\/Cabeza-de-carrera.jpeg","alt":"","width":1600,"height":1067,"srcset":"https:\/\/villarrealcf.es\/wp-content\/uploads\/2024\/04\/Cabeza-de-carrera.jpeg 1600w, https:\/\/villarrealcf.es\/wp-content\/uploads\/2024\/04\/Cabeza-de-carrera.jpeg 1920w, https:\/\/villarrealcf.es\/wp-content\/uploads\/2024\/04\/Cabeza-de-carrera-1536x1024.jpeg 1536w, https:\/\/villarrealcf.es\/wp-content\/uploads\/2024\/04\/Cabeza-de-carrera.jpeg 1920w, https:\/\/villarrealcf.es\/wp-content\/uploads\/2024\/04\/Cabeza-de-carrera.jpeg 1920w, https:\/\/villarrealcf.es\/wp-content\/uploads\/2024\/04\/Cabeza-de-carrera-32x21.jpeg 32w, https:\/\/villarrealcf.es\/wp-content\/uploads\/2024\/04\/Cabeza-de-carrera-150x100.jpeg 150w, https:\/\/villarrealcf.es\/wp-content\/uploads\/2024\/04\/Cabeza-de-carrera.jpeg 1920w, https:\/\/villarrealcf.es\/wp-content\/uploads\/2024\/04\/Cabeza-de-carrera-1200x800.jpeg 1200w","sizes":"auto, (max-width: 1600px) 100vw, 1600px"},{"type":"image","url":"https:\/\/villarrealcf.es\/wp-content\/uploads\/2024\/04\/IMG_9015.jpg","alt":"","width":1616,"height":1080,"srcset":"https:\/\/villarrealcf.es\/wp-content\/uploads\/2024\/04\/IMG_9015.jpg 1616w, https:\/\/villarrealcf.es\/wp-content\/uploads\/2024\/04\/IMG_9015.jpg 1920w, https:\/\/villarrealcf.es\/wp-content\/uploads\/2024\/04\/IMG_9015-1536x1027.jpg 1536w, https:\/\/villarrealcf.es\/wp-content\/uploads\/2024\/04\/IMG_9015.jpg 1920w, https:\/\/villarrealcf.es\/wp-content\/uploads\/2024\/04\/IMG_9015.jpg 1920w, https:\/\/villarrealcf.es\/wp-content\/uploads\/2024\/04\/IMG_9015-32x21.jpg 32w, https:\/\/villarrealcf.es\/wp-content\/uploads\/2024\/04\/IMG_9015-150x100.jpg 150w, https:\/\/villarrealcf.es\/wp-content\/uploads\/2024\/04\/IMG_9015.jpg 1920w, https:\/\/villarrealcf.es\/wp-content\/uploads\/2024\/04\/IMG_9015-1200x802.jpg 1200w","sizes":"auto, (max-width: 1616px) 100vw, 1616px"}],"widgets":[],"blocks":[{"type":"heading","level":2,"text":"More than 2,000 runners coming from 40 different countries enjoyed the fantastic MiM and CSP courses"},{"type":"paragraph","text":"The ASICS Penyagolosa Trails race was held last Saturday with a brilliant edition, with more than 2,000 participants of up to 40 nationalities who accepted the challenge of enjoying the spectacular provincial trails through which the MiM and the CSP run."},{"type":"paragraph","text":"The iconic Marat\u00f3 i Mitja also celebrated its 25th edition in style, accompanied by 1,500 athletes from all corners of the world and with a large number of local spectators who came to cheer on the participants. The event started at 6am and Jos\u00e9 \u00c1ngel Fern\u00e1ndez \u2018Canales\u2019 and Gemma Arenas won the race after more than 60 kilometres and 3,300 metres of positive ascent."},{"type":"paragraph","text":"In the CSP, which started at midnight, Ram\u00f3n Recatal\u00e1 (from La Vilavella) and the French Camille Bruyas won. The race was attended by 600 brave runners who completed the 106 kilometres with 5,600 kilometres of positive ascent."},{"type":"paragraph","text":"This prestigious event forms part of the competitions of the Endavant Esports programme, a vertical part of the club\u2019s CSR and sustainability project, through which it promotes and encourages elite sport in the province of Castell\u00f3n."},{"type":"image","url":"https:\/\/villarrealcf.es\/wp-content\/uploads\/2024\/04\/@josemiguelmunoze-_DSC0708-2-1620x1080.jpg","alt":"","width":1620,"height":1080,"srcset":"https:\/\/villarrealcf.es\/wp-content\/uploads\/2024\/04\/@josemiguelmunoze-_DSC0708-2-1620x1080.jpg 1620w, https:\/\/villarrealcf.es\/wp-content\/uploads\/2024\/04\/@josemiguelmunoze-_DSC0708-2-1620x1080.jpg 1920w, https:\/\/villarrealcf.es\/wp-content\/uploads\/2024\/04\/@josemiguelmunoze-_DSC0708-2-1536x1024.jpg 1536w, https:\/\/villarrealcf.es\/wp-content\/uploads\/2024\/04\/@josemiguelmunoze-_DSC0708-2-2048x1365.jpg 2048w, https:\/\/villarrealcf.es\/wp-content\/uploads\/2024\/04\/@josemiguelmunoze-_DSC0708-2-1620x1080.jpg 1920w, https:\/\/villarrealcf.es\/wp-content\/uploads\/2024\/04\/@josemiguelmunoze-_DSC0708-2-1620x1080.jpg 1920w, https:\/\/villarrealcf.es\/wp-content\/uploads\/2024\/04\/@josemiguelmunoze-_DSC0708-2-32x21.jpg 32w, https:\/\/villarrealcf.es\/wp-content\/uploads\/2024\/04\/@josemiguelmunoze-_DSC0708-2-150x100.jpg 150w, https:\/\/villarrealcf.es\/wp-content\/uploads\/2024\/04\/@josemiguelmunoze-_DSC0708-2-1620x1080.jpg 1920w, https:\/\/villarrealcf.es\/wp-content\/uploads\/2024\/04\/@josemiguelmunoze-_DSC0708-2-1200x800.jpg 1200w","sizes":"auto, (max-width: 1620px) 100vw, 1620px"},{"type":"image","url":"https:\/\/villarrealcf.es\/wp-content\/uploads\/2024\/04\/Camille-Bruyas.jpeg","alt":"","width":1600,"height":1065,"srcset":"https:\/\/villarrealcf.es\/wp-content\/uploads\/2024\/04\/Camille-Bruyas.jpeg 1600w, https:\/\/villarrealcf.es\/wp-content\/uploads\/2024\/04\/Camille-Bruyas.jpeg 1920w, https:\/\/villarrealcf.es\/wp-content\/uploads\/2024\/04\/Camille-Bruyas-1536x1022.jpeg 1536w, https:\/\/villarrealcf.es\/wp-content\/uploads\/2024\/04\/Camille-Bruyas.jpeg 1920w, https:\/\/villarrealcf.es\/wp-content\/uploads\/2024\/04\/Camille-Bruyas.jpeg 1920w, https:\/\/villarrealcf.es\/wp-content\/uploads\/2024\/04\/Camille-Bruyas-32x21.jpeg 32w, https:\/\/villarrealcf.es\/wp-content\/uploads\/2024\/04\/Camille-Bruyas-150x100.jpeg 150w, https:\/\/villarrealcf.es\/wp-content\/uploads\/2024\/04\/Camille-Bruyas.jpeg 1920w, https:\/\/villarrealcf.es\/wp-content\/uploads\/2024\/04\/Camille-Bruyas-1200x799.jpeg 1200w","sizes":"auto, (max-width: 1600px) 100vw, 1600px"},{"type":"image","url":"https:\/\/villarrealcf.es\/wp-content\/uploads\/2024\/04\/@josemiguelmunoze-_DSC0726-2-1620x1080.jpg","alt":"","width":1620,"height":1080,"srcset":"https:\/\/villarrealcf.es\/wp-content\/uploads\/2024\/04\/@josemiguelmunoze-_DSC0726-2-1620x1080.jpg 1620w, https:\/\/villarrealcf.es\/wp-content\/uploads\/2024\/04\/@josemiguelmunoze-_DSC0726-2-1620x1080.jpg 1920w, https:\/\/villarrealcf.es\/wp-content\/uploads\/2024\/04\/@josemiguelmunoze-_DSC0726-2-1536x1024.jpg 1536w, https:\/\/villarrealcf.es\/wp-content\/uploads\/2024\/04\/@josemiguelmunoze-_DSC0726-2-2048x1365.jpg 2048w, https:\/\/villarrealcf.es\/wp-content\/uploads\/2024\/04\/@josemiguelmunoze-_DSC0726-2-1620x1080.jpg 1920w, https:\/\/villarrealcf.es\/wp-content\/uploads\/2024\/04\/@josemiguelmunoze-_DSC0726-2-1620x1080.jpg 1920w, https:\/\/villarrealcf.es\/wp-content\/uploads\/2024\/04\/@josemiguelmunoze-_DSC0726-2-32x21.jpg 32w, https:\/\/villarrealcf.es\/wp-content\/uploads\/2024\/04\/@josemiguelmunoze-_DSC0726-2-150x100.jpg 150w, https:\/\/villarrealcf.es\/wp-content\/uploads\/2024\/04\/@josemiguelmunoze-_DSC0726-2-1620x1080.jpg 1920w, https:\/\/villarrealcf.es\/wp-content\/uploads\/2024\/04\/@josemiguelmunoze-_DSC0726-2-1200x800.jpg 1200w","sizes":"auto, (max-width: 1620px) 100vw, 1620px"},{"type":"image","url":"https:\/\/villarrealcf.es\/wp-content\/uploads\/2024\/04\/Gemma.jpeg","alt":"","width":1600,"height":1007,"srcset":"https:\/\/villarrealcf.es\/wp-content\/uploads\/2024\/04\/Gemma.jpeg 1600w, https:\/\/villarrealcf.es\/wp-content\/uploads\/2024\/04\/Gemma.jpeg 1920w, https:\/\/villarrealcf.es\/wp-content\/uploads\/2024\/04\/Gemma-1536x967.jpeg 1536w, https:\/\/villarrealcf.es\/wp-content\/uploads\/2024\/04\/Gemma.jpeg 1920w, https:\/\/villarrealcf.es\/wp-content\/uploads\/2024\/04\/Gemma.jpeg 1920w, https:\/\/villarrealcf.es\/wp-content\/uploads\/2024\/04\/Gemma-32x20.jpeg 32w, https:\/\/villarrealcf.es\/wp-content\/uploads\/2024\/04\/Gemma-150x94.jpeg 150w, https:\/\/villarrealcf.es\/wp-content\/uploads\/2024\/04\/Gemma.jpeg 1920w, https:\/\/villarrealcf.es\/wp-content\/uploads\/2024\/04\/Gemma-1200x755.jpeg 1200w","sizes":"auto, (max-width: 1600px) 100vw, 1600px"},{"type":"image","url":"https:\/\/villarrealcf.es\/wp-content\/uploads\/2024\/04\/Cabeza-de-carrera.jpeg","alt":"","width":1600,"height":1067,"srcset":"https:\/\/villarrealcf.es\/wp-content\/uploads\/2024\/04\/Cabeza-de-carrera.jpeg 1600w, https:\/\/villarrealcf.es\/wp-content\/uploads\/2024\/04\/Cabeza-de-carrera.jpeg 1920w, https:\/\/villarrealcf.es\/wp-content\/uploads\/2024\/04\/Cabeza-de-carrera-1536x1024.jpeg 1536w, https:\/\/villarrealcf.es\/wp-content\/uploads\/2024\/04\/Cabeza-de-carrera.jpeg 1920w, https:\/\/villarrealcf.es\/wp-content\/uploads\/2024\/04\/Cabeza-de-carrera.jpeg 1920w, https:\/\/villarrealcf.es\/wp-content\/uploads\/2024\/04\/Cabeza-de-carrera-32x21.jpeg 32w, https:\/\/villarrealcf.es\/wp-content\/uploads\/2024\/04\/Cabeza-de-carrera-150x100.jpeg 150w, https:\/\/villarrealcf.es\/wp-content\/uploads\/2024\/04\/Cabeza-de-carrera.jpeg 1920w, https:\/\/villarrealcf.es\/wp-content\/uploads\/2024\/04\/Cabeza-de-carrera-1200x800.jpeg 1200w","sizes":"auto, (max-width: 1600px) 100vw, 1600px"},{"type":"image","url":"https:\/\/villarrealcf.es\/wp-content\/uploads\/2024\/04\/IMG_9015.jpg","alt":"","width":1616,"height":1080,"srcset":"https:\/\/villarrealcf.es\/wp-content\/uploads\/2024\/04\/IMG_9015.jpg 1616w, https:\/\/villarrealcf.es\/wp-content\/uploads\/2024\/04\/IMG_9015.jpg 1920w, https:\/\/villarrealcf.es\/wp-content\/uploads\/2024\/04\/IMG_9015-1536x1027.jpg 1536w, https:\/\/villarrealcf.es\/wp-content\/uploads\/2024\/04\/IMG_9015.jpg 1920w, https:\/\/villarrealcf.es\/wp-content\/uploads\/2024\/04\/IMG_9015.jpg 1920w, https:\/\/villarrealcf.es\/wp-content\/uploads\/2024\/04\/IMG_9015-32x21.jpg 32w, https:\/\/villarrealcf.es\/wp-content\/uploads\/2024\/04\/IMG_9015-150x100.jpg 150w, https:\/\/villarrealcf.es\/wp-content\/uploads\/2024\/04\/IMG_9015.jpg 1920w, https:\/\/villarrealcf.es\/wp-content\/uploads\/2024\/04\/IMG_9015-1200x802.jpg 1200w","sizes":"auto, (max-width: 1616px) 100vw, 1616px"}]}],"hero":{"id":"section-1","title":"More than 2,000 runners coming from 40 different countries enjoyed the fantastic MiM and CSP courses","text":"More than 2,000 runners coming from 40 different countries enjoyed the fantastic MiM and CSP courses The ASICS Penyagolosa Trails race was held last Saturday with a brilliant edition, with more than 2,000 participants of up to 40 nationalities who accepted the challenge of enjoying the spectacular provincial trails through which the MiM and the CSP run. The iconic Marat\u00f3 i Mitja also celebrated its 25th edition in style, accompanied by 1,500 athletes from all corners of the world and with a large number of local spectators who came to cheer on the participants. The event started at 6am and Jos\u00e9 \u00c1ngel Fern\u00e1ndez \u2018Canales\u2019 and Gemma Arenas won the race after more than 60 kilometres and 3,300 metres of positive ascent. In the CSP, which started at midnight, Ram\u00f3n Recatal\u00e1 (from La Vilavella) and the French Camille Bruyas won. The race was attended by 600 brave runners who completed the 106 kilometres with 5,600 kilometres of positive ascent. This prestigious event forms part of the competitions of the Endavant Esports programme, a vertical part of the club\u2019s CSR and sustainability project, through which it promotes and encourages elite sport in the province of Castell\u00f3n.","headings":[{"type":"heading","level":2,"text":"More than 2,000 runners coming from 40 different countries enjoyed the fantastic MiM and CSP courses"}],"texts":[{"type":"paragraph","text":"The ASICS Penyagolosa Trails race was held last Saturday with a brilliant edition, with more than 2,000 participants of up to 40 nationalities who accepted the challenge of enjoying the spectacular provincial trails through which the MiM and the CSP run."},{"type":"paragraph","text":"The iconic Marat\u00f3 i Mitja also celebrated its 25th edition in style, accompanied by 1,500 athletes from all corners of the world and with a large number of local spectators who came to cheer on the participants. The event started at 6am and Jos\u00e9 \u00c1ngel Fern\u00e1ndez \u2018Canales\u2019 and Gemma Arenas won the race after more than 60 kilometres and 3,300 metres of positive ascent."},{"type":"paragraph","text":"In the CSP, which started at midnight, Ram\u00f3n Recatal\u00e1 (from La Vilavella) and the French Camille Bruyas won. The race was attended by 600 brave runners who completed the 106 kilometres with 5,600 kilometres of positive ascent."},{"type":"paragraph","text":"This prestigious event forms part of the competitions of the Endavant Esports programme, a vertical part of the club\u2019s CSR and sustainability project, through which it promotes and encourages elite sport in the province of Castell\u00f3n."}],"buttons":[],"images":[{"type":"image","url":"https:\/\/villarrealcf.es\/wp-content\/uploads\/2024\/04\/@josemiguelmunoze-_DSC0708-2-1620x1080.jpg","alt":"","width":1620,"height":1080,"srcset":"https:\/\/villarrealcf.es\/wp-content\/uploads\/2024\/04\/@josemiguelmunoze-_DSC0708-2-1620x1080.jpg 1620w, https:\/\/villarrealcf.es\/wp-content\/uploads\/2024\/04\/@josemiguelmunoze-_DSC0708-2-1620x1080.jpg 1920w, https:\/\/villarrealcf.es\/wp-content\/uploads\/2024\/04\/@josemiguelmunoze-_DSC0708-2-1536x1024.jpg 1536w, https:\/\/villarrealcf.es\/wp-content\/uploads\/2024\/04\/@josemiguelmunoze-_DSC0708-2-2048x1365.jpg 2048w, https:\/\/villarrealcf.es\/wp-content\/uploads\/2024\/04\/@josemiguelmunoze-_DSC0708-2-1620x1080.jpg 1920w, https:\/\/villarrealcf.es\/wp-content\/uploads\/2024\/04\/@josemiguelmunoze-_DSC0708-2-1620x1080.jpg 1920w, https:\/\/villarrealcf.es\/wp-content\/uploads\/2024\/04\/@josemiguelmunoze-_DSC0708-2-32x21.jpg 32w, https:\/\/villarrealcf.es\/wp-content\/uploads\/2024\/04\/@josemiguelmunoze-_DSC0708-2-150x100.jpg 150w, https:\/\/villarrealcf.es\/wp-content\/uploads\/2024\/04\/@josemiguelmunoze-_DSC0708-2-1620x1080.jpg 1920w, https:\/\/villarrealcf.es\/wp-content\/uploads\/2024\/04\/@josemiguelmunoze-_DSC0708-2-1200x800.jpg 1200w","sizes":"auto, (max-width: 1620px) 100vw, 1620px"},{"type":"image","url":"https:\/\/villarrealcf.es\/wp-content\/uploads\/2024\/04\/Camille-Bruyas.jpeg","alt":"","width":1600,"height":1065,"srcset":"https:\/\/villarrealcf.es\/wp-content\/uploads\/2024\/04\/Camille-Bruyas.jpeg 1600w, https:\/\/villarrealcf.es\/wp-content\/uploads\/2024\/04\/Camille-Bruyas.jpeg 1920w, https:\/\/villarrealcf.es\/wp-content\/uploads\/2024\/04\/Camille-Bruyas-1536x1022.jpeg 1536w, https:\/\/villarrealcf.es\/wp-content\/uploads\/2024\/04\/Camille-Bruyas.jpeg 1920w, https:\/\/villarrealcf.es\/wp-content\/uploads\/2024\/04\/Camille-Bruyas.jpeg 1920w, https:\/\/villarrealcf.es\/wp-content\/uploads\/2024\/04\/Camille-Bruyas-32x21.jpeg 32w, https:\/\/villarrealcf.es\/wp-content\/uploads\/2024\/04\/Camille-Bruyas-150x100.jpeg 150w, https:\/\/villarrealcf.es\/wp-content\/uploads\/2024\/04\/Camille-Bruyas.jpeg 1920w, https:\/\/villarrealcf.es\/wp-content\/uploads\/2024\/04\/Camille-Bruyas-1200x799.jpeg 1200w","sizes":"auto, (max-width: 1600px) 100vw, 1600px"},{"type":"image","url":"https:\/\/villarrealcf.es\/wp-content\/uploads\/2024\/04\/@josemiguelmunoze-_DSC0726-2-1620x1080.jpg","alt":"","width":1620,"height":1080,"srcset":"https:\/\/villarrealcf.es\/wp-content\/uploads\/2024\/04\/@josemiguelmunoze-_DSC0726-2-1620x1080.jpg 1620w, https:\/\/villarrealcf.es\/wp-content\/uploads\/2024\/04\/@josemiguelmunoze-_DSC0726-2-1620x1080.jpg 1920w, https:\/\/villarrealcf.es\/wp-content\/uploads\/2024\/04\/@josemiguelmunoze-_DSC0726-2-1536x1024.jpg 1536w, https:\/\/villarrealcf.es\/wp-content\/uploads\/2024\/04\/@josemiguelmunoze-_DSC0726-2-2048x1365.jpg 2048w, https:\/\/villarrealcf.es\/wp-content\/uploads\/2024\/04\/@josemiguelmunoze-_DSC0726-2-1620x1080.jpg 1920w, https:\/\/villarrealcf.es\/wp-content\/uploads\/2024\/04\/@josemiguelmunoze-_DSC0726-2-1620x1080.jpg 1920w, https:\/\/villarrealcf.es\/wp-content\/uploads\/2024\/04\/@josemiguelmunoze-_DSC0726-2-32x21.jpg 32w, https:\/\/villarrealcf.es\/wp-content\/uploads\/2024\/04\/@josemiguelmunoze-_DSC0726-2-150x100.jpg 150w, https:\/\/villarrealcf.es\/wp-content\/uploads\/2024\/04\/@josemiguelmunoze-_DSC0726-2-1620x1080.jpg 1920w, https:\/\/villarrealcf.es\/wp-content\/uploads\/2024\/04\/@josemiguelmunoze-_DSC0726-2-1200x800.jpg 1200w","sizes":"auto, (max-width: 1620px) 100vw, 1620px"},{"type":"image","url":"https:\/\/villarrealcf.es\/wp-content\/uploads\/2024\/04\/Gemma.jpeg","alt":"","width":1600,"height":1007,"srcset":"https:\/\/villarrealcf.es\/wp-content\/uploads\/2024\/04\/Gemma.jpeg 1600w, https:\/\/villarrealcf.es\/wp-content\/uploads\/2024\/04\/Gemma.jpeg 1920w, https:\/\/villarrealcf.es\/wp-content\/uploads\/2024\/04\/Gemma-1536x967.jpeg 1536w, https:\/\/villarrealcf.es\/wp-content\/uploads\/2024\/04\/Gemma.jpeg 1920w, https:\/\/villarrealcf.es\/wp-content\/uploads\/2024\/04\/Gemma.jpeg 1920w, https:\/\/villarrealcf.es\/wp-content\/uploads\/2024\/04\/Gemma-32x20.jpeg 32w, https:\/\/villarrealcf.es\/wp-content\/uploads\/2024\/04\/Gemma-150x94.jpeg 150w, https:\/\/villarrealcf.es\/wp-content\/uploads\/2024\/04\/Gemma.jpeg 1920w, https:\/\/villarrealcf.es\/wp-content\/uploads\/2024\/04\/Gemma-1200x755.jpeg 1200w","sizes":"auto, (max-width: 1600px) 100vw, 1600px"},{"type":"image","url":"https:\/\/villarrealcf.es\/wp-content\/uploads\/2024\/04\/Cabeza-de-carrera.jpeg","alt":"","width":1600,"height":1067,"srcset":"https:\/\/villarrealcf.es\/wp-content\/uploads\/2024\/04\/Cabeza-de-carrera.jpeg 1600w, https:\/\/villarrealcf.es\/wp-content\/uploads\/2024\/04\/Cabeza-de-carrera.jpeg 1920w, https:\/\/villarrealcf.es\/wp-content\/uploads\/2024\/04\/Cabeza-de-carrera-1536x1024.jpeg 1536w, https:\/\/villarrealcf.es\/wp-content\/uploads\/2024\/04\/Cabeza-de-carrera.jpeg 1920w, https:\/\/villarrealcf.es\/wp-content\/uploads\/2024\/04\/Cabeza-de-carrera.jpeg 1920w, https:\/\/villarrealcf.es\/wp-content\/uploads\/2024\/04\/Cabeza-de-carrera-32x21.jpeg 32w, https:\/\/villarrealcf.es\/wp-content\/uploads\/2024\/04\/Cabeza-de-carrera-150x100.jpeg 150w, https:\/\/villarrealcf.es\/wp-content\/uploads\/2024\/04\/Cabeza-de-carrera.jpeg 1920w, https:\/\/villarrealcf.es\/wp-content\/uploads\/2024\/04\/Cabeza-de-carrera-1200x800.jpeg 1200w","sizes":"auto, (max-width: 1600px) 100vw, 1600px"},{"type":"image","url":"https:\/\/villarrealcf.es\/wp-content\/uploads\/2024\/04\/IMG_9015.jpg","alt":"","width":1616,"height":1080,"srcset":"https:\/\/villarrealcf.es\/wp-content\/uploads\/2024\/04\/IMG_9015.jpg 1616w, https:\/\/villarrealcf.es\/wp-content\/uploads\/2024\/04\/IMG_9015.jpg 1920w, https:\/\/villarrealcf.es\/wp-content\/uploads\/2024\/04\/IMG_9015-1536x1027.jpg 1536w, https:\/\/villarrealcf.es\/wp-content\/uploads\/2024\/04\/IMG_9015.jpg 1920w, https:\/\/villarrealcf.es\/wp-content\/uploads\/2024\/04\/IMG_9015.jpg 1920w, https:\/\/villarrealcf.es\/wp-content\/uploads\/2024\/04\/IMG_9015-32x21.jpg 32w, https:\/\/villarrealcf.es\/wp-content\/uploads\/2024\/04\/IMG_9015-150x100.jpg 150w, https:\/\/villarrealcf.es\/wp-content\/uploads\/2024\/04\/IMG_9015.jpg 1920w, https:\/\/villarrealcf.es\/wp-content\/uploads\/2024\/04\/IMG_9015-1200x802.jpg 1200w","sizes":"auto, (max-width: 1616px) 100vw, 1616px"}],"widgets":[],"blocks":[{"type":"heading","level":2,"text":"More than 2,000 runners coming from 40 different countries enjoyed the fantastic MiM and CSP courses"},{"type":"paragraph","text":"The ASICS Penyagolosa Trails race was held last Saturday with a brilliant edition, with more than 2,000 participants of up to 40 nationalities who accepted the challenge of enjoying the spectacular provincial trails through which the MiM and the CSP run."},{"type":"paragraph","text":"The iconic Marat\u00f3 i Mitja also celebrated its 25th edition in style, accompanied by 1,500 athletes from all corners of the world and with a large number of local spectators who came to cheer on the participants. The event started at 6am and Jos\u00e9 \u00c1ngel Fern\u00e1ndez \u2018Canales\u2019 and Gemma Arenas won the race after more than 60 kilometres and 3,300 metres of positive ascent."},{"type":"paragraph","text":"In the CSP, which started at midnight, Ram\u00f3n Recatal\u00e1 (from La Vilavella) and the French Camille Bruyas won. The race was attended by 600 brave runners who completed the 106 kilometres with 5,600 kilometres of positive ascent."},{"type":"paragraph","text":"This prestigious event forms part of the competitions of the Endavant Esports programme, a vertical part of the club\u2019s CSR and sustainability project, through which it promotes and encourages elite sport in the province of Castell\u00f3n."},{"type":"image","url":"https:\/\/villarrealcf.es\/wp-content\/uploads\/2024\/04\/@josemiguelmunoze-_DSC0708-2-1620x1080.jpg","alt":"","width":1620,"height":1080,"srcset":"https:\/\/villarrealcf.es\/wp-content\/uploads\/2024\/04\/@josemiguelmunoze-_DSC0708-2-1620x1080.jpg 1620w, https:\/\/villarrealcf.es\/wp-content\/uploads\/2024\/04\/@josemiguelmunoze-_DSC0708-2-1620x1080.jpg 1920w, https:\/\/villarrealcf.es\/wp-content\/uploads\/2024\/04\/@josemiguelmunoze-_DSC0708-2-1536x1024.jpg 1536w, https:\/\/villarrealcf.es\/wp-content\/uploads\/2024\/04\/@josemiguelmunoze-_DSC0708-2-2048x1365.jpg 2048w, https:\/\/villarrealcf.es\/wp-content\/uploads\/2024\/04\/@josemiguelmunoze-_DSC0708-2-1620x1080.jpg 1920w, https:\/\/villarrealcf.es\/wp-content\/uploads\/2024\/04\/@josemiguelmunoze-_DSC0708-2-1620x1080.jpg 1920w, https:\/\/villarrealcf.es\/wp-content\/uploads\/2024\/04\/@josemiguelmunoze-_DSC0708-2-32x21.jpg 32w, https:\/\/villarrealcf.es\/wp-content\/uploads\/2024\/04\/@josemiguelmunoze-_DSC0708-2-150x100.jpg 150w, https:\/\/villarrealcf.es\/wp-content\/uploads\/2024\/04\/@josemiguelmunoze-_DSC0708-2-1620x1080.jpg 1920w, https:\/\/villarrealcf.es\/wp-content\/uploads\/2024\/04\/@josemiguelmunoze-_DSC0708-2-1200x800.jpg 1200w","sizes":"auto, (max-width: 1620px) 100vw, 1620px"},{"type":"image","url":"https:\/\/villarrealcf.es\/wp-content\/uploads\/2024\/04\/Camille-Bruyas.jpeg","alt":"","width":1600,"height":1065,"srcset":"https:\/\/villarrealcf.es\/wp-content\/uploads\/2024\/04\/Camille-Bruyas.jpeg 1600w, https:\/\/villarrealcf.es\/wp-content\/uploads\/2024\/04\/Camille-Bruyas.jpeg 1920w, https:\/\/villarrealcf.es\/wp-content\/uploads\/2024\/04\/Camille-Bruyas-1536x1022.jpeg 1536w, https:\/\/villarrealcf.es\/wp-content\/uploads\/2024\/04\/Camille-Bruyas.jpeg 1920w, https:\/\/villarrealcf.es\/wp-content\/uploads\/2024\/04\/Camille-Bruyas.jpeg 1920w, https:\/\/villarrealcf.es\/wp-content\/uploads\/2024\/04\/Camille-Bruyas-32x21.jpeg 32w, https:\/\/villarrealcf.es\/wp-content\/uploads\/2024\/04\/Camille-Bruyas-150x100.jpeg 150w, https:\/\/villarrealcf.es\/wp-content\/uploads\/2024\/04\/Camille-Bruyas.jpeg 1920w, https:\/\/villarrealcf.es\/wp-content\/uploads\/2024\/04\/Camille-Bruyas-1200x799.jpeg 1200w","sizes":"auto, (max-width: 1600px) 100vw, 1600px"},{"type":"image","url":"https:\/\/villarrealcf.es\/wp-content\/uploads\/2024\/04\/@josemiguelmunoze-_DSC0726-2-1620x1080.jpg","alt":"","width":1620,"height":1080,"srcset":"https:\/\/villarrealcf.es\/wp-content\/uploads\/2024\/04\/@josemiguelmunoze-_DSC0726-2-1620x1080.jpg 1620w, https:\/\/villarrealcf.es\/wp-content\/uploads\/2024\/04\/@josemiguelmunoze-_DSC0726-2-1620x1080.jpg 1920w, https:\/\/villarrealcf.es\/wp-content\/uploads\/2024\/04\/@josemiguelmunoze-_DSC0726-2-1536x1024.jpg 1536w, https:\/\/villarrealcf.es\/wp-content\/uploads\/2024\/04\/@josemiguelmunoze-_DSC0726-2-2048x1365.jpg 2048w, https:\/\/villarrealcf.es\/wp-content\/uploads\/2024\/04\/@josemiguelmunoze-_DSC0726-2-1620x1080.jpg 1920w, https:\/\/villarrealcf.es\/wp-content\/uploads\/2024\/04\/@josemiguelmunoze-_DSC0726-2-1620x1080.jpg 1920w, https:\/\/villarrealcf.es\/wp-content\/uploads\/2024\/04\/@josemiguelmunoze-_DSC0726-2-32x21.jpg 32w, https:\/\/villarrealcf.es\/wp-content\/uploads\/2024\/04\/@josemiguelmunoze-_DSC0726-2-150x100.jpg 150w, https:\/\/villarrealcf.es\/wp-content\/uploads\/2024\/04\/@josemiguelmunoze-_DSC0726-2-1620x1080.jpg 1920w, https:\/\/villarrealcf.es\/wp-content\/uploads\/2024\/04\/@josemiguelmunoze-_DSC0726-2-1200x800.jpg 1200w","sizes":"auto, (max-width: 1620px) 100vw, 1620px"},{"type":"image","url":"https:\/\/villarrealcf.es\/wp-content\/uploads\/2024\/04\/Gemma.jpeg","alt":"","width":1600,"height":1007,"srcset":"https:\/\/villarrealcf.es\/wp-content\/uploads\/2024\/04\/Gemma.jpeg 1600w, https:\/\/villarrealcf.es\/wp-content\/uploads\/2024\/04\/Gemma.jpeg 1920w, https:\/\/villarrealcf.es\/wp-content\/uploads\/2024\/04\/Gemma-1536x967.jpeg 1536w, https:\/\/villarrealcf.es\/wp-content\/uploads\/2024\/04\/Gemma.jpeg 1920w, https:\/\/villarrealcf.es\/wp-content\/uploads\/2024\/04\/Gemma.jpeg 1920w, https:\/\/villarrealcf.es\/wp-content\/uploads\/2024\/04\/Gemma-32x20.jpeg 32w, https:\/\/villarrealcf.es\/wp-content\/uploads\/2024\/04\/Gemma-150x94.jpeg 150w, https:\/\/villarrealcf.es\/wp-content\/uploads\/2024\/04\/Gemma.jpeg 1920w, https:\/\/villarrealcf.es\/wp-content\/uploads\/2024\/04\/Gemma-1200x755.jpeg 1200w","sizes":"auto, (max-width: 1600px) 100vw, 1600px"},{"type":"image","url":"https:\/\/villarrealcf.es\/wp-content\/uploads\/2024\/04\/Cabeza-de-carrera.jpeg","alt":"","width":1600,"height":1067,"srcset":"https:\/\/villarrealcf.es\/wp-content\/uploads\/2024\/04\/Cabeza-de-carrera.jpeg 1600w, https:\/\/villarrealcf.es\/wp-content\/uploads\/2024\/04\/Cabeza-de-carrera.jpeg 1920w, https:\/\/villarrealcf.es\/wp-content\/uploads\/2024\/04\/Cabeza-de-carrera-1536x1024.jpeg 1536w, https:\/\/villarrealcf.es\/wp-content\/uploads\/2024\/04\/Cabeza-de-carrera.jpeg 1920w, https:\/\/villarrealcf.es\/wp-content\/uploads\/2024\/04\/Cabeza-de-carrera.jpeg 1920w, https:\/\/villarrealcf.es\/wp-content\/uploads\/2024\/04\/Cabeza-de-carrera-32x21.jpeg 32w, https:\/\/villarrealcf.es\/wp-content\/uploads\/2024\/04\/Cabeza-de-carrera-150x100.jpeg 150w, https:\/\/villarrealcf.es\/wp-content\/uploads\/2024\/04\/Cabeza-de-carrera.jpeg 1920w, https:\/\/villarrealcf.es\/wp-content\/uploads\/2024\/04\/Cabeza-de-carrera-1200x800.jpeg 1200w","sizes":"auto, (max-width: 1600px) 100vw, 1600px"},{"type":"image","url":"https:\/\/villarrealcf.es\/wp-content\/uploads\/2024\/04\/IMG_9015.jpg","alt":"","width":1616,"height":1080,"srcset":"https:\/\/villarrealcf.es\/wp-content\/uploads\/2024\/04\/IMG_9015.jpg 1616w, https:\/\/villarrealcf.es\/wp-content\/uploads\/2024\/04\/IMG_9015.jpg 1920w, https:\/\/villarrealcf.es\/wp-content\/uploads\/2024\/04\/IMG_9015-1536x1027.jpg 1536w, https:\/\/villarrealcf.es\/wp-content\/uploads\/2024\/04\/IMG_9015.jpg 1920w, https:\/\/villarrealcf.es\/wp-content\/uploads\/2024\/04\/IMG_9015.jpg 1920w, https:\/\/villarrealcf.es\/wp-content\/uploads\/2024\/04\/IMG_9015-32x21.jpg 32w, https:\/\/villarrealcf.es\/wp-content\/uploads\/2024\/04\/IMG_9015-150x100.jpg 150w, https:\/\/villarrealcf.es\/wp-content\/uploads\/2024\/04\/IMG_9015.jpg 1920w, https:\/\/villarrealcf.es\/wp-content\/uploads\/2024\/04\/IMG_9015-1200x802.jpg 1200w","sizes":"auto, (max-width: 1616px) 100vw, 1616px"}]}},"sections":[{"id":"section-1","title":"More than 2,000 runners coming from 40 different countries enjoyed the fantastic MiM and CSP courses","text":"More than 2,000 runners coming from 40 different countries enjoyed the fantastic MiM and CSP courses The ASICS Penyagolosa Trails race was held last Saturday with a brilliant edition, with more than 2,000 participants of up to 40 nationalities who accepted the challenge of enjoying the spectacular provincial trails through which the MiM and the CSP run. The iconic Marat\u00f3 i Mitja also celebrated its 25th edition in style, accompanied by 1,500 athletes from all corners of the world and with a large number of local spectators who came to cheer on the participants. The event started at 6am and Jos\u00e9 \u00c1ngel Fern\u00e1ndez \u2018Canales\u2019 and Gemma Arenas won the race after more than 60 kilometres and 3,300 metres of positive ascent. In the CSP, which started at midnight, Ram\u00f3n Recatal\u00e1 (from La Vilavella) and the French Camille Bruyas won. The race was attended by 600 brave runners who completed the 106 kilometres with 5,600 kilometres of positive ascent. This prestigious event forms part of the competitions of the Endavant Esports programme, a vertical part of the club\u2019s CSR and sustainability project, through which it promotes and encourages elite sport in the province of Castell\u00f3n.","url":"","background_image":"","images":[{"type":"image","url":"https:\/\/villarrealcf.es\/wp-content\/uploads\/2024\/04\/@josemiguelmunoze-_DSC0708-2-1620x1080.jpg","alt":"","width":1620,"height":1080,"srcset":"https:\/\/villarrealcf.es\/wp-content\/uploads\/2024\/04\/@josemiguelmunoze-_DSC0708-2-1620x1080.jpg 1620w, https:\/\/villarrealcf.es\/wp-content\/uploads\/2024\/04\/@josemiguelmunoze-_DSC0708-2-1620x1080.jpg 1920w, https:\/\/villarrealcf.es\/wp-content\/uploads\/2024\/04\/@josemiguelmunoze-_DSC0708-2-1536x1024.jpg 1536w, https:\/\/villarrealcf.es\/wp-content\/uploads\/2024\/04\/@josemiguelmunoze-_DSC0708-2-2048x1365.jpg 2048w, https:\/\/villarrealcf.es\/wp-content\/uploads\/2024\/04\/@josemiguelmunoze-_DSC0708-2-1620x1080.jpg 1920w, https:\/\/villarrealcf.es\/wp-content\/uploads\/2024\/04\/@josemiguelmunoze-_DSC0708-2-1620x1080.jpg 1920w, https:\/\/villarrealcf.es\/wp-content\/uploads\/2024\/04\/@josemiguelmunoze-_DSC0708-2-32x21.jpg 32w, https:\/\/villarrealcf.es\/wp-content\/uploads\/2024\/04\/@josemiguelmunoze-_DSC0708-2-150x100.jpg 150w, https:\/\/villarrealcf.es\/wp-content\/uploads\/2024\/04\/@josemiguelmunoze-_DSC0708-2-1620x1080.jpg 1920w, https:\/\/villarrealcf.es\/wp-content\/uploads\/2024\/04\/@josemiguelmunoze-_DSC0708-2-1200x800.jpg 1200w","sizes":"auto, (max-width: 1620px) 100vw, 1620px"},{"type":"image","url":"https:\/\/villarrealcf.es\/wp-content\/uploads\/2024\/04\/Camille-Bruyas.jpeg","alt":"","width":1600,"height":1065,"srcset":"https:\/\/villarrealcf.es\/wp-content\/uploads\/2024\/04\/Camille-Bruyas.jpeg 1600w, https:\/\/villarrealcf.es\/wp-content\/uploads\/2024\/04\/Camille-Bruyas.jpeg 1920w, https:\/\/villarrealcf.es\/wp-content\/uploads\/2024\/04\/Camille-Bruyas-1536x1022.jpeg 1536w, https:\/\/villarrealcf.es\/wp-content\/uploads\/2024\/04\/Camille-Bruyas.jpeg 1920w, https:\/\/villarrealcf.es\/wp-content\/uploads\/2024\/04\/Camille-Bruyas.jpeg 1920w, https:\/\/villarrealcf.es\/wp-content\/uploads\/2024\/04\/Camille-Bruyas-32x21.jpeg 32w, https:\/\/villarrealcf.es\/wp-content\/uploads\/2024\/04\/Camille-Bruyas-150x100.jpeg 150w, https:\/\/villarrealcf.es\/wp-content\/uploads\/2024\/04\/Camille-Bruyas.jpeg 1920w, https:\/\/villarrealcf.es\/wp-content\/uploads\/2024\/04\/Camille-Bruyas-1200x799.jpeg 1200w","sizes":"auto, (max-width: 1600px) 100vw, 1600px"},{"type":"image","url":"https:\/\/villarrealcf.es\/wp-content\/uploads\/2024\/04\/@josemiguelmunoze-_DSC0726-2-1620x1080.jpg","alt":"","width":1620,"height":1080,"srcset":"https:\/\/villarrealcf.es\/wp-content\/uploads\/2024\/04\/@josemiguelmunoze-_DSC0726-2-1620x1080.jpg 1620w, https:\/\/villarrealcf.es\/wp-content\/uploads\/2024\/04\/@josemiguelmunoze-_DSC0726-2-1620x1080.jpg 1920w, https:\/\/villarrealcf.es\/wp-content\/uploads\/2024\/04\/@josemiguelmunoze-_DSC0726-2-1536x1024.jpg 1536w, https:\/\/villarrealcf.es\/wp-content\/uploads\/2024\/04\/@josemiguelmunoze-_DSC0726-2-2048x1365.jpg 2048w, https:\/\/villarrealcf.es\/wp-content\/uploads\/2024\/04\/@josemiguelmunoze-_DSC0726-2-1620x1080.jpg 1920w, https:\/\/villarrealcf.es\/wp-content\/uploads\/2024\/04\/@josemiguelmunoze-_DSC0726-2-1620x1080.jpg 1920w, https:\/\/villarrealcf.es\/wp-content\/uploads\/2024\/04\/@josemiguelmunoze-_DSC0726-2-32x21.jpg 32w, https:\/\/villarrealcf.es\/wp-content\/uploads\/2024\/04\/@josemiguelmunoze-_DSC0726-2-150x100.jpg 150w, https:\/\/villarrealcf.es\/wp-content\/uploads\/2024\/04\/@josemiguelmunoze-_DSC0726-2-1620x1080.jpg 1920w, https:\/\/villarrealcf.es\/wp-content\/uploads\/2024\/04\/@josemiguelmunoze-_DSC0726-2-1200x800.jpg 1200w","sizes":"auto, (max-width: 1620px) 100vw, 1620px"},{"type":"image","url":"https:\/\/villarrealcf.es\/wp-content\/uploads\/2024\/04\/Gemma.jpeg","alt":"","width":1600,"height":1007,"srcset":"https:\/\/villarrealcf.es\/wp-content\/uploads\/2024\/04\/Gemma.jpeg 1600w, https:\/\/villarrealcf.es\/wp-content\/uploads\/2024\/04\/Gemma.jpeg 1920w, https:\/\/villarrealcf.es\/wp-content\/uploads\/2024\/04\/Gemma-1536x967.jpeg 1536w, https:\/\/villarrealcf.es\/wp-content\/uploads\/2024\/04\/Gemma.jpeg 1920w, https:\/\/villarrealcf.es\/wp-content\/uploads\/2024\/04\/Gemma.jpeg 1920w, https:\/\/villarrealcf.es\/wp-content\/uploads\/2024\/04\/Gemma-32x20.jpeg 32w, https:\/\/villarrealcf.es\/wp-content\/uploads\/2024\/04\/Gemma-150x94.jpeg 150w, https:\/\/villarrealcf.es\/wp-content\/uploads\/2024\/04\/Gemma.jpeg 1920w, https:\/\/villarrealcf.es\/wp-content\/uploads\/2024\/04\/Gemma-1200x755.jpeg 1200w","sizes":"auto, (max-width: 1600px) 100vw, 1600px"},{"type":"image","url":"https:\/\/villarrealcf.es\/wp-content\/uploads\/2024\/04\/Cabeza-de-carrera.jpeg","alt":"","width":1600,"height":1067,"srcset":"https:\/\/villarrealcf.es\/wp-content\/uploads\/2024\/04\/Cabeza-de-carrera.jpeg 1600w, https:\/\/villarrealcf.es\/wp-content\/uploads\/2024\/04\/Cabeza-de-carrera.jpeg 1920w, https:\/\/villarrealcf.es\/wp-content\/uploads\/2024\/04\/Cabeza-de-carrera-1536x1024.jpeg 1536w, https:\/\/villarrealcf.es\/wp-content\/uploads\/2024\/04\/Cabeza-de-carrera.jpeg 1920w, https:\/\/villarrealcf.es\/wp-content\/uploads\/2024\/04\/Cabeza-de-carrera.jpeg 1920w, https:\/\/villarrealcf.es\/wp-content\/uploads\/2024\/04\/Cabeza-de-carrera-32x21.jpeg 32w, https:\/\/villarrealcf.es\/wp-content\/uploads\/2024\/04\/Cabeza-de-carrera-150x100.jpeg 150w, https:\/\/villarrealcf.es\/wp-content\/uploads\/2024\/04\/Cabeza-de-carrera.jpeg 1920w, https:\/\/villarrealcf.es\/wp-content\/uploads\/2024\/04\/Cabeza-de-carrera-1200x800.jpeg 1200w","sizes":"auto, (max-width: 1600px) 100vw, 1600px"},{"type":"image","url":"https:\/\/villarrealcf.es\/wp-content\/uploads\/2024\/04\/IMG_9015.jpg","alt":"","width":1616,"height":1080,"srcset":"https:\/\/villarrealcf.es\/wp-content\/uploads\/2024\/04\/IMG_9015.jpg 1616w, https:\/\/villarrealcf.es\/wp-content\/uploads\/2024\/04\/IMG_9015.jpg 1920w, https:\/\/villarrealcf.es\/wp-content\/uploads\/2024\/04\/IMG_9015-1536x1027.jpg 1536w, https:\/\/villarrealcf.es\/wp-content\/uploads\/2024\/04\/IMG_9015.jpg 1920w, https:\/\/villarrealcf.es\/wp-content\/uploads\/2024\/04\/IMG_9015.jpg 1920w, https:\/\/villarrealcf.es\/wp-content\/uploads\/2024\/04\/IMG_9015-32x21.jpg 32w, https:\/\/villarrealcf.es\/wp-content\/uploads\/2024\/04\/IMG_9015-150x100.jpg 150w, https:\/\/villarrealcf.es\/wp-content\/uploads\/2024\/04\/IMG_9015.jpg 1920w, https:\/\/villarrealcf.es\/wp-content\/uploads\/2024\/04\/IMG_9015-1200x802.jpg 1200w","sizes":"auto, (max-width: 1616px) 100vw, 1616px"}],"videos":[],"links":[]}]},"excerpt":{"rendered":"More than 2,000 runners coming from 40 different countries enjoyed the fantastic MiM and CSP courses","protected":false},"author":25,"featured_media":304471,"comment_status":"closed","ping_status":"closed","sticky":false,"template":"","format":"standard","meta":{"_acf_changed":false,"footnotes":""},"categories":[13508],"tags":[13467,4920,9201,13478,13463,9199,13482,13487],"acf":null,"lang":"en","translations":{"es":304469,"val":304497,"en":304502},"essential_grid":{"has_grid":false},"formatted_date":"April 22, 2024","modified_date":"April 22, 2024","permalink":"https:\/\/villarrealcf.es\/en\/asics-penyagolosa-trails-shines\/","reading_time":1,"featured_media_data":{"id":304471,"title":"PENYAGOLOSA TRAILS","caption":"","alt_text":"","description":"","mime_type":"image\/jpeg","source_url":"https:\/\/villarrealcf.es\/wp-content\/uploads\/2024\/04\/PENYAGOLOSA-TRAILS.jpg","sizes":{"thumbnail":{"url":"https:\/\/villarrealcf.es\/wp-content\/uploads\/2024\/04\/PENYAGOLOSA-TRAILS-1920x1080.jpg","width":1920,"height":1080},"medium":{"url":"https:\/\/villarrealcf.es\/wp-content\/uploads\/2024\/04\/PENYAGOLOSA-TRAILS-1920x1080.jpg","width":1920,"height":1080},"medium_large":{"url":"https:\/\/villarrealcf.es\/wp-content\/uploads\/2024\/04\/PENYAGOLOSA-TRAILS-768x432.jpg","width":768,"height":432},"large":{"url":"https:\/\/villarrealcf.es\/wp-content\/uploads\/2024\/04\/PENYAGOLOSA-TRAILS-1920x1080.jpg","width":788,"height":443},"1536x1536":{"url":"https:\/\/villarrealcf.es\/wp-content\/uploads\/2024\/04\/PENYAGOLOSA-TRAILS-1536x864.jpg","width":1536,"height":864},"2048x2048":{"url":"https:\/\/villarrealcf.es\/wp-content\/uploads\/2024\/04\/PENYAGOLOSA-TRAILS.jpg","width":1920,"height":1080},"tp-image-grid":{"url":"https:\/\/villarrealcf.es\/wp-content\/uploads\/2024\/04\/PENYAGOLOSA-TRAILS-700x700.jpg","width":700,"height":700},"size-bunyad-medium":{"url":"https:\/\/villarrealcf.es\/wp-content\/uploads\/2024\/04\/PENYAGOLOSA-TRAILS-1920x1080.jpg","width":1920,"height":1080},"sportspress-crop-medium":{"url":"https:\/\/villarrealcf.es\/wp-content\/uploads\/2024\/04\/PENYAGOLOSA-TRAILS-300x300.jpg","width":300,"height":300},"sportspress-fit-medium":{"url":"https:\/\/villarrealcf.es\/wp-content\/uploads\/2024\/04\/PENYAGOLOSA-TRAILS-300x169.jpg","width":300,"height":169},"sportspress-fit-icon":{"url":"https:\/\/villarrealcf.es\/wp-content\/uploads\/2024\/04\/PENYAGOLOSA-TRAILS-128x72.jpg","width":128,"height":72},"sportspress-fit-mini":{"url":"https:\/\/villarrealcf.es\/wp-content\/uploads\/2024\/04\/PENYAGOLOSA-TRAILS-32x18.jpg","width":32,"height":18},"bunyad-small":{"url":"https:\/\/villarrealcf.es\/wp-content\/uploads\/2024\/04\/PENYAGOLOSA-TRAILS-150x84.jpg","width":150,"height":84},"bunyad-medium":{"url":"https:\/\/villarrealcf.es\/wp-content\/uploads\/2024\/04\/PENYAGOLOSA-TRAILS-450x253.jpg","width":450,"height":253},"bunyad-full":{"url":"https:\/\/villarrealcf.es\/wp-content\/uploads\/2024\/04\/PENYAGOLOSA-TRAILS-1200x675.jpg","width":1200,"height":675},"bunyad-viewport":{"url":"https:\/\/villarrealcf.es\/wp-content\/uploads\/2024\/04\/PENYAGOLOSA-TRAILS.jpg","width":1920,"height":1080},"bunyad-768":{"url":"https:\/\/villarrealcf.es\/wp-content\/uploads\/2024\/04\/PENYAGOLOSA-TRAILS-768x432.jpg","width":768,"height":432},"full":{"url":"https:\/\/villarrealcf.es\/wp-content\/uploads\/2024\/04\/PENYAGOLOSA-TRAILS.jpg","width":1920,"height":1080}}},"author_data":{"id":"25","name":"Javier Ayuso","first_name":"Javier","last_name":"Ayuso","description":"","avatar_url":"https:\/\/secure.gravatar.com\/avatar\/fcf8894be45988fcce5bbff0efe1790d2a7f4ba57e2c7c898f5068154e696495?s=96&d=mm&r=g","acf":null},"taxonomies_data":{"category":[{"id":13508,"name":"Endavant","slug":"endavant-en","acf":null}],"post_tag":[{"id":13467,"name":"Endavant","slug":"endavant-en","acf":null},{"id":4920,"name":"Endavant Esports","slug":"endavant-esports","acf":null},{"id":9201,"name":"Football","slug":"football-d34-en","acf":null},{"id":13478,"name":"Football","slug":"football-eng","acf":null},{"id":13463,"name":"Sin categorizar","slug":"sin-categorizar","acf":null},{"id":9199,"name":"Soccer","slug":"soccer-d105-en","acf":null},{"id":13482,"name":"Submarine","slug":"submarine-en","acf":null},{"id":13487,"name":"Yellow Submarine","slug":"yellow-submarine-en","acf":null}],"translation_priority":[{"id":734,"name":"Optional","slug":"optional-en","acf":null}]},"seo_full":{"native":{"title":"ASICS Penyagolosa Trails shines - Web Oficial del Villarreal CF","description":"More than 2,000 runners coming from 40 different countries enjoyed the fantastic MiM and CSP courses","canonical":"https:\/\/villarrealcf.es\/en\/asics-penyagolosa-trails-shines\/"}},"_links":{"self":[{"href":"https:\/\/villarrealcf.es\/en\/wp-json\/wp\/v2\/posts\/304502","targetHints":{"allow":["GET"]}}],"collection":[{"href":"https:\/\/villarrealcf.es\/en\/wp-json\/wp\/v2\/posts"}],"about":[{"href":"https:\/\/villarrealcf.es\/en\/wp-json\/wp\/v2\/types\/post"}],"author":[{"embeddable":true,"href":"https:\/\/villarrealcf.es\/en\/wp-json\/wp\/v2\/users\/25"}],"replies":[{"embeddable":true,"href":"https:\/\/villarrealcf.es\/en\/wp-json\/wp\/v2\/comments?post=304502"}],"version-history":[{"count":0,"href":"https:\/\/villarrealcf.es\/en\/wp-json\/wp\/v2\/posts\/304502\/revisions"}],"wp:featuredmedia":[{"embeddable":true,"href":"https:\/\/villarrealcf.es\/en\/wp-json\/wp\/v2\/media\/304471"}],"wp:attachment":[{"href":"https:\/\/villarrealcf.es\/en\/wp-json\/wp\/v2\/media?parent=304502"}],"wp:term":[{"taxonomy":"category","embeddable":true,"href":"https:\/\/villarrealcf.es\/en\/wp-json\/wp\/v2\/categories?post=304502"},{"taxonomy":"post_tag","embeddable":true,"href":"https:\/\/villarrealcf.es\/en\/wp-json\/wp\/v2\/tags?post=304502"}],"curies":[{"name":"wp","href":"https:\/\/api.w.org\/{rel}","templated":true}]}}