{"id":293258,"date":"2023-12-29T15:58:21","date_gmt":"2023-12-29T14:58:21","guid":{"rendered":"https:\/\/villarrealcf.es\/los-momentos-mas-especiales-del-villarreal-cf-en-2023\/"},"modified":"2024-01-02T13:37:25","modified_gmt":"2024-01-02T12:37:25","slug":"villarreal-cfs-most-special-moments-of-2023","status":"publish","type":"post","link":"https:\/\/villarrealcf.es\/en\/villarreal-cfs-most-special-moments-of-2023\/","title":{"rendered":"Villarreal CF&#8217;s most special moments of 2023"},"content":{"protected":false,"blocks":[{"type":"heading","level":2,"text":"The club has experienced sporting success, witnessed historic milestones and celebrated its centenary"},{"type":"paragraph","text":"2023 is coming to an end and for Villarreal CF it will always be remembered for having been the year of the club\u2019s centenary celebrations, with a wide variety of unprecedented activities in the club\u2019s history."},{"type":"paragraph","text":"Beyond the centenary events, which involved and excited the whole of the Yellow\u2019 family, the Submarine experienced great moments on a sporting level and even some of its most emblematic players achieved records that will remain in the history of Villarreal and the world of football."},{"type":"paragraph","text":"1. The emotion of the Centenary Party"},{"type":"paragraph","text":"Held on Friday 10th March 2023, the great Centenary Party was an unprecedented show on the pitch of the Estadio de la Cer\u00e1mica. Around 20,000 Yellows fans were thrilled by this spectacular event, which featured the participation of seven associations, seven bands from the province of Castell\u00f3n and seven artists, a total of more than 600 people on stage."},{"type":"paragraph","text":"This artistic performance concluded with the prestigious Nacho Cano, composer of the club\u2019s centenary anthem, who performed this very special piece live."},{"type":"image","url":"https:\/\/villarrealcf.es\/wp-content\/uploads\/2023\/12\/20230310-FestaCentenariGroguet-094-1620x1080.jpg","alt":"","width":1620,"height":1080,"srcset":"https:\/\/villarrealcf.es\/wp-content\/uploads\/2023\/12\/20230310-FestaCentenariGroguet-094-1620x1080.jpg 1620w, https:\/\/villarrealcf.es\/wp-content\/uploads\/2023\/12\/20230310-FestaCentenariGroguet-094-1620x1080.jpg 1920w, https:\/\/villarrealcf.es\/wp-content\/uploads\/2023\/12\/20230310-FestaCentenariGroguet-094-1536x1024.jpg 1536w, https:\/\/villarrealcf.es\/wp-content\/uploads\/2023\/12\/20230310-FestaCentenariGroguet-094-2048x1366.jpg 2048w, https:\/\/villarrealcf.es\/wp-content\/uploads\/2023\/12\/20230310-FestaCentenariGroguet-094-1620x1080.jpg 1920w, https:\/\/villarrealcf.es\/wp-content\/uploads\/2023\/12\/20230310-FestaCentenariGroguet-094-1620x1080.jpg 1920w, https:\/\/villarrealcf.es\/wp-content\/uploads\/2023\/12\/20230310-FestaCentenariGroguet-094-32x21.jpg 32w, https:\/\/villarrealcf.es\/wp-content\/uploads\/2023\/12\/20230310-FestaCentenariGroguet-094-150x100.jpg 150w, https:\/\/villarrealcf.es\/wp-content\/uploads\/2023\/12\/20230310-FestaCentenariGroguet-094-1620x1080.jpg 1920w, https:\/\/villarrealcf.es\/wp-content\/uploads\/2023\/12\/20230310-FestaCentenariGroguet-094-1200x800.jpg 1200w, https:\/\/villarrealcf.es\/wp-content\/uploads\/2023\/12\/20230310-FestaCentenariGroguet-094.jpg 2362w","sizes":"auto, (max-width: 1620px) 100vw, 1620px"},{"type":"paragraph","text":"2. The legends return to La Cer\u00e1mica"},{"type":"paragraph","text":"Villarreal CF organised \u2018The Legends Match\u2019. This exceptional event paid tribute to the club\u2019s former players from different eras and held a match between the most emblematic former Yellow Submarine players and a team of Spain Legends, former players who have played for the Spanish national team."},{"type":"paragraph","text":"At this event, the best XI in the history of Villarreal CF, chosen by the fans through the club\u2019s official website, was unveiled."},{"type":"image","url":"https:\/\/villarrealcf.es\/wp-content\/uploads\/2023\/12\/20230325-PartidoLeyendas-094-1620x1080.jpg","alt":"","width":1620,"height":1080,"srcset":"https:\/\/villarrealcf.es\/wp-content\/uploads\/2023\/12\/20230325-PartidoLeyendas-094-1620x1080.jpg 1620w, https:\/\/villarrealcf.es\/wp-content\/uploads\/2023\/12\/20230325-PartidoLeyendas-094-1620x1080.jpg 1920w, https:\/\/villarrealcf.es\/wp-content\/uploads\/2023\/12\/20230325-PartidoLeyendas-094-1536x1024.jpg 1536w, https:\/\/villarrealcf.es\/wp-content\/uploads\/2023\/12\/20230325-PartidoLeyendas-094-2048x1366.jpg 2048w, https:\/\/villarrealcf.es\/wp-content\/uploads\/2023\/12\/20230325-PartidoLeyendas-094-1620x1080.jpg 1920w, https:\/\/villarrealcf.es\/wp-content\/uploads\/2023\/12\/20230325-PartidoLeyendas-094-1620x1080.jpg 1920w, https:\/\/villarrealcf.es\/wp-content\/uploads\/2023\/12\/20230325-PartidoLeyendas-094-32x21.jpg 32w, https:\/\/villarrealcf.es\/wp-content\/uploads\/2023\/12\/20230325-PartidoLeyendas-094-150x100.jpg 150w, https:\/\/villarrealcf.es\/wp-content\/uploads\/2023\/12\/20230325-PartidoLeyendas-094-1620x1080.jpg 1920w, https:\/\/villarrealcf.es\/wp-content\/uploads\/2023\/12\/20230325-PartidoLeyendas-094-1200x800.jpg 1200w, https:\/\/villarrealcf.es\/wp-content\/uploads\/2023\/12\/20230325-PartidoLeyendas-094.jpg 2362w","sizes":"auto, (max-width: 1620px) 100vw, 1620px"},{"type":"paragraph","text":"3. The Samu Chukwueze show and a victory at the Santiago Bernab\u00e9u (2-3)"},{"type":"paragraph","text":"Villarreal beat Real Madrid (2-3) in one of the best games of the year in LALIGA. Despite falling behind to start the game, the Submarine turned the scoreline around with a historic display from Samu Chukwueze, who led the second win at the Santiago Bernabeu with two fantastic goals."},{"type":"image","url":"https:\/\/villarrealcf.es\/wp-content\/uploads\/2023\/12\/RealMadrid-VillarrealCF-074-1620x1080.jpg","alt":"","width":1620,"height":1080,"srcset":"https:\/\/villarrealcf.es\/wp-content\/uploads\/2023\/12\/RealMadrid-VillarrealCF-074-1620x1080.jpg 1620w, https:\/\/villarrealcf.es\/wp-content\/uploads\/2023\/12\/RealMadrid-VillarrealCF-074-1620x1080.jpg 1920w, https:\/\/villarrealcf.es\/wp-content\/uploads\/2023\/12\/RealMadrid-VillarrealCF-074-1536x1024.jpg 1536w, https:\/\/villarrealcf.es\/wp-content\/uploads\/2023\/12\/RealMadrid-VillarrealCF-074-2048x1366.jpg 2048w, https:\/\/villarrealcf.es\/wp-content\/uploads\/2023\/12\/RealMadrid-VillarrealCF-074-1620x1080.jpg 1920w, https:\/\/villarrealcf.es\/wp-content\/uploads\/2023\/12\/RealMadrid-VillarrealCF-074-1620x1080.jpg 1920w, https:\/\/villarrealcf.es\/wp-content\/uploads\/2023\/12\/RealMadrid-VillarrealCF-074-32x21.jpg 32w, https:\/\/villarrealcf.es\/wp-content\/uploads\/2023\/12\/RealMadrid-VillarrealCF-074-150x100.jpg 150w, https:\/\/villarrealcf.es\/wp-content\/uploads\/2023\/12\/RealMadrid-VillarrealCF-074-1620x1080.jpg 1920w, https:\/\/villarrealcf.es\/wp-content\/uploads\/2023\/12\/RealMadrid-VillarrealCF-074-1200x800.jpg 1200w, https:\/\/villarrealcf.es\/wp-content\/uploads\/2023\/12\/RealMadrid-VillarrealCF-074.jpg 2362w","sizes":"auto, (max-width: 1620px) 100vw, 1620px"},{"type":"paragraph","text":"4. Villarreal return to the Europa League"},{"type":"paragraph","text":"Villarreal CF secured their presence in European competitions for another season. After a thrilling last-gasp 1-2 win in Girona, the Yellows secured their participation in the UEFA Europa League for the first time after lifting the title in 2021."},{"type":"image","url":"https:\/\/villarrealcf.es\/wp-content\/uploads\/2023\/12\/GironaFC-VillarrealCF-044-1620x1080.jpg","alt":"","width":1620,"height":1080,"srcset":"https:\/\/villarrealcf.es\/wp-content\/uploads\/2023\/12\/GironaFC-VillarrealCF-044-1620x1080.jpg 1620w, https:\/\/villarrealcf.es\/wp-content\/uploads\/2023\/12\/GironaFC-VillarrealCF-044-1620x1080.jpg 1920w, https:\/\/villarrealcf.es\/wp-content\/uploads\/2023\/12\/GironaFC-VillarrealCF-044-1536x1024.jpg 1536w, https:\/\/villarrealcf.es\/wp-content\/uploads\/2023\/12\/GironaFC-VillarrealCF-044-2048x1366.jpg 2048w, https:\/\/villarrealcf.es\/wp-content\/uploads\/2023\/12\/GironaFC-VillarrealCF-044-1620x1080.jpg 1920w, https:\/\/villarrealcf.es\/wp-content\/uploads\/2023\/12\/GironaFC-VillarrealCF-044-1620x1080.jpg 1920w, https:\/\/villarrealcf.es\/wp-content\/uploads\/2023\/12\/GironaFC-VillarrealCF-044-32x21.jpg 32w, https:\/\/villarrealcf.es\/wp-content\/uploads\/2023\/12\/GironaFC-VillarrealCF-044-150x100.jpg 150w, https:\/\/villarrealcf.es\/wp-content\/uploads\/2023\/12\/GironaFC-VillarrealCF-044-1620x1080.jpg 1920w, https:\/\/villarrealcf.es\/wp-content\/uploads\/2023\/12\/GironaFC-VillarrealCF-044-1200x800.jpg 1200w, https:\/\/villarrealcf.es\/wp-content\/uploads\/2023\/12\/GironaFC-VillarrealCF-044.jpg 2362w","sizes":"auto, (max-width: 1620px) 100vw, 1620px"},{"type":"paragraph","text":"5. Reina reaches the 1,000-match mark"},{"type":"paragraph","text":"Pepe Reina broke an impressive record for longevity in elite football. The yellow goalkeeper reached his 1,000th game as a professional footballer against C\u00e1diz CF (Matchday 36 of the 22\/23 season). This impressive figure is within the reach of very few players in the history of world football."},{"type":"image","url":"https:\/\/villarrealcf.es\/wp-content\/uploads\/2023\/12\/VillarrealCF-CadizCF-049-1620x1080.jpg","alt":"","width":1620,"height":1080,"srcset":"https:\/\/villarrealcf.es\/wp-content\/uploads\/2023\/12\/VillarrealCF-CadizCF-049-1620x1080.jpg 1620w, https:\/\/villarrealcf.es\/wp-content\/uploads\/2023\/12\/VillarrealCF-CadizCF-049-1620x1080.jpg 1920w, https:\/\/villarrealcf.es\/wp-content\/uploads\/2023\/12\/VillarrealCF-CadizCF-049-1536x1024.jpg 1536w, https:\/\/villarrealcf.es\/wp-content\/uploads\/2023\/12\/VillarrealCF-CadizCF-049-2048x1366.jpg 2048w, https:\/\/villarrealcf.es\/wp-content\/uploads\/2023\/12\/VillarrealCF-CadizCF-049-1620x1080.jpg 1920w, https:\/\/villarrealcf.es\/wp-content\/uploads\/2023\/12\/VillarrealCF-CadizCF-049-1620x1080.jpg 1920w, https:\/\/villarrealcf.es\/wp-content\/uploads\/2023\/12\/VillarrealCF-CadizCF-049-32x21.jpg 32w, https:\/\/villarrealcf.es\/wp-content\/uploads\/2023\/12\/VillarrealCF-CadizCF-049-150x100.jpg 150w, https:\/\/villarrealcf.es\/wp-content\/uploads\/2023\/12\/VillarrealCF-CadizCF-049-1620x1080.jpg 1920w, https:\/\/villarrealcf.es\/wp-content\/uploads\/2023\/12\/VillarrealCF-CadizCF-049-1200x800.jpg 1200w, https:\/\/villarrealcf.es\/wp-content\/uploads\/2023\/12\/VillarrealCF-CadizCF-049.jpg 2362w","sizes":"auto, (max-width: 1620px) 100vw, 1620px"},{"type":"paragraph","text":"6. Villarreal keep three teams in the elite"},{"type":"paragraph","text":"Villarreal B and Villarreal Women achieved survival in their respective divisions (Segunda Divisi\u00f3n and Liga F) after a demanding campaign for both Miguel \u00c1lvarez\u2019s men and Sara Monforte\u2019s warriors."},{"type":"paragraph","text":"The Mini Submarine finished 18th with 50 points. Their survival was mathematically achieved on Matchday 40 against UD Las Palmas (1-1) with a goal from Mbacke. For their part, Villarreal Women had to fight until the final stretch of the last game of the season to reach survival with a historic goal by Fatou Kanteh against Athletic Club in Lezama (1-1)."},{"type":"image","url":"https:\/\/villarrealcf.es\/wp-content\/uploads\/2023\/12\/64614992980d4493016744-e1703697340865-1300x1080.jpg","alt":"","width":1300,"height":1080,"srcset":"https:\/\/villarrealcf.es\/wp-content\/uploads\/2023\/12\/64614992980d4493016744-e1703697340865-1300x1080.jpg 1300w, https:\/\/villarrealcf.es\/wp-content\/uploads\/2023\/12\/64614992980d4493016744-e1703697340865-1300x1080.jpg 1920w, https:\/\/villarrealcf.es\/wp-content\/uploads\/2023\/12\/64614992980d4493016744-e1703697340865-1536x1276.jpg 1536w, https:\/\/villarrealcf.es\/wp-content\/uploads\/2023\/12\/64614992980d4493016744-e1703697340865-1300x1080.jpg 1920w, https:\/\/villarrealcf.es\/wp-content\/uploads\/2023\/12\/64614992980d4493016744-e1703697340865-1300x1080.jpg 1920w, https:\/\/villarrealcf.es\/wp-content\/uploads\/2023\/12\/64614992980d4493016744-e1703697340865-32x27.jpg 32w, https:\/\/villarrealcf.es\/wp-content\/uploads\/2023\/12\/64614992980d4493016744-e1703697340865-150x125.jpg 150w, https:\/\/villarrealcf.es\/wp-content\/uploads\/2023\/12\/64614992980d4493016744-e1703697340865-1300x1080.jpg 1920w, https:\/\/villarrealcf.es\/wp-content\/uploads\/2023\/12\/64614992980d4493016744-e1703697340865-1200x997.jpg 1200w, https:\/\/villarrealcf.es\/wp-content\/uploads\/2023\/12\/64614992980d4493016744-e1703697340865.jpg 1562w","sizes":"auto, (max-width: 1300px) 100vw, 1300px"},{"type":"paragraph","text":"7. Gerard becomes the top Villarreal CF scorer of all time"},{"type":"paragraph","text":"Gerard Moreno wrote his name in golden letters in the history of Villarreal CF. The prolific Catalan striker scored his 107th goal for Villarreal CF against RCD Mallorca (Matchday 2 of the 23\/24 season), overtaking Adriano Garc\u00eda to become the Submarine\u2019s all-time top scorer. The Yellows No.7 continued to add to his goal tally until the end of 2023, and he currently has a total of 115 goals to his name."},{"type":"image","url":"https:\/\/villarrealcf.es\/wp-content\/uploads\/2023\/12\/VillarrealCF-FCBarcelona-087-1620x1080.jpg","alt":"","width":810,"height":540,"srcset":"https:\/\/villarrealcf.es\/wp-content\/uploads\/2023\/12\/VillarrealCF-FCBarcelona-087-1620x1080.jpg 1620w, https:\/\/villarrealcf.es\/wp-content\/uploads\/2023\/12\/VillarrealCF-FCBarcelona-087-1620x1080.jpg 1920w, https:\/\/villarrealcf.es\/wp-content\/uploads\/2023\/12\/VillarrealCF-FCBarcelona-087-1536x1024.jpg 1536w, https:\/\/villarrealcf.es\/wp-content\/uploads\/2023\/12\/VillarrealCF-FCBarcelona-087-2048x1365.jpg 2048w, https:\/\/villarrealcf.es\/wp-content\/uploads\/2023\/12\/VillarrealCF-FCBarcelona-087-1620x1080.jpg 1920w, https:\/\/villarrealcf.es\/wp-content\/uploads\/2023\/12\/VillarrealCF-FCBarcelona-087-1620x1080.jpg 1920w, https:\/\/villarrealcf.es\/wp-content\/uploads\/2023\/12\/VillarrealCF-FCBarcelona-087-32x21.jpg 32w, https:\/\/villarrealcf.es\/wp-content\/uploads\/2023\/12\/VillarrealCF-FCBarcelona-087-150x100.jpg 150w, https:\/\/villarrealcf.es\/wp-content\/uploads\/2023\/12\/VillarrealCF-FCBarcelona-087-1620x1080.jpg 1920w, https:\/\/villarrealcf.es\/wp-content\/uploads\/2023\/12\/VillarrealCF-FCBarcelona-087-1200x800.jpg 1200w","sizes":"auto, (max-width: 810px) 100vw, 810px"},{"type":"paragraph","text":"8.The perfect tribute to Jos\u00e9 Manuel Llaneza"},{"type":"paragraph","text":"Villarreal CF paid a special and emotional tribute to Jos\u00e9 Manuel Llaneza, former vice-president of the club. As a tribute, the club held an event to honour his memory and renamed the Training Ground in his honour on 20th October 2023."},{"type":"image","url":"https:\/\/villarrealcf.es\/wp-content\/uploads\/2023\/12\/DJI_0364-1920x1080.jpg","alt":"","width":1920,"height":1080,"srcset":"https:\/\/villarrealcf.es\/wp-content\/uploads\/2023\/12\/DJI_0364-1920x1080.jpg 1920w, https:\/\/villarrealcf.es\/wp-content\/uploads\/2023\/12\/DJI_0364-1920x1080.jpg 1920w, https:\/\/villarrealcf.es\/wp-content\/uploads\/2023\/12\/DJI_0364-1536x864.jpg 1536w, https:\/\/villarrealcf.es\/wp-content\/uploads\/2023\/12\/DJI_0364-2048x1152.jpg 2048w, https:\/\/villarrealcf.es\/wp-content\/uploads\/2023\/12\/DJI_0364-1920x1080.jpg 1920w, https:\/\/villarrealcf.es\/wp-content\/uploads\/2023\/12\/DJI_0364-1920x1080.jpg 1920w, https:\/\/villarrealcf.es\/wp-content\/uploads\/2023\/12\/DJI_0364-32x18.jpg 32w, https:\/\/villarrealcf.es\/wp-content\/uploads\/2023\/12\/DJI_0364-150x84.jpg 150w, https:\/\/villarrealcf.es\/wp-content\/uploads\/2023\/12\/DJI_0364-1920x1080.jpg 1920w, https:\/\/villarrealcf.es\/wp-content\/uploads\/2023\/12\/DJI_0364-1200x675.jpg 1200w","sizes":"auto, (max-width: 1920px) 100vw, 1920px"},{"type":"paragraph","text":"9. Morales\u2019 hat-trick"},{"type":"paragraph","text":"Jos\u00e9 Luis Morales scored three goals in the 3-1 win over CA Osasuna (Matchday 14 of the 23\/24 season). The striker from Madrid, who had already scored three goals against Austria Vienna the previous season, repeated the feat in domestic competition."},{"type":"paragraph","text":"Morales thus joins Juan Rom\u00e1n Riquelme, Diego Forl\u00e1n, Ikechukwu Uche, C\u00e9dric Bakambu, Carlos Bacca, Gerard Moreno, Arnaut Danjuma and Yeremy Pino, who have all scored three goals in a top flight match for Villarreal CF."},{"type":"image","url":"https:\/\/villarrealcf.es\/wp-content\/uploads\/2023\/12\/VillarrealCF-CAOsasuna-227-1620x1080.jpg","alt":"","width":1620,"height":1080,"srcset":"https:\/\/villarrealcf.es\/wp-content\/uploads\/2023\/12\/VillarrealCF-CAOsasuna-227-1620x1080.jpg 1620w, https:\/\/villarrealcf.es\/wp-content\/uploads\/2023\/12\/VillarrealCF-CAOsasuna-227-1620x1080.jpg 1920w, https:\/\/villarrealcf.es\/wp-content\/uploads\/2023\/12\/VillarrealCF-CAOsasuna-227-1536x1024.jpg 1536w, https:\/\/villarrealcf.es\/wp-content\/uploads\/2023\/12\/VillarrealCF-CAOsasuna-227-2048x1365.jpg 2048w, https:\/\/villarrealcf.es\/wp-content\/uploads\/2023\/12\/VillarrealCF-CAOsasuna-227-1620x1080.jpg 1920w, https:\/\/villarrealcf.es\/wp-content\/uploads\/2023\/12\/VillarrealCF-CAOsasuna-227-1620x1080.jpg 1920w, https:\/\/villarrealcf.es\/wp-content\/uploads\/2023\/12\/VillarrealCF-CAOsasuna-227-32x21.jpg 32w, https:\/\/villarrealcf.es\/wp-content\/uploads\/2023\/12\/VillarrealCF-CAOsasuna-227-150x100.jpg 150w, https:\/\/villarrealcf.es\/wp-content\/uploads\/2023\/12\/VillarrealCF-CAOsasuna-227-1620x1080.jpg 1920w, https:\/\/villarrealcf.es\/wp-content\/uploads\/2023\/12\/VillarrealCF-CAOsasuna-227-1200x800.jpg 1200w","sizes":"auto, (max-width: 1620px) 100vw, 1620px"}],"structured":{"summary":{"text":"The club has experienced sporting success, witnessed historic milestones and celebrated its centenary 2023 is coming to an end and for Villarreal CF it will always be remembered for having been the year of the club\u2019s centenary celebrations, with a wide variety of unprecedented activities in the club\u2019s history. Beyond the centenary events, which involved and excited the whole of the Yellow\u2019 family, the Submarine experienced great moments on a sporting level and even some of its most emblematic players achieved records that will remain in the history of Villarreal and the world of football. 1. The emotion of the Centenary Party Held on Friday 10th March 2023, the great Centenary Party was an unprecedented show on the pitch of the Estadio de la Cer\u00e1mica. Around 20,000 Yellows fans were thrilled by this spectacular event, which featured the participation of seven associations, seven bands from the province of Castell\u00f3n and seven artists, a total of more than 600 people on stage. This artistic performance concluded with the prestigious Nacho Cano, composer of the club\u2019s centenary anthem, who performed this very special piece live. 2. The legends return to La Cer\u00e1mica Villarreal CF organised \u2018The Legends Match\u2019. This exceptional event paid tribute to the club\u2019s former players from different eras and held a match between the most emblematic former Yellow Submarine players and a team of Spain Legends, former players who have played for the Spanish national team. At this event, the best XI in the history of Villarreal CF, chosen by the fans through the club\u2019s official website, was unveiled. 3. The Samu Chukwueze show and a victory at the Santiago Bernab\u00e9u (2-3) Villarreal beat Real Madrid (2-3) in one of the best games of the year in LALIGA. Despite falling behind to start the game, the Submarine turned the scoreline around with a historic display from Samu Chukwueze, who led the second win at the Santiago Bernabeu with two fantastic goals. 4. Villarreal return to the Europa League Villarreal CF secured their presence in European competitions for another season. After a thrilling last-gasp 1-2 win in Girona, the Yellows secured their participation in the UEFA Europa League for the first time after lifting the title in 2021. 5. Reina reaches the 1,000-match mark Pepe Reina broke an impressive record for longevity in elite football. The yellow goalkeeper reached his 1,000th game as a professional footballer against C\u00e1diz CF (Matchday 36 of the 22\/23 season). This impressive figure is within the reach of very few players in the history of world football. 6. Villarreal keep three teams in the elite Villarreal B and Villarreal Women achieved survival in their respective divisions (Segunda Divisi\u00f3n and Liga F) after a demanding campaign for both Miguel \u00c1lvarez\u2019s men and Sara Monforte\u2019s warriors. The Mini Submarine finished 18th with 50 points. Their survival was mathematically achieved on Matchday 40 against UD Las Palmas (1-1) with a goal from Mbacke. For their part, Villarreal Women had to fight until the final stretch of the last game of the season to reach survival with a historic goal by Fatou Kanteh against Athletic Club in Lezama (1-1). 7. Gerard becomes the top Villarreal CF scorer of all time Gerard Moreno wrote his name in golden letters in the history of Villarreal CF. The prolific Catalan striker scored his 107th goal for Villarreal CF against RCD Mallorca (Matchday 2 of the 23\/24 season), overtaking Adriano Garc\u00eda to become the Submarine\u2019s all-time top scorer. The Yellows No.7 continued to add to his goal tally until the end of 2023, and he currently has a total of 115 goals to his name. 8.The perfect tribute to Jos\u00e9 Manuel Llaneza Villarreal CF paid a special and emotional tribute to Jos\u00e9 Manuel Llaneza, former vice-president of the club. As a tribute, the club held an event to honour his memory and renamed the Training Ground in his honour on 20th October 2023. 9. Morales\u2019 hat-trick Jos\u00e9 Luis Morales scored three goals in the 3-1 win over CA Osasuna (Matchday 14 of the 23\/24 season). The striker from Madrid, who had already scored three goals against Austria Vienna the previous season, repeated the feat in domestic competition. Morales thus joins Juan Rom\u00e1n Riquelme, Diego Forl\u00e1n, Ikechukwu Uche, C\u00e9dric Bakambu, Carlos Bacca, Gerard Moreno, Arnaut Danjuma and Yeremy Pino, who have all scored three goals in a top flight match for Villarreal CF.","headings":[{"type":"heading","level":2,"text":"The club has experienced sporting success, witnessed historic milestones and celebrated its centenary"}],"buttons":[],"images":[{"type":"image","url":"https:\/\/villarrealcf.es\/wp-content\/uploads\/2023\/12\/20230310-FestaCentenariGroguet-094-1620x1080.jpg","alt":"","width":1620,"height":1080,"srcset":"https:\/\/villarrealcf.es\/wp-content\/uploads\/2023\/12\/20230310-FestaCentenariGroguet-094-1620x1080.jpg 1620w, https:\/\/villarrealcf.es\/wp-content\/uploads\/2023\/12\/20230310-FestaCentenariGroguet-094-1620x1080.jpg 1920w, https:\/\/villarrealcf.es\/wp-content\/uploads\/2023\/12\/20230310-FestaCentenariGroguet-094-1536x1024.jpg 1536w, https:\/\/villarrealcf.es\/wp-content\/uploads\/2023\/12\/20230310-FestaCentenariGroguet-094-2048x1366.jpg 2048w, https:\/\/villarrealcf.es\/wp-content\/uploads\/2023\/12\/20230310-FestaCentenariGroguet-094-1620x1080.jpg 1920w, https:\/\/villarrealcf.es\/wp-content\/uploads\/2023\/12\/20230310-FestaCentenariGroguet-094-1620x1080.jpg 1920w, https:\/\/villarrealcf.es\/wp-content\/uploads\/2023\/12\/20230310-FestaCentenariGroguet-094-32x21.jpg 32w, https:\/\/villarrealcf.es\/wp-content\/uploads\/2023\/12\/20230310-FestaCentenariGroguet-094-150x100.jpg 150w, https:\/\/villarrealcf.es\/wp-content\/uploads\/2023\/12\/20230310-FestaCentenariGroguet-094-1620x1080.jpg 1920w, https:\/\/villarrealcf.es\/wp-content\/uploads\/2023\/12\/20230310-FestaCentenariGroguet-094-1200x800.jpg 1200w, https:\/\/villarrealcf.es\/wp-content\/uploads\/2023\/12\/20230310-FestaCentenariGroguet-094.jpg 2362w","sizes":"auto, (max-width: 1620px) 100vw, 1620px"},{"type":"image","url":"https:\/\/villarrealcf.es\/wp-content\/uploads\/2023\/12\/20230325-PartidoLeyendas-094-1620x1080.jpg","alt":"","width":1620,"height":1080,"srcset":"https:\/\/villarrealcf.es\/wp-content\/uploads\/2023\/12\/20230325-PartidoLeyendas-094-1620x1080.jpg 1620w, https:\/\/villarrealcf.es\/wp-content\/uploads\/2023\/12\/20230325-PartidoLeyendas-094-1620x1080.jpg 1920w, https:\/\/villarrealcf.es\/wp-content\/uploads\/2023\/12\/20230325-PartidoLeyendas-094-1536x1024.jpg 1536w, https:\/\/villarrealcf.es\/wp-content\/uploads\/2023\/12\/20230325-PartidoLeyendas-094-2048x1366.jpg 2048w, https:\/\/villarrealcf.es\/wp-content\/uploads\/2023\/12\/20230325-PartidoLeyendas-094-1620x1080.jpg 1920w, https:\/\/villarrealcf.es\/wp-content\/uploads\/2023\/12\/20230325-PartidoLeyendas-094-1620x1080.jpg 1920w, https:\/\/villarrealcf.es\/wp-content\/uploads\/2023\/12\/20230325-PartidoLeyendas-094-32x21.jpg 32w, https:\/\/villarrealcf.es\/wp-content\/uploads\/2023\/12\/20230325-PartidoLeyendas-094-150x100.jpg 150w, https:\/\/villarrealcf.es\/wp-content\/uploads\/2023\/12\/20230325-PartidoLeyendas-094-1620x1080.jpg 1920w, https:\/\/villarrealcf.es\/wp-content\/uploads\/2023\/12\/20230325-PartidoLeyendas-094-1200x800.jpg 1200w, https:\/\/villarrealcf.es\/wp-content\/uploads\/2023\/12\/20230325-PartidoLeyendas-094.jpg 2362w","sizes":"auto, (max-width: 1620px) 100vw, 1620px"},{"type":"image","url":"https:\/\/villarrealcf.es\/wp-content\/uploads\/2023\/12\/RealMadrid-VillarrealCF-074-1620x1080.jpg","alt":"","width":1620,"height":1080,"srcset":"https:\/\/villarrealcf.es\/wp-content\/uploads\/2023\/12\/RealMadrid-VillarrealCF-074-1620x1080.jpg 1620w, https:\/\/villarrealcf.es\/wp-content\/uploads\/2023\/12\/RealMadrid-VillarrealCF-074-1620x1080.jpg 1920w, https:\/\/villarrealcf.es\/wp-content\/uploads\/2023\/12\/RealMadrid-VillarrealCF-074-1536x1024.jpg 1536w, https:\/\/villarrealcf.es\/wp-content\/uploads\/2023\/12\/RealMadrid-VillarrealCF-074-2048x1366.jpg 2048w, https:\/\/villarrealcf.es\/wp-content\/uploads\/2023\/12\/RealMadrid-VillarrealCF-074-1620x1080.jpg 1920w, https:\/\/villarrealcf.es\/wp-content\/uploads\/2023\/12\/RealMadrid-VillarrealCF-074-1620x1080.jpg 1920w, https:\/\/villarrealcf.es\/wp-content\/uploads\/2023\/12\/RealMadrid-VillarrealCF-074-32x21.jpg 32w, https:\/\/villarrealcf.es\/wp-content\/uploads\/2023\/12\/RealMadrid-VillarrealCF-074-150x100.jpg 150w, https:\/\/villarrealcf.es\/wp-content\/uploads\/2023\/12\/RealMadrid-VillarrealCF-074-1620x1080.jpg 1920w, https:\/\/villarrealcf.es\/wp-content\/uploads\/2023\/12\/RealMadrid-VillarrealCF-074-1200x800.jpg 1200w, https:\/\/villarrealcf.es\/wp-content\/uploads\/2023\/12\/RealMadrid-VillarrealCF-074.jpg 2362w","sizes":"auto, (max-width: 1620px) 100vw, 1620px"},{"type":"image","url":"https:\/\/villarrealcf.es\/wp-content\/uploads\/2023\/12\/GironaFC-VillarrealCF-044-1620x1080.jpg","alt":"","width":1620,"height":1080,"srcset":"https:\/\/villarrealcf.es\/wp-content\/uploads\/2023\/12\/GironaFC-VillarrealCF-044-1620x1080.jpg 1620w, https:\/\/villarrealcf.es\/wp-content\/uploads\/2023\/12\/GironaFC-VillarrealCF-044-1620x1080.jpg 1920w, https:\/\/villarrealcf.es\/wp-content\/uploads\/2023\/12\/GironaFC-VillarrealCF-044-1536x1024.jpg 1536w, https:\/\/villarrealcf.es\/wp-content\/uploads\/2023\/12\/GironaFC-VillarrealCF-044-2048x1366.jpg 2048w, https:\/\/villarrealcf.es\/wp-content\/uploads\/2023\/12\/GironaFC-VillarrealCF-044-1620x1080.jpg 1920w, https:\/\/villarrealcf.es\/wp-content\/uploads\/2023\/12\/GironaFC-VillarrealCF-044-1620x1080.jpg 1920w, https:\/\/villarrealcf.es\/wp-content\/uploads\/2023\/12\/GironaFC-VillarrealCF-044-32x21.jpg 32w, https:\/\/villarrealcf.es\/wp-content\/uploads\/2023\/12\/GironaFC-VillarrealCF-044-150x100.jpg 150w, https:\/\/villarrealcf.es\/wp-content\/uploads\/2023\/12\/GironaFC-VillarrealCF-044-1620x1080.jpg 1920w, https:\/\/villarrealcf.es\/wp-content\/uploads\/2023\/12\/GironaFC-VillarrealCF-044-1200x800.jpg 1200w, https:\/\/villarrealcf.es\/wp-content\/uploads\/2023\/12\/GironaFC-VillarrealCF-044.jpg 2362w","sizes":"auto, (max-width: 1620px) 100vw, 1620px"},{"type":"image","url":"https:\/\/villarrealcf.es\/wp-content\/uploads\/2023\/12\/VillarrealCF-CadizCF-049-1620x1080.jpg","alt":"","width":1620,"height":1080,"srcset":"https:\/\/villarrealcf.es\/wp-content\/uploads\/2023\/12\/VillarrealCF-CadizCF-049-1620x1080.jpg 1620w, https:\/\/villarrealcf.es\/wp-content\/uploads\/2023\/12\/VillarrealCF-CadizCF-049-1620x1080.jpg 1920w, https:\/\/villarrealcf.es\/wp-content\/uploads\/2023\/12\/VillarrealCF-CadizCF-049-1536x1024.jpg 1536w, https:\/\/villarrealcf.es\/wp-content\/uploads\/2023\/12\/VillarrealCF-CadizCF-049-2048x1366.jpg 2048w, https:\/\/villarrealcf.es\/wp-content\/uploads\/2023\/12\/VillarrealCF-CadizCF-049-1620x1080.jpg 1920w, https:\/\/villarrealcf.es\/wp-content\/uploads\/2023\/12\/VillarrealCF-CadizCF-049-1620x1080.jpg 1920w, https:\/\/villarrealcf.es\/wp-content\/uploads\/2023\/12\/VillarrealCF-CadizCF-049-32x21.jpg 32w, https:\/\/villarrealcf.es\/wp-content\/uploads\/2023\/12\/VillarrealCF-CadizCF-049-150x100.jpg 150w, https:\/\/villarrealcf.es\/wp-content\/uploads\/2023\/12\/VillarrealCF-CadizCF-049-1620x1080.jpg 1920w, https:\/\/villarrealcf.es\/wp-content\/uploads\/2023\/12\/VillarrealCF-CadizCF-049-1200x800.jpg 1200w, https:\/\/villarrealcf.es\/wp-content\/uploads\/2023\/12\/VillarrealCF-CadizCF-049.jpg 2362w","sizes":"auto, (max-width: 1620px) 100vw, 1620px"},{"type":"image","url":"https:\/\/villarrealcf.es\/wp-content\/uploads\/2023\/12\/64614992980d4493016744-e1703697340865-1300x1080.jpg","alt":"","width":1300,"height":1080,"srcset":"https:\/\/villarrealcf.es\/wp-content\/uploads\/2023\/12\/64614992980d4493016744-e1703697340865-1300x1080.jpg 1300w, https:\/\/villarrealcf.es\/wp-content\/uploads\/2023\/12\/64614992980d4493016744-e1703697340865-1300x1080.jpg 1920w, https:\/\/villarrealcf.es\/wp-content\/uploads\/2023\/12\/64614992980d4493016744-e1703697340865-1536x1276.jpg 1536w, https:\/\/villarrealcf.es\/wp-content\/uploads\/2023\/12\/64614992980d4493016744-e1703697340865-1300x1080.jpg 1920w, https:\/\/villarrealcf.es\/wp-content\/uploads\/2023\/12\/64614992980d4493016744-e1703697340865-1300x1080.jpg 1920w, https:\/\/villarrealcf.es\/wp-content\/uploads\/2023\/12\/64614992980d4493016744-e1703697340865-32x27.jpg 32w, https:\/\/villarrealcf.es\/wp-content\/uploads\/2023\/12\/64614992980d4493016744-e1703697340865-150x125.jpg 150w, https:\/\/villarrealcf.es\/wp-content\/uploads\/2023\/12\/64614992980d4493016744-e1703697340865-1300x1080.jpg 1920w, https:\/\/villarrealcf.es\/wp-content\/uploads\/2023\/12\/64614992980d4493016744-e1703697340865-1200x997.jpg 1200w, https:\/\/villarrealcf.es\/wp-content\/uploads\/2023\/12\/64614992980d4493016744-e1703697340865.jpg 1562w","sizes":"auto, (max-width: 1300px) 100vw, 1300px"},{"type":"image","url":"https:\/\/villarrealcf.es\/wp-content\/uploads\/2023\/12\/VillarrealCF-FCBarcelona-087-1620x1080.jpg","alt":"","width":810,"height":540,"srcset":"https:\/\/villarrealcf.es\/wp-content\/uploads\/2023\/12\/VillarrealCF-FCBarcelona-087-1620x1080.jpg 1620w, https:\/\/villarrealcf.es\/wp-content\/uploads\/2023\/12\/VillarrealCF-FCBarcelona-087-1620x1080.jpg 1920w, https:\/\/villarrealcf.es\/wp-content\/uploads\/2023\/12\/VillarrealCF-FCBarcelona-087-1536x1024.jpg 1536w, https:\/\/villarrealcf.es\/wp-content\/uploads\/2023\/12\/VillarrealCF-FCBarcelona-087-2048x1365.jpg 2048w, https:\/\/villarrealcf.es\/wp-content\/uploads\/2023\/12\/VillarrealCF-FCBarcelona-087-1620x1080.jpg 1920w, https:\/\/villarrealcf.es\/wp-content\/uploads\/2023\/12\/VillarrealCF-FCBarcelona-087-1620x1080.jpg 1920w, https:\/\/villarrealcf.es\/wp-content\/uploads\/2023\/12\/VillarrealCF-FCBarcelona-087-32x21.jpg 32w, https:\/\/villarrealcf.es\/wp-content\/uploads\/2023\/12\/VillarrealCF-FCBarcelona-087-150x100.jpg 150w, https:\/\/villarrealcf.es\/wp-content\/uploads\/2023\/12\/VillarrealCF-FCBarcelona-087-1620x1080.jpg 1920w, https:\/\/villarrealcf.es\/wp-content\/uploads\/2023\/12\/VillarrealCF-FCBarcelona-087-1200x800.jpg 1200w","sizes":"auto, (max-width: 810px) 100vw, 810px"},{"type":"image","url":"https:\/\/villarrealcf.es\/wp-content\/uploads\/2023\/12\/DJI_0364-1920x1080.jpg","alt":"","width":1920,"height":1080,"srcset":"https:\/\/villarrealcf.es\/wp-content\/uploads\/2023\/12\/DJI_0364-1920x1080.jpg 1920w, https:\/\/villarrealcf.es\/wp-content\/uploads\/2023\/12\/DJI_0364-1920x1080.jpg 1920w, https:\/\/villarrealcf.es\/wp-content\/uploads\/2023\/12\/DJI_0364-1536x864.jpg 1536w, https:\/\/villarrealcf.es\/wp-content\/uploads\/2023\/12\/DJI_0364-2048x1152.jpg 2048w, https:\/\/villarrealcf.es\/wp-content\/uploads\/2023\/12\/DJI_0364-1920x1080.jpg 1920w, https:\/\/villarrealcf.es\/wp-content\/uploads\/2023\/12\/DJI_0364-1920x1080.jpg 1920w, https:\/\/villarrealcf.es\/wp-content\/uploads\/2023\/12\/DJI_0364-32x18.jpg 32w, https:\/\/villarrealcf.es\/wp-content\/uploads\/2023\/12\/DJI_0364-150x84.jpg 150w, https:\/\/villarrealcf.es\/wp-content\/uploads\/2023\/12\/DJI_0364-1920x1080.jpg 1920w, https:\/\/villarrealcf.es\/wp-content\/uploads\/2023\/12\/DJI_0364-1200x675.jpg 1200w","sizes":"auto, (max-width: 1920px) 100vw, 1920px"},{"type":"image","url":"https:\/\/villarrealcf.es\/wp-content\/uploads\/2023\/12\/VillarrealCF-CAOsasuna-227-1620x1080.jpg","alt":"","width":1620,"height":1080,"srcset":"https:\/\/villarrealcf.es\/wp-content\/uploads\/2023\/12\/VillarrealCF-CAOsasuna-227-1620x1080.jpg 1620w, https:\/\/villarrealcf.es\/wp-content\/uploads\/2023\/12\/VillarrealCF-CAOsasuna-227-1620x1080.jpg 1920w, https:\/\/villarrealcf.es\/wp-content\/uploads\/2023\/12\/VillarrealCF-CAOsasuna-227-1536x1024.jpg 1536w, https:\/\/villarrealcf.es\/wp-content\/uploads\/2023\/12\/VillarrealCF-CAOsasuna-227-2048x1365.jpg 2048w, https:\/\/villarrealcf.es\/wp-content\/uploads\/2023\/12\/VillarrealCF-CAOsasuna-227-1620x1080.jpg 1920w, https:\/\/villarrealcf.es\/wp-content\/uploads\/2023\/12\/VillarrealCF-CAOsasuna-227-1620x1080.jpg 1920w, https:\/\/villarrealcf.es\/wp-content\/uploads\/2023\/12\/VillarrealCF-CAOsasuna-227-32x21.jpg 32w, https:\/\/villarrealcf.es\/wp-content\/uploads\/2023\/12\/VillarrealCF-CAOsasuna-227-150x100.jpg 150w, https:\/\/villarrealcf.es\/wp-content\/uploads\/2023\/12\/VillarrealCF-CAOsasuna-227-1620x1080.jpg 1920w, https:\/\/villarrealcf.es\/wp-content\/uploads\/2023\/12\/VillarrealCF-CAOsasuna-227-1200x800.jpg 1200w","sizes":"auto, (max-width: 1620px) 100vw, 1620px"}],"counts":{"blocks":34,"headings":1,"texts":24,"buttons":0,"images":9}},"sections":[{"id":"section-1","title":"The club has experienced sporting success, witnessed historic milestones and celebrated its centenary","text":"The club has experienced sporting success, witnessed historic milestones and celebrated its centenary 2023 is coming to an end and for Villarreal CF it will always be remembered for having been the year of the club\u2019s centenary celebrations, with a wide variety of unprecedented activities in the club\u2019s history. Beyond the centenary events, which involved and excited the whole of the Yellow\u2019 family, the Submarine experienced great moments on a sporting level and even some of its most emblematic players achieved records that will remain in the history of Villarreal and the world of football. 1. The emotion of the Centenary Party Held on Friday 10th March 2023, the great Centenary Party was an unprecedented show on the pitch of the Estadio de la Cer\u00e1mica. Around 20,000 Yellows fans were thrilled by this spectacular event, which featured the participation of seven associations, seven bands from the province of Castell\u00f3n and seven artists, a total of more than 600 people on stage. This artistic performance concluded with the prestigious Nacho Cano, composer of the club\u2019s centenary anthem, who performed this very special piece live. 2. The legends return to La Cer\u00e1mica Villarreal CF organised \u2018The Legends Match\u2019. This exceptional event paid tribute to the club\u2019s former players from different eras and held a match between the most emblematic former Yellow Submarine players and a team of Spain Legends, former players who have played for the Spanish national team. At this event, the best XI in the history of Villarreal CF, chosen by the fans through the club\u2019s official website, was unveiled. 3. The Samu Chukwueze show and a victory at the Santiago Bernab\u00e9u (2-3) Villarreal beat Real Madrid (2-3) in one of the best games of the year in LALIGA. Despite falling behind to start the game, the Submarine turned the scoreline around with a historic display from Samu Chukwueze, who led the second win at the Santiago Bernabeu with two fantastic goals. 4. Villarreal return to the Europa League Villarreal CF secured their presence in European competitions for another season. After a thrilling last-gasp 1-2 win in Girona, the Yellows secured their participation in the UEFA Europa League for the first time after lifting the title in 2021. 5. Reina reaches the 1,000-match mark Pepe Reina broke an impressive record for longevity in elite football. The yellow goalkeeper reached his 1,000th game as a professional footballer against C\u00e1diz CF (Matchday 36 of the 22\/23 season). This impressive figure is within the reach of very few players in the history of world football. 6. Villarreal keep three teams in the elite Villarreal B and Villarreal Women achieved survival in their respective divisions (Segunda Divisi\u00f3n and Liga F) after a demanding campaign for both Miguel \u00c1lvarez\u2019s men and Sara Monforte\u2019s warriors. The Mini Submarine finished 18th with 50 points. Their survival was mathematically achieved on Matchday 40 against UD Las Palmas (1-1) with a goal from Mbacke. For their part, Villarreal Women had to fight until the final stretch of the last game of the season to reach survival with a historic goal by Fatou Kanteh against Athletic Club in Lezama (1-1). 7. Gerard becomes the top Villarreal CF scorer of all time Gerard Moreno wrote his name in golden letters in the history of Villarreal CF. The prolific Catalan striker scored his 107th goal for Villarreal CF against RCD Mallorca (Matchday 2 of the 23\/24 season), overtaking Adriano Garc\u00eda to become the Submarine\u2019s all-time top scorer. The Yellows No.7 continued to add to his goal tally until the end of 2023, and he currently has a total of 115 goals to his name. 8.The perfect tribute to Jos\u00e9 Manuel Llaneza Villarreal CF paid a special and emotional tribute to Jos\u00e9 Manuel Llaneza, former vice-president of the club. As a tribute, the club held an event to honour his memory and renamed the Training Ground in his honour on 20th October 2023. 9. Morales\u2019 hat-trick Jos\u00e9 Luis Morales scored three goals in the 3-1 win over CA Osasuna (Matchday 14 of the 23\/24 season). The striker from Madrid, who had already scored three goals against Austria Vienna the previous season, repeated the feat in domestic competition. Morales thus joins Juan Rom\u00e1n Riquelme, Diego Forl\u00e1n, Ikechukwu Uche, C\u00e9dric Bakambu, Carlos Bacca, Gerard Moreno, Arnaut Danjuma and Yeremy Pino, who have all scored three goals in a top flight match for Villarreal CF.","headings":[{"type":"heading","level":2,"text":"The club has experienced sporting success, witnessed historic milestones and celebrated its centenary"}],"texts":[{"type":"paragraph","text":"2023 is coming to an end and for Villarreal CF it will always be remembered for having been the year of the club\u2019s centenary celebrations, with a wide variety of unprecedented activities in the club\u2019s history."},{"type":"paragraph","text":"Beyond the centenary events, which involved and excited the whole of the Yellow\u2019 family, the Submarine experienced great moments on a sporting level and even some of its most emblematic players achieved records that will remain in the history of Villarreal and the world of football."},{"type":"paragraph","text":"1. The emotion of the Centenary Party"},{"type":"paragraph","text":"Held on Friday 10th March 2023, the great Centenary Party was an unprecedented show on the pitch of the Estadio de la Cer\u00e1mica. Around 20,000 Yellows fans were thrilled by this spectacular event, which featured the participation of seven associations, seven bands from the province of Castell\u00f3n and seven artists, a total of more than 600 people on stage."},{"type":"paragraph","text":"This artistic performance concluded with the prestigious Nacho Cano, composer of the club\u2019s centenary anthem, who performed this very special piece live."},{"type":"paragraph","text":"2. The legends return to La Cer\u00e1mica"},{"type":"paragraph","text":"Villarreal CF organised \u2018The Legends Match\u2019. This exceptional event paid tribute to the club\u2019s former players from different eras and held a match between the most emblematic former Yellow Submarine players and a team of Spain Legends, former players who have played for the Spanish national team."},{"type":"paragraph","text":"At this event, the best XI in the history of Villarreal CF, chosen by the fans through the club\u2019s official website, was unveiled."},{"type":"paragraph","text":"3. The Samu Chukwueze show and a victory at the Santiago Bernab\u00e9u (2-3)"},{"type":"paragraph","text":"Villarreal beat Real Madrid (2-3) in one of the best games of the year in LALIGA. Despite falling behind to start the game, the Submarine turned the scoreline around with a historic display from Samu Chukwueze, who led the second win at the Santiago Bernabeu with two fantastic goals."},{"type":"paragraph","text":"4. Villarreal return to the Europa League"},{"type":"paragraph","text":"Villarreal CF secured their presence in European competitions for another season. After a thrilling last-gasp 1-2 win in Girona, the Yellows secured their participation in the UEFA Europa League for the first time after lifting the title in 2021."},{"type":"paragraph","text":"5. Reina reaches the 1,000-match mark"},{"type":"paragraph","text":"Pepe Reina broke an impressive record for longevity in elite football. The yellow goalkeeper reached his 1,000th game as a professional footballer against C\u00e1diz CF (Matchday 36 of the 22\/23 season). This impressive figure is within the reach of very few players in the history of world football."},{"type":"paragraph","text":"6. Villarreal keep three teams in the elite"},{"type":"paragraph","text":"Villarreal B and Villarreal Women achieved survival in their respective divisions (Segunda Divisi\u00f3n and Liga F) after a demanding campaign for both Miguel \u00c1lvarez\u2019s men and Sara Monforte\u2019s warriors."},{"type":"paragraph","text":"The Mini Submarine finished 18th with 50 points. Their survival was mathematically achieved on Matchday 40 against UD Las Palmas (1-1) with a goal from Mbacke. For their part, Villarreal Women had to fight until the final stretch of the last game of the season to reach survival with a historic goal by Fatou Kanteh against Athletic Club in Lezama (1-1)."},{"type":"paragraph","text":"7. Gerard becomes the top Villarreal CF scorer of all time"},{"type":"paragraph","text":"Gerard Moreno wrote his name in golden letters in the history of Villarreal CF. The prolific Catalan striker scored his 107th goal for Villarreal CF against RCD Mallorca (Matchday 2 of the 23\/24 season), overtaking Adriano Garc\u00eda to become the Submarine\u2019s all-time top scorer. The Yellows No.7 continued to add to his goal tally until the end of 2023, and he currently has a total of 115 goals to his name."},{"type":"paragraph","text":"8.The perfect tribute to Jos\u00e9 Manuel Llaneza"},{"type":"paragraph","text":"Villarreal CF paid a special and emotional tribute to Jos\u00e9 Manuel Llaneza, former vice-president of the club. As a tribute, the club held an event to honour his memory and renamed the Training Ground in his honour on 20th October 2023."},{"type":"paragraph","text":"9. Morales\u2019 hat-trick"},{"type":"paragraph","text":"Jos\u00e9 Luis Morales scored three goals in the 3-1 win over CA Osasuna (Matchday 14 of the 23\/24 season). The striker from Madrid, who had already scored three goals against Austria Vienna the previous season, repeated the feat in domestic competition."},{"type":"paragraph","text":"Morales thus joins Juan Rom\u00e1n Riquelme, Diego Forl\u00e1n, Ikechukwu Uche, C\u00e9dric Bakambu, Carlos Bacca, Gerard Moreno, Arnaut Danjuma and Yeremy Pino, who have all scored three goals in a top flight match for Villarreal CF."}],"buttons":[],"images":[{"type":"image","url":"https:\/\/villarrealcf.es\/wp-content\/uploads\/2023\/12\/20230310-FestaCentenariGroguet-094-1620x1080.jpg","alt":"","width":1620,"height":1080,"srcset":"https:\/\/villarrealcf.es\/wp-content\/uploads\/2023\/12\/20230310-FestaCentenariGroguet-094-1620x1080.jpg 1620w, https:\/\/villarrealcf.es\/wp-content\/uploads\/2023\/12\/20230310-FestaCentenariGroguet-094-1620x1080.jpg 1920w, https:\/\/villarrealcf.es\/wp-content\/uploads\/2023\/12\/20230310-FestaCentenariGroguet-094-1536x1024.jpg 1536w, https:\/\/villarrealcf.es\/wp-content\/uploads\/2023\/12\/20230310-FestaCentenariGroguet-094-2048x1366.jpg 2048w, https:\/\/villarrealcf.es\/wp-content\/uploads\/2023\/12\/20230310-FestaCentenariGroguet-094-1620x1080.jpg 1920w, https:\/\/villarrealcf.es\/wp-content\/uploads\/2023\/12\/20230310-FestaCentenariGroguet-094-1620x1080.jpg 1920w, https:\/\/villarrealcf.es\/wp-content\/uploads\/2023\/12\/20230310-FestaCentenariGroguet-094-32x21.jpg 32w, https:\/\/villarrealcf.es\/wp-content\/uploads\/2023\/12\/20230310-FestaCentenariGroguet-094-150x100.jpg 150w, https:\/\/villarrealcf.es\/wp-content\/uploads\/2023\/12\/20230310-FestaCentenariGroguet-094-1620x1080.jpg 1920w, https:\/\/villarrealcf.es\/wp-content\/uploads\/2023\/12\/20230310-FestaCentenariGroguet-094-1200x800.jpg 1200w, https:\/\/villarrealcf.es\/wp-content\/uploads\/2023\/12\/20230310-FestaCentenariGroguet-094.jpg 2362w","sizes":"auto, (max-width: 1620px) 100vw, 1620px"},{"type":"image","url":"https:\/\/villarrealcf.es\/wp-content\/uploads\/2023\/12\/20230325-PartidoLeyendas-094-1620x1080.jpg","alt":"","width":1620,"height":1080,"srcset":"https:\/\/villarrealcf.es\/wp-content\/uploads\/2023\/12\/20230325-PartidoLeyendas-094-1620x1080.jpg 1620w, https:\/\/villarrealcf.es\/wp-content\/uploads\/2023\/12\/20230325-PartidoLeyendas-094-1620x1080.jpg 1920w, https:\/\/villarrealcf.es\/wp-content\/uploads\/2023\/12\/20230325-PartidoLeyendas-094-1536x1024.jpg 1536w, https:\/\/villarrealcf.es\/wp-content\/uploads\/2023\/12\/20230325-PartidoLeyendas-094-2048x1366.jpg 2048w, https:\/\/villarrealcf.es\/wp-content\/uploads\/2023\/12\/20230325-PartidoLeyendas-094-1620x1080.jpg 1920w, https:\/\/villarrealcf.es\/wp-content\/uploads\/2023\/12\/20230325-PartidoLeyendas-094-1620x1080.jpg 1920w, https:\/\/villarrealcf.es\/wp-content\/uploads\/2023\/12\/20230325-PartidoLeyendas-094-32x21.jpg 32w, https:\/\/villarrealcf.es\/wp-content\/uploads\/2023\/12\/20230325-PartidoLeyendas-094-150x100.jpg 150w, https:\/\/villarrealcf.es\/wp-content\/uploads\/2023\/12\/20230325-PartidoLeyendas-094-1620x1080.jpg 1920w, https:\/\/villarrealcf.es\/wp-content\/uploads\/2023\/12\/20230325-PartidoLeyendas-094-1200x800.jpg 1200w, https:\/\/villarrealcf.es\/wp-content\/uploads\/2023\/12\/20230325-PartidoLeyendas-094.jpg 2362w","sizes":"auto, (max-width: 1620px) 100vw, 1620px"},{"type":"image","url":"https:\/\/villarrealcf.es\/wp-content\/uploads\/2023\/12\/RealMadrid-VillarrealCF-074-1620x1080.jpg","alt":"","width":1620,"height":1080,"srcset":"https:\/\/villarrealcf.es\/wp-content\/uploads\/2023\/12\/RealMadrid-VillarrealCF-074-1620x1080.jpg 1620w, https:\/\/villarrealcf.es\/wp-content\/uploads\/2023\/12\/RealMadrid-VillarrealCF-074-1620x1080.jpg 1920w, https:\/\/villarrealcf.es\/wp-content\/uploads\/2023\/12\/RealMadrid-VillarrealCF-074-1536x1024.jpg 1536w, https:\/\/villarrealcf.es\/wp-content\/uploads\/2023\/12\/RealMadrid-VillarrealCF-074-2048x1366.jpg 2048w, https:\/\/villarrealcf.es\/wp-content\/uploads\/2023\/12\/RealMadrid-VillarrealCF-074-1620x1080.jpg 1920w, https:\/\/villarrealcf.es\/wp-content\/uploads\/2023\/12\/RealMadrid-VillarrealCF-074-1620x1080.jpg 1920w, https:\/\/villarrealcf.es\/wp-content\/uploads\/2023\/12\/RealMadrid-VillarrealCF-074-32x21.jpg 32w, https:\/\/villarrealcf.es\/wp-content\/uploads\/2023\/12\/RealMadrid-VillarrealCF-074-150x100.jpg 150w, https:\/\/villarrealcf.es\/wp-content\/uploads\/2023\/12\/RealMadrid-VillarrealCF-074-1620x1080.jpg 1920w, https:\/\/villarrealcf.es\/wp-content\/uploads\/2023\/12\/RealMadrid-VillarrealCF-074-1200x800.jpg 1200w, https:\/\/villarrealcf.es\/wp-content\/uploads\/2023\/12\/RealMadrid-VillarrealCF-074.jpg 2362w","sizes":"auto, (max-width: 1620px) 100vw, 1620px"},{"type":"image","url":"https:\/\/villarrealcf.es\/wp-content\/uploads\/2023\/12\/GironaFC-VillarrealCF-044-1620x1080.jpg","alt":"","width":1620,"height":1080,"srcset":"https:\/\/villarrealcf.es\/wp-content\/uploads\/2023\/12\/GironaFC-VillarrealCF-044-1620x1080.jpg 1620w, https:\/\/villarrealcf.es\/wp-content\/uploads\/2023\/12\/GironaFC-VillarrealCF-044-1620x1080.jpg 1920w, https:\/\/villarrealcf.es\/wp-content\/uploads\/2023\/12\/GironaFC-VillarrealCF-044-1536x1024.jpg 1536w, https:\/\/villarrealcf.es\/wp-content\/uploads\/2023\/12\/GironaFC-VillarrealCF-044-2048x1366.jpg 2048w, https:\/\/villarrealcf.es\/wp-content\/uploads\/2023\/12\/GironaFC-VillarrealCF-044-1620x1080.jpg 1920w, https:\/\/villarrealcf.es\/wp-content\/uploads\/2023\/12\/GironaFC-VillarrealCF-044-1620x1080.jpg 1920w, https:\/\/villarrealcf.es\/wp-content\/uploads\/2023\/12\/GironaFC-VillarrealCF-044-32x21.jpg 32w, https:\/\/villarrealcf.es\/wp-content\/uploads\/2023\/12\/GironaFC-VillarrealCF-044-150x100.jpg 150w, https:\/\/villarrealcf.es\/wp-content\/uploads\/2023\/12\/GironaFC-VillarrealCF-044-1620x1080.jpg 1920w, https:\/\/villarrealcf.es\/wp-content\/uploads\/2023\/12\/GironaFC-VillarrealCF-044-1200x800.jpg 1200w, https:\/\/villarrealcf.es\/wp-content\/uploads\/2023\/12\/GironaFC-VillarrealCF-044.jpg 2362w","sizes":"auto, (max-width: 1620px) 100vw, 1620px"},{"type":"image","url":"https:\/\/villarrealcf.es\/wp-content\/uploads\/2023\/12\/VillarrealCF-CadizCF-049-1620x1080.jpg","alt":"","width":1620,"height":1080,"srcset":"https:\/\/villarrealcf.es\/wp-content\/uploads\/2023\/12\/VillarrealCF-CadizCF-049-1620x1080.jpg 1620w, https:\/\/villarrealcf.es\/wp-content\/uploads\/2023\/12\/VillarrealCF-CadizCF-049-1620x1080.jpg 1920w, https:\/\/villarrealcf.es\/wp-content\/uploads\/2023\/12\/VillarrealCF-CadizCF-049-1536x1024.jpg 1536w, https:\/\/villarrealcf.es\/wp-content\/uploads\/2023\/12\/VillarrealCF-CadizCF-049-2048x1366.jpg 2048w, https:\/\/villarrealcf.es\/wp-content\/uploads\/2023\/12\/VillarrealCF-CadizCF-049-1620x1080.jpg 1920w, https:\/\/villarrealcf.es\/wp-content\/uploads\/2023\/12\/VillarrealCF-CadizCF-049-1620x1080.jpg 1920w, https:\/\/villarrealcf.es\/wp-content\/uploads\/2023\/12\/VillarrealCF-CadizCF-049-32x21.jpg 32w, https:\/\/villarrealcf.es\/wp-content\/uploads\/2023\/12\/VillarrealCF-CadizCF-049-150x100.jpg 150w, https:\/\/villarrealcf.es\/wp-content\/uploads\/2023\/12\/VillarrealCF-CadizCF-049-1620x1080.jpg 1920w, https:\/\/villarrealcf.es\/wp-content\/uploads\/2023\/12\/VillarrealCF-CadizCF-049-1200x800.jpg 1200w, https:\/\/villarrealcf.es\/wp-content\/uploads\/2023\/12\/VillarrealCF-CadizCF-049.jpg 2362w","sizes":"auto, (max-width: 1620px) 100vw, 1620px"},{"type":"image","url":"https:\/\/villarrealcf.es\/wp-content\/uploads\/2023\/12\/64614992980d4493016744-e1703697340865-1300x1080.jpg","alt":"","width":1300,"height":1080,"srcset":"https:\/\/villarrealcf.es\/wp-content\/uploads\/2023\/12\/64614992980d4493016744-e1703697340865-1300x1080.jpg 1300w, https:\/\/villarrealcf.es\/wp-content\/uploads\/2023\/12\/64614992980d4493016744-e1703697340865-1300x1080.jpg 1920w, https:\/\/villarrealcf.es\/wp-content\/uploads\/2023\/12\/64614992980d4493016744-e1703697340865-1536x1276.jpg 1536w, https:\/\/villarrealcf.es\/wp-content\/uploads\/2023\/12\/64614992980d4493016744-e1703697340865-1300x1080.jpg 1920w, https:\/\/villarrealcf.es\/wp-content\/uploads\/2023\/12\/64614992980d4493016744-e1703697340865-1300x1080.jpg 1920w, https:\/\/villarrealcf.es\/wp-content\/uploads\/2023\/12\/64614992980d4493016744-e1703697340865-32x27.jpg 32w, https:\/\/villarrealcf.es\/wp-content\/uploads\/2023\/12\/64614992980d4493016744-e1703697340865-150x125.jpg 150w, https:\/\/villarrealcf.es\/wp-content\/uploads\/2023\/12\/64614992980d4493016744-e1703697340865-1300x1080.jpg 1920w, https:\/\/villarrealcf.es\/wp-content\/uploads\/2023\/12\/64614992980d4493016744-e1703697340865-1200x997.jpg 1200w, https:\/\/villarrealcf.es\/wp-content\/uploads\/2023\/12\/64614992980d4493016744-e1703697340865.jpg 1562w","sizes":"auto, (max-width: 1300px) 100vw, 1300px"},{"type":"image","url":"https:\/\/villarrealcf.es\/wp-content\/uploads\/2023\/12\/VillarrealCF-FCBarcelona-087-1620x1080.jpg","alt":"","width":810,"height":540,"srcset":"https:\/\/villarrealcf.es\/wp-content\/uploads\/2023\/12\/VillarrealCF-FCBarcelona-087-1620x1080.jpg 1620w, https:\/\/villarrealcf.es\/wp-content\/uploads\/2023\/12\/VillarrealCF-FCBarcelona-087-1620x1080.jpg 1920w, https:\/\/villarrealcf.es\/wp-content\/uploads\/2023\/12\/VillarrealCF-FCBarcelona-087-1536x1024.jpg 1536w, https:\/\/villarrealcf.es\/wp-content\/uploads\/2023\/12\/VillarrealCF-FCBarcelona-087-2048x1365.jpg 2048w, https:\/\/villarrealcf.es\/wp-content\/uploads\/2023\/12\/VillarrealCF-FCBarcelona-087-1620x1080.jpg 1920w, https:\/\/villarrealcf.es\/wp-content\/uploads\/2023\/12\/VillarrealCF-FCBarcelona-087-1620x1080.jpg 1920w, https:\/\/villarrealcf.es\/wp-content\/uploads\/2023\/12\/VillarrealCF-FCBarcelona-087-32x21.jpg 32w, https:\/\/villarrealcf.es\/wp-content\/uploads\/2023\/12\/VillarrealCF-FCBarcelona-087-150x100.jpg 150w, https:\/\/villarrealcf.es\/wp-content\/uploads\/2023\/12\/VillarrealCF-FCBarcelona-087-1620x1080.jpg 1920w, https:\/\/villarrealcf.es\/wp-content\/uploads\/2023\/12\/VillarrealCF-FCBarcelona-087-1200x800.jpg 1200w","sizes":"auto, (max-width: 810px) 100vw, 810px"},{"type":"image","url":"https:\/\/villarrealcf.es\/wp-content\/uploads\/2023\/12\/DJI_0364-1920x1080.jpg","alt":"","width":1920,"height":1080,"srcset":"https:\/\/villarrealcf.es\/wp-content\/uploads\/2023\/12\/DJI_0364-1920x1080.jpg 1920w, https:\/\/villarrealcf.es\/wp-content\/uploads\/2023\/12\/DJI_0364-1920x1080.jpg 1920w, https:\/\/villarrealcf.es\/wp-content\/uploads\/2023\/12\/DJI_0364-1536x864.jpg 1536w, https:\/\/villarrealcf.es\/wp-content\/uploads\/2023\/12\/DJI_0364-2048x1152.jpg 2048w, https:\/\/villarrealcf.es\/wp-content\/uploads\/2023\/12\/DJI_0364-1920x1080.jpg 1920w, https:\/\/villarrealcf.es\/wp-content\/uploads\/2023\/12\/DJI_0364-1920x1080.jpg 1920w, https:\/\/villarrealcf.es\/wp-content\/uploads\/2023\/12\/DJI_0364-32x18.jpg 32w, https:\/\/villarrealcf.es\/wp-content\/uploads\/2023\/12\/DJI_0364-150x84.jpg 150w, https:\/\/villarrealcf.es\/wp-content\/uploads\/2023\/12\/DJI_0364-1920x1080.jpg 1920w, https:\/\/villarrealcf.es\/wp-content\/uploads\/2023\/12\/DJI_0364-1200x675.jpg 1200w","sizes":"auto, (max-width: 1920px) 100vw, 1920px"},{"type":"image","url":"https:\/\/villarrealcf.es\/wp-content\/uploads\/2023\/12\/VillarrealCF-CAOsasuna-227-1620x1080.jpg","alt":"","width":1620,"height":1080,"srcset":"https:\/\/villarrealcf.es\/wp-content\/uploads\/2023\/12\/VillarrealCF-CAOsasuna-227-1620x1080.jpg 1620w, https:\/\/villarrealcf.es\/wp-content\/uploads\/2023\/12\/VillarrealCF-CAOsasuna-227-1620x1080.jpg 1920w, https:\/\/villarrealcf.es\/wp-content\/uploads\/2023\/12\/VillarrealCF-CAOsasuna-227-1536x1024.jpg 1536w, https:\/\/villarrealcf.es\/wp-content\/uploads\/2023\/12\/VillarrealCF-CAOsasuna-227-2048x1365.jpg 2048w, https:\/\/villarrealcf.es\/wp-content\/uploads\/2023\/12\/VillarrealCF-CAOsasuna-227-1620x1080.jpg 1920w, https:\/\/villarrealcf.es\/wp-content\/uploads\/2023\/12\/VillarrealCF-CAOsasuna-227-1620x1080.jpg 1920w, https:\/\/villarrealcf.es\/wp-content\/uploads\/2023\/12\/VillarrealCF-CAOsasuna-227-32x21.jpg 32w, https:\/\/villarrealcf.es\/wp-content\/uploads\/2023\/12\/VillarrealCF-CAOsasuna-227-150x100.jpg 150w, https:\/\/villarrealcf.es\/wp-content\/uploads\/2023\/12\/VillarrealCF-CAOsasuna-227-1620x1080.jpg 1920w, https:\/\/villarrealcf.es\/wp-content\/uploads\/2023\/12\/VillarrealCF-CAOsasuna-227-1200x800.jpg 1200w","sizes":"auto, (max-width: 1620px) 100vw, 1620px"}],"widgets":[],"blocks":[{"type":"heading","level":2,"text":"The club has experienced sporting success, witnessed historic milestones and celebrated its centenary"},{"type":"paragraph","text":"2023 is coming to an end and for Villarreal CF it will always be remembered for having been the year of the club\u2019s centenary celebrations, with a wide variety of unprecedented activities in the club\u2019s history."},{"type":"paragraph","text":"Beyond the centenary events, which involved and excited the whole of the Yellow\u2019 family, the Submarine experienced great moments on a sporting level and even some of its most emblematic players achieved records that will remain in the history of Villarreal and the world of football."},{"type":"paragraph","text":"1. The emotion of the Centenary Party"},{"type":"paragraph","text":"Held on Friday 10th March 2023, the great Centenary Party was an unprecedented show on the pitch of the Estadio de la Cer\u00e1mica. Around 20,000 Yellows fans were thrilled by this spectacular event, which featured the participation of seven associations, seven bands from the province of Castell\u00f3n and seven artists, a total of more than 600 people on stage."},{"type":"paragraph","text":"This artistic performance concluded with the prestigious Nacho Cano, composer of the club\u2019s centenary anthem, who performed this very special piece live."},{"type":"image","url":"https:\/\/villarrealcf.es\/wp-content\/uploads\/2023\/12\/20230310-FestaCentenariGroguet-094-1620x1080.jpg","alt":"","width":1620,"height":1080,"srcset":"https:\/\/villarrealcf.es\/wp-content\/uploads\/2023\/12\/20230310-FestaCentenariGroguet-094-1620x1080.jpg 1620w, https:\/\/villarrealcf.es\/wp-content\/uploads\/2023\/12\/20230310-FestaCentenariGroguet-094-1620x1080.jpg 1920w, https:\/\/villarrealcf.es\/wp-content\/uploads\/2023\/12\/20230310-FestaCentenariGroguet-094-1536x1024.jpg 1536w, https:\/\/villarrealcf.es\/wp-content\/uploads\/2023\/12\/20230310-FestaCentenariGroguet-094-2048x1366.jpg 2048w, https:\/\/villarrealcf.es\/wp-content\/uploads\/2023\/12\/20230310-FestaCentenariGroguet-094-1620x1080.jpg 1920w, https:\/\/villarrealcf.es\/wp-content\/uploads\/2023\/12\/20230310-FestaCentenariGroguet-094-1620x1080.jpg 1920w, https:\/\/villarrealcf.es\/wp-content\/uploads\/2023\/12\/20230310-FestaCentenariGroguet-094-32x21.jpg 32w, https:\/\/villarrealcf.es\/wp-content\/uploads\/2023\/12\/20230310-FestaCentenariGroguet-094-150x100.jpg 150w, https:\/\/villarrealcf.es\/wp-content\/uploads\/2023\/12\/20230310-FestaCentenariGroguet-094-1620x1080.jpg 1920w, https:\/\/villarrealcf.es\/wp-content\/uploads\/2023\/12\/20230310-FestaCentenariGroguet-094-1200x800.jpg 1200w, https:\/\/villarrealcf.es\/wp-content\/uploads\/2023\/12\/20230310-FestaCentenariGroguet-094.jpg 2362w","sizes":"auto, (max-width: 1620px) 100vw, 1620px"},{"type":"paragraph","text":"2. The legends return to La Cer\u00e1mica"},{"type":"paragraph","text":"Villarreal CF organised \u2018The Legends Match\u2019. This exceptional event paid tribute to the club\u2019s former players from different eras and held a match between the most emblematic former Yellow Submarine players and a team of Spain Legends, former players who have played for the Spanish national team."},{"type":"paragraph","text":"At this event, the best XI in the history of Villarreal CF, chosen by the fans through the club\u2019s official website, was unveiled."},{"type":"image","url":"https:\/\/villarrealcf.es\/wp-content\/uploads\/2023\/12\/20230325-PartidoLeyendas-094-1620x1080.jpg","alt":"","width":1620,"height":1080,"srcset":"https:\/\/villarrealcf.es\/wp-content\/uploads\/2023\/12\/20230325-PartidoLeyendas-094-1620x1080.jpg 1620w, https:\/\/villarrealcf.es\/wp-content\/uploads\/2023\/12\/20230325-PartidoLeyendas-094-1620x1080.jpg 1920w, https:\/\/villarrealcf.es\/wp-content\/uploads\/2023\/12\/20230325-PartidoLeyendas-094-1536x1024.jpg 1536w, https:\/\/villarrealcf.es\/wp-content\/uploads\/2023\/12\/20230325-PartidoLeyendas-094-2048x1366.jpg 2048w, https:\/\/villarrealcf.es\/wp-content\/uploads\/2023\/12\/20230325-PartidoLeyendas-094-1620x1080.jpg 1920w, https:\/\/villarrealcf.es\/wp-content\/uploads\/2023\/12\/20230325-PartidoLeyendas-094-1620x1080.jpg 1920w, https:\/\/villarrealcf.es\/wp-content\/uploads\/2023\/12\/20230325-PartidoLeyendas-094-32x21.jpg 32w, https:\/\/villarrealcf.es\/wp-content\/uploads\/2023\/12\/20230325-PartidoLeyendas-094-150x100.jpg 150w, https:\/\/villarrealcf.es\/wp-content\/uploads\/2023\/12\/20230325-PartidoLeyendas-094-1620x1080.jpg 1920w, https:\/\/villarrealcf.es\/wp-content\/uploads\/2023\/12\/20230325-PartidoLeyendas-094-1200x800.jpg 1200w, https:\/\/villarrealcf.es\/wp-content\/uploads\/2023\/12\/20230325-PartidoLeyendas-094.jpg 2362w","sizes":"auto, (max-width: 1620px) 100vw, 1620px"},{"type":"paragraph","text":"3. The Samu Chukwueze show and a victory at the Santiago Bernab\u00e9u (2-3)"},{"type":"paragraph","text":"Villarreal beat Real Madrid (2-3) in one of the best games of the year in LALIGA. Despite falling behind to start the game, the Submarine turned the scoreline around with a historic display from Samu Chukwueze, who led the second win at the Santiago Bernabeu with two fantastic goals."},{"type":"image","url":"https:\/\/villarrealcf.es\/wp-content\/uploads\/2023\/12\/RealMadrid-VillarrealCF-074-1620x1080.jpg","alt":"","width":1620,"height":1080,"srcset":"https:\/\/villarrealcf.es\/wp-content\/uploads\/2023\/12\/RealMadrid-VillarrealCF-074-1620x1080.jpg 1620w, https:\/\/villarrealcf.es\/wp-content\/uploads\/2023\/12\/RealMadrid-VillarrealCF-074-1620x1080.jpg 1920w, https:\/\/villarrealcf.es\/wp-content\/uploads\/2023\/12\/RealMadrid-VillarrealCF-074-1536x1024.jpg 1536w, https:\/\/villarrealcf.es\/wp-content\/uploads\/2023\/12\/RealMadrid-VillarrealCF-074-2048x1366.jpg 2048w, https:\/\/villarrealcf.es\/wp-content\/uploads\/2023\/12\/RealMadrid-VillarrealCF-074-1620x1080.jpg 1920w, https:\/\/villarrealcf.es\/wp-content\/uploads\/2023\/12\/RealMadrid-VillarrealCF-074-1620x1080.jpg 1920w, https:\/\/villarrealcf.es\/wp-content\/uploads\/2023\/12\/RealMadrid-VillarrealCF-074-32x21.jpg 32w, https:\/\/villarrealcf.es\/wp-content\/uploads\/2023\/12\/RealMadrid-VillarrealCF-074-150x100.jpg 150w, https:\/\/villarrealcf.es\/wp-content\/uploads\/2023\/12\/RealMadrid-VillarrealCF-074-1620x1080.jpg 1920w, https:\/\/villarrealcf.es\/wp-content\/uploads\/2023\/12\/RealMadrid-VillarrealCF-074-1200x800.jpg 1200w, https:\/\/villarrealcf.es\/wp-content\/uploads\/2023\/12\/RealMadrid-VillarrealCF-074.jpg 2362w","sizes":"auto, (max-width: 1620px) 100vw, 1620px"},{"type":"paragraph","text":"4. Villarreal return to the Europa League"},{"type":"paragraph","text":"Villarreal CF secured their presence in European competitions for another season. After a thrilling last-gasp 1-2 win in Girona, the Yellows secured their participation in the UEFA Europa League for the first time after lifting the title in 2021."},{"type":"image","url":"https:\/\/villarrealcf.es\/wp-content\/uploads\/2023\/12\/GironaFC-VillarrealCF-044-1620x1080.jpg","alt":"","width":1620,"height":1080,"srcset":"https:\/\/villarrealcf.es\/wp-content\/uploads\/2023\/12\/GironaFC-VillarrealCF-044-1620x1080.jpg 1620w, https:\/\/villarrealcf.es\/wp-content\/uploads\/2023\/12\/GironaFC-VillarrealCF-044-1620x1080.jpg 1920w, https:\/\/villarrealcf.es\/wp-content\/uploads\/2023\/12\/GironaFC-VillarrealCF-044-1536x1024.jpg 1536w, https:\/\/villarrealcf.es\/wp-content\/uploads\/2023\/12\/GironaFC-VillarrealCF-044-2048x1366.jpg 2048w, https:\/\/villarrealcf.es\/wp-content\/uploads\/2023\/12\/GironaFC-VillarrealCF-044-1620x1080.jpg 1920w, https:\/\/villarrealcf.es\/wp-content\/uploads\/2023\/12\/GironaFC-VillarrealCF-044-1620x1080.jpg 1920w, https:\/\/villarrealcf.es\/wp-content\/uploads\/2023\/12\/GironaFC-VillarrealCF-044-32x21.jpg 32w, https:\/\/villarrealcf.es\/wp-content\/uploads\/2023\/12\/GironaFC-VillarrealCF-044-150x100.jpg 150w, https:\/\/villarrealcf.es\/wp-content\/uploads\/2023\/12\/GironaFC-VillarrealCF-044-1620x1080.jpg 1920w, https:\/\/villarrealcf.es\/wp-content\/uploads\/2023\/12\/GironaFC-VillarrealCF-044-1200x800.jpg 1200w, https:\/\/villarrealcf.es\/wp-content\/uploads\/2023\/12\/GironaFC-VillarrealCF-044.jpg 2362w","sizes":"auto, (max-width: 1620px) 100vw, 1620px"},{"type":"paragraph","text":"5. Reina reaches the 1,000-match mark"},{"type":"paragraph","text":"Pepe Reina broke an impressive record for longevity in elite football. The yellow goalkeeper reached his 1,000th game as a professional footballer against C\u00e1diz CF (Matchday 36 of the 22\/23 season). This impressive figure is within the reach of very few players in the history of world football."},{"type":"image","url":"https:\/\/villarrealcf.es\/wp-content\/uploads\/2023\/12\/VillarrealCF-CadizCF-049-1620x1080.jpg","alt":"","width":1620,"height":1080,"srcset":"https:\/\/villarrealcf.es\/wp-content\/uploads\/2023\/12\/VillarrealCF-CadizCF-049-1620x1080.jpg 1620w, https:\/\/villarrealcf.es\/wp-content\/uploads\/2023\/12\/VillarrealCF-CadizCF-049-1620x1080.jpg 1920w, https:\/\/villarrealcf.es\/wp-content\/uploads\/2023\/12\/VillarrealCF-CadizCF-049-1536x1024.jpg 1536w, https:\/\/villarrealcf.es\/wp-content\/uploads\/2023\/12\/VillarrealCF-CadizCF-049-2048x1366.jpg 2048w, https:\/\/villarrealcf.es\/wp-content\/uploads\/2023\/12\/VillarrealCF-CadizCF-049-1620x1080.jpg 1920w, https:\/\/villarrealcf.es\/wp-content\/uploads\/2023\/12\/VillarrealCF-CadizCF-049-1620x1080.jpg 1920w, https:\/\/villarrealcf.es\/wp-content\/uploads\/2023\/12\/VillarrealCF-CadizCF-049-32x21.jpg 32w, https:\/\/villarrealcf.es\/wp-content\/uploads\/2023\/12\/VillarrealCF-CadizCF-049-150x100.jpg 150w, https:\/\/villarrealcf.es\/wp-content\/uploads\/2023\/12\/VillarrealCF-CadizCF-049-1620x1080.jpg 1920w, https:\/\/villarrealcf.es\/wp-content\/uploads\/2023\/12\/VillarrealCF-CadizCF-049-1200x800.jpg 1200w, https:\/\/villarrealcf.es\/wp-content\/uploads\/2023\/12\/VillarrealCF-CadizCF-049.jpg 2362w","sizes":"auto, (max-width: 1620px) 100vw, 1620px"},{"type":"paragraph","text":"6. Villarreal keep three teams in the elite"},{"type":"paragraph","text":"Villarreal B and Villarreal Women achieved survival in their respective divisions (Segunda Divisi\u00f3n and Liga F) after a demanding campaign for both Miguel \u00c1lvarez\u2019s men and Sara Monforte\u2019s warriors."},{"type":"paragraph","text":"The Mini Submarine finished 18th with 50 points. Their survival was mathematically achieved on Matchday 40 against UD Las Palmas (1-1) with a goal from Mbacke. For their part, Villarreal Women had to fight until the final stretch of the last game of the season to reach survival with a historic goal by Fatou Kanteh against Athletic Club in Lezama (1-1)."},{"type":"image","url":"https:\/\/villarrealcf.es\/wp-content\/uploads\/2023\/12\/64614992980d4493016744-e1703697340865-1300x1080.jpg","alt":"","width":1300,"height":1080,"srcset":"https:\/\/villarrealcf.es\/wp-content\/uploads\/2023\/12\/64614992980d4493016744-e1703697340865-1300x1080.jpg 1300w, https:\/\/villarrealcf.es\/wp-content\/uploads\/2023\/12\/64614992980d4493016744-e1703697340865-1300x1080.jpg 1920w, https:\/\/villarrealcf.es\/wp-content\/uploads\/2023\/12\/64614992980d4493016744-e1703697340865-1536x1276.jpg 1536w, https:\/\/villarrealcf.es\/wp-content\/uploads\/2023\/12\/64614992980d4493016744-e1703697340865-1300x1080.jpg 1920w, https:\/\/villarrealcf.es\/wp-content\/uploads\/2023\/12\/64614992980d4493016744-e1703697340865-1300x1080.jpg 1920w, https:\/\/villarrealcf.es\/wp-content\/uploads\/2023\/12\/64614992980d4493016744-e1703697340865-32x27.jpg 32w, https:\/\/villarrealcf.es\/wp-content\/uploads\/2023\/12\/64614992980d4493016744-e1703697340865-150x125.jpg 150w, https:\/\/villarrealcf.es\/wp-content\/uploads\/2023\/12\/64614992980d4493016744-e1703697340865-1300x1080.jpg 1920w, https:\/\/villarrealcf.es\/wp-content\/uploads\/2023\/12\/64614992980d4493016744-e1703697340865-1200x997.jpg 1200w, https:\/\/villarrealcf.es\/wp-content\/uploads\/2023\/12\/64614992980d4493016744-e1703697340865.jpg 1562w","sizes":"auto, (max-width: 1300px) 100vw, 1300px"},{"type":"paragraph","text":"7. Gerard becomes the top Villarreal CF scorer of all time"},{"type":"paragraph","text":"Gerard Moreno wrote his name in golden letters in the history of Villarreal CF. The prolific Catalan striker scored his 107th goal for Villarreal CF against RCD Mallorca (Matchday 2 of the 23\/24 season), overtaking Adriano Garc\u00eda to become the Submarine\u2019s all-time top scorer. The Yellows No.7 continued to add to his goal tally until the end of 2023, and he currently has a total of 115 goals to his name."},{"type":"image","url":"https:\/\/villarrealcf.es\/wp-content\/uploads\/2023\/12\/VillarrealCF-FCBarcelona-087-1620x1080.jpg","alt":"","width":810,"height":540,"srcset":"https:\/\/villarrealcf.es\/wp-content\/uploads\/2023\/12\/VillarrealCF-FCBarcelona-087-1620x1080.jpg 1620w, https:\/\/villarrealcf.es\/wp-content\/uploads\/2023\/12\/VillarrealCF-FCBarcelona-087-1620x1080.jpg 1920w, https:\/\/villarrealcf.es\/wp-content\/uploads\/2023\/12\/VillarrealCF-FCBarcelona-087-1536x1024.jpg 1536w, https:\/\/villarrealcf.es\/wp-content\/uploads\/2023\/12\/VillarrealCF-FCBarcelona-087-2048x1365.jpg 2048w, https:\/\/villarrealcf.es\/wp-content\/uploads\/2023\/12\/VillarrealCF-FCBarcelona-087-1620x1080.jpg 1920w, https:\/\/villarrealcf.es\/wp-content\/uploads\/2023\/12\/VillarrealCF-FCBarcelona-087-1620x1080.jpg 1920w, https:\/\/villarrealcf.es\/wp-content\/uploads\/2023\/12\/VillarrealCF-FCBarcelona-087-32x21.jpg 32w, https:\/\/villarrealcf.es\/wp-content\/uploads\/2023\/12\/VillarrealCF-FCBarcelona-087-150x100.jpg 150w, https:\/\/villarrealcf.es\/wp-content\/uploads\/2023\/12\/VillarrealCF-FCBarcelona-087-1620x1080.jpg 1920w, https:\/\/villarrealcf.es\/wp-content\/uploads\/2023\/12\/VillarrealCF-FCBarcelona-087-1200x800.jpg 1200w","sizes":"auto, (max-width: 810px) 100vw, 810px"},{"type":"paragraph","text":"8.The perfect tribute to Jos\u00e9 Manuel Llaneza"},{"type":"paragraph","text":"Villarreal CF paid a special and emotional tribute to Jos\u00e9 Manuel Llaneza, former vice-president of the club. As a tribute, the club held an event to honour his memory and renamed the Training Ground in his honour on 20th October 2023."},{"type":"image","url":"https:\/\/villarrealcf.es\/wp-content\/uploads\/2023\/12\/DJI_0364-1920x1080.jpg","alt":"","width":1920,"height":1080,"srcset":"https:\/\/villarrealcf.es\/wp-content\/uploads\/2023\/12\/DJI_0364-1920x1080.jpg 1920w, https:\/\/villarrealcf.es\/wp-content\/uploads\/2023\/12\/DJI_0364-1920x1080.jpg 1920w, https:\/\/villarrealcf.es\/wp-content\/uploads\/2023\/12\/DJI_0364-1536x864.jpg 1536w, https:\/\/villarrealcf.es\/wp-content\/uploads\/2023\/12\/DJI_0364-2048x1152.jpg 2048w, https:\/\/villarrealcf.es\/wp-content\/uploads\/2023\/12\/DJI_0364-1920x1080.jpg 1920w, https:\/\/villarrealcf.es\/wp-content\/uploads\/2023\/12\/DJI_0364-1920x1080.jpg 1920w, https:\/\/villarrealcf.es\/wp-content\/uploads\/2023\/12\/DJI_0364-32x18.jpg 32w, https:\/\/villarrealcf.es\/wp-content\/uploads\/2023\/12\/DJI_0364-150x84.jpg 150w, https:\/\/villarrealcf.es\/wp-content\/uploads\/2023\/12\/DJI_0364-1920x1080.jpg 1920w, https:\/\/villarrealcf.es\/wp-content\/uploads\/2023\/12\/DJI_0364-1200x675.jpg 1200w","sizes":"auto, (max-width: 1920px) 100vw, 1920px"},{"type":"paragraph","text":"9. Morales\u2019 hat-trick"},{"type":"paragraph","text":"Jos\u00e9 Luis Morales scored three goals in the 3-1 win over CA Osasuna (Matchday 14 of the 23\/24 season). The striker from Madrid, who had already scored three goals against Austria Vienna the previous season, repeated the feat in domestic competition."},{"type":"paragraph","text":"Morales thus joins Juan Rom\u00e1n Riquelme, Diego Forl\u00e1n, Ikechukwu Uche, C\u00e9dric Bakambu, Carlos Bacca, Gerard Moreno, Arnaut Danjuma and Yeremy Pino, who have all scored three goals in a top flight match for Villarreal CF."},{"type":"image","url":"https:\/\/villarrealcf.es\/wp-content\/uploads\/2023\/12\/VillarrealCF-CAOsasuna-227-1620x1080.jpg","alt":"","width":1620,"height":1080,"srcset":"https:\/\/villarrealcf.es\/wp-content\/uploads\/2023\/12\/VillarrealCF-CAOsasuna-227-1620x1080.jpg 1620w, https:\/\/villarrealcf.es\/wp-content\/uploads\/2023\/12\/VillarrealCF-CAOsasuna-227-1620x1080.jpg 1920w, https:\/\/villarrealcf.es\/wp-content\/uploads\/2023\/12\/VillarrealCF-CAOsasuna-227-1536x1024.jpg 1536w, https:\/\/villarrealcf.es\/wp-content\/uploads\/2023\/12\/VillarrealCF-CAOsasuna-227-2048x1365.jpg 2048w, https:\/\/villarrealcf.es\/wp-content\/uploads\/2023\/12\/VillarrealCF-CAOsasuna-227-1620x1080.jpg 1920w, https:\/\/villarrealcf.es\/wp-content\/uploads\/2023\/12\/VillarrealCF-CAOsasuna-227-1620x1080.jpg 1920w, https:\/\/villarrealcf.es\/wp-content\/uploads\/2023\/12\/VillarrealCF-CAOsasuna-227-32x21.jpg 32w, https:\/\/villarrealcf.es\/wp-content\/uploads\/2023\/12\/VillarrealCF-CAOsasuna-227-150x100.jpg 150w, https:\/\/villarrealcf.es\/wp-content\/uploads\/2023\/12\/VillarrealCF-CAOsasuna-227-1620x1080.jpg 1920w, https:\/\/villarrealcf.es\/wp-content\/uploads\/2023\/12\/VillarrealCF-CAOsasuna-227-1200x800.jpg 1200w","sizes":"auto, (max-width: 1620px) 100vw, 1620px"}]}],"hero":{"id":"section-1","title":"The club has experienced sporting success, witnessed historic milestones and celebrated its centenary","text":"The club has experienced sporting success, witnessed historic milestones and celebrated its centenary 2023 is coming to an end and for Villarreal CF it will always be remembered for having been the year of the club\u2019s centenary celebrations, with a wide variety of unprecedented activities in the club\u2019s history. Beyond the centenary events, which involved and excited the whole of the Yellow\u2019 family, the Submarine experienced great moments on a sporting level and even some of its most emblematic players achieved records that will remain in the history of Villarreal and the world of football. 1. The emotion of the Centenary Party Held on Friday 10th March 2023, the great Centenary Party was an unprecedented show on the pitch of the Estadio de la Cer\u00e1mica. Around 20,000 Yellows fans were thrilled by this spectacular event, which featured the participation of seven associations, seven bands from the province of Castell\u00f3n and seven artists, a total of more than 600 people on stage. This artistic performance concluded with the prestigious Nacho Cano, composer of the club\u2019s centenary anthem, who performed this very special piece live. 2. The legends return to La Cer\u00e1mica Villarreal CF organised \u2018The Legends Match\u2019. This exceptional event paid tribute to the club\u2019s former players from different eras and held a match between the most emblematic former Yellow Submarine players and a team of Spain Legends, former players who have played for the Spanish national team. At this event, the best XI in the history of Villarreal CF, chosen by the fans through the club\u2019s official website, was unveiled. 3. The Samu Chukwueze show and a victory at the Santiago Bernab\u00e9u (2-3) Villarreal beat Real Madrid (2-3) in one of the best games of the year in LALIGA. Despite falling behind to start the game, the Submarine turned the scoreline around with a historic display from Samu Chukwueze, who led the second win at the Santiago Bernabeu with two fantastic goals. 4. Villarreal return to the Europa League Villarreal CF secured their presence in European competitions for another season. After a thrilling last-gasp 1-2 win in Girona, the Yellows secured their participation in the UEFA Europa League for the first time after lifting the title in 2021. 5. Reina reaches the 1,000-match mark Pepe Reina broke an impressive record for longevity in elite football. The yellow goalkeeper reached his 1,000th game as a professional footballer against C\u00e1diz CF (Matchday 36 of the 22\/23 season). This impressive figure is within the reach of very few players in the history of world football. 6. Villarreal keep three teams in the elite Villarreal B and Villarreal Women achieved survival in their respective divisions (Segunda Divisi\u00f3n and Liga F) after a demanding campaign for both Miguel \u00c1lvarez\u2019s men and Sara Monforte\u2019s warriors. The Mini Submarine finished 18th with 50 points. Their survival was mathematically achieved on Matchday 40 against UD Las Palmas (1-1) with a goal from Mbacke. For their part, Villarreal Women had to fight until the final stretch of the last game of the season to reach survival with a historic goal by Fatou Kanteh against Athletic Club in Lezama (1-1). 7. Gerard becomes the top Villarreal CF scorer of all time Gerard Moreno wrote his name in golden letters in the history of Villarreal CF. The prolific Catalan striker scored his 107th goal for Villarreal CF against RCD Mallorca (Matchday 2 of the 23\/24 season), overtaking Adriano Garc\u00eda to become the Submarine\u2019s all-time top scorer. The Yellows No.7 continued to add to his goal tally until the end of 2023, and he currently has a total of 115 goals to his name. 8.The perfect tribute to Jos\u00e9 Manuel Llaneza Villarreal CF paid a special and emotional tribute to Jos\u00e9 Manuel Llaneza, former vice-president of the club. As a tribute, the club held an event to honour his memory and renamed the Training Ground in his honour on 20th October 2023. 9. Morales\u2019 hat-trick Jos\u00e9 Luis Morales scored three goals in the 3-1 win over CA Osasuna (Matchday 14 of the 23\/24 season). The striker from Madrid, who had already scored three goals against Austria Vienna the previous season, repeated the feat in domestic competition. Morales thus joins Juan Rom\u00e1n Riquelme, Diego Forl\u00e1n, Ikechukwu Uche, C\u00e9dric Bakambu, Carlos Bacca, Gerard Moreno, Arnaut Danjuma and Yeremy Pino, who have all scored three goals in a top flight match for Villarreal CF.","headings":[{"type":"heading","level":2,"text":"The club has experienced sporting success, witnessed historic milestones and celebrated its centenary"}],"texts":[{"type":"paragraph","text":"2023 is coming to an end and for Villarreal CF it will always be remembered for having been the year of the club\u2019s centenary celebrations, with a wide variety of unprecedented activities in the club\u2019s history."},{"type":"paragraph","text":"Beyond the centenary events, which involved and excited the whole of the Yellow\u2019 family, the Submarine experienced great moments on a sporting level and even some of its most emblematic players achieved records that will remain in the history of Villarreal and the world of football."},{"type":"paragraph","text":"1. The emotion of the Centenary Party"},{"type":"paragraph","text":"Held on Friday 10th March 2023, the great Centenary Party was an unprecedented show on the pitch of the Estadio de la Cer\u00e1mica. Around 20,000 Yellows fans were thrilled by this spectacular event, which featured the participation of seven associations, seven bands from the province of Castell\u00f3n and seven artists, a total of more than 600 people on stage."},{"type":"paragraph","text":"This artistic performance concluded with the prestigious Nacho Cano, composer of the club\u2019s centenary anthem, who performed this very special piece live."},{"type":"paragraph","text":"2. The legends return to La Cer\u00e1mica"},{"type":"paragraph","text":"Villarreal CF organised \u2018The Legends Match\u2019. This exceptional event paid tribute to the club\u2019s former players from different eras and held a match between the most emblematic former Yellow Submarine players and a team of Spain Legends, former players who have played for the Spanish national team."},{"type":"paragraph","text":"At this event, the best XI in the history of Villarreal CF, chosen by the fans through the club\u2019s official website, was unveiled."},{"type":"paragraph","text":"3. The Samu Chukwueze show and a victory at the Santiago Bernab\u00e9u (2-3)"},{"type":"paragraph","text":"Villarreal beat Real Madrid (2-3) in one of the best games of the year in LALIGA. Despite falling behind to start the game, the Submarine turned the scoreline around with a historic display from Samu Chukwueze, who led the second win at the Santiago Bernabeu with two fantastic goals."},{"type":"paragraph","text":"4. Villarreal return to the Europa League"},{"type":"paragraph","text":"Villarreal CF secured their presence in European competitions for another season. After a thrilling last-gasp 1-2 win in Girona, the Yellows secured their participation in the UEFA Europa League for the first time after lifting the title in 2021."},{"type":"paragraph","text":"5. Reina reaches the 1,000-match mark"},{"type":"paragraph","text":"Pepe Reina broke an impressive record for longevity in elite football. The yellow goalkeeper reached his 1,000th game as a professional footballer against C\u00e1diz CF (Matchday 36 of the 22\/23 season). This impressive figure is within the reach of very few players in the history of world football."},{"type":"paragraph","text":"6. Villarreal keep three teams in the elite"},{"type":"paragraph","text":"Villarreal B and Villarreal Women achieved survival in their respective divisions (Segunda Divisi\u00f3n and Liga F) after a demanding campaign for both Miguel \u00c1lvarez\u2019s men and Sara Monforte\u2019s warriors."},{"type":"paragraph","text":"The Mini Submarine finished 18th with 50 points. Their survival was mathematically achieved on Matchday 40 against UD Las Palmas (1-1) with a goal from Mbacke. For their part, Villarreal Women had to fight until the final stretch of the last game of the season to reach survival with a historic goal by Fatou Kanteh against Athletic Club in Lezama (1-1)."},{"type":"paragraph","text":"7. Gerard becomes the top Villarreal CF scorer of all time"},{"type":"paragraph","text":"Gerard Moreno wrote his name in golden letters in the history of Villarreal CF. The prolific Catalan striker scored his 107th goal for Villarreal CF against RCD Mallorca (Matchday 2 of the 23\/24 season), overtaking Adriano Garc\u00eda to become the Submarine\u2019s all-time top scorer. The Yellows No.7 continued to add to his goal tally until the end of 2023, and he currently has a total of 115 goals to his name."},{"type":"paragraph","text":"8.The perfect tribute to Jos\u00e9 Manuel Llaneza"},{"type":"paragraph","text":"Villarreal CF paid a special and emotional tribute to Jos\u00e9 Manuel Llaneza, former vice-president of the club. As a tribute, the club held an event to honour his memory and renamed the Training Ground in his honour on 20th October 2023."},{"type":"paragraph","text":"9. Morales\u2019 hat-trick"},{"type":"paragraph","text":"Jos\u00e9 Luis Morales scored three goals in the 3-1 win over CA Osasuna (Matchday 14 of the 23\/24 season). The striker from Madrid, who had already scored three goals against Austria Vienna the previous season, repeated the feat in domestic competition."},{"type":"paragraph","text":"Morales thus joins Juan Rom\u00e1n Riquelme, Diego Forl\u00e1n, Ikechukwu Uche, C\u00e9dric Bakambu, Carlos Bacca, Gerard Moreno, Arnaut Danjuma and Yeremy Pino, who have all scored three goals in a top flight match for Villarreal CF."}],"buttons":[],"images":[{"type":"image","url":"https:\/\/villarrealcf.es\/wp-content\/uploads\/2023\/12\/20230310-FestaCentenariGroguet-094-1620x1080.jpg","alt":"","width":1620,"height":1080,"srcset":"https:\/\/villarrealcf.es\/wp-content\/uploads\/2023\/12\/20230310-FestaCentenariGroguet-094-1620x1080.jpg 1620w, https:\/\/villarrealcf.es\/wp-content\/uploads\/2023\/12\/20230310-FestaCentenariGroguet-094-1620x1080.jpg 1920w, https:\/\/villarrealcf.es\/wp-content\/uploads\/2023\/12\/20230310-FestaCentenariGroguet-094-1536x1024.jpg 1536w, https:\/\/villarrealcf.es\/wp-content\/uploads\/2023\/12\/20230310-FestaCentenariGroguet-094-2048x1366.jpg 2048w, https:\/\/villarrealcf.es\/wp-content\/uploads\/2023\/12\/20230310-FestaCentenariGroguet-094-1620x1080.jpg 1920w, https:\/\/villarrealcf.es\/wp-content\/uploads\/2023\/12\/20230310-FestaCentenariGroguet-094-1620x1080.jpg 1920w, https:\/\/villarrealcf.es\/wp-content\/uploads\/2023\/12\/20230310-FestaCentenariGroguet-094-32x21.jpg 32w, https:\/\/villarrealcf.es\/wp-content\/uploads\/2023\/12\/20230310-FestaCentenariGroguet-094-150x100.jpg 150w, https:\/\/villarrealcf.es\/wp-content\/uploads\/2023\/12\/20230310-FestaCentenariGroguet-094-1620x1080.jpg 1920w, https:\/\/villarrealcf.es\/wp-content\/uploads\/2023\/12\/20230310-FestaCentenariGroguet-094-1200x800.jpg 1200w, https:\/\/villarrealcf.es\/wp-content\/uploads\/2023\/12\/20230310-FestaCentenariGroguet-094.jpg 2362w","sizes":"auto, (max-width: 1620px) 100vw, 1620px"},{"type":"image","url":"https:\/\/villarrealcf.es\/wp-content\/uploads\/2023\/12\/20230325-PartidoLeyendas-094-1620x1080.jpg","alt":"","width":1620,"height":1080,"srcset":"https:\/\/villarrealcf.es\/wp-content\/uploads\/2023\/12\/20230325-PartidoLeyendas-094-1620x1080.jpg 1620w, https:\/\/villarrealcf.es\/wp-content\/uploads\/2023\/12\/20230325-PartidoLeyendas-094-1620x1080.jpg 1920w, https:\/\/villarrealcf.es\/wp-content\/uploads\/2023\/12\/20230325-PartidoLeyendas-094-1536x1024.jpg 1536w, https:\/\/villarrealcf.es\/wp-content\/uploads\/2023\/12\/20230325-PartidoLeyendas-094-2048x1366.jpg 2048w, https:\/\/villarrealcf.es\/wp-content\/uploads\/2023\/12\/20230325-PartidoLeyendas-094-1620x1080.jpg 1920w, https:\/\/villarrealcf.es\/wp-content\/uploads\/2023\/12\/20230325-PartidoLeyendas-094-1620x1080.jpg 1920w, https:\/\/villarrealcf.es\/wp-content\/uploads\/2023\/12\/20230325-PartidoLeyendas-094-32x21.jpg 32w, https:\/\/villarrealcf.es\/wp-content\/uploads\/2023\/12\/20230325-PartidoLeyendas-094-150x100.jpg 150w, https:\/\/villarrealcf.es\/wp-content\/uploads\/2023\/12\/20230325-PartidoLeyendas-094-1620x1080.jpg 1920w, https:\/\/villarrealcf.es\/wp-content\/uploads\/2023\/12\/20230325-PartidoLeyendas-094-1200x800.jpg 1200w, https:\/\/villarrealcf.es\/wp-content\/uploads\/2023\/12\/20230325-PartidoLeyendas-094.jpg 2362w","sizes":"auto, (max-width: 1620px) 100vw, 1620px"},{"type":"image","url":"https:\/\/villarrealcf.es\/wp-content\/uploads\/2023\/12\/RealMadrid-VillarrealCF-074-1620x1080.jpg","alt":"","width":1620,"height":1080,"srcset":"https:\/\/villarrealcf.es\/wp-content\/uploads\/2023\/12\/RealMadrid-VillarrealCF-074-1620x1080.jpg 1620w, https:\/\/villarrealcf.es\/wp-content\/uploads\/2023\/12\/RealMadrid-VillarrealCF-074-1620x1080.jpg 1920w, https:\/\/villarrealcf.es\/wp-content\/uploads\/2023\/12\/RealMadrid-VillarrealCF-074-1536x1024.jpg 1536w, https:\/\/villarrealcf.es\/wp-content\/uploads\/2023\/12\/RealMadrid-VillarrealCF-074-2048x1366.jpg 2048w, https:\/\/villarrealcf.es\/wp-content\/uploads\/2023\/12\/RealMadrid-VillarrealCF-074-1620x1080.jpg 1920w, https:\/\/villarrealcf.es\/wp-content\/uploads\/2023\/12\/RealMadrid-VillarrealCF-074-1620x1080.jpg 1920w, https:\/\/villarrealcf.es\/wp-content\/uploads\/2023\/12\/RealMadrid-VillarrealCF-074-32x21.jpg 32w, https:\/\/villarrealcf.es\/wp-content\/uploads\/2023\/12\/RealMadrid-VillarrealCF-074-150x100.jpg 150w, https:\/\/villarrealcf.es\/wp-content\/uploads\/2023\/12\/RealMadrid-VillarrealCF-074-1620x1080.jpg 1920w, https:\/\/villarrealcf.es\/wp-content\/uploads\/2023\/12\/RealMadrid-VillarrealCF-074-1200x800.jpg 1200w, https:\/\/villarrealcf.es\/wp-content\/uploads\/2023\/12\/RealMadrid-VillarrealCF-074.jpg 2362w","sizes":"auto, (max-width: 1620px) 100vw, 1620px"},{"type":"image","url":"https:\/\/villarrealcf.es\/wp-content\/uploads\/2023\/12\/GironaFC-VillarrealCF-044-1620x1080.jpg","alt":"","width":1620,"height":1080,"srcset":"https:\/\/villarrealcf.es\/wp-content\/uploads\/2023\/12\/GironaFC-VillarrealCF-044-1620x1080.jpg 1620w, https:\/\/villarrealcf.es\/wp-content\/uploads\/2023\/12\/GironaFC-VillarrealCF-044-1620x1080.jpg 1920w, https:\/\/villarrealcf.es\/wp-content\/uploads\/2023\/12\/GironaFC-VillarrealCF-044-1536x1024.jpg 1536w, https:\/\/villarrealcf.es\/wp-content\/uploads\/2023\/12\/GironaFC-VillarrealCF-044-2048x1366.jpg 2048w, https:\/\/villarrealcf.es\/wp-content\/uploads\/2023\/12\/GironaFC-VillarrealCF-044-1620x1080.jpg 1920w, https:\/\/villarrealcf.es\/wp-content\/uploads\/2023\/12\/GironaFC-VillarrealCF-044-1620x1080.jpg 1920w, https:\/\/villarrealcf.es\/wp-content\/uploads\/2023\/12\/GironaFC-VillarrealCF-044-32x21.jpg 32w, https:\/\/villarrealcf.es\/wp-content\/uploads\/2023\/12\/GironaFC-VillarrealCF-044-150x100.jpg 150w, https:\/\/villarrealcf.es\/wp-content\/uploads\/2023\/12\/GironaFC-VillarrealCF-044-1620x1080.jpg 1920w, https:\/\/villarrealcf.es\/wp-content\/uploads\/2023\/12\/GironaFC-VillarrealCF-044-1200x800.jpg 1200w, https:\/\/villarrealcf.es\/wp-content\/uploads\/2023\/12\/GironaFC-VillarrealCF-044.jpg 2362w","sizes":"auto, (max-width: 1620px) 100vw, 1620px"},{"type":"image","url":"https:\/\/villarrealcf.es\/wp-content\/uploads\/2023\/12\/VillarrealCF-CadizCF-049-1620x1080.jpg","alt":"","width":1620,"height":1080,"srcset":"https:\/\/villarrealcf.es\/wp-content\/uploads\/2023\/12\/VillarrealCF-CadizCF-049-1620x1080.jpg 1620w, https:\/\/villarrealcf.es\/wp-content\/uploads\/2023\/12\/VillarrealCF-CadizCF-049-1620x1080.jpg 1920w, https:\/\/villarrealcf.es\/wp-content\/uploads\/2023\/12\/VillarrealCF-CadizCF-049-1536x1024.jpg 1536w, https:\/\/villarrealcf.es\/wp-content\/uploads\/2023\/12\/VillarrealCF-CadizCF-049-2048x1366.jpg 2048w, https:\/\/villarrealcf.es\/wp-content\/uploads\/2023\/12\/VillarrealCF-CadizCF-049-1620x1080.jpg 1920w, https:\/\/villarrealcf.es\/wp-content\/uploads\/2023\/12\/VillarrealCF-CadizCF-049-1620x1080.jpg 1920w, https:\/\/villarrealcf.es\/wp-content\/uploads\/2023\/12\/VillarrealCF-CadizCF-049-32x21.jpg 32w, https:\/\/villarrealcf.es\/wp-content\/uploads\/2023\/12\/VillarrealCF-CadizCF-049-150x100.jpg 150w, https:\/\/villarrealcf.es\/wp-content\/uploads\/2023\/12\/VillarrealCF-CadizCF-049-1620x1080.jpg 1920w, https:\/\/villarrealcf.es\/wp-content\/uploads\/2023\/12\/VillarrealCF-CadizCF-049-1200x800.jpg 1200w, https:\/\/villarrealcf.es\/wp-content\/uploads\/2023\/12\/VillarrealCF-CadizCF-049.jpg 2362w","sizes":"auto, (max-width: 1620px) 100vw, 1620px"},{"type":"image","url":"https:\/\/villarrealcf.es\/wp-content\/uploads\/2023\/12\/64614992980d4493016744-e1703697340865-1300x1080.jpg","alt":"","width":1300,"height":1080,"srcset":"https:\/\/villarrealcf.es\/wp-content\/uploads\/2023\/12\/64614992980d4493016744-e1703697340865-1300x1080.jpg 1300w, https:\/\/villarrealcf.es\/wp-content\/uploads\/2023\/12\/64614992980d4493016744-e1703697340865-1300x1080.jpg 1920w, https:\/\/villarrealcf.es\/wp-content\/uploads\/2023\/12\/64614992980d4493016744-e1703697340865-1536x1276.jpg 1536w, https:\/\/villarrealcf.es\/wp-content\/uploads\/2023\/12\/64614992980d4493016744-e1703697340865-1300x1080.jpg 1920w, https:\/\/villarrealcf.es\/wp-content\/uploads\/2023\/12\/64614992980d4493016744-e1703697340865-1300x1080.jpg 1920w, https:\/\/villarrealcf.es\/wp-content\/uploads\/2023\/12\/64614992980d4493016744-e1703697340865-32x27.jpg 32w, https:\/\/villarrealcf.es\/wp-content\/uploads\/2023\/12\/64614992980d4493016744-e1703697340865-150x125.jpg 150w, https:\/\/villarrealcf.es\/wp-content\/uploads\/2023\/12\/64614992980d4493016744-e1703697340865-1300x1080.jpg 1920w, https:\/\/villarrealcf.es\/wp-content\/uploads\/2023\/12\/64614992980d4493016744-e1703697340865-1200x997.jpg 1200w, https:\/\/villarrealcf.es\/wp-content\/uploads\/2023\/12\/64614992980d4493016744-e1703697340865.jpg 1562w","sizes":"auto, (max-width: 1300px) 100vw, 1300px"},{"type":"image","url":"https:\/\/villarrealcf.es\/wp-content\/uploads\/2023\/12\/VillarrealCF-FCBarcelona-087-1620x1080.jpg","alt":"","width":810,"height":540,"srcset":"https:\/\/villarrealcf.es\/wp-content\/uploads\/2023\/12\/VillarrealCF-FCBarcelona-087-1620x1080.jpg 1620w, https:\/\/villarrealcf.es\/wp-content\/uploads\/2023\/12\/VillarrealCF-FCBarcelona-087-1620x1080.jpg 1920w, https:\/\/villarrealcf.es\/wp-content\/uploads\/2023\/12\/VillarrealCF-FCBarcelona-087-1536x1024.jpg 1536w, https:\/\/villarrealcf.es\/wp-content\/uploads\/2023\/12\/VillarrealCF-FCBarcelona-087-2048x1365.jpg 2048w, https:\/\/villarrealcf.es\/wp-content\/uploads\/2023\/12\/VillarrealCF-FCBarcelona-087-1620x1080.jpg 1920w, https:\/\/villarrealcf.es\/wp-content\/uploads\/2023\/12\/VillarrealCF-FCBarcelona-087-1620x1080.jpg 1920w, https:\/\/villarrealcf.es\/wp-content\/uploads\/2023\/12\/VillarrealCF-FCBarcelona-087-32x21.jpg 32w, https:\/\/villarrealcf.es\/wp-content\/uploads\/2023\/12\/VillarrealCF-FCBarcelona-087-150x100.jpg 150w, https:\/\/villarrealcf.es\/wp-content\/uploads\/2023\/12\/VillarrealCF-FCBarcelona-087-1620x1080.jpg 1920w, https:\/\/villarrealcf.es\/wp-content\/uploads\/2023\/12\/VillarrealCF-FCBarcelona-087-1200x800.jpg 1200w","sizes":"auto, (max-width: 810px) 100vw, 810px"},{"type":"image","url":"https:\/\/villarrealcf.es\/wp-content\/uploads\/2023\/12\/DJI_0364-1920x1080.jpg","alt":"","width":1920,"height":1080,"srcset":"https:\/\/villarrealcf.es\/wp-content\/uploads\/2023\/12\/DJI_0364-1920x1080.jpg 1920w, https:\/\/villarrealcf.es\/wp-content\/uploads\/2023\/12\/DJI_0364-1920x1080.jpg 1920w, https:\/\/villarrealcf.es\/wp-content\/uploads\/2023\/12\/DJI_0364-1536x864.jpg 1536w, https:\/\/villarrealcf.es\/wp-content\/uploads\/2023\/12\/DJI_0364-2048x1152.jpg 2048w, https:\/\/villarrealcf.es\/wp-content\/uploads\/2023\/12\/DJI_0364-1920x1080.jpg 1920w, https:\/\/villarrealcf.es\/wp-content\/uploads\/2023\/12\/DJI_0364-1920x1080.jpg 1920w, https:\/\/villarrealcf.es\/wp-content\/uploads\/2023\/12\/DJI_0364-32x18.jpg 32w, https:\/\/villarrealcf.es\/wp-content\/uploads\/2023\/12\/DJI_0364-150x84.jpg 150w, https:\/\/villarrealcf.es\/wp-content\/uploads\/2023\/12\/DJI_0364-1920x1080.jpg 1920w, https:\/\/villarrealcf.es\/wp-content\/uploads\/2023\/12\/DJI_0364-1200x675.jpg 1200w","sizes":"auto, (max-width: 1920px) 100vw, 1920px"},{"type":"image","url":"https:\/\/villarrealcf.es\/wp-content\/uploads\/2023\/12\/VillarrealCF-CAOsasuna-227-1620x1080.jpg","alt":"","width":1620,"height":1080,"srcset":"https:\/\/villarrealcf.es\/wp-content\/uploads\/2023\/12\/VillarrealCF-CAOsasuna-227-1620x1080.jpg 1620w, https:\/\/villarrealcf.es\/wp-content\/uploads\/2023\/12\/VillarrealCF-CAOsasuna-227-1620x1080.jpg 1920w, https:\/\/villarrealcf.es\/wp-content\/uploads\/2023\/12\/VillarrealCF-CAOsasuna-227-1536x1024.jpg 1536w, https:\/\/villarrealcf.es\/wp-content\/uploads\/2023\/12\/VillarrealCF-CAOsasuna-227-2048x1365.jpg 2048w, https:\/\/villarrealcf.es\/wp-content\/uploads\/2023\/12\/VillarrealCF-CAOsasuna-227-1620x1080.jpg 1920w, https:\/\/villarrealcf.es\/wp-content\/uploads\/2023\/12\/VillarrealCF-CAOsasuna-227-1620x1080.jpg 1920w, https:\/\/villarrealcf.es\/wp-content\/uploads\/2023\/12\/VillarrealCF-CAOsasuna-227-32x21.jpg 32w, https:\/\/villarrealcf.es\/wp-content\/uploads\/2023\/12\/VillarrealCF-CAOsasuna-227-150x100.jpg 150w, https:\/\/villarrealcf.es\/wp-content\/uploads\/2023\/12\/VillarrealCF-CAOsasuna-227-1620x1080.jpg 1920w, https:\/\/villarrealcf.es\/wp-content\/uploads\/2023\/12\/VillarrealCF-CAOsasuna-227-1200x800.jpg 1200w","sizes":"auto, (max-width: 1620px) 100vw, 1620px"}],"widgets":[],"blocks":[{"type":"heading","level":2,"text":"The club has experienced sporting success, witnessed historic milestones and celebrated its centenary"},{"type":"paragraph","text":"2023 is coming to an end and for Villarreal CF it will always be remembered for having been the year of the club\u2019s centenary celebrations, with a wide variety of unprecedented activities in the club\u2019s history."},{"type":"paragraph","text":"Beyond the centenary events, which involved and excited the whole of the Yellow\u2019 family, the Submarine experienced great moments on a sporting level and even some of its most emblematic players achieved records that will remain in the history of Villarreal and the world of football."},{"type":"paragraph","text":"1. The emotion of the Centenary Party"},{"type":"paragraph","text":"Held on Friday 10th March 2023, the great Centenary Party was an unprecedented show on the pitch of the Estadio de la Cer\u00e1mica. Around 20,000 Yellows fans were thrilled by this spectacular event, which featured the participation of seven associations, seven bands from the province of Castell\u00f3n and seven artists, a total of more than 600 people on stage."},{"type":"paragraph","text":"This artistic performance concluded with the prestigious Nacho Cano, composer of the club\u2019s centenary anthem, who performed this very special piece live."},{"type":"image","url":"https:\/\/villarrealcf.es\/wp-content\/uploads\/2023\/12\/20230310-FestaCentenariGroguet-094-1620x1080.jpg","alt":"","width":1620,"height":1080,"srcset":"https:\/\/villarrealcf.es\/wp-content\/uploads\/2023\/12\/20230310-FestaCentenariGroguet-094-1620x1080.jpg 1620w, https:\/\/villarrealcf.es\/wp-content\/uploads\/2023\/12\/20230310-FestaCentenariGroguet-094-1620x1080.jpg 1920w, https:\/\/villarrealcf.es\/wp-content\/uploads\/2023\/12\/20230310-FestaCentenariGroguet-094-1536x1024.jpg 1536w, https:\/\/villarrealcf.es\/wp-content\/uploads\/2023\/12\/20230310-FestaCentenariGroguet-094-2048x1366.jpg 2048w, https:\/\/villarrealcf.es\/wp-content\/uploads\/2023\/12\/20230310-FestaCentenariGroguet-094-1620x1080.jpg 1920w, https:\/\/villarrealcf.es\/wp-content\/uploads\/2023\/12\/20230310-FestaCentenariGroguet-094-1620x1080.jpg 1920w, https:\/\/villarrealcf.es\/wp-content\/uploads\/2023\/12\/20230310-FestaCentenariGroguet-094-32x21.jpg 32w, https:\/\/villarrealcf.es\/wp-content\/uploads\/2023\/12\/20230310-FestaCentenariGroguet-094-150x100.jpg 150w, https:\/\/villarrealcf.es\/wp-content\/uploads\/2023\/12\/20230310-FestaCentenariGroguet-094-1620x1080.jpg 1920w, https:\/\/villarrealcf.es\/wp-content\/uploads\/2023\/12\/20230310-FestaCentenariGroguet-094-1200x800.jpg 1200w, https:\/\/villarrealcf.es\/wp-content\/uploads\/2023\/12\/20230310-FestaCentenariGroguet-094.jpg 2362w","sizes":"auto, (max-width: 1620px) 100vw, 1620px"},{"type":"paragraph","text":"2. The legends return to La Cer\u00e1mica"},{"type":"paragraph","text":"Villarreal CF organised \u2018The Legends Match\u2019. This exceptional event paid tribute to the club\u2019s former players from different eras and held a match between the most emblematic former Yellow Submarine players and a team of Spain Legends, former players who have played for the Spanish national team."},{"type":"paragraph","text":"At this event, the best XI in the history of Villarreal CF, chosen by the fans through the club\u2019s official website, was unveiled."},{"type":"image","url":"https:\/\/villarrealcf.es\/wp-content\/uploads\/2023\/12\/20230325-PartidoLeyendas-094-1620x1080.jpg","alt":"","width":1620,"height":1080,"srcset":"https:\/\/villarrealcf.es\/wp-content\/uploads\/2023\/12\/20230325-PartidoLeyendas-094-1620x1080.jpg 1620w, https:\/\/villarrealcf.es\/wp-content\/uploads\/2023\/12\/20230325-PartidoLeyendas-094-1620x1080.jpg 1920w, https:\/\/villarrealcf.es\/wp-content\/uploads\/2023\/12\/20230325-PartidoLeyendas-094-1536x1024.jpg 1536w, https:\/\/villarrealcf.es\/wp-content\/uploads\/2023\/12\/20230325-PartidoLeyendas-094-2048x1366.jpg 2048w, https:\/\/villarrealcf.es\/wp-content\/uploads\/2023\/12\/20230325-PartidoLeyendas-094-1620x1080.jpg 1920w, https:\/\/villarrealcf.es\/wp-content\/uploads\/2023\/12\/20230325-PartidoLeyendas-094-1620x1080.jpg 1920w, https:\/\/villarrealcf.es\/wp-content\/uploads\/2023\/12\/20230325-PartidoLeyendas-094-32x21.jpg 32w, https:\/\/villarrealcf.es\/wp-content\/uploads\/2023\/12\/20230325-PartidoLeyendas-094-150x100.jpg 150w, https:\/\/villarrealcf.es\/wp-content\/uploads\/2023\/12\/20230325-PartidoLeyendas-094-1620x1080.jpg 1920w, https:\/\/villarrealcf.es\/wp-content\/uploads\/2023\/12\/20230325-PartidoLeyendas-094-1200x800.jpg 1200w, https:\/\/villarrealcf.es\/wp-content\/uploads\/2023\/12\/20230325-PartidoLeyendas-094.jpg 2362w","sizes":"auto, (max-width: 1620px) 100vw, 1620px"},{"type":"paragraph","text":"3. The Samu Chukwueze show and a victory at the Santiago Bernab\u00e9u (2-3)"},{"type":"paragraph","text":"Villarreal beat Real Madrid (2-3) in one of the best games of the year in LALIGA. Despite falling behind to start the game, the Submarine turned the scoreline around with a historic display from Samu Chukwueze, who led the second win at the Santiago Bernabeu with two fantastic goals."},{"type":"image","url":"https:\/\/villarrealcf.es\/wp-content\/uploads\/2023\/12\/RealMadrid-VillarrealCF-074-1620x1080.jpg","alt":"","width":1620,"height":1080,"srcset":"https:\/\/villarrealcf.es\/wp-content\/uploads\/2023\/12\/RealMadrid-VillarrealCF-074-1620x1080.jpg 1620w, https:\/\/villarrealcf.es\/wp-content\/uploads\/2023\/12\/RealMadrid-VillarrealCF-074-1620x1080.jpg 1920w, https:\/\/villarrealcf.es\/wp-content\/uploads\/2023\/12\/RealMadrid-VillarrealCF-074-1536x1024.jpg 1536w, https:\/\/villarrealcf.es\/wp-content\/uploads\/2023\/12\/RealMadrid-VillarrealCF-074-2048x1366.jpg 2048w, https:\/\/villarrealcf.es\/wp-content\/uploads\/2023\/12\/RealMadrid-VillarrealCF-074-1620x1080.jpg 1920w, https:\/\/villarrealcf.es\/wp-content\/uploads\/2023\/12\/RealMadrid-VillarrealCF-074-1620x1080.jpg 1920w, https:\/\/villarrealcf.es\/wp-content\/uploads\/2023\/12\/RealMadrid-VillarrealCF-074-32x21.jpg 32w, https:\/\/villarrealcf.es\/wp-content\/uploads\/2023\/12\/RealMadrid-VillarrealCF-074-150x100.jpg 150w, https:\/\/villarrealcf.es\/wp-content\/uploads\/2023\/12\/RealMadrid-VillarrealCF-074-1620x1080.jpg 1920w, https:\/\/villarrealcf.es\/wp-content\/uploads\/2023\/12\/RealMadrid-VillarrealCF-074-1200x800.jpg 1200w, https:\/\/villarrealcf.es\/wp-content\/uploads\/2023\/12\/RealMadrid-VillarrealCF-074.jpg 2362w","sizes":"auto, (max-width: 1620px) 100vw, 1620px"},{"type":"paragraph","text":"4. Villarreal return to the Europa League"},{"type":"paragraph","text":"Villarreal CF secured their presence in European competitions for another season. After a thrilling last-gasp 1-2 win in Girona, the Yellows secured their participation in the UEFA Europa League for the first time after lifting the title in 2021."},{"type":"image","url":"https:\/\/villarrealcf.es\/wp-content\/uploads\/2023\/12\/GironaFC-VillarrealCF-044-1620x1080.jpg","alt":"","width":1620,"height":1080,"srcset":"https:\/\/villarrealcf.es\/wp-content\/uploads\/2023\/12\/GironaFC-VillarrealCF-044-1620x1080.jpg 1620w, https:\/\/villarrealcf.es\/wp-content\/uploads\/2023\/12\/GironaFC-VillarrealCF-044-1620x1080.jpg 1920w, https:\/\/villarrealcf.es\/wp-content\/uploads\/2023\/12\/GironaFC-VillarrealCF-044-1536x1024.jpg 1536w, https:\/\/villarrealcf.es\/wp-content\/uploads\/2023\/12\/GironaFC-VillarrealCF-044-2048x1366.jpg 2048w, https:\/\/villarrealcf.es\/wp-content\/uploads\/2023\/12\/GironaFC-VillarrealCF-044-1620x1080.jpg 1920w, https:\/\/villarrealcf.es\/wp-content\/uploads\/2023\/12\/GironaFC-VillarrealCF-044-1620x1080.jpg 1920w, https:\/\/villarrealcf.es\/wp-content\/uploads\/2023\/12\/GironaFC-VillarrealCF-044-32x21.jpg 32w, https:\/\/villarrealcf.es\/wp-content\/uploads\/2023\/12\/GironaFC-VillarrealCF-044-150x100.jpg 150w, https:\/\/villarrealcf.es\/wp-content\/uploads\/2023\/12\/GironaFC-VillarrealCF-044-1620x1080.jpg 1920w, https:\/\/villarrealcf.es\/wp-content\/uploads\/2023\/12\/GironaFC-VillarrealCF-044-1200x800.jpg 1200w, https:\/\/villarrealcf.es\/wp-content\/uploads\/2023\/12\/GironaFC-VillarrealCF-044.jpg 2362w","sizes":"auto, (max-width: 1620px) 100vw, 1620px"},{"type":"paragraph","text":"5. Reina reaches the 1,000-match mark"},{"type":"paragraph","text":"Pepe Reina broke an impressive record for longevity in elite football. The yellow goalkeeper reached his 1,000th game as a professional footballer against C\u00e1diz CF (Matchday 36 of the 22\/23 season). This impressive figure is within the reach of very few players in the history of world football."},{"type":"image","url":"https:\/\/villarrealcf.es\/wp-content\/uploads\/2023\/12\/VillarrealCF-CadizCF-049-1620x1080.jpg","alt":"","width":1620,"height":1080,"srcset":"https:\/\/villarrealcf.es\/wp-content\/uploads\/2023\/12\/VillarrealCF-CadizCF-049-1620x1080.jpg 1620w, https:\/\/villarrealcf.es\/wp-content\/uploads\/2023\/12\/VillarrealCF-CadizCF-049-1620x1080.jpg 1920w, https:\/\/villarrealcf.es\/wp-content\/uploads\/2023\/12\/VillarrealCF-CadizCF-049-1536x1024.jpg 1536w, https:\/\/villarrealcf.es\/wp-content\/uploads\/2023\/12\/VillarrealCF-CadizCF-049-2048x1366.jpg 2048w, https:\/\/villarrealcf.es\/wp-content\/uploads\/2023\/12\/VillarrealCF-CadizCF-049-1620x1080.jpg 1920w, https:\/\/villarrealcf.es\/wp-content\/uploads\/2023\/12\/VillarrealCF-CadizCF-049-1620x1080.jpg 1920w, https:\/\/villarrealcf.es\/wp-content\/uploads\/2023\/12\/VillarrealCF-CadizCF-049-32x21.jpg 32w, https:\/\/villarrealcf.es\/wp-content\/uploads\/2023\/12\/VillarrealCF-CadizCF-049-150x100.jpg 150w, https:\/\/villarrealcf.es\/wp-content\/uploads\/2023\/12\/VillarrealCF-CadizCF-049-1620x1080.jpg 1920w, https:\/\/villarrealcf.es\/wp-content\/uploads\/2023\/12\/VillarrealCF-CadizCF-049-1200x800.jpg 1200w, https:\/\/villarrealcf.es\/wp-content\/uploads\/2023\/12\/VillarrealCF-CadizCF-049.jpg 2362w","sizes":"auto, (max-width: 1620px) 100vw, 1620px"},{"type":"paragraph","text":"6. Villarreal keep three teams in the elite"},{"type":"paragraph","text":"Villarreal B and Villarreal Women achieved survival in their respective divisions (Segunda Divisi\u00f3n and Liga F) after a demanding campaign for both Miguel \u00c1lvarez\u2019s men and Sara Monforte\u2019s warriors."},{"type":"paragraph","text":"The Mini Submarine finished 18th with 50 points. Their survival was mathematically achieved on Matchday 40 against UD Las Palmas (1-1) with a goal from Mbacke. For their part, Villarreal Women had to fight until the final stretch of the last game of the season to reach survival with a historic goal by Fatou Kanteh against Athletic Club in Lezama (1-1)."},{"type":"image","url":"https:\/\/villarrealcf.es\/wp-content\/uploads\/2023\/12\/64614992980d4493016744-e1703697340865-1300x1080.jpg","alt":"","width":1300,"height":1080,"srcset":"https:\/\/villarrealcf.es\/wp-content\/uploads\/2023\/12\/64614992980d4493016744-e1703697340865-1300x1080.jpg 1300w, https:\/\/villarrealcf.es\/wp-content\/uploads\/2023\/12\/64614992980d4493016744-e1703697340865-1300x1080.jpg 1920w, https:\/\/villarrealcf.es\/wp-content\/uploads\/2023\/12\/64614992980d4493016744-e1703697340865-1536x1276.jpg 1536w, https:\/\/villarrealcf.es\/wp-content\/uploads\/2023\/12\/64614992980d4493016744-e1703697340865-1300x1080.jpg 1920w, https:\/\/villarrealcf.es\/wp-content\/uploads\/2023\/12\/64614992980d4493016744-e1703697340865-1300x1080.jpg 1920w, https:\/\/villarrealcf.es\/wp-content\/uploads\/2023\/12\/64614992980d4493016744-e1703697340865-32x27.jpg 32w, https:\/\/villarrealcf.es\/wp-content\/uploads\/2023\/12\/64614992980d4493016744-e1703697340865-150x125.jpg 150w, https:\/\/villarrealcf.es\/wp-content\/uploads\/2023\/12\/64614992980d4493016744-e1703697340865-1300x1080.jpg 1920w, https:\/\/villarrealcf.es\/wp-content\/uploads\/2023\/12\/64614992980d4493016744-e1703697340865-1200x997.jpg 1200w, https:\/\/villarrealcf.es\/wp-content\/uploads\/2023\/12\/64614992980d4493016744-e1703697340865.jpg 1562w","sizes":"auto, (max-width: 1300px) 100vw, 1300px"},{"type":"paragraph","text":"7. Gerard becomes the top Villarreal CF scorer of all time"},{"type":"paragraph","text":"Gerard Moreno wrote his name in golden letters in the history of Villarreal CF. The prolific Catalan striker scored his 107th goal for Villarreal CF against RCD Mallorca (Matchday 2 of the 23\/24 season), overtaking Adriano Garc\u00eda to become the Submarine\u2019s all-time top scorer. The Yellows No.7 continued to add to his goal tally until the end of 2023, and he currently has a total of 115 goals to his name."},{"type":"image","url":"https:\/\/villarrealcf.es\/wp-content\/uploads\/2023\/12\/VillarrealCF-FCBarcelona-087-1620x1080.jpg","alt":"","width":810,"height":540,"srcset":"https:\/\/villarrealcf.es\/wp-content\/uploads\/2023\/12\/VillarrealCF-FCBarcelona-087-1620x1080.jpg 1620w, https:\/\/villarrealcf.es\/wp-content\/uploads\/2023\/12\/VillarrealCF-FCBarcelona-087-1620x1080.jpg 1920w, https:\/\/villarrealcf.es\/wp-content\/uploads\/2023\/12\/VillarrealCF-FCBarcelona-087-1536x1024.jpg 1536w, https:\/\/villarrealcf.es\/wp-content\/uploads\/2023\/12\/VillarrealCF-FCBarcelona-087-2048x1365.jpg 2048w, https:\/\/villarrealcf.es\/wp-content\/uploads\/2023\/12\/VillarrealCF-FCBarcelona-087-1620x1080.jpg 1920w, https:\/\/villarrealcf.es\/wp-content\/uploads\/2023\/12\/VillarrealCF-FCBarcelona-087-1620x1080.jpg 1920w, https:\/\/villarrealcf.es\/wp-content\/uploads\/2023\/12\/VillarrealCF-FCBarcelona-087-32x21.jpg 32w, https:\/\/villarrealcf.es\/wp-content\/uploads\/2023\/12\/VillarrealCF-FCBarcelona-087-150x100.jpg 150w, https:\/\/villarrealcf.es\/wp-content\/uploads\/2023\/12\/VillarrealCF-FCBarcelona-087-1620x1080.jpg 1920w, https:\/\/villarrealcf.es\/wp-content\/uploads\/2023\/12\/VillarrealCF-FCBarcelona-087-1200x800.jpg 1200w","sizes":"auto, (max-width: 810px) 100vw, 810px"},{"type":"paragraph","text":"8.The perfect tribute to Jos\u00e9 Manuel Llaneza"},{"type":"paragraph","text":"Villarreal CF paid a special and emotional tribute to Jos\u00e9 Manuel Llaneza, former vice-president of the club. As a tribute, the club held an event to honour his memory and renamed the Training Ground in his honour on 20th October 2023."},{"type":"image","url":"https:\/\/villarrealcf.es\/wp-content\/uploads\/2023\/12\/DJI_0364-1920x1080.jpg","alt":"","width":1920,"height":1080,"srcset":"https:\/\/villarrealcf.es\/wp-content\/uploads\/2023\/12\/DJI_0364-1920x1080.jpg 1920w, https:\/\/villarrealcf.es\/wp-content\/uploads\/2023\/12\/DJI_0364-1920x1080.jpg 1920w, https:\/\/villarrealcf.es\/wp-content\/uploads\/2023\/12\/DJI_0364-1536x864.jpg 1536w, https:\/\/villarrealcf.es\/wp-content\/uploads\/2023\/12\/DJI_0364-2048x1152.jpg 2048w, https:\/\/villarrealcf.es\/wp-content\/uploads\/2023\/12\/DJI_0364-1920x1080.jpg 1920w, https:\/\/villarrealcf.es\/wp-content\/uploads\/2023\/12\/DJI_0364-1920x1080.jpg 1920w, https:\/\/villarrealcf.es\/wp-content\/uploads\/2023\/12\/DJI_0364-32x18.jpg 32w, https:\/\/villarrealcf.es\/wp-content\/uploads\/2023\/12\/DJI_0364-150x84.jpg 150w, https:\/\/villarrealcf.es\/wp-content\/uploads\/2023\/12\/DJI_0364-1920x1080.jpg 1920w, https:\/\/villarrealcf.es\/wp-content\/uploads\/2023\/12\/DJI_0364-1200x675.jpg 1200w","sizes":"auto, (max-width: 1920px) 100vw, 1920px"},{"type":"paragraph","text":"9. Morales\u2019 hat-trick"},{"type":"paragraph","text":"Jos\u00e9 Luis Morales scored three goals in the 3-1 win over CA Osasuna (Matchday 14 of the 23\/24 season). The striker from Madrid, who had already scored three goals against Austria Vienna the previous season, repeated the feat in domestic competition."},{"type":"paragraph","text":"Morales thus joins Juan Rom\u00e1n Riquelme, Diego Forl\u00e1n, Ikechukwu Uche, C\u00e9dric Bakambu, Carlos Bacca, Gerard Moreno, Arnaut Danjuma and Yeremy Pino, who have all scored three goals in a top flight match for Villarreal CF."},{"type":"image","url":"https:\/\/villarrealcf.es\/wp-content\/uploads\/2023\/12\/VillarrealCF-CAOsasuna-227-1620x1080.jpg","alt":"","width":1620,"height":1080,"srcset":"https:\/\/villarrealcf.es\/wp-content\/uploads\/2023\/12\/VillarrealCF-CAOsasuna-227-1620x1080.jpg 1620w, https:\/\/villarrealcf.es\/wp-content\/uploads\/2023\/12\/VillarrealCF-CAOsasuna-227-1620x1080.jpg 1920w, https:\/\/villarrealcf.es\/wp-content\/uploads\/2023\/12\/VillarrealCF-CAOsasuna-227-1536x1024.jpg 1536w, https:\/\/villarrealcf.es\/wp-content\/uploads\/2023\/12\/VillarrealCF-CAOsasuna-227-2048x1365.jpg 2048w, https:\/\/villarrealcf.es\/wp-content\/uploads\/2023\/12\/VillarrealCF-CAOsasuna-227-1620x1080.jpg 1920w, https:\/\/villarrealcf.es\/wp-content\/uploads\/2023\/12\/VillarrealCF-CAOsasuna-227-1620x1080.jpg 1920w, https:\/\/villarrealcf.es\/wp-content\/uploads\/2023\/12\/VillarrealCF-CAOsasuna-227-32x21.jpg 32w, https:\/\/villarrealcf.es\/wp-content\/uploads\/2023\/12\/VillarrealCF-CAOsasuna-227-150x100.jpg 150w, https:\/\/villarrealcf.es\/wp-content\/uploads\/2023\/12\/VillarrealCF-CAOsasuna-227-1620x1080.jpg 1920w, https:\/\/villarrealcf.es\/wp-content\/uploads\/2023\/12\/VillarrealCF-CAOsasuna-227-1200x800.jpg 1200w","sizes":"auto, (max-width: 1620px) 100vw, 1620px"}]}},"sections":[{"id":"section-1","title":"The club has experienced sporting success, witnessed historic milestones and celebrated its centenary","text":"The club has experienced sporting success, witnessed historic milestones and celebrated its centenary 2023 is coming to an end and for Villarreal CF it will always be remembered for having been the year of the club\u2019s centenary celebrations, with a wide variety of unprecedented activities in the club\u2019s history. Beyond the centenary events, which involved and excited the whole of the Yellow\u2019 family, the Submarine experienced great moments on a sporting level and even some of its most emblematic players achieved records that will remain in the history of Villarreal and the world of football. 1. The emotion of the Centenary Party Held on Friday 10th March 2023, the great Centenary Party was an unprecedented show on the pitch of the Estadio de la Cer\u00e1mica. Around 20,000 Yellows fans were thrilled by this spectacular event, which featured the participation of seven associations, seven bands from the province of Castell\u00f3n and seven artists, a total of more than 600 people on stage. This artistic performance concluded with the prestigious Nacho Cano, composer of the club\u2019s centenary anthem, who performed this very special piece live. 2. The legends return to La Cer\u00e1mica Villarreal CF organised \u2018The Legends Match\u2019. This exceptional event paid tribute to the club\u2019s former players from different eras and held a match between the most emblematic former Yellow Submarine players and a team of Spain Legends, former players who have played for the Spanish national team. At this event, the best XI in the history of Villarreal CF, chosen by the fans through the club\u2019s official website, was unveiled. 3. The Samu Chukwueze show and a victory at the Santiago Bernab\u00e9u (2-3) Villarreal beat Real Madrid (2-3) in one of the best games of the year in LALIGA. Despite falling behind to start the game, the Submarine turned the scoreline around with a historic display from Samu Chukwueze, who led the second win at the Santiago Bernabeu with two fantastic goals. 4. Villarreal return to the Europa League Villarreal CF secured their presence in European competitions for another season. After a thrilling last-gasp 1-2 win in Girona, the Yellows secured their participation in the UEFA Europa League for the first time after lifting the title in 2021. 5. Reina reaches the 1,000-match mark Pepe Reina broke an impressive record for longevity in elite football. The yellow goalkeeper reached his 1,000th game as a professional footballer against C\u00e1diz CF (Matchday 36 of the 22\/23 season). This impressive figure is within the reach of very few players in the history of world football. 6. Villarreal keep three teams in the elite Villarreal B and Villarreal Women achieved survival in their respective divisions (Segunda Divisi\u00f3n and Liga F) after a demanding campaign for both Miguel \u00c1lvarez\u2019s men and Sara Monforte\u2019s warriors. The Mini Submarine finished 18th with 50 points. Their survival was mathematically achieved on Matchday 40 against UD Las Palmas (1-1) with a goal from Mbacke. For their part, Villarreal Women had to fight until the final stretch of the last game of the season to reach survival with a historic goal by Fatou Kanteh against Athletic Club in Lezama (1-1). 7. Gerard becomes the top Villarreal CF scorer of all time Gerard Moreno wrote his name in golden letters in the history of Villarreal CF. The prolific Catalan striker scored his 107th goal for Villarreal CF against RCD Mallorca (Matchday 2 of the 23\/24 season), overtaking Adriano Garc\u00eda to become the Submarine\u2019s all-time top scorer. The Yellows No.7 continued to add to his goal tally until the end of 2023, and he currently has a total of 115 goals to his name. 8.The perfect tribute to Jos\u00e9 Manuel Llaneza Villarreal CF paid a special and emotional tribute to Jos\u00e9 Manuel Llaneza, former vice-president of the club. As a tribute, the club held an event to honour his memory and renamed the Training Ground in his honour on 20th October 2023. 9. Morales\u2019 hat-trick Jos\u00e9 Luis Morales scored three goals in the 3-1 win over CA Osasuna (Matchday 14 of the 23\/24 season). The striker from Madrid, who had already scored three goals against Austria Vienna the previous season, repeated the feat in domestic competition. Morales thus joins Juan Rom\u00e1n Riquelme, Diego Forl\u00e1n, Ikechukwu Uche, C\u00e9dric Bakambu, Carlos Bacca, Gerard Moreno, Arnaut Danjuma and Yeremy Pino, who have all scored three goals in a top flight match for Villarreal CF.","url":"","background_image":"","images":[{"type":"image","url":"https:\/\/villarrealcf.es\/wp-content\/uploads\/2023\/12\/20230310-FestaCentenariGroguet-094-1620x1080.jpg","alt":"","width":1620,"height":1080,"srcset":"https:\/\/villarrealcf.es\/wp-content\/uploads\/2023\/12\/20230310-FestaCentenariGroguet-094-1620x1080.jpg 1620w, https:\/\/villarrealcf.es\/wp-content\/uploads\/2023\/12\/20230310-FestaCentenariGroguet-094-1620x1080.jpg 1920w, https:\/\/villarrealcf.es\/wp-content\/uploads\/2023\/12\/20230310-FestaCentenariGroguet-094-1536x1024.jpg 1536w, https:\/\/villarrealcf.es\/wp-content\/uploads\/2023\/12\/20230310-FestaCentenariGroguet-094-2048x1366.jpg 2048w, https:\/\/villarrealcf.es\/wp-content\/uploads\/2023\/12\/20230310-FestaCentenariGroguet-094-1620x1080.jpg 1920w, https:\/\/villarrealcf.es\/wp-content\/uploads\/2023\/12\/20230310-FestaCentenariGroguet-094-1620x1080.jpg 1920w, https:\/\/villarrealcf.es\/wp-content\/uploads\/2023\/12\/20230310-FestaCentenariGroguet-094-32x21.jpg 32w, https:\/\/villarrealcf.es\/wp-content\/uploads\/2023\/12\/20230310-FestaCentenariGroguet-094-150x100.jpg 150w, https:\/\/villarrealcf.es\/wp-content\/uploads\/2023\/12\/20230310-FestaCentenariGroguet-094-1620x1080.jpg 1920w, https:\/\/villarrealcf.es\/wp-content\/uploads\/2023\/12\/20230310-FestaCentenariGroguet-094-1200x800.jpg 1200w, https:\/\/villarrealcf.es\/wp-content\/uploads\/2023\/12\/20230310-FestaCentenariGroguet-094.jpg 2362w","sizes":"auto, (max-width: 1620px) 100vw, 1620px"},{"type":"image","url":"https:\/\/villarrealcf.es\/wp-content\/uploads\/2023\/12\/20230325-PartidoLeyendas-094-1620x1080.jpg","alt":"","width":1620,"height":1080,"srcset":"https:\/\/villarrealcf.es\/wp-content\/uploads\/2023\/12\/20230325-PartidoLeyendas-094-1620x1080.jpg 1620w, https:\/\/villarrealcf.es\/wp-content\/uploads\/2023\/12\/20230325-PartidoLeyendas-094-1620x1080.jpg 1920w, https:\/\/villarrealcf.es\/wp-content\/uploads\/2023\/12\/20230325-PartidoLeyendas-094-1536x1024.jpg 1536w, https:\/\/villarrealcf.es\/wp-content\/uploads\/2023\/12\/20230325-PartidoLeyendas-094-2048x1366.jpg 2048w, https:\/\/villarrealcf.es\/wp-content\/uploads\/2023\/12\/20230325-PartidoLeyendas-094-1620x1080.jpg 1920w, https:\/\/villarrealcf.es\/wp-content\/uploads\/2023\/12\/20230325-PartidoLeyendas-094-1620x1080.jpg 1920w, https:\/\/villarrealcf.es\/wp-content\/uploads\/2023\/12\/20230325-PartidoLeyendas-094-32x21.jpg 32w, https:\/\/villarrealcf.es\/wp-content\/uploads\/2023\/12\/20230325-PartidoLeyendas-094-150x100.jpg 150w, https:\/\/villarrealcf.es\/wp-content\/uploads\/2023\/12\/20230325-PartidoLeyendas-094-1620x1080.jpg 1920w, https:\/\/villarrealcf.es\/wp-content\/uploads\/2023\/12\/20230325-PartidoLeyendas-094-1200x800.jpg 1200w, https:\/\/villarrealcf.es\/wp-content\/uploads\/2023\/12\/20230325-PartidoLeyendas-094.jpg 2362w","sizes":"auto, (max-width: 1620px) 100vw, 1620px"},{"type":"image","url":"https:\/\/villarrealcf.es\/wp-content\/uploads\/2023\/12\/RealMadrid-VillarrealCF-074-1620x1080.jpg","alt":"","width":1620,"height":1080,"srcset":"https:\/\/villarrealcf.es\/wp-content\/uploads\/2023\/12\/RealMadrid-VillarrealCF-074-1620x1080.jpg 1620w, https:\/\/villarrealcf.es\/wp-content\/uploads\/2023\/12\/RealMadrid-VillarrealCF-074-1620x1080.jpg 1920w, https:\/\/villarrealcf.es\/wp-content\/uploads\/2023\/12\/RealMadrid-VillarrealCF-074-1536x1024.jpg 1536w, https:\/\/villarrealcf.es\/wp-content\/uploads\/2023\/12\/RealMadrid-VillarrealCF-074-2048x1366.jpg 2048w, https:\/\/villarrealcf.es\/wp-content\/uploads\/2023\/12\/RealMadrid-VillarrealCF-074-1620x1080.jpg 1920w, https:\/\/villarrealcf.es\/wp-content\/uploads\/2023\/12\/RealMadrid-VillarrealCF-074-1620x1080.jpg 1920w, https:\/\/villarrealcf.es\/wp-content\/uploads\/2023\/12\/RealMadrid-VillarrealCF-074-32x21.jpg 32w, https:\/\/villarrealcf.es\/wp-content\/uploads\/2023\/12\/RealMadrid-VillarrealCF-074-150x100.jpg 150w, https:\/\/villarrealcf.es\/wp-content\/uploads\/2023\/12\/RealMadrid-VillarrealCF-074-1620x1080.jpg 1920w, https:\/\/villarrealcf.es\/wp-content\/uploads\/2023\/12\/RealMadrid-VillarrealCF-074-1200x800.jpg 1200w, https:\/\/villarrealcf.es\/wp-content\/uploads\/2023\/12\/RealMadrid-VillarrealCF-074.jpg 2362w","sizes":"auto, (max-width: 1620px) 100vw, 1620px"},{"type":"image","url":"https:\/\/villarrealcf.es\/wp-content\/uploads\/2023\/12\/GironaFC-VillarrealCF-044-1620x1080.jpg","alt":"","width":1620,"height":1080,"srcset":"https:\/\/villarrealcf.es\/wp-content\/uploads\/2023\/12\/GironaFC-VillarrealCF-044-1620x1080.jpg 1620w, https:\/\/villarrealcf.es\/wp-content\/uploads\/2023\/12\/GironaFC-VillarrealCF-044-1620x1080.jpg 1920w, https:\/\/villarrealcf.es\/wp-content\/uploads\/2023\/12\/GironaFC-VillarrealCF-044-1536x1024.jpg 1536w, https:\/\/villarrealcf.es\/wp-content\/uploads\/2023\/12\/GironaFC-VillarrealCF-044-2048x1366.jpg 2048w, https:\/\/villarrealcf.es\/wp-content\/uploads\/2023\/12\/GironaFC-VillarrealCF-044-1620x1080.jpg 1920w, https:\/\/villarrealcf.es\/wp-content\/uploads\/2023\/12\/GironaFC-VillarrealCF-044-1620x1080.jpg 1920w, https:\/\/villarrealcf.es\/wp-content\/uploads\/2023\/12\/GironaFC-VillarrealCF-044-32x21.jpg 32w, https:\/\/villarrealcf.es\/wp-content\/uploads\/2023\/12\/GironaFC-VillarrealCF-044-150x100.jpg 150w, https:\/\/villarrealcf.es\/wp-content\/uploads\/2023\/12\/GironaFC-VillarrealCF-044-1620x1080.jpg 1920w, https:\/\/villarrealcf.es\/wp-content\/uploads\/2023\/12\/GironaFC-VillarrealCF-044-1200x800.jpg 1200w, https:\/\/villarrealcf.es\/wp-content\/uploads\/2023\/12\/GironaFC-VillarrealCF-044.jpg 2362w","sizes":"auto, (max-width: 1620px) 100vw, 1620px"},{"type":"image","url":"https:\/\/villarrealcf.es\/wp-content\/uploads\/2023\/12\/VillarrealCF-CadizCF-049-1620x1080.jpg","alt":"","width":1620,"height":1080,"srcset":"https:\/\/villarrealcf.es\/wp-content\/uploads\/2023\/12\/VillarrealCF-CadizCF-049-1620x1080.jpg 1620w, https:\/\/villarrealcf.es\/wp-content\/uploads\/2023\/12\/VillarrealCF-CadizCF-049-1620x1080.jpg 1920w, https:\/\/villarrealcf.es\/wp-content\/uploads\/2023\/12\/VillarrealCF-CadizCF-049-1536x1024.jpg 1536w, https:\/\/villarrealcf.es\/wp-content\/uploads\/2023\/12\/VillarrealCF-CadizCF-049-2048x1366.jpg 2048w, https:\/\/villarrealcf.es\/wp-content\/uploads\/2023\/12\/VillarrealCF-CadizCF-049-1620x1080.jpg 1920w, https:\/\/villarrealcf.es\/wp-content\/uploads\/2023\/12\/VillarrealCF-CadizCF-049-1620x1080.jpg 1920w, https:\/\/villarrealcf.es\/wp-content\/uploads\/2023\/12\/VillarrealCF-CadizCF-049-32x21.jpg 32w, https:\/\/villarrealcf.es\/wp-content\/uploads\/2023\/12\/VillarrealCF-CadizCF-049-150x100.jpg 150w, https:\/\/villarrealcf.es\/wp-content\/uploads\/2023\/12\/VillarrealCF-CadizCF-049-1620x1080.jpg 1920w, https:\/\/villarrealcf.es\/wp-content\/uploads\/2023\/12\/VillarrealCF-CadizCF-049-1200x800.jpg 1200w, https:\/\/villarrealcf.es\/wp-content\/uploads\/2023\/12\/VillarrealCF-CadizCF-049.jpg 2362w","sizes":"auto, (max-width: 1620px) 100vw, 1620px"},{"type":"image","url":"https:\/\/villarrealcf.es\/wp-content\/uploads\/2023\/12\/64614992980d4493016744-e1703697340865-1300x1080.jpg","alt":"","width":1300,"height":1080,"srcset":"https:\/\/villarrealcf.es\/wp-content\/uploads\/2023\/12\/64614992980d4493016744-e1703697340865-1300x1080.jpg 1300w, https:\/\/villarrealcf.es\/wp-content\/uploads\/2023\/12\/64614992980d4493016744-e1703697340865-1300x1080.jpg 1920w, https:\/\/villarrealcf.es\/wp-content\/uploads\/2023\/12\/64614992980d4493016744-e1703697340865-1536x1276.jpg 1536w, https:\/\/villarrealcf.es\/wp-content\/uploads\/2023\/12\/64614992980d4493016744-e1703697340865-1300x1080.jpg 1920w, https:\/\/villarrealcf.es\/wp-content\/uploads\/2023\/12\/64614992980d4493016744-e1703697340865-1300x1080.jpg 1920w, https:\/\/villarrealcf.es\/wp-content\/uploads\/2023\/12\/64614992980d4493016744-e1703697340865-32x27.jpg 32w, https:\/\/villarrealcf.es\/wp-content\/uploads\/2023\/12\/64614992980d4493016744-e1703697340865-150x125.jpg 150w, https:\/\/villarrealcf.es\/wp-content\/uploads\/2023\/12\/64614992980d4493016744-e1703697340865-1300x1080.jpg 1920w, https:\/\/villarrealcf.es\/wp-content\/uploads\/2023\/12\/64614992980d4493016744-e1703697340865-1200x997.jpg 1200w, https:\/\/villarrealcf.es\/wp-content\/uploads\/2023\/12\/64614992980d4493016744-e1703697340865.jpg 1562w","sizes":"auto, (max-width: 1300px) 100vw, 1300px"},{"type":"image","url":"https:\/\/villarrealcf.es\/wp-content\/uploads\/2023\/12\/VillarrealCF-FCBarcelona-087-1620x1080.jpg","alt":"","width":810,"height":540,"srcset":"https:\/\/villarrealcf.es\/wp-content\/uploads\/2023\/12\/VillarrealCF-FCBarcelona-087-1620x1080.jpg 1620w, https:\/\/villarrealcf.es\/wp-content\/uploads\/2023\/12\/VillarrealCF-FCBarcelona-087-1620x1080.jpg 1920w, https:\/\/villarrealcf.es\/wp-content\/uploads\/2023\/12\/VillarrealCF-FCBarcelona-087-1536x1024.jpg 1536w, https:\/\/villarrealcf.es\/wp-content\/uploads\/2023\/12\/VillarrealCF-FCBarcelona-087-2048x1365.jpg 2048w, https:\/\/villarrealcf.es\/wp-content\/uploads\/2023\/12\/VillarrealCF-FCBarcelona-087-1620x1080.jpg 1920w, https:\/\/villarrealcf.es\/wp-content\/uploads\/2023\/12\/VillarrealCF-FCBarcelona-087-1620x1080.jpg 1920w, https:\/\/villarrealcf.es\/wp-content\/uploads\/2023\/12\/VillarrealCF-FCBarcelona-087-32x21.jpg 32w, https:\/\/villarrealcf.es\/wp-content\/uploads\/2023\/12\/VillarrealCF-FCBarcelona-087-150x100.jpg 150w, https:\/\/villarrealcf.es\/wp-content\/uploads\/2023\/12\/VillarrealCF-FCBarcelona-087-1620x1080.jpg 1920w, https:\/\/villarrealcf.es\/wp-content\/uploads\/2023\/12\/VillarrealCF-FCBarcelona-087-1200x800.jpg 1200w","sizes":"auto, (max-width: 810px) 100vw, 810px"},{"type":"image","url":"https:\/\/villarrealcf.es\/wp-content\/uploads\/2023\/12\/DJI_0364-1920x1080.jpg","alt":"","width":1920,"height":1080,"srcset":"https:\/\/villarrealcf.es\/wp-content\/uploads\/2023\/12\/DJI_0364-1920x1080.jpg 1920w, https:\/\/villarrealcf.es\/wp-content\/uploads\/2023\/12\/DJI_0364-1920x1080.jpg 1920w, https:\/\/villarrealcf.es\/wp-content\/uploads\/2023\/12\/DJI_0364-1536x864.jpg 1536w, https:\/\/villarrealcf.es\/wp-content\/uploads\/2023\/12\/DJI_0364-2048x1152.jpg 2048w, https:\/\/villarrealcf.es\/wp-content\/uploads\/2023\/12\/DJI_0364-1920x1080.jpg 1920w, https:\/\/villarrealcf.es\/wp-content\/uploads\/2023\/12\/DJI_0364-1920x1080.jpg 1920w, https:\/\/villarrealcf.es\/wp-content\/uploads\/2023\/12\/DJI_0364-32x18.jpg 32w, https:\/\/villarrealcf.es\/wp-content\/uploads\/2023\/12\/DJI_0364-150x84.jpg 150w, https:\/\/villarrealcf.es\/wp-content\/uploads\/2023\/12\/DJI_0364-1920x1080.jpg 1920w, https:\/\/villarrealcf.es\/wp-content\/uploads\/2023\/12\/DJI_0364-1200x675.jpg 1200w","sizes":"auto, (max-width: 1920px) 100vw, 1920px"},{"type":"image","url":"https:\/\/villarrealcf.es\/wp-content\/uploads\/2023\/12\/VillarrealCF-CAOsasuna-227-1620x1080.jpg","alt":"","width":1620,"height":1080,"srcset":"https:\/\/villarrealcf.es\/wp-content\/uploads\/2023\/12\/VillarrealCF-CAOsasuna-227-1620x1080.jpg 1620w, https:\/\/villarrealcf.es\/wp-content\/uploads\/2023\/12\/VillarrealCF-CAOsasuna-227-1620x1080.jpg 1920w, https:\/\/villarrealcf.es\/wp-content\/uploads\/2023\/12\/VillarrealCF-CAOsasuna-227-1536x1024.jpg 1536w, https:\/\/villarrealcf.es\/wp-content\/uploads\/2023\/12\/VillarrealCF-CAOsasuna-227-2048x1365.jpg 2048w, https:\/\/villarrealcf.es\/wp-content\/uploads\/2023\/12\/VillarrealCF-CAOsasuna-227-1620x1080.jpg 1920w, https:\/\/villarrealcf.es\/wp-content\/uploads\/2023\/12\/VillarrealCF-CAOsasuna-227-1620x1080.jpg 1920w, https:\/\/villarrealcf.es\/wp-content\/uploads\/2023\/12\/VillarrealCF-CAOsasuna-227-32x21.jpg 32w, https:\/\/villarrealcf.es\/wp-content\/uploads\/2023\/12\/VillarrealCF-CAOsasuna-227-150x100.jpg 150w, https:\/\/villarrealcf.es\/wp-content\/uploads\/2023\/12\/VillarrealCF-CAOsasuna-227-1620x1080.jpg 1920w, https:\/\/villarrealcf.es\/wp-content\/uploads\/2023\/12\/VillarrealCF-CAOsasuna-227-1200x800.jpg 1200w","sizes":"auto, (max-width: 1620px) 100vw, 1620px"}],"videos":[],"links":[]}]},"excerpt":{"rendered":"The club has experienced sporting success, witnessed historic milestones and celebrated its centenary","protected":false},"author":25,"featured_media":293140,"comment_status":"closed","ping_status":"closed","sticky":false,"template":"","format":"standard","meta":{"_acf_changed":false,"footnotes":""},"categories":[13485],"tags":[13478,9201,13504,13483,13496,13463,9199,13482,13798,13487],"acf":null,"lang":"en","translations":{"es":293105,"val":293173,"en":293258},"essential_grid":{"has_grid":false},"formatted_date":"December 29, 2023","modified_date":"January 2, 2024","permalink":"https:\/\/villarrealcf.es\/en\/villarreal-cfs-most-special-moments-of-2023\/","reading_time":4,"featured_media_data":{"id":293140,"title":"HOMENAJE GERARD MORENO 107 GOLES\rMARCOS SENNA","caption":"HOMENAJE GERARD MORENO 107 GOLES\rMARCOS SENNA","alt_text":"","description":"","mime_type":"image\/jpeg","source_url":"https:\/\/villarrealcf.es\/wp-content\/uploads\/2023\/12\/foto-ano-2023.jpg","sizes":{"thumbnail":{"url":"https:\/\/villarrealcf.es\/wp-content\/uploads\/2023\/12\/foto-ano-2023-1920x1080.jpg","width":1920,"height":1080},"medium":{"url":"https:\/\/villarrealcf.es\/wp-content\/uploads\/2023\/12\/foto-ano-2023-1920x1080.jpg","width":1920,"height":1080},"medium_large":{"url":"https:\/\/villarrealcf.es\/wp-content\/uploads\/2023\/12\/foto-ano-2023-768x432.jpg","width":768,"height":432},"large":{"url":"https:\/\/villarrealcf.es\/wp-content\/uploads\/2023\/12\/foto-ano-2023-1920x1080.jpg","width":788,"height":443},"1536x1536":{"url":"https:\/\/villarrealcf.es\/wp-content\/uploads\/2023\/12\/foto-ano-2023-1536x864.jpg","width":1536,"height":864},"2048x2048":{"url":"https:\/\/villarrealcf.es\/wp-content\/uploads\/2023\/12\/foto-ano-2023.jpg","width":1920,"height":1080},"tp-image-grid":{"url":"https:\/\/villarrealcf.es\/wp-content\/uploads\/2023\/12\/foto-ano-2023-700x700.jpg","width":700,"height":700},"size-bunyad-medium":{"url":"https:\/\/villarrealcf.es\/wp-content\/uploads\/2023\/12\/foto-ano-2023-1920x1080.jpg","width":1920,"height":1080},"sportspress-crop-medium":{"url":"https:\/\/villarrealcf.es\/wp-content\/uploads\/2023\/12\/foto-ano-2023-300x300.jpg","width":300,"height":300},"sportspress-fit-medium":{"url":"https:\/\/villarrealcf.es\/wp-content\/uploads\/2023\/12\/foto-ano-2023-300x169.jpg","width":300,"height":169},"sportspress-fit-icon":{"url":"https:\/\/villarrealcf.es\/wp-content\/uploads\/2023\/12\/foto-ano-2023-128x72.jpg","width":128,"height":72},"sportspress-fit-mini":{"url":"https:\/\/villarrealcf.es\/wp-content\/uploads\/2023\/12\/foto-ano-2023-32x18.jpg","width":32,"height":18},"bunyad-small":{"url":"https:\/\/villarrealcf.es\/wp-content\/uploads\/2023\/12\/foto-ano-2023-150x84.jpg","width":150,"height":84},"bunyad-medium":{"url":"https:\/\/villarrealcf.es\/wp-content\/uploads\/2023\/12\/foto-ano-2023-450x253.jpg","width":450,"height":253},"bunyad-full":{"url":"https:\/\/villarrealcf.es\/wp-content\/uploads\/2023\/12\/foto-ano-2023-1200x675.jpg","width":1200,"height":675},"bunyad-viewport":{"url":"https:\/\/villarrealcf.es\/wp-content\/uploads\/2023\/12\/foto-ano-2023.jpg","width":1920,"height":1080},"bunyad-768":{"url":"https:\/\/villarrealcf.es\/wp-content\/uploads\/2023\/12\/foto-ano-2023-768x432.jpg","width":768,"height":432},"full":{"url":"https:\/\/villarrealcf.es\/wp-content\/uploads\/2023\/12\/foto-ano-2023.jpg","width":1920,"height":1080}}},"author_data":{"id":"25","name":"Javier Ayuso","first_name":"Javier","last_name":"Ayuso","description":"","avatar_url":"https:\/\/secure.gravatar.com\/avatar\/fcf8894be45988fcce5bbff0efe1790d2a7f4ba57e2c7c898f5068154e696495?s=96&d=mm&r=g","acf":null},"taxonomies_data":{"category":[{"id":13485,"name":"Club","slug":"club","acf":null}],"post_tag":[{"id":13478,"name":"Football","slug":"football-eng","acf":null},{"id":9201,"name":"Football","slug":"football-d34-en","acf":null},{"id":13504,"name":"Sin categorizar","slug":"sin-categorizar-en-19","acf":null},{"id":13483,"name":"Sin categorizar","slug":"sin-categorizar-en-6","acf":null},{"id":13496,"name":"Sin categorizar","slug":"sin-categorizar-en-14","acf":null},{"id":13463,"name":"Sin categorizar","slug":"sin-categorizar","acf":null},{"id":9199,"name":"Soccer","slug":"soccer-d105-en","acf":null},{"id":13482,"name":"Submarine","slug":"submarine-en","acf":null},{"id":13798,"name":"Villarreal Femenino","slug":"villarreal-femenino-2-en","acf":null},{"id":13487,"name":"Yellow Submarine","slug":"yellow-submarine-en","acf":null}],"translation_priority":[{"id":734,"name":"Optional","slug":"optional-en","acf":null}]},"seo_full":{"native":{"title":"Villarreal CF&#8217;s most special moments of 2023 - Web Oficial del Villarreal CF","description":"The club has experienced sporting success, witnessed historic milestones and celebrated its centenary","canonical":"https:\/\/villarrealcf.es\/en\/villarreal-cfs-most-special-moments-of-2023\/"}},"_links":{"self":[{"href":"https:\/\/villarrealcf.es\/en\/wp-json\/wp\/v2\/posts\/293258","targetHints":{"allow":["GET"]}}],"collection":[{"href":"https:\/\/villarrealcf.es\/en\/wp-json\/wp\/v2\/posts"}],"about":[{"href":"https:\/\/villarrealcf.es\/en\/wp-json\/wp\/v2\/types\/post"}],"author":[{"embeddable":true,"href":"https:\/\/villarrealcf.es\/en\/wp-json\/wp\/v2\/users\/25"}],"replies":[{"embeddable":true,"href":"https:\/\/villarrealcf.es\/en\/wp-json\/wp\/v2\/comments?post=293258"}],"version-history":[{"count":0,"href":"https:\/\/villarrealcf.es\/en\/wp-json\/wp\/v2\/posts\/293258\/revisions"}],"wp:featuredmedia":[{"embeddable":true,"href":"https:\/\/villarrealcf.es\/en\/wp-json\/wp\/v2\/media\/293140"}],"wp:attachment":[{"href":"https:\/\/villarrealcf.es\/en\/wp-json\/wp\/v2\/media?parent=293258"}],"wp:term":[{"taxonomy":"category","embeddable":true,"href":"https:\/\/villarrealcf.es\/en\/wp-json\/wp\/v2\/categories?post=293258"},{"taxonomy":"post_tag","embeddable":true,"href":"https:\/\/villarrealcf.es\/en\/wp-json\/wp\/v2\/tags?post=293258"}],"curies":[{"name":"wp","href":"https:\/\/api.w.org\/{rel}","templated":true}]}}