{"id":289434,"date":"2023-11-17T16:35:53","date_gmt":"2023-11-17T15:35:53","guid":{"rendered":"https:\/\/villarrealcf.es\/horarios-de-las-jornadas-17-y-18-de-laliga\/"},"modified":"2023-11-17T17:22:56","modified_gmt":"2023-11-17T16:22:56","slug":"kick-off-times-for-matchdays-17-and-18-of-laliga","status":"publish","type":"post","link":"https:\/\/villarrealcf.es\/en\/kick-off-times-for-matchdays-17-and-18-of-laliga\/","title":{"rendered":"Kick-off times for Matchdays 17 and 18 of LALIGA"},"content":{"protected":false,"blocks":[{"type":"heading","level":2,"text":"Villarreal will face Real Madrid at the Bernab\u00e9u and RC Celta at La Cer\u00e1mica respectively"},{"type":"paragraph","text":"LALIGA has announced the fixtures for Matchdays 17 and 18 of the domestic competition. Villarreal CF will travel to Madrid to face Real Madrid at the Santiago Bernab\u00e9u on Sunday 17th December at 9pm CET."},{"type":"paragraph","text":"Then, Villarreal will host RC Celta on Wednesday 20th December, at 9:30pm CET at the Estadio de la Cer\u00e1mica in the match corresponding to LALIGA Matchday 18."}],"structured":{"summary":{"text":"Villarreal will face Real Madrid at the Bernab\u00e9u and RC Celta at La Cer\u00e1mica respectively LALIGA has announced the fixtures for Matchdays 17 and 18 of the domestic competition. Villarreal CF will travel to Madrid to face Real Madrid at the Santiago Bernab\u00e9u on Sunday 17th December at 9pm CET. Then, Villarreal will host RC Celta on Wednesday 20th December, at 9:30pm CET at the Estadio de la Cer\u00e1mica in the match corresponding to LALIGA Matchday 18.","headings":[{"type":"heading","level":2,"text":"Villarreal will face Real Madrid at the Bernab\u00e9u and RC Celta at La Cer\u00e1mica respectively"}],"buttons":[],"images":[],"counts":{"blocks":3,"headings":1,"texts":2,"buttons":0,"images":0}},"sections":[{"id":"section-1","title":"Villarreal will face Real Madrid at the Bernab\u00e9u and RC Celta at La Cer\u00e1mica respectively","text":"Villarreal will face Real Madrid at the Bernab\u00e9u and RC Celta at La Cer\u00e1mica respectively LALIGA has announced the fixtures for Matchdays 17 and 18 of the domestic competition. Villarreal CF will travel to Madrid to face Real Madrid at the Santiago Bernab\u00e9u on Sunday 17th December at 9pm CET. Then, Villarreal will host RC Celta on Wednesday 20th December, at 9:30pm CET at the Estadio de la Cer\u00e1mica in the match corresponding to LALIGA Matchday 18.","headings":[{"type":"heading","level":2,"text":"Villarreal will face Real Madrid at the Bernab\u00e9u and RC Celta at La Cer\u00e1mica respectively"}],"texts":[{"type":"paragraph","text":"LALIGA has announced the fixtures for Matchdays 17 and 18 of the domestic competition. Villarreal CF will travel to Madrid to face Real Madrid at the Santiago Bernab\u00e9u on Sunday 17th December at 9pm CET."},{"type":"paragraph","text":"Then, Villarreal will host RC Celta on Wednesday 20th December, at 9:30pm CET at the Estadio de la Cer\u00e1mica in the match corresponding to LALIGA Matchday 18."}],"buttons":[],"images":[],"widgets":[],"blocks":[{"type":"heading","level":2,"text":"Villarreal will face Real Madrid at the Bernab\u00e9u and RC Celta at La Cer\u00e1mica respectively"},{"type":"paragraph","text":"LALIGA has announced the fixtures for Matchdays 17 and 18 of the domestic competition. Villarreal CF will travel to Madrid to face Real Madrid at the Santiago Bernab\u00e9u on Sunday 17th December at 9pm CET."},{"type":"paragraph","text":"Then, Villarreal will host RC Celta on Wednesday 20th December, at 9:30pm CET at the Estadio de la Cer\u00e1mica in the match corresponding to LALIGA Matchday 18."}]}],"hero":{"id":"section-1","title":"Villarreal will face Real Madrid at the Bernab\u00e9u and RC Celta at La Cer\u00e1mica respectively","text":"Villarreal will face Real Madrid at the Bernab\u00e9u and RC Celta at La Cer\u00e1mica respectively LALIGA has announced the fixtures for Matchdays 17 and 18 of the domestic competition. Villarreal CF will travel to Madrid to face Real Madrid at the Santiago Bernab\u00e9u on Sunday 17th December at 9pm CET. Then, Villarreal will host RC Celta on Wednesday 20th December, at 9:30pm CET at the Estadio de la Cer\u00e1mica in the match corresponding to LALIGA Matchday 18.","headings":[{"type":"heading","level":2,"text":"Villarreal will face Real Madrid at the Bernab\u00e9u and RC Celta at La Cer\u00e1mica respectively"}],"texts":[{"type":"paragraph","text":"LALIGA has announced the fixtures for Matchdays 17 and 18 of the domestic competition. Villarreal CF will travel to Madrid to face Real Madrid at the Santiago Bernab\u00e9u on Sunday 17th December at 9pm CET."},{"type":"paragraph","text":"Then, Villarreal will host RC Celta on Wednesday 20th December, at 9:30pm CET at the Estadio de la Cer\u00e1mica in the match corresponding to LALIGA Matchday 18."}],"buttons":[],"images":[],"widgets":[],"blocks":[{"type":"heading","level":2,"text":"Villarreal will face Real Madrid at the Bernab\u00e9u and RC Celta at La Cer\u00e1mica respectively"},{"type":"paragraph","text":"LALIGA has announced the fixtures for Matchdays 17 and 18 of the domestic competition. Villarreal CF will travel to Madrid to face Real Madrid at the Santiago Bernab\u00e9u on Sunday 17th December at 9pm CET."},{"type":"paragraph","text":"Then, Villarreal will host RC Celta on Wednesday 20th December, at 9:30pm CET at the Estadio de la Cer\u00e1mica in the match corresponding to LALIGA Matchday 18."}]}},"sections":[{"id":"section-1","title":"Villarreal will face Real Madrid at the Bernab\u00e9u and RC Celta at La Cer\u00e1mica respectively","text":"Villarreal will face Real Madrid at the Bernab\u00e9u and RC Celta at La Cer\u00e1mica respectively LALIGA has announced the fixtures for Matchdays 17 and 18 of the domestic competition. Villarreal CF will travel to Madrid to face Real Madrid at the Santiago Bernab\u00e9u on Sunday 17th December at 9pm CET. Then, Villarreal will host RC Celta on Wednesday 20th December, at 9:30pm CET at the Estadio de la Cer\u00e1mica in the match corresponding to LALIGA Matchday 18.","url":"","background_image":"","images":[],"videos":[],"links":[]}]},"excerpt":{"rendered":"Villarreal will face Real Madrid at the Bernab\u00e9u and RC Celta at La Cer\u00e1mica respectively","protected":false},"author":33,"featured_media":289425,"comment_status":"closed","ping_status":"closed","sticky":false,"template":"","format":"standard","meta":{"_acf_changed":false,"footnotes":""},"categories":[13494],"tags":[13478,9201,13847,5822,4869,13972,14001,13463,13496,9199,13482,13487],"acf":null,"lang":"en","translations":{"es":289410,"val":289429,"en":289434},"essential_grid":{"has_grid":false},"formatted_date":"November 17, 2023","modified_date":"November 17, 2023","permalink":"https:\/\/villarrealcf.es\/en\/kick-off-times-for-matchdays-17-and-18-of-laliga\/","reading_time":1,"featured_media_data":{"id":289425,"title":"VillarrealCF-DeportivoAlaves-127","caption":"","alt_text":"","description":"","mime_type":"image\/png","source_url":"https:\/\/villarrealcf.es\/wp-content\/uploads\/2023\/11\/VillarrealCF-DeportivoAlaves-127.png","sizes":{"thumbnail":{"url":"https:\/\/villarrealcf.es\/wp-content\/uploads\/2023\/11\/VillarrealCF-DeportivoAlaves-127-1920x1080.png","width":1920,"height":1080},"medium":{"url":"https:\/\/villarrealcf.es\/wp-content\/uploads\/2023\/11\/VillarrealCF-DeportivoAlaves-127-1920x1080.png","width":1920,"height":1080},"medium_large":{"url":"https:\/\/villarrealcf.es\/wp-content\/uploads\/2023\/11\/VillarrealCF-DeportivoAlaves-127-768x432.png","width":768,"height":432},"large":{"url":"https:\/\/villarrealcf.es\/wp-content\/uploads\/2023\/11\/VillarrealCF-DeportivoAlaves-127-1920x1080.png","width":788,"height":443},"1536x1536":{"url":"https:\/\/villarrealcf.es\/wp-content\/uploads\/2023\/11\/VillarrealCF-DeportivoAlaves-127-1536x864.png","width":1536,"height":864},"2048x2048":{"url":"https:\/\/villarrealcf.es\/wp-content\/uploads\/2023\/11\/VillarrealCF-DeportivoAlaves-127-2048x1152.png","width":2048,"height":1152},"tp-image-grid":{"url":"https:\/\/villarrealcf.es\/wp-content\/uploads\/2023\/11\/VillarrealCF-DeportivoAlaves-127-700x700.png","width":700,"height":700},"size-bunyad-medium":{"url":"https:\/\/villarrealcf.es\/wp-content\/uploads\/2023\/11\/VillarrealCF-DeportivoAlaves-127-1920x1080.png","width":1920,"height":1080},"sportspress-crop-medium":{"url":"https:\/\/villarrealcf.es\/wp-content\/uploads\/2023\/11\/VillarrealCF-DeportivoAlaves-127-300x300.png","width":300,"height":300},"sportspress-fit-medium":{"url":"https:\/\/villarrealcf.es\/wp-content\/uploads\/2023\/11\/VillarrealCF-DeportivoAlaves-127-300x169.png","width":300,"height":169},"sportspress-fit-icon":{"url":"https:\/\/villarrealcf.es\/wp-content\/uploads\/2023\/11\/VillarrealCF-DeportivoAlaves-127-128x72.png","width":128,"height":72},"sportspress-fit-mini":{"url":"https:\/\/villarrealcf.es\/wp-content\/uploads\/2023\/11\/VillarrealCF-DeportivoAlaves-127-32x18.png","width":32,"height":18},"bunyad-small":{"url":"https:\/\/villarrealcf.es\/wp-content\/uploads\/2023\/11\/VillarrealCF-DeportivoAlaves-127-150x84.png","width":150,"height":84},"bunyad-medium":{"url":"https:\/\/villarrealcf.es\/wp-content\/uploads\/2023\/11\/VillarrealCF-DeportivoAlaves-127-450x253.png","width":450,"height":253},"bunyad-full":{"url":"https:\/\/villarrealcf.es\/wp-content\/uploads\/2023\/11\/VillarrealCF-DeportivoAlaves-127-1200x675.png","width":1200,"height":675},"bunyad-viewport":{"url":"https:\/\/villarrealcf.es\/wp-content\/uploads\/2023\/11\/VillarrealCF-DeportivoAlaves-127-2048x1152.png","width":2048,"height":1152},"bunyad-768":{"url":"https:\/\/villarrealcf.es\/wp-content\/uploads\/2023\/11\/VillarrealCF-DeportivoAlaves-127-768x432.png","width":768,"height":432},"full":{"url":"https:\/\/villarrealcf.es\/wp-content\/uploads\/2023\/11\/VillarrealCF-DeportivoAlaves-127.png","width":2835,"height":1595}}},"author_data":{"id":"33","name":"Nacho Tejada","first_name":"Nacho","last_name":"Tejada","description":"","avatar_url":"https:\/\/secure.gravatar.com\/avatar\/b1580534b2fcd93e031504756165758941290488df5c88966a26f84344931fd1?s=96&d=mm&r=g","acf":null},"taxonomies_data":{"category":[{"id":13494,"name":"First Team","slug":"first-team","acf":null}],"post_tag":[{"id":13478,"name":"Football","slug":"football-eng","acf":null},{"id":9201,"name":"Football","slug":"football-d34-en","acf":null},{"id":13847,"name":"Horarios","slug":"horarios-2-en","acf":null},{"id":5822,"name":"Jornada 17","slug":"jornada-17","acf":null},{"id":4869,"name":"Jornada 18","slug":"jornada-18","acf":null},{"id":13972,"name":"RC Celta","slug":"rc-celta-en","acf":null},{"id":14001,"name":"Real Madrid","slug":"real-madrid-2-en","acf":null},{"id":13463,"name":"Sin categorizar","slug":"sin-categorizar","acf":null},{"id":13496,"name":"Sin categorizar","slug":"sin-categorizar-en-14","acf":null},{"id":9199,"name":"Soccer","slug":"soccer-d105-en","acf":null},{"id":13482,"name":"Submarine","slug":"submarine-en","acf":null},{"id":13487,"name":"Yellow Submarine","slug":"yellow-submarine-en","acf":null}],"translation_priority":[{"id":734,"name":"Optional","slug":"optional-en","acf":null}]},"seo_full":{"native":{"title":"Kick-off times for Matchdays 17 and 18 of LALIGA - Web Oficial del Villarreal CF","description":"Villarreal will face Real Madrid at the Bernab\u00e9u and RC Celta at La Cer\u00e1mica respectively","canonical":"https:\/\/villarrealcf.es\/en\/kick-off-times-for-matchdays-17-and-18-of-laliga\/"}},"_links":{"self":[{"href":"https:\/\/villarrealcf.es\/en\/wp-json\/wp\/v2\/posts\/289434","targetHints":{"allow":["GET"]}}],"collection":[{"href":"https:\/\/villarrealcf.es\/en\/wp-json\/wp\/v2\/posts"}],"about":[{"href":"https:\/\/villarrealcf.es\/en\/wp-json\/wp\/v2\/types\/post"}],"author":[{"embeddable":true,"href":"https:\/\/villarrealcf.es\/en\/wp-json\/wp\/v2\/users\/33"}],"replies":[{"embeddable":true,"href":"https:\/\/villarrealcf.es\/en\/wp-json\/wp\/v2\/comments?post=289434"}],"version-history":[{"count":0,"href":"https:\/\/villarrealcf.es\/en\/wp-json\/wp\/v2\/posts\/289434\/revisions"}],"wp:featuredmedia":[{"embeddable":true,"href":"https:\/\/villarrealcf.es\/en\/wp-json\/wp\/v2\/media\/289425"}],"wp:attachment":[{"href":"https:\/\/villarrealcf.es\/en\/wp-json\/wp\/v2\/media?parent=289434"}],"wp:term":[{"taxonomy":"category","embeddable":true,"href":"https:\/\/villarrealcf.es\/en\/wp-json\/wp\/v2\/categories?post=289434"},{"taxonomy":"post_tag","embeddable":true,"href":"https:\/\/villarrealcf.es\/en\/wp-json\/wp\/v2\/tags?post=289434"}],"curies":[{"name":"wp","href":"https:\/\/api.w.org\/{rel}","templated":true}]}}