{"id":272686,"date":"2023-06-19T13:22:56","date_gmt":"2023-06-19T11:22:56","guid":{"rendered":"https:\/\/villarrealcf.es\/\/las-fotos-de-la-celebracion-de-yeremy-con-la-seleccion\/"},"modified":"2023-07-03T13:37:33","modified_gmt":"2023-07-03T11:37:33","slug":"the-photos-of-yeremys-celebration-with-spain","status":"publish","type":"post","link":"https:\/\/villarrealcf.es\/en\/the-photos-of-yeremys-celebration-with-spain\/","title":{"rendered":"The photos of Yeremy&#8217;s celebration with Spain"},"content":{"protected":false,"blocks":[{"type":"heading","widget":"heading","level":2,"text":"The Spanish national team won the UEFA Nations League after beating Croatia in the final"},{"type":"text","widget":"text-editor","text":"Yellows winger Yeremy Pino became the fifth player to achieve a notable triumph with the Spanish national team. Marcos Senna and Santi Cazorla won Euro 2008 alongside Joan Capdevila, who also lifted the 2010 World Cup title. The \u2018Flagship Player\u2019 Pau Torres won the silver medal at the Tokyo Olympics (2021).","paragraphs":["Yellows winger Yeremy Pino became the fifth player to achieve a notable triumph with the Spanish national team. Marcos Senna and Santi Cazorla won Euro 2008 alongside Joan Capdevila, who also lifted the 2010 World Cup title. The \u2018Flagship Player\u2019 Pau Torres won the silver medal at the Tokyo Olympics (2021)."]},{"type":"gallery","widget":"gallery","items":[{"url":"https:\/\/villarrealcf.es\/wp-content\/uploads\/2023\/06\/2023-06-18-Final-Nations-League-Croacia-Espana-00270-scaled-e1687186333818.jpg","title":"SELECCION DE ESPA\u00d1A 23 NATIONS LEAGUE 23 SELECCION DE CROACIA 23","thumbnail":"https:\/\/villarrealcf.es\/wp-content\/uploads\/2023\/06\/2023-06-18-Final-Nations-League-Croacia-Espana-00270-scaled-e1687186333818.jpg","width":1920,"height":1280},{"url":"https:\/\/villarrealcf.es\/wp-content\/uploads\/2023\/06\/2023-06-18-Final-Nations-League-Croacia-Espana-00436-scaled-e1687186369426.jpg","title":"SELECCION DE ESPA\u00d1A 23 NATIONS LEAGUE 23 SELECCION DE CROACIA 23","thumbnail":"https:\/\/villarrealcf.es\/wp-content\/uploads\/2023\/06\/2023-06-18-Final-Nations-League-Croacia-Espana-00436-scaled-e1687186369426.jpg","width":1920,"height":1280},{"url":"https:\/\/villarrealcf.es\/wp-content\/uploads\/2023\/06\/2023-06-18-Final-Nations-League-Croacia-Espana-00437-scaled-e1687186397921.jpg","title":"SELECCION DE ESPA\u00d1A 23 NATIONS LEAGUE 23 SELECCION DE CROACIA 23","thumbnail":"https:\/\/villarrealcf.es\/wp-content\/uploads\/2023\/06\/2023-06-18-Final-Nations-League-Croacia-Espana-00437-scaled-e1687186397921.jpg","width":1920,"height":1280},{"url":"https:\/\/villarrealcf.es\/wp-content\/uploads\/2023\/06\/2023-06-18-Vestuario-Celebracion-Final-Nations-League-Croacia-Espana-28-scaled-e1687186441541.jpg","title":"SELECCION DE ESPA\u00d1A 23 NATIONS LEAGUE 23 SELECCION DE CROACIA 23","thumbnail":"https:\/\/villarrealcf.es\/wp-content\/uploads\/2023\/06\/2023-06-18-Vestuario-Celebracion-Final-Nations-League-Croacia-Espana-28-scaled-e1687186441541.jpg","width":1920,"height":1325},{"url":"https:\/\/villarrealcf.es\/wp-content\/uploads\/2023\/06\/2023-06-18-Celebracion-final-Nations-League-Croacia-Espana-_11-scaled-e1687186482903.jpg","title":"2023-06-18 Celebracion final Nations League Croacia Espa\u00f1a _11","thumbnail":"https:\/\/villarrealcf.es\/wp-content\/uploads\/2023\/06\/2023-06-18-Celebracion-final-Nations-League-Croacia-Espana-_11-scaled-e1687186482903.jpg","width":1920,"height":2442},{"url":"https:\/\/villarrealcf.es\/wp-content\/uploads\/2023\/06\/2023-06-18-Final-Nations-League-Croacia-Espana-00017-scaled-e1687186509168.jpg","title":"SELECCION DE ESPA\u00d1A 23 NATIONS LEAGUE 23 SELECCION DE CROACIA 23","thumbnail":"https:\/\/villarrealcf.es\/wp-content\/uploads\/2023\/06\/2023-06-18-Final-Nations-League-Croacia-Espana-00017-scaled-e1687186509168.jpg","width":1920,"height":1280},{"url":"https:\/\/villarrealcf.es\/wp-content\/uploads\/2023\/06\/2023-06-18-Final-Nations-League-Croacia-Espana-00081-scaled-e1687186573589.jpg","title":"SELECCION DE ESPA\u00d1A 23 NATIONS LEAGUE 23 SELECCION DE CROACIA 23","thumbnail":"https:\/\/villarrealcf.es\/wp-content\/uploads\/2023\/06\/2023-06-18-Final-Nations-League-Croacia-Espana-00081-scaled-e1687186573589.jpg","width":1920,"height":1280}]}],"structured":{"summary":{"text":"The Spanish national team won the UEFA Nations League after beating Croatia in the final Yellows winger Yeremy Pino became the fifth player to achieve a notable triumph with the Spanish national team. Marcos Senna and Santi Cazorla won Euro 2008 alongside Joan Capdevila, who also lifted the 2010 World Cup title. The \u2018Flagship Player\u2019 Pau Torres won the silver medal at the Tokyo Olympics (2021).","headings":[{"type":"heading","widget":"heading","level":2,"text":"The Spanish national team won the UEFA Nations League after beating Croatia in the final"}],"buttons":[],"images":[],"counts":{"blocks":3,"headings":1,"texts":1,"buttons":0,"images":0},"containers":3},"sections":[{"id":"a8fcd9e","type":"container","classes":["has-el-gap","el-gap-default","elementor-section","elementor-top-section","elementor-element","elementor-element-a8fcd9e","elementor-section-boxed","elementor-section-height-default"],"title":"The Spanish national team won the UEFA Nations League after beating Croatia in the final","text":"The Spanish national team won the UEFA Nations League after beating Croatia in the final","headings":[{"type":"heading","widget":"heading","level":2,"text":"The Spanish national team won the UEFA Nations League after beating Croatia in the final"}],"texts":[],"buttons":[],"images":[],"widgets":["heading"],"blocks":[{"type":"heading","widget":"heading","level":2,"text":"The Spanish national team won the UEFA Nations League after beating Croatia in the final"}],"children":[]},{"id":"4b49466","type":"container","classes":["has-el-gap","el-gap-default","elementor-section","elementor-top-section","elementor-element","elementor-element-4b49466","elementor-section-boxed","elementor-section-height-default"],"title":"","text":"Yellows winger Yeremy Pino became the fifth player to achieve a notable triumph with the Spanish national team. Marcos Senna and Santi Cazorla won Euro 2008 alongside Joan Capdevila, who also lifted the 2010 World Cup title. The \u2018Flagship Player\u2019 Pau Torres won the silver medal at the Tokyo Olympics (2021).","headings":[],"texts":[{"type":"text","widget":"text-editor","text":"Yellows winger Yeremy Pino became the fifth player to achieve a notable triumph with the Spanish national team. Marcos Senna and Santi Cazorla won Euro 2008 alongside Joan Capdevila, who also lifted the 2010 World Cup title. The \u2018Flagship Player\u2019 Pau Torres won the silver medal at the Tokyo Olympics (2021).","paragraphs":["Yellows winger Yeremy Pino became the fifth player to achieve a notable triumph with the Spanish national team. Marcos Senna and Santi Cazorla won Euro 2008 alongside Joan Capdevila, who also lifted the 2010 World Cup title. The \u2018Flagship Player\u2019 Pau Torres won the silver medal at the Tokyo Olympics (2021)."]}],"buttons":[],"images":[],"widgets":["text-editor"],"blocks":[{"type":"text","widget":"text-editor","text":"Yellows winger Yeremy Pino became the fifth player to achieve a notable triumph with the Spanish national team. Marcos Senna and Santi Cazorla won Euro 2008 alongside Joan Capdevila, who also lifted the 2010 World Cup title. The \u2018Flagship Player\u2019 Pau Torres won the silver medal at the Tokyo Olympics (2021).","paragraphs":["Yellows winger Yeremy Pino became the fifth player to achieve a notable triumph with the Spanish national team. Marcos Senna and Santi Cazorla won Euro 2008 alongside Joan Capdevila, who also lifted the 2010 World Cup title. The \u2018Flagship Player\u2019 Pau Torres won the silver medal at the Tokyo Olympics (2021)."]}],"children":[]},{"id":"3b05687","type":"container","classes":["has-el-gap","el-gap-default","elementor-section","elementor-top-section","elementor-element","elementor-element-3b05687","elementor-section-boxed","elementor-section-height-default"],"title":"","text":"","headings":[],"texts":[],"buttons":[],"images":[],"widgets":["gallery"],"blocks":[{"type":"gallery","widget":"gallery","items":[{"url":"https:\/\/villarrealcf.es\/wp-content\/uploads\/2023\/06\/2023-06-18-Final-Nations-League-Croacia-Espana-00270-scaled-e1687186333818.jpg","title":"SELECCION DE ESPA\u00d1A 23 NATIONS LEAGUE 23 SELECCION DE CROACIA 23","thumbnail":"https:\/\/villarrealcf.es\/wp-content\/uploads\/2023\/06\/2023-06-18-Final-Nations-League-Croacia-Espana-00270-scaled-e1687186333818.jpg","width":1920,"height":1280},{"url":"https:\/\/villarrealcf.es\/wp-content\/uploads\/2023\/06\/2023-06-18-Final-Nations-League-Croacia-Espana-00436-scaled-e1687186369426.jpg","title":"SELECCION DE ESPA\u00d1A 23 NATIONS LEAGUE 23 SELECCION DE CROACIA 23","thumbnail":"https:\/\/villarrealcf.es\/wp-content\/uploads\/2023\/06\/2023-06-18-Final-Nations-League-Croacia-Espana-00436-scaled-e1687186369426.jpg","width":1920,"height":1280},{"url":"https:\/\/villarrealcf.es\/wp-content\/uploads\/2023\/06\/2023-06-18-Final-Nations-League-Croacia-Espana-00437-scaled-e1687186397921.jpg","title":"SELECCION DE ESPA\u00d1A 23 NATIONS LEAGUE 23 SELECCION DE CROACIA 23","thumbnail":"https:\/\/villarrealcf.es\/wp-content\/uploads\/2023\/06\/2023-06-18-Final-Nations-League-Croacia-Espana-00437-scaled-e1687186397921.jpg","width":1920,"height":1280},{"url":"https:\/\/villarrealcf.es\/wp-content\/uploads\/2023\/06\/2023-06-18-Vestuario-Celebracion-Final-Nations-League-Croacia-Espana-28-scaled-e1687186441541.jpg","title":"SELECCION DE ESPA\u00d1A 23 NATIONS LEAGUE 23 SELECCION DE CROACIA 23","thumbnail":"https:\/\/villarrealcf.es\/wp-content\/uploads\/2023\/06\/2023-06-18-Vestuario-Celebracion-Final-Nations-League-Croacia-Espana-28-scaled-e1687186441541.jpg","width":1920,"height":1325},{"url":"https:\/\/villarrealcf.es\/wp-content\/uploads\/2023\/06\/2023-06-18-Celebracion-final-Nations-League-Croacia-Espana-_11-scaled-e1687186482903.jpg","title":"2023-06-18 Celebracion final Nations League Croacia Espa\u00f1a _11","thumbnail":"https:\/\/villarrealcf.es\/wp-content\/uploads\/2023\/06\/2023-06-18-Celebracion-final-Nations-League-Croacia-Espana-_11-scaled-e1687186482903.jpg","width":1920,"height":2442},{"url":"https:\/\/villarrealcf.es\/wp-content\/uploads\/2023\/06\/2023-06-18-Final-Nations-League-Croacia-Espana-00017-scaled-e1687186509168.jpg","title":"SELECCION DE ESPA\u00d1A 23 NATIONS LEAGUE 23 SELECCION DE CROACIA 23","thumbnail":"https:\/\/villarrealcf.es\/wp-content\/uploads\/2023\/06\/2023-06-18-Final-Nations-League-Croacia-Espana-00017-scaled-e1687186509168.jpg","width":1920,"height":1280},{"url":"https:\/\/villarrealcf.es\/wp-content\/uploads\/2023\/06\/2023-06-18-Final-Nations-League-Croacia-Espana-00081-scaled-e1687186573589.jpg","title":"SELECCION DE ESPA\u00d1A 23 NATIONS LEAGUE 23 SELECCION DE CROACIA 23","thumbnail":"https:\/\/villarrealcf.es\/wp-content\/uploads\/2023\/06\/2023-06-18-Final-Nations-League-Croacia-Espana-00081-scaled-e1687186573589.jpg","width":1920,"height":1280}]}],"children":[]}],"hero":{"id":"a8fcd9e","type":"container","classes":["has-el-gap","el-gap-default","elementor-section","elementor-top-section","elementor-element","elementor-element-a8fcd9e","elementor-section-boxed","elementor-section-height-default"],"title":"The Spanish national team won the UEFA Nations League after beating Croatia in the final","text":"The Spanish national team won the UEFA Nations League after beating Croatia in the final","headings":[{"type":"heading","widget":"heading","level":2,"text":"The Spanish national team won the UEFA Nations League after beating Croatia in the final"}],"texts":[],"buttons":[],"images":[],"widgets":["heading"],"blocks":[{"type":"heading","widget":"heading","level":2,"text":"The Spanish national team won the UEFA Nations League after beating Croatia in the final"}],"children":[]}},"sections":[{"id":"a8fcd9e","title":"The Spanish national team won the UEFA Nations League after beating Croatia in the final","text":"The Spanish national team won the UEFA Nations League after beating Croatia in the final","url":"","background_image":"","images":[],"videos":[],"links":[]},{"id":"4b49466","title":"Yellows winger Yeremy Pino became the fifth player to achieve a notable triumph with the Spanish national team. Marcos Senna and Santi Cazorla won Euro 2008 alongside Joan Capdevila, who also lifted the 2010 World Cup title. The \u2018Flagship Player\u2019 Pau Torres won the silver medal at the Tokyo Olympics (2021).","text":"Yellows winger Yeremy Pino became the fifth player to achieve a notable triumph with the Spanish national team. Marcos Senna and Santi Cazorla won Euro 2008 alongside Joan Capdevila, who also lifted the 2010 World Cup title. The \u2018Flagship Player\u2019 Pau Torres won the silver medal at the Tokyo Olympics (2021).","url":"","background_image":"","images":[],"videos":[],"links":[]},{"id":"3b05687","title":"","text":"","url":"https:\/\/villarrealcf.es\/wp-content\/uploads\/2023\/06\/2023-06-18-Final-Nations-League-Croacia-Espana-00270-scaled-e1687186333818.jpg","background_image":"","images":[],"videos":[],"links":[{"url":"https:\/\/villarrealcf.es\/wp-content\/uploads\/2023\/06\/2023-06-18-Final-Nations-League-Croacia-Espana-00270-scaled-e1687186333818.jpg","text":"","target":""},{"url":"https:\/\/villarrealcf.es\/wp-content\/uploads\/2023\/06\/2023-06-18-Final-Nations-League-Croacia-Espana-00436-scaled-e1687186369426.jpg","text":"","target":""},{"url":"https:\/\/villarrealcf.es\/wp-content\/uploads\/2023\/06\/2023-06-18-Final-Nations-League-Croacia-Espana-00437-scaled-e1687186397921.jpg","text":"","target":""},{"url":"https:\/\/villarrealcf.es\/wp-content\/uploads\/2023\/06\/2023-06-18-Vestuario-Celebracion-Final-Nations-League-Croacia-Espana-28-scaled-e1687186441541.jpg","text":"","target":""},{"url":"https:\/\/villarrealcf.es\/wp-content\/uploads\/2023\/06\/2023-06-18-Celebracion-final-Nations-League-Croacia-Espana-_11-scaled-e1687186482903.jpg","text":"","target":""},{"url":"https:\/\/villarrealcf.es\/wp-content\/uploads\/2023\/06\/2023-06-18-Final-Nations-League-Croacia-Espana-00017-scaled-e1687186509168.jpg","text":"","target":""},{"url":"https:\/\/villarrealcf.es\/wp-content\/uploads\/2023\/06\/2023-06-18-Final-Nations-League-Croacia-Espana-00081-scaled-e1687186573589.jpg","text":"","target":""}]}]},"excerpt":{"rendered":"The Spanish national team won the UEFA Nations League after beating Croatia in the final\u200b","protected":false},"author":25,"featured_media":271343,"comment_status":"closed","ping_status":"closed","sticky":false,"template":"","format":"standard","meta":{"_acf_changed":false,"footnotes":""},"categories":[13494],"tags":[13478,9201,13410,9868,13917,14049,13463,13915,9199,13482,13487,14581],"acf":null,"lang":"en","translations":{"es":271297,"val":271353,"en":272686},"essential_grid":{"has_grid":false},"formatted_date":"June 19, 2023","modified_date":"July 3, 2023","permalink":"https:\/\/villarrealcf.es\/en\/the-photos-of-yeremys-celebration-with-spain\/","reading_time":1,"featured_media_data":{"id":271343,"title":"SELECCION DE ESPA\u00d1A 23 NATIONS LEAGUE 23 SELECCION DE CROACIA 23","caption":"2023-06-18 Celebraci\u00f3n de la selecci\u00f3n espa\u00f1ola en la Nations League\rSOLO USO EDITORIAL, SOLO DISPONIBLE PARA ILUSTRAR LA NOTICIA QUE ACOMPA\u00d1A (CR\u00c9DITO OBLIGATORIO)\rFOTO RFEF","alt_text":"","description":"","mime_type":"image\/jpeg","source_url":"https:\/\/villarrealcf.es\/wp-content\/uploads\/2023\/06\/yere.jpg","sizes":{"thumbnail":{"url":"https:\/\/villarrealcf.es\/wp-content\/uploads\/2023\/06\/yere-1920x1080.jpg","width":1920,"height":1080},"medium":{"url":"https:\/\/villarrealcf.es\/wp-content\/uploads\/2023\/06\/yere-1920x1080.jpg","width":1920,"height":1080},"medium_large":{"url":"https:\/\/villarrealcf.es\/wp-content\/uploads\/2023\/06\/yere-768x432.jpg","width":768,"height":432},"large":{"url":"https:\/\/villarrealcf.es\/wp-content\/uploads\/2023\/06\/yere-1920x1080.jpg","width":788,"height":443},"1536x1536":{"url":"https:\/\/villarrealcf.es\/wp-content\/uploads\/2023\/06\/yere-1536x864.jpg","width":1536,"height":864},"2048x2048":{"url":"https:\/\/villarrealcf.es\/wp-content\/uploads\/2023\/06\/yere.jpg","width":1920,"height":1080},"tp-image-grid":{"url":"https:\/\/villarrealcf.es\/wp-content\/uploads\/2023\/06\/yere-700x700.jpg","width":700,"height":700},"size-bunyad-medium":{"url":"https:\/\/villarrealcf.es\/wp-content\/uploads\/2023\/06\/yere-1920x1080.jpg","width":1920,"height":1080},"sportspress-crop-medium":{"url":"https:\/\/villarrealcf.es\/wp-content\/uploads\/2023\/06\/yere-300x300.jpg","width":300,"height":300},"sportspress-fit-medium":{"url":"https:\/\/villarrealcf.es\/wp-content\/uploads\/2023\/06\/yere-300x169.jpg","width":300,"height":169},"sportspress-fit-icon":{"url":"https:\/\/villarrealcf.es\/wp-content\/uploads\/2023\/06\/yere-128x72.jpg","width":128,"height":72},"sportspress-fit-mini":{"url":"https:\/\/villarrealcf.es\/wp-content\/uploads\/2023\/06\/yere-32x18.jpg","width":32,"height":18},"bunyad-small":{"url":"https:\/\/villarrealcf.es\/wp-content\/uploads\/2023\/06\/yere-150x84.jpg","width":150,"height":84},"bunyad-medium":{"url":"https:\/\/villarrealcf.es\/wp-content\/uploads\/2023\/06\/yere-450x253.jpg","width":450,"height":253},"bunyad-full":{"url":"https:\/\/villarrealcf.es\/wp-content\/uploads\/2023\/06\/yere-1200x675.jpg","width":1200,"height":675},"bunyad-viewport":{"url":"https:\/\/villarrealcf.es\/wp-content\/uploads\/2023\/06\/yere.jpg","width":1920,"height":1080},"bunyad-768":{"url":"https:\/\/villarrealcf.es\/wp-content\/uploads\/2023\/06\/yere-768x432.jpg","width":768,"height":432},"full":{"url":"https:\/\/villarrealcf.es\/wp-content\/uploads\/2023\/06\/yere.jpg","width":1920,"height":1080}}},"author_data":{"id":"25","name":"Javier Ayuso","first_name":"Javier","last_name":"Ayuso","description":"","avatar_url":"https:\/\/secure.gravatar.com\/avatar\/fcf8894be45988fcce5bbff0efe1790d2a7f4ba57e2c7c898f5068154e696495?s=96&d=mm&r=g","acf":null},"taxonomies_data":{"category":[{"id":13494,"name":"First Team","slug":"first-team","acf":null}],"post_tag":[{"id":13478,"name":"Football","slug":"football-eng","acf":null},{"id":9201,"name":"Football","slug":"football-d34-en","acf":null},{"id":13410,"name":"Galer\u00eda Primer Equipo","slug":"galeria-primer-equipo-en","acf":null},{"id":9868,"name":"Primer Equipo","slug":"primer-equipo-en","acf":null},{"id":13917,"name":"Sin categorizar","slug":"sin-categorizar-en-26","acf":null},{"id":14049,"name":"Sin categorizar","slug":"sin-categorizar-en-45","acf":null},{"id":13463,"name":"Sin categorizar","slug":"sin-categorizar","acf":null},{"id":13915,"name":"Sin categorizar","slug":"sin-categorizar-en-25","acf":null},{"id":9199,"name":"Soccer","slug":"soccer-d105-en","acf":null},{"id":13482,"name":"Submarine","slug":"submarine-en","acf":null},{"id":13487,"name":"Yellow Submarine","slug":"yellow-submarine-en","acf":null},{"id":14581,"name":"Yeremy","slug":"yeremy-en","acf":null}],"translation_priority":[{"id":734,"name":"Optional","slug":"optional-en","acf":null}]},"seo_full":{"native":{"title":"The photos of Yeremy&#8217;s celebration with Spain - Web Oficial del Villarreal CF","description":"The Spanish national team won the UEFA Nations League after beating Croatia in the final\u200b","canonical":"https:\/\/villarrealcf.es\/en\/the-photos-of-yeremys-celebration-with-spain\/"}},"_links":{"self":[{"href":"https:\/\/villarrealcf.es\/en\/wp-json\/wp\/v2\/posts\/272686","targetHints":{"allow":["GET"]}}],"collection":[{"href":"https:\/\/villarrealcf.es\/en\/wp-json\/wp\/v2\/posts"}],"about":[{"href":"https:\/\/villarrealcf.es\/en\/wp-json\/wp\/v2\/types\/post"}],"author":[{"embeddable":true,"href":"https:\/\/villarrealcf.es\/en\/wp-json\/wp\/v2\/users\/25"}],"replies":[{"embeddable":true,"href":"https:\/\/villarrealcf.es\/en\/wp-json\/wp\/v2\/comments?post=272686"}],"version-history":[{"count":0,"href":"https:\/\/villarrealcf.es\/en\/wp-json\/wp\/v2\/posts\/272686\/revisions"}],"wp:featuredmedia":[{"embeddable":true,"href":"https:\/\/villarrealcf.es\/en\/wp-json\/wp\/v2\/media\/271343"}],"wp:attachment":[{"href":"https:\/\/villarrealcf.es\/en\/wp-json\/wp\/v2\/media?parent=272686"}],"wp:term":[{"taxonomy":"category","embeddable":true,"href":"https:\/\/villarrealcf.es\/en\/wp-json\/wp\/v2\/categories?post=272686"},{"taxonomy":"post_tag","embeddable":true,"href":"https:\/\/villarrealcf.es\/en\/wp-json\/wp\/v2\/tags?post=272686"}],"curies":[{"name":"wp","href":"https:\/\/api.w.org\/{rel}","templated":true}]}}