{"id":267155,"date":"2023-05-23T12:16:08","date_gmt":"2023-05-23T10:16:08","guid":{"rendered":"https:\/\/villarrealcf.es\/\/confiamos-en-prolongar-la-buena-racha-hasta-el-final\/"},"modified":"2023-05-23T13:18:22","modified_gmt":"2023-05-23T11:18:22","slug":"were-confident-of-extending-the-good-run-to-the-end-of-the-season","status":"publish","type":"post","link":"https:\/\/villarrealcf.es\/en\/were-confident-of-extending-the-good-run-to-the-end-of-the-season\/","title":{"rendered":"&#8220;We&#8217;re confident of extending the good run to the end of the season&#8221;"},"content":{"protected":false,"blocks":[{"type":"heading","level":2,"text":"Seti\u00e9n expects a competitive game against C\u00e1diz CF (Wednesday, 7.30pm CEST)"},{"type":"paragraph","text":"Villarreal CF head coach Quique Seti\u00e9n appeared in the press room at the Jos\u00e9 Manuel Llaneza Training Ground to talk about this Wednesday\u2019s match against C\u00e1diz, which will be played at 7.30pm CEST at the Estadio de la Cer\u00e1mica."},{"type":"paragraph","text":"Here are the key things he had to say:"},{"type":"paragraph","text":"The match against C\u00e1diz CF"},{"type":"paragraph","text":"\u201cC\u00e1diz are a team that know what they do and they will surely make us uncomfortable. I think we\u2019ll see a game in which we\u2019ll be in control, but that doesn\u2019t mean we\u2019re going to score or win easily because they also know how to defend and have good players. We will have to be inspired in the small spaces when we attack and watch out for their possible counter attacks.\u201d"},{"type":"paragraph","text":"The importance of the fans"},{"type":"paragraph","text":"\u201cI guess they will be happy because the team has qualified for Europe for another season. I hope they can see themselves recognised with the players and the team, something that has been going on for a while now.\u201d"},{"type":"paragraph","text":"Aim for the last three games"},{"type":"paragraph","text":"\u201cThe aim, within the things we can control, is to continue with the good run that has allowed us to get into Europe mathematically. We still have the challenge of taking as many points as possible while waiting for what Real Sociedad can do. As long as mathematically it\u2019s not all said and done, we have to keep fighting to win and take points\u201d."},{"type":"video","kind":"iframe","url":"https:\/\/www.youtube.com\/embed\/MFAIdsfQRbo?feature=oembed","poster":""}],"structured":{"summary":{"text":"Seti\u00e9n expects a competitive game against C\u00e1diz CF (Wednesday, 7.30pm CEST) Villarreal CF head coach Quique Seti\u00e9n appeared in the press room at the Jos\u00e9 Manuel Llaneza Training Ground to talk about this Wednesday\u2019s match against C\u00e1diz, which will be played at 7.30pm CEST at the Estadio de la Cer\u00e1mica. Here are the key things he had to say: The match against C\u00e1diz CF \u201cC\u00e1diz are a team that know what they do and they will surely make us uncomfortable. I think we\u2019ll see a game in which we\u2019ll be in control, but that doesn\u2019t mean we\u2019re going to score or win easily because they also know how to defend and have good players. We will have to be inspired in the small spaces when we attack and watch out for their possible counter attacks.\u201d The importance of the fans \u201cI guess they will be happy because the team has qualified for Europe for another season. I hope they can see themselves recognised with the players and the team, something that has been going on for a while now.\u201d Aim for the last three games \u201cThe aim, within the things we can control, is to continue with the good run that has allowed us to get into Europe mathematically. We still have the challenge of taking as many points as possible while waiting for what Real Sociedad can do. As long as mathematically it\u2019s not all said and done, we have to keep fighting to win and take points\u201d.","headings":[{"type":"heading","level":2,"text":"Seti\u00e9n expects a competitive game against C\u00e1diz CF (Wednesday, 7.30pm CEST)"}],"buttons":[],"images":[],"counts":{"blocks":10,"headings":1,"texts":8,"buttons":0,"images":0}},"sections":[{"id":"section-1","title":"Seti\u00e9n expects a competitive game against C\u00e1diz CF (Wednesday, 7.30pm CEST)","text":"Seti\u00e9n expects a competitive game against C\u00e1diz CF (Wednesday, 7.30pm CEST) Villarreal CF head coach Quique Seti\u00e9n appeared in the press room at the Jos\u00e9 Manuel Llaneza Training Ground to talk about this Wednesday\u2019s match against C\u00e1diz, which will be played at 7.30pm CEST at the Estadio de la Cer\u00e1mica. Here are the key things he had to say: The match against C\u00e1diz CF \u201cC\u00e1diz are a team that know what they do and they will surely make us uncomfortable. I think we\u2019ll see a game in which we\u2019ll be in control, but that doesn\u2019t mean we\u2019re going to score or win easily because they also know how to defend and have good players. We will have to be inspired in the small spaces when we attack and watch out for their possible counter attacks.\u201d The importance of the fans \u201cI guess they will be happy because the team has qualified for Europe for another season. I hope they can see themselves recognised with the players and the team, something that has been going on for a while now.\u201d Aim for the last three games \u201cThe aim, within the things we can control, is to continue with the good run that has allowed us to get into Europe mathematically. We still have the challenge of taking as many points as possible while waiting for what Real Sociedad can do. As long as mathematically it\u2019s not all said and done, we have to keep fighting to win and take points\u201d.","headings":[{"type":"heading","level":2,"text":"Seti\u00e9n expects a competitive game against C\u00e1diz CF (Wednesday, 7.30pm CEST)"}],"texts":[{"type":"paragraph","text":"Villarreal CF head coach Quique Seti\u00e9n appeared in the press room at the Jos\u00e9 Manuel Llaneza Training Ground to talk about this Wednesday\u2019s match against C\u00e1diz, which will be played at 7.30pm CEST at the Estadio de la Cer\u00e1mica."},{"type":"paragraph","text":"Here are the key things he had to say:"},{"type":"paragraph","text":"The match against C\u00e1diz CF"},{"type":"paragraph","text":"\u201cC\u00e1diz are a team that know what they do and they will surely make us uncomfortable. I think we\u2019ll see a game in which we\u2019ll be in control, but that doesn\u2019t mean we\u2019re going to score or win easily because they also know how to defend and have good players. We will have to be inspired in the small spaces when we attack and watch out for their possible counter attacks.\u201d"},{"type":"paragraph","text":"The importance of the fans"},{"type":"paragraph","text":"\u201cI guess they will be happy because the team has qualified for Europe for another season. I hope they can see themselves recognised with the players and the team, something that has been going on for a while now.\u201d"},{"type":"paragraph","text":"Aim for the last three games"},{"type":"paragraph","text":"\u201cThe aim, within the things we can control, is to continue with the good run that has allowed us to get into Europe mathematically. We still have the challenge of taking as many points as possible while waiting for what Real Sociedad can do. As long as mathematically it\u2019s not all said and done, we have to keep fighting to win and take points\u201d."}],"buttons":[],"images":[],"widgets":[],"blocks":[{"type":"heading","level":2,"text":"Seti\u00e9n expects a competitive game against C\u00e1diz CF (Wednesday, 7.30pm CEST)"},{"type":"paragraph","text":"Villarreal CF head coach Quique Seti\u00e9n appeared in the press room at the Jos\u00e9 Manuel Llaneza Training Ground to talk about this Wednesday\u2019s match against C\u00e1diz, which will be played at 7.30pm CEST at the Estadio de la Cer\u00e1mica."},{"type":"paragraph","text":"Here are the key things he had to say:"},{"type":"paragraph","text":"The match against C\u00e1diz CF"},{"type":"paragraph","text":"\u201cC\u00e1diz are a team that know what they do and they will surely make us uncomfortable. I think we\u2019ll see a game in which we\u2019ll be in control, but that doesn\u2019t mean we\u2019re going to score or win easily because they also know how to defend and have good players. We will have to be inspired in the small spaces when we attack and watch out for their possible counter attacks.\u201d"},{"type":"paragraph","text":"The importance of the fans"},{"type":"paragraph","text":"\u201cI guess they will be happy because the team has qualified for Europe for another season. I hope they can see themselves recognised with the players and the team, something that has been going on for a while now.\u201d"},{"type":"paragraph","text":"Aim for the last three games"},{"type":"paragraph","text":"\u201cThe aim, within the things we can control, is to continue with the good run that has allowed us to get into Europe mathematically. We still have the challenge of taking as many points as possible while waiting for what Real Sociedad can do. As long as mathematically it\u2019s not all said and done, we have to keep fighting to win and take points\u201d."},{"type":"video","kind":"iframe","url":"https:\/\/www.youtube.com\/embed\/MFAIdsfQRbo?feature=oembed","poster":""}]}],"hero":{"id":"section-1","title":"Seti\u00e9n expects a competitive game against C\u00e1diz CF (Wednesday, 7.30pm CEST)","text":"Seti\u00e9n expects a competitive game against C\u00e1diz CF (Wednesday, 7.30pm CEST) Villarreal CF head coach Quique Seti\u00e9n appeared in the press room at the Jos\u00e9 Manuel Llaneza Training Ground to talk about this Wednesday\u2019s match against C\u00e1diz, which will be played at 7.30pm CEST at the Estadio de la Cer\u00e1mica. Here are the key things he had to say: The match against C\u00e1diz CF \u201cC\u00e1diz are a team that know what they do and they will surely make us uncomfortable. I think we\u2019ll see a game in which we\u2019ll be in control, but that doesn\u2019t mean we\u2019re going to score or win easily because they also know how to defend and have good players. We will have to be inspired in the small spaces when we attack and watch out for their possible counter attacks.\u201d The importance of the fans \u201cI guess they will be happy because the team has qualified for Europe for another season. I hope they can see themselves recognised with the players and the team, something that has been going on for a while now.\u201d Aim for the last three games \u201cThe aim, within the things we can control, is to continue with the good run that has allowed us to get into Europe mathematically. We still have the challenge of taking as many points as possible while waiting for what Real Sociedad can do. As long as mathematically it\u2019s not all said and done, we have to keep fighting to win and take points\u201d.","headings":[{"type":"heading","level":2,"text":"Seti\u00e9n expects a competitive game against C\u00e1diz CF (Wednesday, 7.30pm CEST)"}],"texts":[{"type":"paragraph","text":"Villarreal CF head coach Quique Seti\u00e9n appeared in the press room at the Jos\u00e9 Manuel Llaneza Training Ground to talk about this Wednesday\u2019s match against C\u00e1diz, which will be played at 7.30pm CEST at the Estadio de la Cer\u00e1mica."},{"type":"paragraph","text":"Here are the key things he had to say:"},{"type":"paragraph","text":"The match against C\u00e1diz CF"},{"type":"paragraph","text":"\u201cC\u00e1diz are a team that know what they do and they will surely make us uncomfortable. I think we\u2019ll see a game in which we\u2019ll be in control, but that doesn\u2019t mean we\u2019re going to score or win easily because they also know how to defend and have good players. We will have to be inspired in the small spaces when we attack and watch out for their possible counter attacks.\u201d"},{"type":"paragraph","text":"The importance of the fans"},{"type":"paragraph","text":"\u201cI guess they will be happy because the team has qualified for Europe for another season. I hope they can see themselves recognised with the players and the team, something that has been going on for a while now.\u201d"},{"type":"paragraph","text":"Aim for the last three games"},{"type":"paragraph","text":"\u201cThe aim, within the things we can control, is to continue with the good run that has allowed us to get into Europe mathematically. We still have the challenge of taking as many points as possible while waiting for what Real Sociedad can do. As long as mathematically it\u2019s not all said and done, we have to keep fighting to win and take points\u201d."}],"buttons":[],"images":[],"widgets":[],"blocks":[{"type":"heading","level":2,"text":"Seti\u00e9n expects a competitive game against C\u00e1diz CF (Wednesday, 7.30pm CEST)"},{"type":"paragraph","text":"Villarreal CF head coach Quique Seti\u00e9n appeared in the press room at the Jos\u00e9 Manuel Llaneza Training Ground to talk about this Wednesday\u2019s match against C\u00e1diz, which will be played at 7.30pm CEST at the Estadio de la Cer\u00e1mica."},{"type":"paragraph","text":"Here are the key things he had to say:"},{"type":"paragraph","text":"The match against C\u00e1diz CF"},{"type":"paragraph","text":"\u201cC\u00e1diz are a team that know what they do and they will surely make us uncomfortable. I think we\u2019ll see a game in which we\u2019ll be in control, but that doesn\u2019t mean we\u2019re going to score or win easily because they also know how to defend and have good players. We will have to be inspired in the small spaces when we attack and watch out for their possible counter attacks.\u201d"},{"type":"paragraph","text":"The importance of the fans"},{"type":"paragraph","text":"\u201cI guess they will be happy because the team has qualified for Europe for another season. I hope they can see themselves recognised with the players and the team, something that has been going on for a while now.\u201d"},{"type":"paragraph","text":"Aim for the last three games"},{"type":"paragraph","text":"\u201cThe aim, within the things we can control, is to continue with the good run that has allowed us to get into Europe mathematically. We still have the challenge of taking as many points as possible while waiting for what Real Sociedad can do. As long as mathematically it\u2019s not all said and done, we have to keep fighting to win and take points\u201d."},{"type":"video","kind":"iframe","url":"https:\/\/www.youtube.com\/embed\/MFAIdsfQRbo?feature=oembed","poster":""}]}},"sections":[{"id":"section-1","title":"Seti\u00e9n expects a competitive game against C\u00e1diz CF (Wednesday, 7.30pm CEST)","text":"Seti\u00e9n expects a competitive game against C\u00e1diz CF (Wednesday, 7.30pm CEST) Villarreal CF head coach Quique Seti\u00e9n appeared in the press room at the Jos\u00e9 Manuel Llaneza Training Ground to talk about this Wednesday\u2019s match against C\u00e1diz, which will be played at 7.30pm CEST at the Estadio de la Cer\u00e1mica. Here are the key things he had to say: The match against C\u00e1diz CF \u201cC\u00e1diz are a team that know what they do and they will surely make us uncomfortable. I think we\u2019ll see a game in which we\u2019ll be in control, but that doesn\u2019t mean we\u2019re going to score or win easily because they also know how to defend and have good players. We will have to be inspired in the small spaces when we attack and watch out for their possible counter attacks.\u201d The importance of the fans \u201cI guess they will be happy because the team has qualified for Europe for another season. I hope they can see themselves recognised with the players and the team, something that has been going on for a while now.\u201d Aim for the last three games \u201cThe aim, within the things we can control, is to continue with the good run that has allowed us to get into Europe mathematically. We still have the challenge of taking as many points as possible while waiting for what Real Sociedad can do. As long as mathematically it\u2019s not all said and done, we have to keep fighting to win and take points\u201d.","url":"","background_image":"","images":[],"videos":[{"type":"video","kind":"iframe","url":"https:\/\/www.youtube.com\/embed\/MFAIdsfQRbo?feature=oembed","poster":""}],"links":[]}]},"excerpt":{"rendered":"Seti\u00e9n expects a competitive game against C\u00e1diz CF (Wednesday, 7.30pm CEST)","protected":false},"author":33,"featured_media":267091,"comment_status":"closed","ping_status":"closed","sticky":false,"template":"","format":"standard","meta":{"_acf_changed":false,"footnotes":""},"categories":[13494],"tags":[13424,9201,13478,13791,13496,13463,13821,13822,9199,13482,13487],"acf":null,"lang":"en","translations":{"es":267087,"val":267152,"en":267155},"essential_grid":{"has_grid":false},"formatted_date":"May 23, 2023","modified_date":"May 23, 2023","permalink":"https:\/\/villarrealcf.es\/en\/were-confident-of-extending-the-good-run-to-the-end-of-the-season\/","reading_time":2,"featured_media_data":{"id":267091,"title":"setien 2","caption":"","alt_text":"","description":"","mime_type":"image\/jpeg","source_url":"https:\/\/villarrealcf.es\/wp-content\/uploads\/2023\/05\/setien-2-1.jpg","sizes":{"thumbnail":{"url":"https:\/\/villarrealcf.es\/wp-content\/uploads\/2023\/05\/setien-2-1.jpg","width":1172,"height":659},"medium":{"url":"https:\/\/villarrealcf.es\/wp-content\/uploads\/2023\/05\/setien-2-1.jpg","width":1172,"height":659},"medium_large":{"url":"https:\/\/villarrealcf.es\/wp-content\/uploads\/2023\/05\/setien-2-1-768x432.jpg","width":768,"height":432},"large":{"url":"https:\/\/villarrealcf.es\/wp-content\/uploads\/2023\/05\/setien-2-1.jpg","width":788,"height":443},"1536x1536":{"url":"https:\/\/villarrealcf.es\/wp-content\/uploads\/2023\/05\/setien-2-1.jpg","width":1172,"height":659},"2048x2048":{"url":"https:\/\/villarrealcf.es\/wp-content\/uploads\/2023\/05\/setien-2-1.jpg","width":1172,"height":659},"tp-image-grid":{"url":"https:\/\/villarrealcf.es\/wp-content\/uploads\/2023\/05\/setien-2-1-700x659.jpg","width":700,"height":659},"size-bunyad-medium":{"url":"https:\/\/villarrealcf.es\/wp-content\/uploads\/2023\/05\/setien-2-1.jpg","width":1172,"height":659},"sportspress-crop-medium":{"url":"https:\/\/villarrealcf.es\/wp-content\/uploads\/2023\/05\/setien-2-1-300x300.jpg","width":300,"height":300},"sportspress-fit-medium":{"url":"https:\/\/villarrealcf.es\/wp-content\/uploads\/2023\/05\/setien-2-1-300x169.jpg","width":300,"height":169},"sportspress-fit-icon":{"url":"https:\/\/villarrealcf.es\/wp-content\/uploads\/2023\/05\/setien-2-1-128x72.jpg","width":128,"height":72},"sportspress-fit-mini":{"url":"https:\/\/villarrealcf.es\/wp-content\/uploads\/2023\/05\/setien-2-1-32x18.jpg","width":32,"height":18},"bunyad-small":{"url":"https:\/\/villarrealcf.es\/wp-content\/uploads\/2023\/05\/setien-2-1-150x84.jpg","width":150,"height":84},"bunyad-medium":{"url":"https:\/\/villarrealcf.es\/wp-content\/uploads\/2023\/05\/setien-2-1-450x253.jpg","width":450,"height":253},"bunyad-full":{"url":"https:\/\/villarrealcf.es\/wp-content\/uploads\/2023\/05\/setien-2-1.jpg","width":1172,"height":659},"bunyad-viewport":{"url":"https:\/\/villarrealcf.es\/wp-content\/uploads\/2023\/05\/setien-2-1.jpg","width":1172,"height":659},"bunyad-768":{"url":"https:\/\/villarrealcf.es\/wp-content\/uploads\/2023\/05\/setien-2-1-768x432.jpg","width":768,"height":432},"full":{"url":"https:\/\/villarrealcf.es\/wp-content\/uploads\/2023\/05\/setien-2-1.jpg","width":1172,"height":659}}},"author_data":{"id":"33","name":"Nacho Tejada","first_name":"Nacho","last_name":"Tejada","description":"","avatar_url":"https:\/\/secure.gravatar.com\/avatar\/b1580534b2fcd93e031504756165758941290488df5c88966a26f84344931fd1?s=96&d=mm&r=g","acf":null},"taxonomies_data":{"category":[{"id":13494,"name":"First Team","slug":"first-team","acf":null}],"post_tag":[{"id":13424,"name":"Estadio de la Cer\u00e1mica","slug":"estadio-de-la-ceramica-en","acf":null},{"id":9201,"name":"Football","slug":"football-d34-en","acf":null},{"id":13478,"name":"Football","slug":"football-eng","acf":null},{"id":13791,"name":"Rueda de prensa","slug":"rueda-de-prensa-2-en","acf":null},{"id":13496,"name":"Sin categorizar","slug":"sin-categorizar-en-14","acf":null},{"id":13463,"name":"Sin categorizar","slug":"sin-categorizar","acf":null},{"id":13821,"name":"Sin categorizar","slug":"sin-categorizar-en-3","acf":null},{"id":13822,"name":"Sin categorizar","slug":"sin-categorizar-en-5","acf":null},{"id":9199,"name":"Soccer","slug":"soccer-d105-en","acf":null},{"id":13482,"name":"Submarine","slug":"submarine-en","acf":null},{"id":13487,"name":"Yellow Submarine","slug":"yellow-submarine-en","acf":null}],"translation_priority":[{"id":734,"name":"Optional","slug":"optional-en","acf":null}]},"seo_full":{"native":{"title":"&#8220;We&#8217;re confident of extending the good run to the end of the season&#8221; - Web Oficial del Villarreal CF","description":"Seti\u00e9n expects a competitive game against C\u00e1diz CF (Wednesday, 7.30pm CEST)","canonical":"https:\/\/villarrealcf.es\/en\/were-confident-of-extending-the-good-run-to-the-end-of-the-season\/"}},"_links":{"self":[{"href":"https:\/\/villarrealcf.es\/en\/wp-json\/wp\/v2\/posts\/267155","targetHints":{"allow":["GET"]}}],"collection":[{"href":"https:\/\/villarrealcf.es\/en\/wp-json\/wp\/v2\/posts"}],"about":[{"href":"https:\/\/villarrealcf.es\/en\/wp-json\/wp\/v2\/types\/post"}],"author":[{"embeddable":true,"href":"https:\/\/villarrealcf.es\/en\/wp-json\/wp\/v2\/users\/33"}],"replies":[{"embeddable":true,"href":"https:\/\/villarrealcf.es\/en\/wp-json\/wp\/v2\/comments?post=267155"}],"version-history":[{"count":0,"href":"https:\/\/villarrealcf.es\/en\/wp-json\/wp\/v2\/posts\/267155\/revisions"}],"wp:featuredmedia":[{"embeddable":true,"href":"https:\/\/villarrealcf.es\/en\/wp-json\/wp\/v2\/media\/267091"}],"wp:attachment":[{"href":"https:\/\/villarrealcf.es\/en\/wp-json\/wp\/v2\/media?parent=267155"}],"wp:term":[{"taxonomy":"category","embeddable":true,"href":"https:\/\/villarrealcf.es\/en\/wp-json\/wp\/v2\/categories?post=267155"},{"taxonomy":"post_tag","embeddable":true,"href":"https:\/\/villarrealcf.es\/en\/wp-json\/wp\/v2\/tags?post=267155"}],"curies":[{"name":"wp","href":"https:\/\/api.w.org\/{rel}","templated":true}]}}