{"id":266186,"date":"2023-05-17T10:14:00","date_gmt":"2023-05-17T08:14:00","guid":{"rendered":"https:\/\/villarrealcf.es\/\/diez-anos-de-corazon-groguet\/"},"modified":"2023-05-17T10:42:49","modified_gmt":"2023-05-17T08:42:49","slug":"ten-years-as-yellows","status":"publish","type":"post","link":"https:\/\/villarrealcf.es\/en\/ten-years-as-yellows\/","title":{"rendered":"Ten years as Yellows"},"content":{"protected":false,"blocks":[{"type":"heading","level":2,"text":"Villarreal has recognised the careers of eight players who have represented the club for a decade"},{"type":"paragraph","text":"A well-deserved recognition of effort and passion for the colours. Villarreal CF has recognised eight players for completing a decade wearing the yellow jersey. The tribute was led by the club\u2019s president Fernando Roig, who personally presented the traditional ceramic submarine to each of the award winners."},{"type":"paragraph","text":"The event, held at the Estadio de la Cer\u00e1mica, was also attended by the CEO, Fernando Roig Negueroles; the director of football, Miguel \u00c1ngel Tena; the director of youth football, Pablo Ca\u00f1ada; and the Villarreal Women coordinators, Patri Traver and Laura Cuesta."},{"type":"paragraph","text":"Among the award winners was first team player \u00c1lex Baena. In addition, seven other players from the club also received this distinguished tribute: Diego Collado (Villarreal B), Ander Rubert (Juvenil Roda), David Mart\u00edn (Juvenil C), Marta Querol (Women\u2019s B), Marta Ortells (Women\u2019s B), Marta Dur\u00e1 (Women\u2019s C) and Esther Moll\u00f3n (Women\u2019s C)."}],"structured":{"summary":{"text":"Villarreal has recognised the careers of eight players who have represented the club for a decade A well-deserved recognition of effort and passion for the colours. Villarreal CF has recognised eight players for completing a decade wearing the yellow jersey. The tribute was led by the club\u2019s president Fernando Roig, who personally presented the traditional ceramic submarine to each of the award winners. The event, held at the Estadio de la Cer\u00e1mica, was also attended by the CEO, Fernando Roig Negueroles; the director of football, Miguel \u00c1ngel Tena; the director of youth football, Pablo Ca\u00f1ada; and the Villarreal Women coordinators, Patri Traver and Laura Cuesta. Among the award winners was first team player \u00c1lex Baena. In addition, seven other players from the club also received this distinguished tribute: Diego Collado (Villarreal B), Ander Rubert (Juvenil Roda), David Mart\u00edn (Juvenil C), Marta Querol (Women\u2019s B), Marta Ortells (Women\u2019s B), Marta Dur\u00e1 (Women\u2019s C) and Esther Moll\u00f3n (Women\u2019s C).","headings":[{"type":"heading","level":2,"text":"Villarreal has recognised the careers of eight players who have represented the club for a decade"}],"buttons":[],"images":[],"counts":{"blocks":4,"headings":1,"texts":3,"buttons":0,"images":0}},"sections":[{"id":"section-1","title":"Villarreal has recognised the careers of eight players who have represented the club for a decade","text":"Villarreal has recognised the careers of eight players who have represented the club for a decade A well-deserved recognition of effort and passion for the colours. Villarreal CF has recognised eight players for completing a decade wearing the yellow jersey. The tribute was led by the club\u2019s president Fernando Roig, who personally presented the traditional ceramic submarine to each of the award winners. The event, held at the Estadio de la Cer\u00e1mica, was also attended by the CEO, Fernando Roig Negueroles; the director of football, Miguel \u00c1ngel Tena; the director of youth football, Pablo Ca\u00f1ada; and the Villarreal Women coordinators, Patri Traver and Laura Cuesta. Among the award winners was first team player \u00c1lex Baena. In addition, seven other players from the club also received this distinguished tribute: Diego Collado (Villarreal B), Ander Rubert (Juvenil Roda), David Mart\u00edn (Juvenil C), Marta Querol (Women\u2019s B), Marta Ortells (Women\u2019s B), Marta Dur\u00e1 (Women\u2019s C) and Esther Moll\u00f3n (Women\u2019s C).","headings":[{"type":"heading","level":2,"text":"Villarreal has recognised the careers of eight players who have represented the club for a decade"}],"texts":[{"type":"paragraph","text":"A well-deserved recognition of effort and passion for the colours. Villarreal CF has recognised eight players for completing a decade wearing the yellow jersey. The tribute was led by the club\u2019s president Fernando Roig, who personally presented the traditional ceramic submarine to each of the award winners."},{"type":"paragraph","text":"The event, held at the Estadio de la Cer\u00e1mica, was also attended by the CEO, Fernando Roig Negueroles; the director of football, Miguel \u00c1ngel Tena; the director of youth football, Pablo Ca\u00f1ada; and the Villarreal Women coordinators, Patri Traver and Laura Cuesta."},{"type":"paragraph","text":"Among the award winners was first team player \u00c1lex Baena. In addition, seven other players from the club also received this distinguished tribute: Diego Collado (Villarreal B), Ander Rubert (Juvenil Roda), David Mart\u00edn (Juvenil C), Marta Querol (Women\u2019s B), Marta Ortells (Women\u2019s B), Marta Dur\u00e1 (Women\u2019s C) and Esther Moll\u00f3n (Women\u2019s C)."}],"buttons":[],"images":[],"widgets":[],"blocks":[{"type":"heading","level":2,"text":"Villarreal has recognised the careers of eight players who have represented the club for a decade"},{"type":"paragraph","text":"A well-deserved recognition of effort and passion for the colours. Villarreal CF has recognised eight players for completing a decade wearing the yellow jersey. The tribute was led by the club\u2019s president Fernando Roig, who personally presented the traditional ceramic submarine to each of the award winners."},{"type":"paragraph","text":"The event, held at the Estadio de la Cer\u00e1mica, was also attended by the CEO, Fernando Roig Negueroles; the director of football, Miguel \u00c1ngel Tena; the director of youth football, Pablo Ca\u00f1ada; and the Villarreal Women coordinators, Patri Traver and Laura Cuesta."},{"type":"paragraph","text":"Among the award winners was first team player \u00c1lex Baena. In addition, seven other players from the club also received this distinguished tribute: Diego Collado (Villarreal B), Ander Rubert (Juvenil Roda), David Mart\u00edn (Juvenil C), Marta Querol (Women\u2019s B), Marta Ortells (Women\u2019s B), Marta Dur\u00e1 (Women\u2019s C) and Esther Moll\u00f3n (Women\u2019s C)."}]}],"hero":{"id":"section-1","title":"Villarreal has recognised the careers of eight players who have represented the club for a decade","text":"Villarreal has recognised the careers of eight players who have represented the club for a decade A well-deserved recognition of effort and passion for the colours. Villarreal CF has recognised eight players for completing a decade wearing the yellow jersey. The tribute was led by the club\u2019s president Fernando Roig, who personally presented the traditional ceramic submarine to each of the award winners. The event, held at the Estadio de la Cer\u00e1mica, was also attended by the CEO, Fernando Roig Negueroles; the director of football, Miguel \u00c1ngel Tena; the director of youth football, Pablo Ca\u00f1ada; and the Villarreal Women coordinators, Patri Traver and Laura Cuesta. Among the award winners was first team player \u00c1lex Baena. In addition, seven other players from the club also received this distinguished tribute: Diego Collado (Villarreal B), Ander Rubert (Juvenil Roda), David Mart\u00edn (Juvenil C), Marta Querol (Women\u2019s B), Marta Ortells (Women\u2019s B), Marta Dur\u00e1 (Women\u2019s C) and Esther Moll\u00f3n (Women\u2019s C).","headings":[{"type":"heading","level":2,"text":"Villarreal has recognised the careers of eight players who have represented the club for a decade"}],"texts":[{"type":"paragraph","text":"A well-deserved recognition of effort and passion for the colours. Villarreal CF has recognised eight players for completing a decade wearing the yellow jersey. The tribute was led by the club\u2019s president Fernando Roig, who personally presented the traditional ceramic submarine to each of the award winners."},{"type":"paragraph","text":"The event, held at the Estadio de la Cer\u00e1mica, was also attended by the CEO, Fernando Roig Negueroles; the director of football, Miguel \u00c1ngel Tena; the director of youth football, Pablo Ca\u00f1ada; and the Villarreal Women coordinators, Patri Traver and Laura Cuesta."},{"type":"paragraph","text":"Among the award winners was first team player \u00c1lex Baena. In addition, seven other players from the club also received this distinguished tribute: Diego Collado (Villarreal B), Ander Rubert (Juvenil Roda), David Mart\u00edn (Juvenil C), Marta Querol (Women\u2019s B), Marta Ortells (Women\u2019s B), Marta Dur\u00e1 (Women\u2019s C) and Esther Moll\u00f3n (Women\u2019s C)."}],"buttons":[],"images":[],"widgets":[],"blocks":[{"type":"heading","level":2,"text":"Villarreal has recognised the careers of eight players who have represented the club for a decade"},{"type":"paragraph","text":"A well-deserved recognition of effort and passion for the colours. Villarreal CF has recognised eight players for completing a decade wearing the yellow jersey. The tribute was led by the club\u2019s president Fernando Roig, who personally presented the traditional ceramic submarine to each of the award winners."},{"type":"paragraph","text":"The event, held at the Estadio de la Cer\u00e1mica, was also attended by the CEO, Fernando Roig Negueroles; the director of football, Miguel \u00c1ngel Tena; the director of youth football, Pablo Ca\u00f1ada; and the Villarreal Women coordinators, Patri Traver and Laura Cuesta."},{"type":"paragraph","text":"Among the award winners was first team player \u00c1lex Baena. In addition, seven other players from the club also received this distinguished tribute: Diego Collado (Villarreal B), Ander Rubert (Juvenil Roda), David Mart\u00edn (Juvenil C), Marta Querol (Women\u2019s B), Marta Ortells (Women\u2019s B), Marta Dur\u00e1 (Women\u2019s C) and Esther Moll\u00f3n (Women\u2019s C)."}]}},"sections":[{"id":"section-1","title":"Villarreal has recognised the careers of eight players who have represented the club for a decade","text":"Villarreal has recognised the careers of eight players who have represented the club for a decade A well-deserved recognition of effort and passion for the colours. Villarreal CF has recognised eight players for completing a decade wearing the yellow jersey. The tribute was led by the club\u2019s president Fernando Roig, who personally presented the traditional ceramic submarine to each of the award winners. The event, held at the Estadio de la Cer\u00e1mica, was also attended by the CEO, Fernando Roig Negueroles; the director of football, Miguel \u00c1ngel Tena; the director of youth football, Pablo Ca\u00f1ada; and the Villarreal Women coordinators, Patri Traver and Laura Cuesta. Among the award winners was first team player \u00c1lex Baena. In addition, seven other players from the club also received this distinguished tribute: Diego Collado (Villarreal B), Ander Rubert (Juvenil Roda), David Mart\u00edn (Juvenil C), Marta Querol (Women\u2019s B), Marta Ortells (Women\u2019s B), Marta Dur\u00e1 (Women\u2019s C) and Esther Moll\u00f3n (Women\u2019s C).","url":"","background_image":"","images":[],"videos":[],"links":[]}]},"excerpt":{"rendered":"Villarreal has recognised the careers of eight players who have represented the club for a decade","protected":false},"author":1,"featured_media":266175,"comment_status":"closed","ping_status":"closed","sticky":false,"template":"","format":"standard","meta":{"_acf_changed":false,"footnotes":""},"categories":[13788],"tags":[13424,9201,13478,13789,13504,13463,13477,9199,13482,13487],"acf":null,"lang":"en","translations":{"es":266057,"val":266070,"en":266186},"essential_grid":{"has_grid":false},"formatted_date":"May 17, 2023","modified_date":"May 17, 2023","permalink":"https:\/\/villarrealcf.es\/en\/ten-years-as-yellows\/","reading_time":1,"featured_media_data":{"id":266175,"title":"submari","caption":"","alt_text":"","description":"","mime_type":"image\/jpeg","source_url":"https:\/\/villarrealcf.es\/wp-content\/uploads\/2023\/05\/submari.jpg","sizes":{"thumbnail":{"url":"https:\/\/villarrealcf.es\/wp-content\/uploads\/2023\/05\/submari-1920x1080.jpg","width":1920,"height":1080},"medium":{"url":"https:\/\/villarrealcf.es\/wp-content\/uploads\/2023\/05\/submari-1920x1080.jpg","width":1920,"height":1080},"medium_large":{"url":"https:\/\/villarrealcf.es\/wp-content\/uploads\/2023\/05\/submari-768x432.jpg","width":768,"height":432},"large":{"url":"https:\/\/villarrealcf.es\/wp-content\/uploads\/2023\/05\/submari-1920x1080.jpg","width":788,"height":443},"1536x1536":{"url":"https:\/\/villarrealcf.es\/wp-content\/uploads\/2023\/05\/submari-1536x864.jpg","width":1536,"height":864},"2048x2048":{"url":"https:\/\/villarrealcf.es\/wp-content\/uploads\/2023\/05\/submari.jpg","width":1920,"height":1080},"tp-image-grid":{"url":"https:\/\/villarrealcf.es\/wp-content\/uploads\/2023\/05\/submari-700x700.jpg","width":700,"height":700},"size-bunyad-medium":{"url":"https:\/\/villarrealcf.es\/wp-content\/uploads\/2023\/05\/submari-1920x1080.jpg","width":1920,"height":1080},"sportspress-crop-medium":{"url":"https:\/\/villarrealcf.es\/wp-content\/uploads\/2023\/05\/submari-300x300.jpg","width":300,"height":300},"sportspress-fit-medium":{"url":"https:\/\/villarrealcf.es\/wp-content\/uploads\/2023\/05\/submari-300x169.jpg","width":300,"height":169},"sportspress-fit-icon":{"url":"https:\/\/villarrealcf.es\/wp-content\/uploads\/2023\/05\/submari-128x72.jpg","width":128,"height":72},"sportspress-fit-mini":{"url":"https:\/\/villarrealcf.es\/wp-content\/uploads\/2023\/05\/submari-32x18.jpg","width":32,"height":18},"bunyad-small":{"url":"https:\/\/villarrealcf.es\/wp-content\/uploads\/2023\/05\/submari-150x84.jpg","width":150,"height":84},"bunyad-medium":{"url":"https:\/\/villarrealcf.es\/wp-content\/uploads\/2023\/05\/submari-450x253.jpg","width":450,"height":253},"bunyad-full":{"url":"https:\/\/villarrealcf.es\/wp-content\/uploads\/2023\/05\/submari-1200x675.jpg","width":1200,"height":675},"bunyad-viewport":{"url":"https:\/\/villarrealcf.es\/wp-content\/uploads\/2023\/05\/submari.jpg","width":1920,"height":1080},"bunyad-768":{"url":"https:\/\/villarrealcf.es\/wp-content\/uploads\/2023\/05\/submari-768x432.jpg","width":768,"height":432},"full":{"url":"https:\/\/villarrealcf.es\/wp-content\/uploads\/2023\/05\/submari.jpg","width":1920,"height":1080}}},"author_data":{"id":"1","name":"root_envidea","first_name":"Villarreal CF","last_name":"","description":"","avatar_url":"https:\/\/secure.gravatar.com\/avatar\/48f95f42a3ccc324f3a3458e4b9e6fb070b083e99d388e170c1afb061fa99b63?s=96&d=mm&r=g","acf":null},"taxonomies_data":{"category":[{"id":13788,"name":"Youth Football","slug":"youth-football","acf":null}],"post_tag":[{"id":13424,"name":"Estadio de la Cer\u00e1mica","slug":"estadio-de-la-ceramica-en","acf":null},{"id":9201,"name":"Football","slug":"football-d34-en","acf":null},{"id":13478,"name":"Football","slug":"football-eng","acf":null},{"id":13789,"name":"F\u00fatbol Base","slug":"futbol-base-3-en","acf":null},{"id":13504,"name":"Sin categorizar","slug":"sin-categorizar-en-19","acf":null},{"id":13463,"name":"Sin categorizar","slug":"sin-categorizar","acf":null},{"id":13477,"name":"Sin categorizar","slug":"sin-categorizar-en","acf":null},{"id":9199,"name":"Soccer","slug":"soccer-d105-en","acf":null},{"id":13482,"name":"Submarine","slug":"submarine-en","acf":null},{"id":13487,"name":"Yellow Submarine","slug":"yellow-submarine-en","acf":null}],"translation_priority":[{"id":734,"name":"Optional","slug":"optional-en","acf":null}]},"seo_full":{"native":{"title":"Ten years as Yellows - Web Oficial del Villarreal CF","description":"Villarreal has recognised the careers of eight players who have represented the club for a decade","canonical":"https:\/\/villarrealcf.es\/en\/ten-years-as-yellows\/"}},"_links":{"self":[{"href":"https:\/\/villarrealcf.es\/en\/wp-json\/wp\/v2\/posts\/266186","targetHints":{"allow":["GET"]}}],"collection":[{"href":"https:\/\/villarrealcf.es\/en\/wp-json\/wp\/v2\/posts"}],"about":[{"href":"https:\/\/villarrealcf.es\/en\/wp-json\/wp\/v2\/types\/post"}],"author":[{"embeddable":true,"href":"https:\/\/villarrealcf.es\/en\/wp-json\/wp\/v2\/users\/1"}],"replies":[{"embeddable":true,"href":"https:\/\/villarrealcf.es\/en\/wp-json\/wp\/v2\/comments?post=266186"}],"version-history":[{"count":0,"href":"https:\/\/villarrealcf.es\/en\/wp-json\/wp\/v2\/posts\/266186\/revisions"}],"wp:featuredmedia":[{"embeddable":true,"href":"https:\/\/villarrealcf.es\/en\/wp-json\/wp\/v2\/media\/266175"}],"wp:attachment":[{"href":"https:\/\/villarrealcf.es\/en\/wp-json\/wp\/v2\/media?parent=266186"}],"wp:term":[{"taxonomy":"category","embeddable":true,"href":"https:\/\/villarrealcf.es\/en\/wp-json\/wp\/v2\/categories?post=266186"},{"taxonomy":"post_tag","embeddable":true,"href":"https:\/\/villarrealcf.es\/en\/wp-json\/wp\/v2\/tags?post=266186"}],"curies":[{"name":"wp","href":"https:\/\/api.w.org\/{rel}","templated":true}]}}