{"id":263720,"date":"2023-04-28T15:08:41","date_gmt":"2023-04-28T13:08:41","guid":{"rendered":"https:\/\/villarrealcf.es\/\/parte-medico-jose-luis-morales\/"},"modified":"2023-04-28T15:13:47","modified_gmt":"2023-04-28T13:13:47","slug":"medical-report-jose-luis-morales","status":"publish","type":"post","link":"https:\/\/villarrealcf.es\/en\/medical-report-jose-luis-morales\/","title":{"rendered":"Medical report: Jos\u00e9 Luis Morales"},"content":{"protected":false,"blocks":[{"type":"heading","level":2,"text":"The player from Madrid has suffered a muscle tear in his left hamstring"},{"type":"paragraph","text":"Following medical tests, it has been confirmed that Villarreal player Jos\u00e9 Luis Morales suffered a muscle tear in the hamstring muscles of his left leg during the league match against Sevilla FC, corresponding to matchday 30, which took place last Sunday at the Ram\u00f3n S\u00e1nchez-Pizju\u00e1n stadium."},{"type":"paragraph","text":"The recovery time will depend on the player\u2019s progress."},{"type":"image","url":"https:\/\/villarrealcf.es\/\/wp-content\/uploads\/2023\/04\/image.png","alt":"","width":760,"height":84,"srcset":"https:\/\/villarrealcf.es\/wp-content\/uploads\/2023\/04\/image.png 760w, https:\/\/villarrealcf.es\/\/wp-content\/uploads\/2023\/04\/image.png 1920w, https:\/\/villarrealcf.es\/\/wp-content\/uploads\/2023\/04\/image.png 1920w, https:\/\/villarrealcf.es\/wp-content\/uploads\/2023\/04\/image-32x4.png 32w, https:\/\/villarrealcf.es\/wp-content\/uploads\/2023\/04\/image-150x17.png 150w, https:\/\/villarrealcf.es\/\/wp-content\/uploads\/2023\/04\/image.png 1920w, https:\/\/villarrealcf.es\/\/wp-content\/uploads\/2023\/04\/image.png 1920w","sizes":"auto, (max-width: 760px) 100vw, 760px"}],"structured":{"summary":{"text":"The player from Madrid has suffered a muscle tear in his left hamstring Following medical tests, it has been confirmed that Villarreal player Jos\u00e9 Luis Morales suffered a muscle tear in the hamstring muscles of his left leg during the league match against Sevilla FC, corresponding to matchday 30, which took place last Sunday at the Ram\u00f3n S\u00e1nchez-Pizju\u00e1n stadium. The recovery time will depend on the player\u2019s progress.","headings":[{"type":"heading","level":2,"text":"The player from Madrid has suffered a muscle tear in his left hamstring"}],"buttons":[],"images":[{"type":"image","url":"https:\/\/villarrealcf.es\/\/wp-content\/uploads\/2023\/04\/image.png","alt":"","width":760,"height":84,"srcset":"https:\/\/villarrealcf.es\/wp-content\/uploads\/2023\/04\/image.png 760w, https:\/\/villarrealcf.es\/\/wp-content\/uploads\/2023\/04\/image.png 1920w, https:\/\/villarrealcf.es\/\/wp-content\/uploads\/2023\/04\/image.png 1920w, https:\/\/villarrealcf.es\/wp-content\/uploads\/2023\/04\/image-32x4.png 32w, https:\/\/villarrealcf.es\/wp-content\/uploads\/2023\/04\/image-150x17.png 150w, https:\/\/villarrealcf.es\/\/wp-content\/uploads\/2023\/04\/image.png 1920w, https:\/\/villarrealcf.es\/\/wp-content\/uploads\/2023\/04\/image.png 1920w","sizes":"auto, (max-width: 760px) 100vw, 760px"}],"counts":{"blocks":4,"headings":1,"texts":2,"buttons":0,"images":1}},"sections":[{"id":"section-1","title":"The player from Madrid has suffered a muscle tear in his left hamstring","text":"The player from Madrid has suffered a muscle tear in his left hamstring Following medical tests, it has been confirmed that Villarreal player Jos\u00e9 Luis Morales suffered a muscle tear in the hamstring muscles of his left leg during the league match against Sevilla FC, corresponding to matchday 30, which took place last Sunday at the Ram\u00f3n S\u00e1nchez-Pizju\u00e1n stadium. The recovery time will depend on the player\u2019s progress.","headings":[{"type":"heading","level":2,"text":"The player from Madrid has suffered a muscle tear in his left hamstring"}],"texts":[{"type":"paragraph","text":"Following medical tests, it has been confirmed that Villarreal player Jos\u00e9 Luis Morales suffered a muscle tear in the hamstring muscles of his left leg during the league match against Sevilla FC, corresponding to matchday 30, which took place last Sunday at the Ram\u00f3n S\u00e1nchez-Pizju\u00e1n stadium."},{"type":"paragraph","text":"The recovery time will depend on the player\u2019s progress."}],"buttons":[],"images":[{"type":"image","url":"https:\/\/villarrealcf.es\/\/wp-content\/uploads\/2023\/04\/image.png","alt":"","width":760,"height":84,"srcset":"https:\/\/villarrealcf.es\/wp-content\/uploads\/2023\/04\/image.png 760w, https:\/\/villarrealcf.es\/\/wp-content\/uploads\/2023\/04\/image.png 1920w, https:\/\/villarrealcf.es\/\/wp-content\/uploads\/2023\/04\/image.png 1920w, https:\/\/villarrealcf.es\/wp-content\/uploads\/2023\/04\/image-32x4.png 32w, https:\/\/villarrealcf.es\/wp-content\/uploads\/2023\/04\/image-150x17.png 150w, https:\/\/villarrealcf.es\/\/wp-content\/uploads\/2023\/04\/image.png 1920w, https:\/\/villarrealcf.es\/\/wp-content\/uploads\/2023\/04\/image.png 1920w","sizes":"auto, (max-width: 760px) 100vw, 760px"}],"widgets":[],"blocks":[{"type":"heading","level":2,"text":"The player from Madrid has suffered a muscle tear in his left hamstring"},{"type":"paragraph","text":"Following medical tests, it has been confirmed that Villarreal player Jos\u00e9 Luis Morales suffered a muscle tear in the hamstring muscles of his left leg during the league match against Sevilla FC, corresponding to matchday 30, which took place last Sunday at the Ram\u00f3n S\u00e1nchez-Pizju\u00e1n stadium."},{"type":"paragraph","text":"The recovery time will depend on the player\u2019s progress."},{"type":"image","url":"https:\/\/villarrealcf.es\/\/wp-content\/uploads\/2023\/04\/image.png","alt":"","width":760,"height":84,"srcset":"https:\/\/villarrealcf.es\/wp-content\/uploads\/2023\/04\/image.png 760w, https:\/\/villarrealcf.es\/\/wp-content\/uploads\/2023\/04\/image.png 1920w, https:\/\/villarrealcf.es\/\/wp-content\/uploads\/2023\/04\/image.png 1920w, https:\/\/villarrealcf.es\/wp-content\/uploads\/2023\/04\/image-32x4.png 32w, https:\/\/villarrealcf.es\/wp-content\/uploads\/2023\/04\/image-150x17.png 150w, https:\/\/villarrealcf.es\/\/wp-content\/uploads\/2023\/04\/image.png 1920w, https:\/\/villarrealcf.es\/\/wp-content\/uploads\/2023\/04\/image.png 1920w","sizes":"auto, (max-width: 760px) 100vw, 760px"}]}],"hero":{"id":"section-1","title":"The player from Madrid has suffered a muscle tear in his left hamstring","text":"The player from Madrid has suffered a muscle tear in his left hamstring Following medical tests, it has been confirmed that Villarreal player Jos\u00e9 Luis Morales suffered a muscle tear in the hamstring muscles of his left leg during the league match against Sevilla FC, corresponding to matchday 30, which took place last Sunday at the Ram\u00f3n S\u00e1nchez-Pizju\u00e1n stadium. The recovery time will depend on the player\u2019s progress.","headings":[{"type":"heading","level":2,"text":"The player from Madrid has suffered a muscle tear in his left hamstring"}],"texts":[{"type":"paragraph","text":"Following medical tests, it has been confirmed that Villarreal player Jos\u00e9 Luis Morales suffered a muscle tear in the hamstring muscles of his left leg during the league match against Sevilla FC, corresponding to matchday 30, which took place last Sunday at the Ram\u00f3n S\u00e1nchez-Pizju\u00e1n stadium."},{"type":"paragraph","text":"The recovery time will depend on the player\u2019s progress."}],"buttons":[],"images":[{"type":"image","url":"https:\/\/villarrealcf.es\/\/wp-content\/uploads\/2023\/04\/image.png","alt":"","width":760,"height":84,"srcset":"https:\/\/villarrealcf.es\/wp-content\/uploads\/2023\/04\/image.png 760w, https:\/\/villarrealcf.es\/\/wp-content\/uploads\/2023\/04\/image.png 1920w, https:\/\/villarrealcf.es\/\/wp-content\/uploads\/2023\/04\/image.png 1920w, https:\/\/villarrealcf.es\/wp-content\/uploads\/2023\/04\/image-32x4.png 32w, https:\/\/villarrealcf.es\/wp-content\/uploads\/2023\/04\/image-150x17.png 150w, https:\/\/villarrealcf.es\/\/wp-content\/uploads\/2023\/04\/image.png 1920w, https:\/\/villarrealcf.es\/\/wp-content\/uploads\/2023\/04\/image.png 1920w","sizes":"auto, (max-width: 760px) 100vw, 760px"}],"widgets":[],"blocks":[{"type":"heading","level":2,"text":"The player from Madrid has suffered a muscle tear in his left hamstring"},{"type":"paragraph","text":"Following medical tests, it has been confirmed that Villarreal player Jos\u00e9 Luis Morales suffered a muscle tear in the hamstring muscles of his left leg during the league match against Sevilla FC, corresponding to matchday 30, which took place last Sunday at the Ram\u00f3n S\u00e1nchez-Pizju\u00e1n stadium."},{"type":"paragraph","text":"The recovery time will depend on the player\u2019s progress."},{"type":"image","url":"https:\/\/villarrealcf.es\/\/wp-content\/uploads\/2023\/04\/image.png","alt":"","width":760,"height":84,"srcset":"https:\/\/villarrealcf.es\/wp-content\/uploads\/2023\/04\/image.png 760w, https:\/\/villarrealcf.es\/\/wp-content\/uploads\/2023\/04\/image.png 1920w, https:\/\/villarrealcf.es\/\/wp-content\/uploads\/2023\/04\/image.png 1920w, https:\/\/villarrealcf.es\/wp-content\/uploads\/2023\/04\/image-32x4.png 32w, https:\/\/villarrealcf.es\/wp-content\/uploads\/2023\/04\/image-150x17.png 150w, https:\/\/villarrealcf.es\/\/wp-content\/uploads\/2023\/04\/image.png 1920w, https:\/\/villarrealcf.es\/\/wp-content\/uploads\/2023\/04\/image.png 1920w","sizes":"auto, (max-width: 760px) 100vw, 760px"}]}},"sections":[{"id":"section-1","title":"The player from Madrid has suffered a muscle tear in his left hamstring","text":"The player from Madrid has suffered a muscle tear in his left hamstring Following medical tests, it has been confirmed that Villarreal player Jos\u00e9 Luis Morales suffered a muscle tear in the hamstring muscles of his left leg during the league match against Sevilla FC, corresponding to matchday 30, which took place last Sunday at the Ram\u00f3n S\u00e1nchez-Pizju\u00e1n stadium. The recovery time will depend on the player\u2019s progress.","url":"","background_image":"","images":[{"type":"image","url":"https:\/\/villarrealcf.es\/\/wp-content\/uploads\/2023\/04\/image.png","alt":"","width":760,"height":84,"srcset":"https:\/\/villarrealcf.es\/wp-content\/uploads\/2023\/04\/image.png 760w, https:\/\/villarrealcf.es\/\/wp-content\/uploads\/2023\/04\/image.png 1920w, https:\/\/villarrealcf.es\/\/wp-content\/uploads\/2023\/04\/image.png 1920w, https:\/\/villarrealcf.es\/wp-content\/uploads\/2023\/04\/image-32x4.png 32w, https:\/\/villarrealcf.es\/wp-content\/uploads\/2023\/04\/image-150x17.png 150w, https:\/\/villarrealcf.es\/\/wp-content\/uploads\/2023\/04\/image.png 1920w, https:\/\/villarrealcf.es\/\/wp-content\/uploads\/2023\/04\/image.png 1920w","sizes":"auto, (max-width: 760px) 100vw, 760px"}],"videos":[],"links":[]}]},"excerpt":{"rendered":"The player from Madrid has suffered a muscle tear in his left hamstring","protected":false},"author":25,"featured_media":263715,"comment_status":"closed","ping_status":"closed","sticky":false,"template":"","format":"standard","meta":{"_acf_changed":false,"footnotes":""},"categories":[13510],"tags":[9201,13478,5221,14439,9868,13949,13950,14101,13496,13463,9199,13482,13487],"acf":null,"lang":"en","translations":{"es":263710,"val":263718,"en":263720},"essential_grid":{"has_grid":false},"formatted_date":"April 28, 2023","modified_date":"April 28, 2023","permalink":"https:\/\/villarrealcf.es\/en\/medical-report-jose-luis-morales\/","reading_time":1,"featured_media_data":{"id":263715,"title":"Morales","caption":"Morales","alt_text":"","description":"","mime_type":"image\/jpeg","source_url":"https:\/\/villarrealcf.es\/wp-content\/uploads\/2023\/04\/MORALES-MEDICO.jpg","sizes":{"thumbnail":{"url":"https:\/\/villarrealcf.es\/wp-content\/uploads\/2023\/04\/MORALES-MEDICO-1920x1080.jpg","width":1920,"height":1080},"medium":{"url":"https:\/\/villarrealcf.es\/wp-content\/uploads\/2023\/04\/MORALES-MEDICO-1920x1080.jpg","width":1920,"height":1080},"medium_large":{"url":"https:\/\/villarrealcf.es\/wp-content\/uploads\/2023\/04\/MORALES-MEDICO-768x432.jpg","width":768,"height":432},"large":{"url":"https:\/\/villarrealcf.es\/wp-content\/uploads\/2023\/04\/MORALES-MEDICO-1920x1080.jpg","width":788,"height":443},"1536x1536":{"url":"https:\/\/villarrealcf.es\/wp-content\/uploads\/2023\/04\/MORALES-MEDICO-1536x864.jpg","width":1536,"height":864},"2048x2048":{"url":"https:\/\/villarrealcf.es\/wp-content\/uploads\/2023\/04\/MORALES-MEDICO.jpg","width":1920,"height":1080},"tp-image-grid":{"url":"https:\/\/villarrealcf.es\/wp-content\/uploads\/2023\/04\/MORALES-MEDICO-700x700.jpg","width":700,"height":700},"size-bunyad-medium":{"url":"https:\/\/villarrealcf.es\/wp-content\/uploads\/2023\/04\/MORALES-MEDICO-1920x1080.jpg","width":1920,"height":1080},"sportspress-crop-medium":{"url":"https:\/\/villarrealcf.es\/wp-content\/uploads\/2023\/04\/MORALES-MEDICO-300x300.jpg","width":300,"height":300},"sportspress-fit-medium":{"url":"https:\/\/villarrealcf.es\/wp-content\/uploads\/2023\/04\/MORALES-MEDICO-300x169.jpg","width":300,"height":169},"sportspress-fit-icon":{"url":"https:\/\/villarrealcf.es\/wp-content\/uploads\/2023\/04\/MORALES-MEDICO-128x72.jpg","width":128,"height":72},"sportspress-fit-mini":{"url":"https:\/\/villarrealcf.es\/wp-content\/uploads\/2023\/04\/MORALES-MEDICO-32x18.jpg","width":32,"height":18},"bunyad-small":{"url":"https:\/\/villarrealcf.es\/wp-content\/uploads\/2023\/04\/MORALES-MEDICO-150x84.jpg","width":150,"height":84},"bunyad-medium":{"url":"https:\/\/villarrealcf.es\/wp-content\/uploads\/2023\/04\/MORALES-MEDICO-450x253.jpg","width":450,"height":253},"bunyad-full":{"url":"https:\/\/villarrealcf.es\/wp-content\/uploads\/2023\/04\/MORALES-MEDICO-1200x675.jpg","width":1200,"height":675},"bunyad-viewport":{"url":"https:\/\/villarrealcf.es\/wp-content\/uploads\/2023\/04\/MORALES-MEDICO.jpg","width":1920,"height":1080},"bunyad-768":{"url":"https:\/\/villarrealcf.es\/wp-content\/uploads\/2023\/04\/MORALES-MEDICO-768x432.jpg","width":768,"height":432},"full":{"url":"https:\/\/villarrealcf.es\/wp-content\/uploads\/2023\/04\/MORALES-MEDICO.jpg","width":1920,"height":1080}}},"author_data":{"id":"25","name":"Javier Ayuso","first_name":"Javier","last_name":"Ayuso","description":"","avatar_url":"https:\/\/secure.gravatar.com\/avatar\/fcf8894be45988fcce5bbff0efe1790d2a7f4ba57e2c7c898f5068154e696495?s=96&d=mm&r=g","acf":null},"taxonomies_data":{"category":[{"id":13510,"name":"Medical News","slug":"medical-news","acf":null}],"post_tag":[{"id":9201,"name":"Football","slug":"football-d34-en","acf":null},{"id":13478,"name":"Football","slug":"football-eng","acf":null},{"id":5221,"name":"Jornada 30","slug":"jornada-30","acf":null},{"id":14439,"name":"Jos\u00e9 Luis Morales","slug":"jose-luis-morales-en-2","acf":null},{"id":9868,"name":"Primer Equipo","slug":"primer-equipo-en","acf":null},{"id":13949,"name":"Sin categorizar","slug":"sin-categorizar-en-34","acf":null},{"id":13950,"name":"Sin categorizar","slug":"sin-categorizar-en-35","acf":null},{"id":14101,"name":"Sin categorizar","slug":"sin-categorizar-en-48","acf":null},{"id":13496,"name":"Sin categorizar","slug":"sin-categorizar-en-14","acf":null},{"id":13463,"name":"Sin categorizar","slug":"sin-categorizar","acf":null},{"id":9199,"name":"Soccer","slug":"soccer-d105-en","acf":null},{"id":13482,"name":"Submarine","slug":"submarine-en","acf":null},{"id":13487,"name":"Yellow Submarine","slug":"yellow-submarine-en","acf":null}],"translation_priority":[{"id":734,"name":"Optional","slug":"optional-en","acf":null}]},"seo_full":{"native":{"title":"Medical report: Jos\u00e9 Luis Morales - Web Oficial del Villarreal CF","description":"The player from Madrid has suffered a muscle tear in his left hamstring","canonical":"https:\/\/villarrealcf.es\/en\/medical-report-jose-luis-morales\/"}},"_links":{"self":[{"href":"https:\/\/villarrealcf.es\/en\/wp-json\/wp\/v2\/posts\/263720","targetHints":{"allow":["GET"]}}],"collection":[{"href":"https:\/\/villarrealcf.es\/en\/wp-json\/wp\/v2\/posts"}],"about":[{"href":"https:\/\/villarrealcf.es\/en\/wp-json\/wp\/v2\/types\/post"}],"author":[{"embeddable":true,"href":"https:\/\/villarrealcf.es\/en\/wp-json\/wp\/v2\/users\/25"}],"replies":[{"embeddable":true,"href":"https:\/\/villarrealcf.es\/en\/wp-json\/wp\/v2\/comments?post=263720"}],"version-history":[{"count":0,"href":"https:\/\/villarrealcf.es\/en\/wp-json\/wp\/v2\/posts\/263720\/revisions"}],"wp:featuredmedia":[{"embeddable":true,"href":"https:\/\/villarrealcf.es\/en\/wp-json\/wp\/v2\/media\/263715"}],"wp:attachment":[{"href":"https:\/\/villarrealcf.es\/en\/wp-json\/wp\/v2\/media?parent=263720"}],"wp:term":[{"taxonomy":"category","embeddable":true,"href":"https:\/\/villarrealcf.es\/en\/wp-json\/wp\/v2\/categories?post=263720"},{"taxonomy":"post_tag","embeddable":true,"href":"https:\/\/villarrealcf.es\/en\/wp-json\/wp\/v2\/tags?post=263720"}],"curies":[{"name":"wp","href":"https:\/\/api.w.org\/{rel}","templated":true}]}}