{"id":262773,"date":"2023-04-21T13:29:04","date_gmt":"2023-04-21T11:29:04","guid":{"rendered":"https:\/\/villarrealcf.es\/\/miguel-alvarez-nos-visita-el-equipo-revelacion\/"},"modified":"2023-04-21T15:37:17","modified_gmt":"2023-04-21T13:37:17","slug":"miguel-alvarez-the-surprise-package-is-visiting-us","status":"publish","type":"post","link":"https:\/\/villarrealcf.es\/en\/miguel-alvarez-the-surprise-package-is-visiting-us\/","title":{"rendered":"Miguel \u00c1lvarez: &#8220;The surprise package is visiting us&#8221;"},"content":{"protected":false,"blocks":[{"type":"heading","level":2,"text":"Villarreal B and Albacete meet at La Cer\u00e1mica this Saturday at 2pm CEST"},{"type":"paragraph","text":"Villarreal B head coach, Miguel \u00c1lvarez, appeared at the press conference prior to the match against Albacete BP, corresponding to Gameweek 37 of LaLiga SmartBank, which will take place this Saturday 22nd April at 2pm CEST at the Estadio de la Cer\u00e1mica."},{"type":"paragraph","text":"The team\u2019s form"},{"type":"paragraph","text":"\u201cIt\u2019s an important match. The team is doing very well. I\u2019m expecting a very competitive team, but it\u2019s more complicated, because they\u2019re the surprise team of the second division at the moment. We have to compete at a high level to come close to winning.\u201d"},{"type":"paragraph","text":"Small details"},{"type":"paragraph","text":"\u201cWe are trying not to let things happen that have happened to us. We are with young people and they appear more often. The teams are very experienced, they take the games where they want and they make you desperate. Spells come and go. No one is making a fool of us, that\u2019s what\u2019s important. We are competing.\u201d"},{"type":"paragraph","text":"Six finals left"},{"type":"paragraph","text":"\u201cWe are trying to get the boys to adapt to this division and to playing with a lot of people. In Primera RFEF there weren\u2019t so many people travelling and now there are more. We\u2019re playing on our pitch, but with their fans. We have to get used to it and accept it. We still have rivals like Levante UD. That has to be a motivation for the lads, with a lot of people in the stands, rather than in other categories with empty pitches.\u201d"},{"type":"paragraph","text":"Rodri Alonso returns home"},{"type":"video","kind":"iframe","url":"https:\/\/www.youtube.com\/embed\/_4osr8XFMqU?feature=oembed","poster":""}],"structured":{"summary":{"text":"Villarreal B and Albacete meet at La Cer\u00e1mica this Saturday at 2pm CEST Villarreal B head coach, Miguel \u00c1lvarez, appeared at the press conference prior to the match against Albacete BP, corresponding to Gameweek 37 of LaLiga SmartBank, which will take place this Saturday 22nd April at 2pm CEST at the Estadio de la Cer\u00e1mica. The team\u2019s form \u201cIt\u2019s an important match. The team is doing very well. I\u2019m expecting a very competitive team, but it\u2019s more complicated, because they\u2019re the surprise team of the second division at the moment. We have to compete at a high level to come close to winning.\u201d Small details \u201cWe are trying not to let things happen that have happened to us. We are with young people and they appear more often. The teams are very experienced, they take the games where they want and they make you desperate. Spells come and go. No one is making a fool of us, that\u2019s what\u2019s important. We are competing.\u201d Six finals left \u201cWe are trying to get the boys to adapt to this division and to playing with a lot of people. In Primera RFEF there weren\u2019t so many people travelling and now there are more. We\u2019re playing on our pitch, but with their fans. We have to get used to it and accept it. We still have rivals like Levante UD. That has to be a motivation for the lads, with a lot of people in the stands, rather than in other categories with empty pitches.\u201d Rodri Alonso returns home","headings":[{"type":"heading","level":2,"text":"Villarreal B and Albacete meet at La Cer\u00e1mica this Saturday at 2pm CEST"}],"buttons":[],"images":[],"counts":{"blocks":10,"headings":1,"texts":8,"buttons":0,"images":0}},"sections":[{"id":"section-1","title":"Villarreal B and Albacete meet at La Cer\u00e1mica this Saturday at 2pm CEST","text":"Villarreal B and Albacete meet at La Cer\u00e1mica this Saturday at 2pm CEST Villarreal B head coach, Miguel \u00c1lvarez, appeared at the press conference prior to the match against Albacete BP, corresponding to Gameweek 37 of LaLiga SmartBank, which will take place this Saturday 22nd April at 2pm CEST at the Estadio de la Cer\u00e1mica. The team\u2019s form \u201cIt\u2019s an important match. The team is doing very well. I\u2019m expecting a very competitive team, but it\u2019s more complicated, because they\u2019re the surprise team of the second division at the moment. We have to compete at a high level to come close to winning.\u201d Small details \u201cWe are trying not to let things happen that have happened to us. We are with young people and they appear more often. The teams are very experienced, they take the games where they want and they make you desperate. Spells come and go. No one is making a fool of us, that\u2019s what\u2019s important. We are competing.\u201d Six finals left \u201cWe are trying to get the boys to adapt to this division and to playing with a lot of people. In Primera RFEF there weren\u2019t so many people travelling and now there are more. We\u2019re playing on our pitch, but with their fans. We have to get used to it and accept it. We still have rivals like Levante UD. That has to be a motivation for the lads, with a lot of people in the stands, rather than in other categories with empty pitches.\u201d Rodri Alonso returns home","headings":[{"type":"heading","level":2,"text":"Villarreal B and Albacete meet at La Cer\u00e1mica this Saturday at 2pm CEST"}],"texts":[{"type":"paragraph","text":"Villarreal B head coach, Miguel \u00c1lvarez, appeared at the press conference prior to the match against Albacete BP, corresponding to Gameweek 37 of LaLiga SmartBank, which will take place this Saturday 22nd April at 2pm CEST at the Estadio de la Cer\u00e1mica."},{"type":"paragraph","text":"The team\u2019s form"},{"type":"paragraph","text":"\u201cIt\u2019s an important match. The team is doing very well. I\u2019m expecting a very competitive team, but it\u2019s more complicated, because they\u2019re the surprise team of the second division at the moment. We have to compete at a high level to come close to winning.\u201d"},{"type":"paragraph","text":"Small details"},{"type":"paragraph","text":"\u201cWe are trying not to let things happen that have happened to us. We are with young people and they appear more often. The teams are very experienced, they take the games where they want and they make you desperate. Spells come and go. No one is making a fool of us, that\u2019s what\u2019s important. We are competing.\u201d"},{"type":"paragraph","text":"Six finals left"},{"type":"paragraph","text":"\u201cWe are trying to get the boys to adapt to this division and to playing with a lot of people. In Primera RFEF there weren\u2019t so many people travelling and now there are more. We\u2019re playing on our pitch, but with their fans. We have to get used to it and accept it. We still have rivals like Levante UD. That has to be a motivation for the lads, with a lot of people in the stands, rather than in other categories with empty pitches.\u201d"},{"type":"paragraph","text":"Rodri Alonso returns home"}],"buttons":[],"images":[],"widgets":[],"blocks":[{"type":"heading","level":2,"text":"Villarreal B and Albacete meet at La Cer\u00e1mica this Saturday at 2pm CEST"},{"type":"paragraph","text":"Villarreal B head coach, Miguel \u00c1lvarez, appeared at the press conference prior to the match against Albacete BP, corresponding to Gameweek 37 of LaLiga SmartBank, which will take place this Saturday 22nd April at 2pm CEST at the Estadio de la Cer\u00e1mica."},{"type":"paragraph","text":"The team\u2019s form"},{"type":"paragraph","text":"\u201cIt\u2019s an important match. The team is doing very well. I\u2019m expecting a very competitive team, but it\u2019s more complicated, because they\u2019re the surprise team of the second division at the moment. We have to compete at a high level to come close to winning.\u201d"},{"type":"paragraph","text":"Small details"},{"type":"paragraph","text":"\u201cWe are trying not to let things happen that have happened to us. We are with young people and they appear more often. The teams are very experienced, they take the games where they want and they make you desperate. Spells come and go. No one is making a fool of us, that\u2019s what\u2019s important. We are competing.\u201d"},{"type":"paragraph","text":"Six finals left"},{"type":"paragraph","text":"\u201cWe are trying to get the boys to adapt to this division and to playing with a lot of people. In Primera RFEF there weren\u2019t so many people travelling and now there are more. We\u2019re playing on our pitch, but with their fans. We have to get used to it and accept it. We still have rivals like Levante UD. That has to be a motivation for the lads, with a lot of people in the stands, rather than in other categories with empty pitches.\u201d"},{"type":"paragraph","text":"Rodri Alonso returns home"},{"type":"video","kind":"iframe","url":"https:\/\/www.youtube.com\/embed\/_4osr8XFMqU?feature=oembed","poster":""}]}],"hero":{"id":"section-1","title":"Villarreal B and Albacete meet at La Cer\u00e1mica this Saturday at 2pm CEST","text":"Villarreal B and Albacete meet at La Cer\u00e1mica this Saturday at 2pm CEST Villarreal B head coach, Miguel \u00c1lvarez, appeared at the press conference prior to the match against Albacete BP, corresponding to Gameweek 37 of LaLiga SmartBank, which will take place this Saturday 22nd April at 2pm CEST at the Estadio de la Cer\u00e1mica. The team\u2019s form \u201cIt\u2019s an important match. The team is doing very well. I\u2019m expecting a very competitive team, but it\u2019s more complicated, because they\u2019re the surprise team of the second division at the moment. We have to compete at a high level to come close to winning.\u201d Small details \u201cWe are trying not to let things happen that have happened to us. We are with young people and they appear more often. The teams are very experienced, they take the games where they want and they make you desperate. Spells come and go. No one is making a fool of us, that\u2019s what\u2019s important. We are competing.\u201d Six finals left \u201cWe are trying to get the boys to adapt to this division and to playing with a lot of people. In Primera RFEF there weren\u2019t so many people travelling and now there are more. We\u2019re playing on our pitch, but with their fans. We have to get used to it and accept it. We still have rivals like Levante UD. That has to be a motivation for the lads, with a lot of people in the stands, rather than in other categories with empty pitches.\u201d Rodri Alonso returns home","headings":[{"type":"heading","level":2,"text":"Villarreal B and Albacete meet at La Cer\u00e1mica this Saturday at 2pm CEST"}],"texts":[{"type":"paragraph","text":"Villarreal B head coach, Miguel \u00c1lvarez, appeared at the press conference prior to the match against Albacete BP, corresponding to Gameweek 37 of LaLiga SmartBank, which will take place this Saturday 22nd April at 2pm CEST at the Estadio de la Cer\u00e1mica."},{"type":"paragraph","text":"The team\u2019s form"},{"type":"paragraph","text":"\u201cIt\u2019s an important match. The team is doing very well. I\u2019m expecting a very competitive team, but it\u2019s more complicated, because they\u2019re the surprise team of the second division at the moment. We have to compete at a high level to come close to winning.\u201d"},{"type":"paragraph","text":"Small details"},{"type":"paragraph","text":"\u201cWe are trying not to let things happen that have happened to us. We are with young people and they appear more often. The teams are very experienced, they take the games where they want and they make you desperate. Spells come and go. No one is making a fool of us, that\u2019s what\u2019s important. We are competing.\u201d"},{"type":"paragraph","text":"Six finals left"},{"type":"paragraph","text":"\u201cWe are trying to get the boys to adapt to this division and to playing with a lot of people. In Primera RFEF there weren\u2019t so many people travelling and now there are more. We\u2019re playing on our pitch, but with their fans. We have to get used to it and accept it. We still have rivals like Levante UD. That has to be a motivation for the lads, with a lot of people in the stands, rather than in other categories with empty pitches.\u201d"},{"type":"paragraph","text":"Rodri Alonso returns home"}],"buttons":[],"images":[],"widgets":[],"blocks":[{"type":"heading","level":2,"text":"Villarreal B and Albacete meet at La Cer\u00e1mica this Saturday at 2pm CEST"},{"type":"paragraph","text":"Villarreal B head coach, Miguel \u00c1lvarez, appeared at the press conference prior to the match against Albacete BP, corresponding to Gameweek 37 of LaLiga SmartBank, which will take place this Saturday 22nd April at 2pm CEST at the Estadio de la Cer\u00e1mica."},{"type":"paragraph","text":"The team\u2019s form"},{"type":"paragraph","text":"\u201cIt\u2019s an important match. The team is doing very well. I\u2019m expecting a very competitive team, but it\u2019s more complicated, because they\u2019re the surprise team of the second division at the moment. We have to compete at a high level to come close to winning.\u201d"},{"type":"paragraph","text":"Small details"},{"type":"paragraph","text":"\u201cWe are trying not to let things happen that have happened to us. We are with young people and they appear more often. The teams are very experienced, they take the games where they want and they make you desperate. Spells come and go. No one is making a fool of us, that\u2019s what\u2019s important. We are competing.\u201d"},{"type":"paragraph","text":"Six finals left"},{"type":"paragraph","text":"\u201cWe are trying to get the boys to adapt to this division and to playing with a lot of people. In Primera RFEF there weren\u2019t so many people travelling and now there are more. We\u2019re playing on our pitch, but with their fans. We have to get used to it and accept it. We still have rivals like Levante UD. That has to be a motivation for the lads, with a lot of people in the stands, rather than in other categories with empty pitches.\u201d"},{"type":"paragraph","text":"Rodri Alonso returns home"},{"type":"video","kind":"iframe","url":"https:\/\/www.youtube.com\/embed\/_4osr8XFMqU?feature=oembed","poster":""}]}},"sections":[{"id":"section-1","title":"Villarreal B and Albacete meet at La Cer\u00e1mica this Saturday at 2pm CEST","text":"Villarreal B and Albacete meet at La Cer\u00e1mica this Saturday at 2pm CEST Villarreal B head coach, Miguel \u00c1lvarez, appeared at the press conference prior to the match against Albacete BP, corresponding to Gameweek 37 of LaLiga SmartBank, which will take place this Saturday 22nd April at 2pm CEST at the Estadio de la Cer\u00e1mica. The team\u2019s form \u201cIt\u2019s an important match. The team is doing very well. I\u2019m expecting a very competitive team, but it\u2019s more complicated, because they\u2019re the surprise team of the second division at the moment. We have to compete at a high level to come close to winning.\u201d Small details \u201cWe are trying not to let things happen that have happened to us. We are with young people and they appear more often. The teams are very experienced, they take the games where they want and they make you desperate. Spells come and go. No one is making a fool of us, that\u2019s what\u2019s important. We are competing.\u201d Six finals left \u201cWe are trying to get the boys to adapt to this division and to playing with a lot of people. In Primera RFEF there weren\u2019t so many people travelling and now there are more. We\u2019re playing on our pitch, but with their fans. We have to get used to it and accept it. We still have rivals like Levante UD. That has to be a motivation for the lads, with a lot of people in the stands, rather than in other categories with empty pitches.\u201d Rodri Alonso returns home","url":"","background_image":"","images":[],"videos":[{"type":"video","kind":"iframe","url":"https:\/\/www.youtube.com\/embed\/_4osr8XFMqU?feature=oembed","poster":""}],"links":[]}]},"excerpt":{"rendered":"El Villarreal B y el Albacete se miden en La Cer\u00e1mica este s\u00e1bado a las 14.00h","protected":false},"author":1,"featured_media":262724,"comment_status":"closed","ping_status":"closed","sticky":false,"template":"","format":"standard","meta":{"_acf_changed":false,"footnotes":""},"categories":[13788],"tags":[14056,9201,13478,13790,14340,13791,13504,13463,9199,13482,13487],"acf":null,"lang":"en","translations":{"es":262695,"val":262731,"en":262773},"essential_grid":{"has_grid":false},"formatted_date":"April 21, 2023","modified_date":"April 21, 2023","permalink":"https:\/\/villarrealcf.es\/en\/miguel-alvarez-the-surprise-package-is-visiting-us\/","reading_time":2,"featured_media_data":{"id":262724,"title":"miguel","caption":"","alt_text":"","description":"","mime_type":"image\/jpeg","source_url":"https:\/\/villarrealcf.es\/wp-content\/uploads\/2023\/04\/miguel-2.jpg","sizes":{"thumbnail":{"url":"https:\/\/villarrealcf.es\/wp-content\/uploads\/2023\/04\/miguel-2-1920x1080.jpg","width":1920,"height":1080},"medium":{"url":"https:\/\/villarrealcf.es\/wp-content\/uploads\/2023\/04\/miguel-2-1920x1080.jpg","width":1920,"height":1080},"medium_large":{"url":"https:\/\/villarrealcf.es\/wp-content\/uploads\/2023\/04\/miguel-2-768x432.jpg","width":768,"height":432},"large":{"url":"https:\/\/villarrealcf.es\/wp-content\/uploads\/2023\/04\/miguel-2-1920x1080.jpg","width":788,"height":443},"1536x1536":{"url":"https:\/\/villarrealcf.es\/wp-content\/uploads\/2023\/04\/miguel-2-1536x864.jpg","width":1536,"height":864},"2048x2048":{"url":"https:\/\/villarrealcf.es\/wp-content\/uploads\/2023\/04\/miguel-2-2048x1152.jpg","width":2048,"height":1152},"tp-image-grid":{"url":"https:\/\/villarrealcf.es\/wp-content\/uploads\/2023\/04\/miguel-2-700x700.jpg","width":700,"height":700},"size-bunyad-medium":{"url":"https:\/\/villarrealcf.es\/wp-content\/uploads\/2023\/04\/miguel-2-1920x1080.jpg","width":1920,"height":1080},"sportspress-crop-medium":{"url":"https:\/\/villarrealcf.es\/wp-content\/uploads\/2023\/04\/miguel-2-300x300.jpg","width":300,"height":300},"sportspress-fit-medium":{"url":"https:\/\/villarrealcf.es\/wp-content\/uploads\/2023\/04\/miguel-2-300x169.jpg","width":300,"height":169},"sportspress-fit-icon":{"url":"https:\/\/villarrealcf.es\/wp-content\/uploads\/2023\/04\/miguel-2-128x72.jpg","width":128,"height":72},"sportspress-fit-mini":{"url":"https:\/\/villarrealcf.es\/wp-content\/uploads\/2023\/04\/miguel-2-32x18.jpg","width":32,"height":18},"bunyad-small":{"url":"https:\/\/villarrealcf.es\/wp-content\/uploads\/2023\/04\/miguel-2-150x84.jpg","width":150,"height":84},"bunyad-medium":{"url":"https:\/\/villarrealcf.es\/wp-content\/uploads\/2023\/04\/miguel-2-450x253.jpg","width":450,"height":253},"bunyad-full":{"url":"https:\/\/villarrealcf.es\/wp-content\/uploads\/2023\/04\/miguel-2-1200x675.jpg","width":1200,"height":675},"bunyad-viewport":{"url":"https:\/\/villarrealcf.es\/wp-content\/uploads\/2023\/04\/miguel-2-2048x1152.jpg","width":2048,"height":1152},"bunyad-768":{"url":"https:\/\/villarrealcf.es\/wp-content\/uploads\/2023\/04\/miguel-2-768x432.jpg","width":768,"height":432},"full":{"url":"https:\/\/villarrealcf.es\/wp-content\/uploads\/2023\/04\/miguel-2.jpg","width":2362,"height":1329}}},"author_data":{"id":"1","name":"root_envidea","first_name":"Villarreal CF","last_name":"","description":"","avatar_url":"https:\/\/secure.gravatar.com\/avatar\/48f95f42a3ccc324f3a3458e4b9e6fb070b083e99d388e170c1afb061fa99b63?s=96&d=mm&r=g","acf":null},"taxonomies_data":{"category":[{"id":13788,"name":"Youth Football","slug":"youth-football","acf":null}],"post_tag":[{"id":14056,"name":"Albacete BP","slug":"albacete-bp-en","acf":null},{"id":9201,"name":"Football","slug":"football-d34-en","acf":null},{"id":13478,"name":"Football","slug":"football-eng","acf":null},{"id":13790,"name":"LaLiga Smartbank","slug":"laliga-smartbank-2-en","acf":null},{"id":14340,"name":"Miguel Alvarez","slug":"miguel-alvarez-3-en","acf":null},{"id":13791,"name":"Rueda de prensa","slug":"rueda-de-prensa-2-en","acf":null},{"id":13504,"name":"Sin categorizar","slug":"sin-categorizar-en-19","acf":null},{"id":13463,"name":"Sin categorizar","slug":"sin-categorizar","acf":null},{"id":9199,"name":"Soccer","slug":"soccer-d105-en","acf":null},{"id":13482,"name":"Submarine","slug":"submarine-en","acf":null},{"id":13487,"name":"Yellow Submarine","slug":"yellow-submarine-en","acf":null}],"translation_priority":[{"id":734,"name":"Optional","slug":"optional-en","acf":null}]},"seo_full":{"native":{"title":"Miguel \u00c1lvarez: &#8220;The surprise package is visiting us&#8221; - Web Oficial del Villarreal CF","description":"El Villarreal B y el Albacete se miden en La Cer\u00e1mica este s\u00e1bado a las 14.00h","canonical":"https:\/\/villarrealcf.es\/en\/miguel-alvarez-the-surprise-package-is-visiting-us\/"}},"_links":{"self":[{"href":"https:\/\/villarrealcf.es\/en\/wp-json\/wp\/v2\/posts\/262773","targetHints":{"allow":["GET"]}}],"collection":[{"href":"https:\/\/villarrealcf.es\/en\/wp-json\/wp\/v2\/posts"}],"about":[{"href":"https:\/\/villarrealcf.es\/en\/wp-json\/wp\/v2\/types\/post"}],"author":[{"embeddable":true,"href":"https:\/\/villarrealcf.es\/en\/wp-json\/wp\/v2\/users\/1"}],"replies":[{"embeddable":true,"href":"https:\/\/villarrealcf.es\/en\/wp-json\/wp\/v2\/comments?post=262773"}],"version-history":[{"count":0,"href":"https:\/\/villarrealcf.es\/en\/wp-json\/wp\/v2\/posts\/262773\/revisions"}],"wp:featuredmedia":[{"embeddable":true,"href":"https:\/\/villarrealcf.es\/en\/wp-json\/wp\/v2\/media\/262724"}],"wp:attachment":[{"href":"https:\/\/villarrealcf.es\/en\/wp-json\/wp\/v2\/media?parent=262773"}],"wp:term":[{"taxonomy":"category","embeddable":true,"href":"https:\/\/villarrealcf.es\/en\/wp-json\/wp\/v2\/categories?post=262773"},{"taxonomy":"post_tag","embeddable":true,"href":"https:\/\/villarrealcf.es\/en\/wp-json\/wp\/v2\/tags?post=262773"}],"curies":[{"name":"wp","href":"https:\/\/api.w.org\/{rel}","templated":true}]}}