{"id":254935,"date":"2023-03-01T12:23:38","date_gmt":"2023-03-01T11:23:38","guid":{"rendered":"https:\/\/villarrealcf.es\/\/el-debreceni-vsc-llega-a-miralcamp\/"},"modified":"2023-03-01T12:36:02","modified_gmt":"2023-03-01T11:36:02","slug":"el-debreceni-vsc-llega-a-miralcamp","status":"publish","type":"post","link":"https:\/\/villarrealcf.es\/en\/el-debreceni-vsc-llega-a-miralcamp\/","title":{"rendered":"Debreceni VSC visit Miralcamp"},"content":{"protected":false,"blocks":[{"type":"heading","level":2,"text":"Villarreal CF has received a special visit from the Hungarian club, which has a professional co-operation agreement with the club"},{"type":"paragraph","text":"Villarreal CF received a special visit from Debreceni VSC last February. The Hungarian team, with whom the Submarine has a professional co-operation agreement, visited the club\u2019s sports facilities, represented by a delegation made up of two coaches and two players from the team from Debrecen."},{"type":"paragraph","text":"The coaches experienced a full immersion with the Villarreal U16s\u2019 coaching staff, met with the head of youth football recruitment and with the team of psychologists. To conclude this enriching experience, they shared their impressions with the director of methodology of the Yellow Submarine."},{"type":"paragraph","text":"While the coaches got to know the Villarreal way of working, the Hungarian players Zalan (2005) and Mark (2008) trained and were able to play friendly matches with the best teams in their age groups from the Yellows Academy."},{"type":"paragraph","text":"To round off the experience in Vila-real, the Debreceni VSC delegation enjoyed Villarreal CF\u2019s match against FC Barcelona at the new-look Estadio de la Cer\u00e1mica."},{"type":"paragraph","text":"Villarreal, committed to the sporting growth of DVSC"},{"type":"paragraph","text":"Villarreal CF has signed a cop-operation agreement with Debreceni Vasutas Sport Club in Hungary. Through this partnership, which lasts for three years, the Submarine will put its methodology at the service of the Hungarian team\u2019s academy for the development of its young talents. In addition, as a result of this agreement, three Villarreal youth coaches, Pablo Alberola, Carlos Ib\u00e1\u00f1ez and \u00c1lex Vi\u00f1a, have settled in Debrecen to focus their efforts on the growth of the DVSC youth academy until the end of the current season."},{"type":"image","url":"https:\/\/villarrealcf.es\/\/wp-content\/uploads\/2023\/03\/IMG-20230227-WA0002-810x1080.jpg","alt":"","width":810,"height":1080,"srcset":"https:\/\/villarrealcf.es\/wp-content\/uploads\/2023\/03\/IMG-20230227-WA0002-810x1080.jpg 810w, https:\/\/villarrealcf.es\/\/wp-content\/uploads\/2023\/03\/IMG-20230227-WA0002-810x1080.jpg 1920w, https:\/\/villarrealcf.es\/wp-content\/uploads\/2023\/03\/IMG-20230227-WA0002-1152x1536.jpg 1152w, https:\/\/villarrealcf.es\/wp-content\/uploads\/2023\/03\/IMG-20230227-WA0002-225x300.jpg 225w, https:\/\/villarrealcf.es\/wp-content\/uploads\/2023\/03\/IMG-20230227-WA0002-96x128.jpg 96w, https:\/\/villarrealcf.es\/wp-content\/uploads\/2023\/03\/IMG-20230227-WA0002-24x32.jpg 24w, https:\/\/villarrealcf.es\/wp-content\/uploads\/2023\/03\/IMG-20230227-WA0002-150x200.jpg 150w, https:\/\/villarrealcf.es\/\/wp-content\/uploads\/2023\/03\/IMG-20230227-WA0002-810x1080.jpg 1920w, https:\/\/villarrealcf.es\/wp-content\/uploads\/2023\/03\/IMG-20230227-WA0002.jpg 1200w, https:\/\/villarrealcf.es\/\/wp-content\/uploads\/2023\/03\/IMG-20230227-WA0002-810x1080.jpg 1920w, https:\/\/villarrealcf.es\/\/wp-content\/uploads\/2023\/03\/IMG-20230227-WA0002-810x1080.jpg 1920w","sizes":"auto, (max-width: 810px) 100vw, 810px"},{"type":"image","url":"https:\/\/villarrealcf.es\/\/wp-content\/uploads\/2023\/03\/IMG_3543-608x1080.jpg","alt":"","width":608,"height":1080,"srcset":"https:\/\/villarrealcf.es\/wp-content\/uploads\/2023\/03\/IMG_3543-608x1080.jpg 608w, https:\/\/villarrealcf.es\/\/wp-content\/uploads\/2023\/03\/IMG_3543-608x1080.jpg 1920w, https:\/\/villarrealcf.es\/wp-content\/uploads\/2023\/03\/IMG_3543-864x1536.jpg 864w, https:\/\/villarrealcf.es\/wp-content\/uploads\/2023\/03\/IMG_3543-1152x2048.jpg 1152w, https:\/\/villarrealcf.es\/wp-content\/uploads\/2023\/03\/IMG_3543-169x300.jpg 169w, https:\/\/villarrealcf.es\/wp-content\/uploads\/2023\/03\/IMG_3543-72x128.jpg 72w, https:\/\/villarrealcf.es\/wp-content\/uploads\/2023\/03\/IMG_3543-18x32.jpg 18w, https:\/\/villarrealcf.es\/wp-content\/uploads\/2023\/03\/IMG_3543-150x267.jpg 150w, https:\/\/villarrealcf.es\/\/wp-content\/uploads\/2023\/03\/IMG_3543-608x1080.jpg 1920w, https:\/\/villarrealcf.es\/wp-content\/uploads\/2023\/03\/IMG_3543-1200x2133.jpg 1200w, https:\/\/villarrealcf.es\/wp-content\/uploads\/2023\/03\/IMG_3543-scaled.jpg 1440w, https:\/\/villarrealcf.es\/\/wp-content\/uploads\/2023\/03\/IMG_3543-608x1080.jpg 1920w, https:\/\/villarrealcf.es\/\/wp-content\/uploads\/2023\/03\/IMG_3543-608x1080.jpg 1920w","sizes":"auto, (max-width: 608px) 100vw, 608px"},{"type":"image","url":"https:\/\/villarrealcf.es\/\/wp-content\/uploads\/2023\/03\/20230209_124508-1440x1080.jpg","alt":"","width":1440,"height":1080,"srcset":"https:\/\/villarrealcf.es\/wp-content\/uploads\/2023\/03\/20230209_124508-1440x1080.jpg 1440w, https:\/\/villarrealcf.es\/\/wp-content\/uploads\/2023\/03\/20230209_124508-1440x1080.jpg 1920w, https:\/\/villarrealcf.es\/wp-content\/uploads\/2023\/03\/20230209_124508-1536x1152.jpg 1536w, https:\/\/villarrealcf.es\/wp-content\/uploads\/2023\/03\/20230209_124508-2048x1536.jpg 2048w, https:\/\/villarrealcf.es\/\/wp-content\/uploads\/2023\/03\/20230209_124508-1440x1080.jpg 1920w, https:\/\/villarrealcf.es\/\/wp-content\/uploads\/2023\/03\/20230209_124508-1440x1080.jpg 1920w, https:\/\/villarrealcf.es\/wp-content\/uploads\/2023\/03\/20230209_124508-32x24.jpg 32w, https:\/\/villarrealcf.es\/wp-content\/uploads\/2023\/03\/20230209_124508-150x113.jpg 150w, https:\/\/villarrealcf.es\/\/wp-content\/uploads\/2023\/03\/20230209_124508-1440x1080.jpg 1920w, https:\/\/villarrealcf.es\/wp-content\/uploads\/2023\/03\/20230209_124508-1200x900.jpg 1200w","sizes":"auto, (max-width: 1440px) 100vw, 1440px"},{"type":"image","url":"https:\/\/villarrealcf.es\/\/wp-content\/uploads\/2023\/03\/20230209_121258-810x1080.jpg","alt":"","width":810,"height":1080,"srcset":"https:\/\/villarrealcf.es\/wp-content\/uploads\/2023\/03\/20230209_121258-810x1080.jpg 810w, https:\/\/villarrealcf.es\/\/wp-content\/uploads\/2023\/03\/20230209_121258-810x1080.jpg 1920w, https:\/\/villarrealcf.es\/wp-content\/uploads\/2023\/03\/20230209_121258-1152x1536.jpg 1152w, https:\/\/villarrealcf.es\/wp-content\/uploads\/2023\/03\/20230209_121258-1536x2048.jpg 1536w, https:\/\/villarrealcf.es\/wp-content\/uploads\/2023\/03\/20230209_121258-225x300.jpg 225w, https:\/\/villarrealcf.es\/wp-content\/uploads\/2023\/03\/20230209_121258-96x128.jpg 96w, https:\/\/villarrealcf.es\/wp-content\/uploads\/2023\/03\/20230209_121258-24x32.jpg 24w, https:\/\/villarrealcf.es\/wp-content\/uploads\/2023\/03\/20230209_121258-150x200.jpg 150w, https:\/\/villarrealcf.es\/\/wp-content\/uploads\/2023\/03\/20230209_121258-810x1080.jpg 1920w, https:\/\/villarrealcf.es\/wp-content\/uploads\/2023\/03\/20230209_121258-1200x1600.jpg 1200w, https:\/\/villarrealcf.es\/wp-content\/uploads\/2023\/03\/20230209_121258-scaled.jpg 1920w, https:\/\/villarrealcf.es\/\/wp-content\/uploads\/2023\/03\/20230209_121258-810x1080.jpg 1920w, https:\/\/villarrealcf.es\/\/wp-content\/uploads\/2023\/03\/20230209_121258-810x1080.jpg 1920w","sizes":"auto, (max-width: 810px) 100vw, 810px"},{"type":"image","url":"https:\/\/villarrealcf.es\/\/wp-content\/uploads\/2023\/03\/20230209_124000-1440x1080.jpg","alt":"","width":1440,"height":1080,"srcset":"https:\/\/villarrealcf.es\/wp-content\/uploads\/2023\/03\/20230209_124000-1440x1080.jpg 1440w, https:\/\/villarrealcf.es\/\/wp-content\/uploads\/2023\/03\/20230209_124000-1440x1080.jpg 1920w, https:\/\/villarrealcf.es\/wp-content\/uploads\/2023\/03\/20230209_124000-1536x1152.jpg 1536w, https:\/\/villarrealcf.es\/wp-content\/uploads\/2023\/03\/20230209_124000-2048x1536.jpg 2048w, https:\/\/villarrealcf.es\/\/wp-content\/uploads\/2023\/03\/20230209_124000-1440x1080.jpg 1920w, https:\/\/villarrealcf.es\/\/wp-content\/uploads\/2023\/03\/20230209_124000-1440x1080.jpg 1920w, https:\/\/villarrealcf.es\/wp-content\/uploads\/2023\/03\/20230209_124000-32x24.jpg 32w, https:\/\/villarrealcf.es\/wp-content\/uploads\/2023\/03\/20230209_124000-150x113.jpg 150w, https:\/\/villarrealcf.es\/\/wp-content\/uploads\/2023\/03\/20230209_124000-1440x1080.jpg 1920w, https:\/\/villarrealcf.es\/wp-content\/uploads\/2023\/03\/20230209_124000-1200x900.jpg 1200w","sizes":"auto, (max-width: 1440px) 100vw, 1440px"}],"structured":{"summary":{"text":"Villarreal CF has received a special visit from the Hungarian club, which has a professional co-operation agreement with the club Villarreal CF received a special visit from Debreceni VSC last February. The Hungarian team, with whom the Submarine has a professional co-operation agreement, visited the club\u2019s sports facilities, represented by a delegation made up of two coaches and two players from the team from Debrecen. The coaches experienced a full immersion with the Villarreal U16s\u2019 coaching staff, met with the head of youth football recruitment and with the team of psychologists. To conclude this enriching experience, they shared their impressions with the director of methodology of the Yellow Submarine. While the coaches got to know the Villarreal way of working, the Hungarian players Zalan (2005) and Mark (2008) trained and were able to play friendly matches with the best teams in their age groups from the Yellows Academy. To round off the experience in Vila-real, the Debreceni VSC delegation enjoyed Villarreal CF\u2019s match against FC Barcelona at the new-look Estadio de la Cer\u00e1mica. Villarreal, committed to the sporting growth of DVSC Villarreal CF has signed a cop-operation agreement with Debreceni Vasutas Sport Club in Hungary. Through this partnership, which lasts for three years, the Submarine will put its methodology at the service of the Hungarian team\u2019s academy for the development of its young talents. In addition, as a result of this agreement, three Villarreal youth coaches, Pablo Alberola, Carlos Ib\u00e1\u00f1ez and \u00c1lex Vi\u00f1a, have settled in Debrecen to focus their efforts on the growth of the DVSC youth academy until the end of the current season.","headings":[{"type":"heading","level":2,"text":"Villarreal CF has received a special visit from the Hungarian club, which has a professional co-operation agreement with the club"}],"buttons":[],"images":[{"type":"image","url":"https:\/\/villarrealcf.es\/\/wp-content\/uploads\/2023\/03\/IMG-20230227-WA0002-810x1080.jpg","alt":"","width":810,"height":1080,"srcset":"https:\/\/villarrealcf.es\/wp-content\/uploads\/2023\/03\/IMG-20230227-WA0002-810x1080.jpg 810w, https:\/\/villarrealcf.es\/\/wp-content\/uploads\/2023\/03\/IMG-20230227-WA0002-810x1080.jpg 1920w, https:\/\/villarrealcf.es\/wp-content\/uploads\/2023\/03\/IMG-20230227-WA0002-1152x1536.jpg 1152w, https:\/\/villarrealcf.es\/wp-content\/uploads\/2023\/03\/IMG-20230227-WA0002-225x300.jpg 225w, https:\/\/villarrealcf.es\/wp-content\/uploads\/2023\/03\/IMG-20230227-WA0002-96x128.jpg 96w, https:\/\/villarrealcf.es\/wp-content\/uploads\/2023\/03\/IMG-20230227-WA0002-24x32.jpg 24w, https:\/\/villarrealcf.es\/wp-content\/uploads\/2023\/03\/IMG-20230227-WA0002-150x200.jpg 150w, https:\/\/villarrealcf.es\/\/wp-content\/uploads\/2023\/03\/IMG-20230227-WA0002-810x1080.jpg 1920w, https:\/\/villarrealcf.es\/wp-content\/uploads\/2023\/03\/IMG-20230227-WA0002.jpg 1200w, https:\/\/villarrealcf.es\/\/wp-content\/uploads\/2023\/03\/IMG-20230227-WA0002-810x1080.jpg 1920w, https:\/\/villarrealcf.es\/\/wp-content\/uploads\/2023\/03\/IMG-20230227-WA0002-810x1080.jpg 1920w","sizes":"auto, (max-width: 810px) 100vw, 810px"},{"type":"image","url":"https:\/\/villarrealcf.es\/\/wp-content\/uploads\/2023\/03\/IMG_3543-608x1080.jpg","alt":"","width":608,"height":1080,"srcset":"https:\/\/villarrealcf.es\/wp-content\/uploads\/2023\/03\/IMG_3543-608x1080.jpg 608w, https:\/\/villarrealcf.es\/\/wp-content\/uploads\/2023\/03\/IMG_3543-608x1080.jpg 1920w, https:\/\/villarrealcf.es\/wp-content\/uploads\/2023\/03\/IMG_3543-864x1536.jpg 864w, https:\/\/villarrealcf.es\/wp-content\/uploads\/2023\/03\/IMG_3543-1152x2048.jpg 1152w, https:\/\/villarrealcf.es\/wp-content\/uploads\/2023\/03\/IMG_3543-169x300.jpg 169w, https:\/\/villarrealcf.es\/wp-content\/uploads\/2023\/03\/IMG_3543-72x128.jpg 72w, https:\/\/villarrealcf.es\/wp-content\/uploads\/2023\/03\/IMG_3543-18x32.jpg 18w, https:\/\/villarrealcf.es\/wp-content\/uploads\/2023\/03\/IMG_3543-150x267.jpg 150w, https:\/\/villarrealcf.es\/\/wp-content\/uploads\/2023\/03\/IMG_3543-608x1080.jpg 1920w, https:\/\/villarrealcf.es\/wp-content\/uploads\/2023\/03\/IMG_3543-1200x2133.jpg 1200w, https:\/\/villarrealcf.es\/wp-content\/uploads\/2023\/03\/IMG_3543-scaled.jpg 1440w, https:\/\/villarrealcf.es\/\/wp-content\/uploads\/2023\/03\/IMG_3543-608x1080.jpg 1920w, https:\/\/villarrealcf.es\/\/wp-content\/uploads\/2023\/03\/IMG_3543-608x1080.jpg 1920w","sizes":"auto, (max-width: 608px) 100vw, 608px"},{"type":"image","url":"https:\/\/villarrealcf.es\/\/wp-content\/uploads\/2023\/03\/20230209_124508-1440x1080.jpg","alt":"","width":1440,"height":1080,"srcset":"https:\/\/villarrealcf.es\/wp-content\/uploads\/2023\/03\/20230209_124508-1440x1080.jpg 1440w, https:\/\/villarrealcf.es\/\/wp-content\/uploads\/2023\/03\/20230209_124508-1440x1080.jpg 1920w, https:\/\/villarrealcf.es\/wp-content\/uploads\/2023\/03\/20230209_124508-1536x1152.jpg 1536w, https:\/\/villarrealcf.es\/wp-content\/uploads\/2023\/03\/20230209_124508-2048x1536.jpg 2048w, https:\/\/villarrealcf.es\/\/wp-content\/uploads\/2023\/03\/20230209_124508-1440x1080.jpg 1920w, https:\/\/villarrealcf.es\/\/wp-content\/uploads\/2023\/03\/20230209_124508-1440x1080.jpg 1920w, https:\/\/villarrealcf.es\/wp-content\/uploads\/2023\/03\/20230209_124508-32x24.jpg 32w, https:\/\/villarrealcf.es\/wp-content\/uploads\/2023\/03\/20230209_124508-150x113.jpg 150w, https:\/\/villarrealcf.es\/\/wp-content\/uploads\/2023\/03\/20230209_124508-1440x1080.jpg 1920w, https:\/\/villarrealcf.es\/wp-content\/uploads\/2023\/03\/20230209_124508-1200x900.jpg 1200w","sizes":"auto, (max-width: 1440px) 100vw, 1440px"},{"type":"image","url":"https:\/\/villarrealcf.es\/\/wp-content\/uploads\/2023\/03\/20230209_121258-810x1080.jpg","alt":"","width":810,"height":1080,"srcset":"https:\/\/villarrealcf.es\/wp-content\/uploads\/2023\/03\/20230209_121258-810x1080.jpg 810w, https:\/\/villarrealcf.es\/\/wp-content\/uploads\/2023\/03\/20230209_121258-810x1080.jpg 1920w, https:\/\/villarrealcf.es\/wp-content\/uploads\/2023\/03\/20230209_121258-1152x1536.jpg 1152w, https:\/\/villarrealcf.es\/wp-content\/uploads\/2023\/03\/20230209_121258-1536x2048.jpg 1536w, https:\/\/villarrealcf.es\/wp-content\/uploads\/2023\/03\/20230209_121258-225x300.jpg 225w, https:\/\/villarrealcf.es\/wp-content\/uploads\/2023\/03\/20230209_121258-96x128.jpg 96w, https:\/\/villarrealcf.es\/wp-content\/uploads\/2023\/03\/20230209_121258-24x32.jpg 24w, https:\/\/villarrealcf.es\/wp-content\/uploads\/2023\/03\/20230209_121258-150x200.jpg 150w, https:\/\/villarrealcf.es\/\/wp-content\/uploads\/2023\/03\/20230209_121258-810x1080.jpg 1920w, https:\/\/villarrealcf.es\/wp-content\/uploads\/2023\/03\/20230209_121258-1200x1600.jpg 1200w, https:\/\/villarrealcf.es\/wp-content\/uploads\/2023\/03\/20230209_121258-scaled.jpg 1920w, https:\/\/villarrealcf.es\/\/wp-content\/uploads\/2023\/03\/20230209_121258-810x1080.jpg 1920w, https:\/\/villarrealcf.es\/\/wp-content\/uploads\/2023\/03\/20230209_121258-810x1080.jpg 1920w","sizes":"auto, (max-width: 810px) 100vw, 810px"},{"type":"image","url":"https:\/\/villarrealcf.es\/\/wp-content\/uploads\/2023\/03\/20230209_124000-1440x1080.jpg","alt":"","width":1440,"height":1080,"srcset":"https:\/\/villarrealcf.es\/wp-content\/uploads\/2023\/03\/20230209_124000-1440x1080.jpg 1440w, https:\/\/villarrealcf.es\/\/wp-content\/uploads\/2023\/03\/20230209_124000-1440x1080.jpg 1920w, https:\/\/villarrealcf.es\/wp-content\/uploads\/2023\/03\/20230209_124000-1536x1152.jpg 1536w, https:\/\/villarrealcf.es\/wp-content\/uploads\/2023\/03\/20230209_124000-2048x1536.jpg 2048w, https:\/\/villarrealcf.es\/\/wp-content\/uploads\/2023\/03\/20230209_124000-1440x1080.jpg 1920w, https:\/\/villarrealcf.es\/\/wp-content\/uploads\/2023\/03\/20230209_124000-1440x1080.jpg 1920w, https:\/\/villarrealcf.es\/wp-content\/uploads\/2023\/03\/20230209_124000-32x24.jpg 32w, https:\/\/villarrealcf.es\/wp-content\/uploads\/2023\/03\/20230209_124000-150x113.jpg 150w, https:\/\/villarrealcf.es\/\/wp-content\/uploads\/2023\/03\/20230209_124000-1440x1080.jpg 1920w, https:\/\/villarrealcf.es\/wp-content\/uploads\/2023\/03\/20230209_124000-1200x900.jpg 1200w","sizes":"auto, (max-width: 1440px) 100vw, 1440px"}],"counts":{"blocks":12,"headings":1,"texts":6,"buttons":0,"images":5}},"sections":[{"id":"section-1","title":"Villarreal CF has received a special visit from the Hungarian club, which has a professional co-operation agreement with the club","text":"Villarreal CF has received a special visit from the Hungarian club, which has a professional co-operation agreement with the club Villarreal CF received a special visit from Debreceni VSC last February. The Hungarian team, with whom the Submarine has a professional co-operation agreement, visited the club\u2019s sports facilities, represented by a delegation made up of two coaches and two players from the team from Debrecen. The coaches experienced a full immersion with the Villarreal U16s\u2019 coaching staff, met with the head of youth football recruitment and with the team of psychologists. To conclude this enriching experience, they shared their impressions with the director of methodology of the Yellow Submarine. While the coaches got to know the Villarreal way of working, the Hungarian players Zalan (2005) and Mark (2008) trained and were able to play friendly matches with the best teams in their age groups from the Yellows Academy. To round off the experience in Vila-real, the Debreceni VSC delegation enjoyed Villarreal CF\u2019s match against FC Barcelona at the new-look Estadio de la Cer\u00e1mica. Villarreal, committed to the sporting growth of DVSC Villarreal CF has signed a cop-operation agreement with Debreceni Vasutas Sport Club in Hungary. Through this partnership, which lasts for three years, the Submarine will put its methodology at the service of the Hungarian team\u2019s academy for the development of its young talents. In addition, as a result of this agreement, three Villarreal youth coaches, Pablo Alberola, Carlos Ib\u00e1\u00f1ez and \u00c1lex Vi\u00f1a, have settled in Debrecen to focus their efforts on the growth of the DVSC youth academy until the end of the current season.","headings":[{"type":"heading","level":2,"text":"Villarreal CF has received a special visit from the Hungarian club, which has a professional co-operation agreement with the club"}],"texts":[{"type":"paragraph","text":"Villarreal CF received a special visit from Debreceni VSC last February. The Hungarian team, with whom the Submarine has a professional co-operation agreement, visited the club\u2019s sports facilities, represented by a delegation made up of two coaches and two players from the team from Debrecen."},{"type":"paragraph","text":"The coaches experienced a full immersion with the Villarreal U16s\u2019 coaching staff, met with the head of youth football recruitment and with the team of psychologists. To conclude this enriching experience, they shared their impressions with the director of methodology of the Yellow Submarine."},{"type":"paragraph","text":"While the coaches got to know the Villarreal way of working, the Hungarian players Zalan (2005) and Mark (2008) trained and were able to play friendly matches with the best teams in their age groups from the Yellows Academy."},{"type":"paragraph","text":"To round off the experience in Vila-real, the Debreceni VSC delegation enjoyed Villarreal CF\u2019s match against FC Barcelona at the new-look Estadio de la Cer\u00e1mica."},{"type":"paragraph","text":"Villarreal, committed to the sporting growth of DVSC"},{"type":"paragraph","text":"Villarreal CF has signed a cop-operation agreement with Debreceni Vasutas Sport Club in Hungary. Through this partnership, which lasts for three years, the Submarine will put its methodology at the service of the Hungarian team\u2019s academy for the development of its young talents. In addition, as a result of this agreement, three Villarreal youth coaches, Pablo Alberola, Carlos Ib\u00e1\u00f1ez and \u00c1lex Vi\u00f1a, have settled in Debrecen to focus their efforts on the growth of the DVSC youth academy until the end of the current season."}],"buttons":[],"images":[{"type":"image","url":"https:\/\/villarrealcf.es\/\/wp-content\/uploads\/2023\/03\/IMG-20230227-WA0002-810x1080.jpg","alt":"","width":810,"height":1080,"srcset":"https:\/\/villarrealcf.es\/wp-content\/uploads\/2023\/03\/IMG-20230227-WA0002-810x1080.jpg 810w, https:\/\/villarrealcf.es\/\/wp-content\/uploads\/2023\/03\/IMG-20230227-WA0002-810x1080.jpg 1920w, https:\/\/villarrealcf.es\/wp-content\/uploads\/2023\/03\/IMG-20230227-WA0002-1152x1536.jpg 1152w, https:\/\/villarrealcf.es\/wp-content\/uploads\/2023\/03\/IMG-20230227-WA0002-225x300.jpg 225w, https:\/\/villarrealcf.es\/wp-content\/uploads\/2023\/03\/IMG-20230227-WA0002-96x128.jpg 96w, https:\/\/villarrealcf.es\/wp-content\/uploads\/2023\/03\/IMG-20230227-WA0002-24x32.jpg 24w, https:\/\/villarrealcf.es\/wp-content\/uploads\/2023\/03\/IMG-20230227-WA0002-150x200.jpg 150w, https:\/\/villarrealcf.es\/\/wp-content\/uploads\/2023\/03\/IMG-20230227-WA0002-810x1080.jpg 1920w, https:\/\/villarrealcf.es\/wp-content\/uploads\/2023\/03\/IMG-20230227-WA0002.jpg 1200w, https:\/\/villarrealcf.es\/\/wp-content\/uploads\/2023\/03\/IMG-20230227-WA0002-810x1080.jpg 1920w, https:\/\/villarrealcf.es\/\/wp-content\/uploads\/2023\/03\/IMG-20230227-WA0002-810x1080.jpg 1920w","sizes":"auto, (max-width: 810px) 100vw, 810px"},{"type":"image","url":"https:\/\/villarrealcf.es\/\/wp-content\/uploads\/2023\/03\/IMG_3543-608x1080.jpg","alt":"","width":608,"height":1080,"srcset":"https:\/\/villarrealcf.es\/wp-content\/uploads\/2023\/03\/IMG_3543-608x1080.jpg 608w, https:\/\/villarrealcf.es\/\/wp-content\/uploads\/2023\/03\/IMG_3543-608x1080.jpg 1920w, https:\/\/villarrealcf.es\/wp-content\/uploads\/2023\/03\/IMG_3543-864x1536.jpg 864w, https:\/\/villarrealcf.es\/wp-content\/uploads\/2023\/03\/IMG_3543-1152x2048.jpg 1152w, https:\/\/villarrealcf.es\/wp-content\/uploads\/2023\/03\/IMG_3543-169x300.jpg 169w, https:\/\/villarrealcf.es\/wp-content\/uploads\/2023\/03\/IMG_3543-72x128.jpg 72w, https:\/\/villarrealcf.es\/wp-content\/uploads\/2023\/03\/IMG_3543-18x32.jpg 18w, https:\/\/villarrealcf.es\/wp-content\/uploads\/2023\/03\/IMG_3543-150x267.jpg 150w, https:\/\/villarrealcf.es\/\/wp-content\/uploads\/2023\/03\/IMG_3543-608x1080.jpg 1920w, https:\/\/villarrealcf.es\/wp-content\/uploads\/2023\/03\/IMG_3543-1200x2133.jpg 1200w, https:\/\/villarrealcf.es\/wp-content\/uploads\/2023\/03\/IMG_3543-scaled.jpg 1440w, https:\/\/villarrealcf.es\/\/wp-content\/uploads\/2023\/03\/IMG_3543-608x1080.jpg 1920w, https:\/\/villarrealcf.es\/\/wp-content\/uploads\/2023\/03\/IMG_3543-608x1080.jpg 1920w","sizes":"auto, (max-width: 608px) 100vw, 608px"},{"type":"image","url":"https:\/\/villarrealcf.es\/\/wp-content\/uploads\/2023\/03\/20230209_124508-1440x1080.jpg","alt":"","width":1440,"height":1080,"srcset":"https:\/\/villarrealcf.es\/wp-content\/uploads\/2023\/03\/20230209_124508-1440x1080.jpg 1440w, https:\/\/villarrealcf.es\/\/wp-content\/uploads\/2023\/03\/20230209_124508-1440x1080.jpg 1920w, https:\/\/villarrealcf.es\/wp-content\/uploads\/2023\/03\/20230209_124508-1536x1152.jpg 1536w, https:\/\/villarrealcf.es\/wp-content\/uploads\/2023\/03\/20230209_124508-2048x1536.jpg 2048w, https:\/\/villarrealcf.es\/\/wp-content\/uploads\/2023\/03\/20230209_124508-1440x1080.jpg 1920w, https:\/\/villarrealcf.es\/\/wp-content\/uploads\/2023\/03\/20230209_124508-1440x1080.jpg 1920w, https:\/\/villarrealcf.es\/wp-content\/uploads\/2023\/03\/20230209_124508-32x24.jpg 32w, https:\/\/villarrealcf.es\/wp-content\/uploads\/2023\/03\/20230209_124508-150x113.jpg 150w, https:\/\/villarrealcf.es\/\/wp-content\/uploads\/2023\/03\/20230209_124508-1440x1080.jpg 1920w, https:\/\/villarrealcf.es\/wp-content\/uploads\/2023\/03\/20230209_124508-1200x900.jpg 1200w","sizes":"auto, (max-width: 1440px) 100vw, 1440px"},{"type":"image","url":"https:\/\/villarrealcf.es\/\/wp-content\/uploads\/2023\/03\/20230209_121258-810x1080.jpg","alt":"","width":810,"height":1080,"srcset":"https:\/\/villarrealcf.es\/wp-content\/uploads\/2023\/03\/20230209_121258-810x1080.jpg 810w, https:\/\/villarrealcf.es\/\/wp-content\/uploads\/2023\/03\/20230209_121258-810x1080.jpg 1920w, https:\/\/villarrealcf.es\/wp-content\/uploads\/2023\/03\/20230209_121258-1152x1536.jpg 1152w, https:\/\/villarrealcf.es\/wp-content\/uploads\/2023\/03\/20230209_121258-1536x2048.jpg 1536w, https:\/\/villarrealcf.es\/wp-content\/uploads\/2023\/03\/20230209_121258-225x300.jpg 225w, https:\/\/villarrealcf.es\/wp-content\/uploads\/2023\/03\/20230209_121258-96x128.jpg 96w, https:\/\/villarrealcf.es\/wp-content\/uploads\/2023\/03\/20230209_121258-24x32.jpg 24w, https:\/\/villarrealcf.es\/wp-content\/uploads\/2023\/03\/20230209_121258-150x200.jpg 150w, https:\/\/villarrealcf.es\/\/wp-content\/uploads\/2023\/03\/20230209_121258-810x1080.jpg 1920w, https:\/\/villarrealcf.es\/wp-content\/uploads\/2023\/03\/20230209_121258-1200x1600.jpg 1200w, https:\/\/villarrealcf.es\/wp-content\/uploads\/2023\/03\/20230209_121258-scaled.jpg 1920w, https:\/\/villarrealcf.es\/\/wp-content\/uploads\/2023\/03\/20230209_121258-810x1080.jpg 1920w, https:\/\/villarrealcf.es\/\/wp-content\/uploads\/2023\/03\/20230209_121258-810x1080.jpg 1920w","sizes":"auto, (max-width: 810px) 100vw, 810px"},{"type":"image","url":"https:\/\/villarrealcf.es\/\/wp-content\/uploads\/2023\/03\/20230209_124000-1440x1080.jpg","alt":"","width":1440,"height":1080,"srcset":"https:\/\/villarrealcf.es\/wp-content\/uploads\/2023\/03\/20230209_124000-1440x1080.jpg 1440w, https:\/\/villarrealcf.es\/\/wp-content\/uploads\/2023\/03\/20230209_124000-1440x1080.jpg 1920w, https:\/\/villarrealcf.es\/wp-content\/uploads\/2023\/03\/20230209_124000-1536x1152.jpg 1536w, https:\/\/villarrealcf.es\/wp-content\/uploads\/2023\/03\/20230209_124000-2048x1536.jpg 2048w, https:\/\/villarrealcf.es\/\/wp-content\/uploads\/2023\/03\/20230209_124000-1440x1080.jpg 1920w, https:\/\/villarrealcf.es\/\/wp-content\/uploads\/2023\/03\/20230209_124000-1440x1080.jpg 1920w, https:\/\/villarrealcf.es\/wp-content\/uploads\/2023\/03\/20230209_124000-32x24.jpg 32w, https:\/\/villarrealcf.es\/wp-content\/uploads\/2023\/03\/20230209_124000-150x113.jpg 150w, https:\/\/villarrealcf.es\/\/wp-content\/uploads\/2023\/03\/20230209_124000-1440x1080.jpg 1920w, https:\/\/villarrealcf.es\/wp-content\/uploads\/2023\/03\/20230209_124000-1200x900.jpg 1200w","sizes":"auto, (max-width: 1440px) 100vw, 1440px"}],"widgets":[],"blocks":[{"type":"heading","level":2,"text":"Villarreal CF has received a special visit from the Hungarian club, which has a professional co-operation agreement with the club"},{"type":"paragraph","text":"Villarreal CF received a special visit from Debreceni VSC last February. The Hungarian team, with whom the Submarine has a professional co-operation agreement, visited the club\u2019s sports facilities, represented by a delegation made up of two coaches and two players from the team from Debrecen."},{"type":"paragraph","text":"The coaches experienced a full immersion with the Villarreal U16s\u2019 coaching staff, met with the head of youth football recruitment and with the team of psychologists. To conclude this enriching experience, they shared their impressions with the director of methodology of the Yellow Submarine."},{"type":"paragraph","text":"While the coaches got to know the Villarreal way of working, the Hungarian players Zalan (2005) and Mark (2008) trained and were able to play friendly matches with the best teams in their age groups from the Yellows Academy."},{"type":"paragraph","text":"To round off the experience in Vila-real, the Debreceni VSC delegation enjoyed Villarreal CF\u2019s match against FC Barcelona at the new-look Estadio de la Cer\u00e1mica."},{"type":"paragraph","text":"Villarreal, committed to the sporting growth of DVSC"},{"type":"paragraph","text":"Villarreal CF has signed a cop-operation agreement with Debreceni Vasutas Sport Club in Hungary. Through this partnership, which lasts for three years, the Submarine will put its methodology at the service of the Hungarian team\u2019s academy for the development of its young talents. In addition, as a result of this agreement, three Villarreal youth coaches, Pablo Alberola, Carlos Ib\u00e1\u00f1ez and \u00c1lex Vi\u00f1a, have settled in Debrecen to focus their efforts on the growth of the DVSC youth academy until the end of the current season."},{"type":"image","url":"https:\/\/villarrealcf.es\/\/wp-content\/uploads\/2023\/03\/IMG-20230227-WA0002-810x1080.jpg","alt":"","width":810,"height":1080,"srcset":"https:\/\/villarrealcf.es\/wp-content\/uploads\/2023\/03\/IMG-20230227-WA0002-810x1080.jpg 810w, https:\/\/villarrealcf.es\/\/wp-content\/uploads\/2023\/03\/IMG-20230227-WA0002-810x1080.jpg 1920w, https:\/\/villarrealcf.es\/wp-content\/uploads\/2023\/03\/IMG-20230227-WA0002-1152x1536.jpg 1152w, https:\/\/villarrealcf.es\/wp-content\/uploads\/2023\/03\/IMG-20230227-WA0002-225x300.jpg 225w, https:\/\/villarrealcf.es\/wp-content\/uploads\/2023\/03\/IMG-20230227-WA0002-96x128.jpg 96w, https:\/\/villarrealcf.es\/wp-content\/uploads\/2023\/03\/IMG-20230227-WA0002-24x32.jpg 24w, https:\/\/villarrealcf.es\/wp-content\/uploads\/2023\/03\/IMG-20230227-WA0002-150x200.jpg 150w, https:\/\/villarrealcf.es\/\/wp-content\/uploads\/2023\/03\/IMG-20230227-WA0002-810x1080.jpg 1920w, https:\/\/villarrealcf.es\/wp-content\/uploads\/2023\/03\/IMG-20230227-WA0002.jpg 1200w, https:\/\/villarrealcf.es\/\/wp-content\/uploads\/2023\/03\/IMG-20230227-WA0002-810x1080.jpg 1920w, https:\/\/villarrealcf.es\/\/wp-content\/uploads\/2023\/03\/IMG-20230227-WA0002-810x1080.jpg 1920w","sizes":"auto, (max-width: 810px) 100vw, 810px"},{"type":"image","url":"https:\/\/villarrealcf.es\/\/wp-content\/uploads\/2023\/03\/IMG_3543-608x1080.jpg","alt":"","width":608,"height":1080,"srcset":"https:\/\/villarrealcf.es\/wp-content\/uploads\/2023\/03\/IMG_3543-608x1080.jpg 608w, https:\/\/villarrealcf.es\/\/wp-content\/uploads\/2023\/03\/IMG_3543-608x1080.jpg 1920w, https:\/\/villarrealcf.es\/wp-content\/uploads\/2023\/03\/IMG_3543-864x1536.jpg 864w, https:\/\/villarrealcf.es\/wp-content\/uploads\/2023\/03\/IMG_3543-1152x2048.jpg 1152w, https:\/\/villarrealcf.es\/wp-content\/uploads\/2023\/03\/IMG_3543-169x300.jpg 169w, https:\/\/villarrealcf.es\/wp-content\/uploads\/2023\/03\/IMG_3543-72x128.jpg 72w, https:\/\/villarrealcf.es\/wp-content\/uploads\/2023\/03\/IMG_3543-18x32.jpg 18w, https:\/\/villarrealcf.es\/wp-content\/uploads\/2023\/03\/IMG_3543-150x267.jpg 150w, https:\/\/villarrealcf.es\/\/wp-content\/uploads\/2023\/03\/IMG_3543-608x1080.jpg 1920w, https:\/\/villarrealcf.es\/wp-content\/uploads\/2023\/03\/IMG_3543-1200x2133.jpg 1200w, https:\/\/villarrealcf.es\/wp-content\/uploads\/2023\/03\/IMG_3543-scaled.jpg 1440w, https:\/\/villarrealcf.es\/\/wp-content\/uploads\/2023\/03\/IMG_3543-608x1080.jpg 1920w, https:\/\/villarrealcf.es\/\/wp-content\/uploads\/2023\/03\/IMG_3543-608x1080.jpg 1920w","sizes":"auto, (max-width: 608px) 100vw, 608px"},{"type":"image","url":"https:\/\/villarrealcf.es\/\/wp-content\/uploads\/2023\/03\/20230209_124508-1440x1080.jpg","alt":"","width":1440,"height":1080,"srcset":"https:\/\/villarrealcf.es\/wp-content\/uploads\/2023\/03\/20230209_124508-1440x1080.jpg 1440w, https:\/\/villarrealcf.es\/\/wp-content\/uploads\/2023\/03\/20230209_124508-1440x1080.jpg 1920w, https:\/\/villarrealcf.es\/wp-content\/uploads\/2023\/03\/20230209_124508-1536x1152.jpg 1536w, https:\/\/villarrealcf.es\/wp-content\/uploads\/2023\/03\/20230209_124508-2048x1536.jpg 2048w, https:\/\/villarrealcf.es\/\/wp-content\/uploads\/2023\/03\/20230209_124508-1440x1080.jpg 1920w, https:\/\/villarrealcf.es\/\/wp-content\/uploads\/2023\/03\/20230209_124508-1440x1080.jpg 1920w, https:\/\/villarrealcf.es\/wp-content\/uploads\/2023\/03\/20230209_124508-32x24.jpg 32w, https:\/\/villarrealcf.es\/wp-content\/uploads\/2023\/03\/20230209_124508-150x113.jpg 150w, https:\/\/villarrealcf.es\/\/wp-content\/uploads\/2023\/03\/20230209_124508-1440x1080.jpg 1920w, https:\/\/villarrealcf.es\/wp-content\/uploads\/2023\/03\/20230209_124508-1200x900.jpg 1200w","sizes":"auto, (max-width: 1440px) 100vw, 1440px"},{"type":"image","url":"https:\/\/villarrealcf.es\/\/wp-content\/uploads\/2023\/03\/20230209_121258-810x1080.jpg","alt":"","width":810,"height":1080,"srcset":"https:\/\/villarrealcf.es\/wp-content\/uploads\/2023\/03\/20230209_121258-810x1080.jpg 810w, https:\/\/villarrealcf.es\/\/wp-content\/uploads\/2023\/03\/20230209_121258-810x1080.jpg 1920w, https:\/\/villarrealcf.es\/wp-content\/uploads\/2023\/03\/20230209_121258-1152x1536.jpg 1152w, https:\/\/villarrealcf.es\/wp-content\/uploads\/2023\/03\/20230209_121258-1536x2048.jpg 1536w, https:\/\/villarrealcf.es\/wp-content\/uploads\/2023\/03\/20230209_121258-225x300.jpg 225w, https:\/\/villarrealcf.es\/wp-content\/uploads\/2023\/03\/20230209_121258-96x128.jpg 96w, https:\/\/villarrealcf.es\/wp-content\/uploads\/2023\/03\/20230209_121258-24x32.jpg 24w, https:\/\/villarrealcf.es\/wp-content\/uploads\/2023\/03\/20230209_121258-150x200.jpg 150w, https:\/\/villarrealcf.es\/\/wp-content\/uploads\/2023\/03\/20230209_121258-810x1080.jpg 1920w, https:\/\/villarrealcf.es\/wp-content\/uploads\/2023\/03\/20230209_121258-1200x1600.jpg 1200w, https:\/\/villarrealcf.es\/wp-content\/uploads\/2023\/03\/20230209_121258-scaled.jpg 1920w, https:\/\/villarrealcf.es\/\/wp-content\/uploads\/2023\/03\/20230209_121258-810x1080.jpg 1920w, https:\/\/villarrealcf.es\/\/wp-content\/uploads\/2023\/03\/20230209_121258-810x1080.jpg 1920w","sizes":"auto, (max-width: 810px) 100vw, 810px"},{"type":"image","url":"https:\/\/villarrealcf.es\/\/wp-content\/uploads\/2023\/03\/20230209_124000-1440x1080.jpg","alt":"","width":1440,"height":1080,"srcset":"https:\/\/villarrealcf.es\/wp-content\/uploads\/2023\/03\/20230209_124000-1440x1080.jpg 1440w, https:\/\/villarrealcf.es\/\/wp-content\/uploads\/2023\/03\/20230209_124000-1440x1080.jpg 1920w, https:\/\/villarrealcf.es\/wp-content\/uploads\/2023\/03\/20230209_124000-1536x1152.jpg 1536w, https:\/\/villarrealcf.es\/wp-content\/uploads\/2023\/03\/20230209_124000-2048x1536.jpg 2048w, https:\/\/villarrealcf.es\/\/wp-content\/uploads\/2023\/03\/20230209_124000-1440x1080.jpg 1920w, https:\/\/villarrealcf.es\/\/wp-content\/uploads\/2023\/03\/20230209_124000-1440x1080.jpg 1920w, https:\/\/villarrealcf.es\/wp-content\/uploads\/2023\/03\/20230209_124000-32x24.jpg 32w, https:\/\/villarrealcf.es\/wp-content\/uploads\/2023\/03\/20230209_124000-150x113.jpg 150w, https:\/\/villarrealcf.es\/\/wp-content\/uploads\/2023\/03\/20230209_124000-1440x1080.jpg 1920w, https:\/\/villarrealcf.es\/wp-content\/uploads\/2023\/03\/20230209_124000-1200x900.jpg 1200w","sizes":"auto, (max-width: 1440px) 100vw, 1440px"}]}],"hero":{"id":"section-1","title":"Villarreal CF has received a special visit from the Hungarian club, which has a professional co-operation agreement with the club","text":"Villarreal CF has received a special visit from the Hungarian club, which has a professional co-operation agreement with the club Villarreal CF received a special visit from Debreceni VSC last February. The Hungarian team, with whom the Submarine has a professional co-operation agreement, visited the club\u2019s sports facilities, represented by a delegation made up of two coaches and two players from the team from Debrecen. The coaches experienced a full immersion with the Villarreal U16s\u2019 coaching staff, met with the head of youth football recruitment and with the team of psychologists. To conclude this enriching experience, they shared their impressions with the director of methodology of the Yellow Submarine. While the coaches got to know the Villarreal way of working, the Hungarian players Zalan (2005) and Mark (2008) trained and were able to play friendly matches with the best teams in their age groups from the Yellows Academy. To round off the experience in Vila-real, the Debreceni VSC delegation enjoyed Villarreal CF\u2019s match against FC Barcelona at the new-look Estadio de la Cer\u00e1mica. Villarreal, committed to the sporting growth of DVSC Villarreal CF has signed a cop-operation agreement with Debreceni Vasutas Sport Club in Hungary. Through this partnership, which lasts for three years, the Submarine will put its methodology at the service of the Hungarian team\u2019s academy for the development of its young talents. In addition, as a result of this agreement, three Villarreal youth coaches, Pablo Alberola, Carlos Ib\u00e1\u00f1ez and \u00c1lex Vi\u00f1a, have settled in Debrecen to focus their efforts on the growth of the DVSC youth academy until the end of the current season.","headings":[{"type":"heading","level":2,"text":"Villarreal CF has received a special visit from the Hungarian club, which has a professional co-operation agreement with the club"}],"texts":[{"type":"paragraph","text":"Villarreal CF received a special visit from Debreceni VSC last February. The Hungarian team, with whom the Submarine has a professional co-operation agreement, visited the club\u2019s sports facilities, represented by a delegation made up of two coaches and two players from the team from Debrecen."},{"type":"paragraph","text":"The coaches experienced a full immersion with the Villarreal U16s\u2019 coaching staff, met with the head of youth football recruitment and with the team of psychologists. To conclude this enriching experience, they shared their impressions with the director of methodology of the Yellow Submarine."},{"type":"paragraph","text":"While the coaches got to know the Villarreal way of working, the Hungarian players Zalan (2005) and Mark (2008) trained and were able to play friendly matches with the best teams in their age groups from the Yellows Academy."},{"type":"paragraph","text":"To round off the experience in Vila-real, the Debreceni VSC delegation enjoyed Villarreal CF\u2019s match against FC Barcelona at the new-look Estadio de la Cer\u00e1mica."},{"type":"paragraph","text":"Villarreal, committed to the sporting growth of DVSC"},{"type":"paragraph","text":"Villarreal CF has signed a cop-operation agreement with Debreceni Vasutas Sport Club in Hungary. Through this partnership, which lasts for three years, the Submarine will put its methodology at the service of the Hungarian team\u2019s academy for the development of its young talents. In addition, as a result of this agreement, three Villarreal youth coaches, Pablo Alberola, Carlos Ib\u00e1\u00f1ez and \u00c1lex Vi\u00f1a, have settled in Debrecen to focus their efforts on the growth of the DVSC youth academy until the end of the current season."}],"buttons":[],"images":[{"type":"image","url":"https:\/\/villarrealcf.es\/\/wp-content\/uploads\/2023\/03\/IMG-20230227-WA0002-810x1080.jpg","alt":"","width":810,"height":1080,"srcset":"https:\/\/villarrealcf.es\/wp-content\/uploads\/2023\/03\/IMG-20230227-WA0002-810x1080.jpg 810w, https:\/\/villarrealcf.es\/\/wp-content\/uploads\/2023\/03\/IMG-20230227-WA0002-810x1080.jpg 1920w, https:\/\/villarrealcf.es\/wp-content\/uploads\/2023\/03\/IMG-20230227-WA0002-1152x1536.jpg 1152w, https:\/\/villarrealcf.es\/wp-content\/uploads\/2023\/03\/IMG-20230227-WA0002-225x300.jpg 225w, https:\/\/villarrealcf.es\/wp-content\/uploads\/2023\/03\/IMG-20230227-WA0002-96x128.jpg 96w, https:\/\/villarrealcf.es\/wp-content\/uploads\/2023\/03\/IMG-20230227-WA0002-24x32.jpg 24w, https:\/\/villarrealcf.es\/wp-content\/uploads\/2023\/03\/IMG-20230227-WA0002-150x200.jpg 150w, https:\/\/villarrealcf.es\/\/wp-content\/uploads\/2023\/03\/IMG-20230227-WA0002-810x1080.jpg 1920w, https:\/\/villarrealcf.es\/wp-content\/uploads\/2023\/03\/IMG-20230227-WA0002.jpg 1200w, https:\/\/villarrealcf.es\/\/wp-content\/uploads\/2023\/03\/IMG-20230227-WA0002-810x1080.jpg 1920w, https:\/\/villarrealcf.es\/\/wp-content\/uploads\/2023\/03\/IMG-20230227-WA0002-810x1080.jpg 1920w","sizes":"auto, (max-width: 810px) 100vw, 810px"},{"type":"image","url":"https:\/\/villarrealcf.es\/\/wp-content\/uploads\/2023\/03\/IMG_3543-608x1080.jpg","alt":"","width":608,"height":1080,"srcset":"https:\/\/villarrealcf.es\/wp-content\/uploads\/2023\/03\/IMG_3543-608x1080.jpg 608w, https:\/\/villarrealcf.es\/\/wp-content\/uploads\/2023\/03\/IMG_3543-608x1080.jpg 1920w, https:\/\/villarrealcf.es\/wp-content\/uploads\/2023\/03\/IMG_3543-864x1536.jpg 864w, https:\/\/villarrealcf.es\/wp-content\/uploads\/2023\/03\/IMG_3543-1152x2048.jpg 1152w, https:\/\/villarrealcf.es\/wp-content\/uploads\/2023\/03\/IMG_3543-169x300.jpg 169w, https:\/\/villarrealcf.es\/wp-content\/uploads\/2023\/03\/IMG_3543-72x128.jpg 72w, https:\/\/villarrealcf.es\/wp-content\/uploads\/2023\/03\/IMG_3543-18x32.jpg 18w, https:\/\/villarrealcf.es\/wp-content\/uploads\/2023\/03\/IMG_3543-150x267.jpg 150w, https:\/\/villarrealcf.es\/\/wp-content\/uploads\/2023\/03\/IMG_3543-608x1080.jpg 1920w, https:\/\/villarrealcf.es\/wp-content\/uploads\/2023\/03\/IMG_3543-1200x2133.jpg 1200w, https:\/\/villarrealcf.es\/wp-content\/uploads\/2023\/03\/IMG_3543-scaled.jpg 1440w, https:\/\/villarrealcf.es\/\/wp-content\/uploads\/2023\/03\/IMG_3543-608x1080.jpg 1920w, https:\/\/villarrealcf.es\/\/wp-content\/uploads\/2023\/03\/IMG_3543-608x1080.jpg 1920w","sizes":"auto, (max-width: 608px) 100vw, 608px"},{"type":"image","url":"https:\/\/villarrealcf.es\/\/wp-content\/uploads\/2023\/03\/20230209_124508-1440x1080.jpg","alt":"","width":1440,"height":1080,"srcset":"https:\/\/villarrealcf.es\/wp-content\/uploads\/2023\/03\/20230209_124508-1440x1080.jpg 1440w, https:\/\/villarrealcf.es\/\/wp-content\/uploads\/2023\/03\/20230209_124508-1440x1080.jpg 1920w, https:\/\/villarrealcf.es\/wp-content\/uploads\/2023\/03\/20230209_124508-1536x1152.jpg 1536w, https:\/\/villarrealcf.es\/wp-content\/uploads\/2023\/03\/20230209_124508-2048x1536.jpg 2048w, https:\/\/villarrealcf.es\/\/wp-content\/uploads\/2023\/03\/20230209_124508-1440x1080.jpg 1920w, https:\/\/villarrealcf.es\/\/wp-content\/uploads\/2023\/03\/20230209_124508-1440x1080.jpg 1920w, https:\/\/villarrealcf.es\/wp-content\/uploads\/2023\/03\/20230209_124508-32x24.jpg 32w, https:\/\/villarrealcf.es\/wp-content\/uploads\/2023\/03\/20230209_124508-150x113.jpg 150w, https:\/\/villarrealcf.es\/\/wp-content\/uploads\/2023\/03\/20230209_124508-1440x1080.jpg 1920w, https:\/\/villarrealcf.es\/wp-content\/uploads\/2023\/03\/20230209_124508-1200x900.jpg 1200w","sizes":"auto, (max-width: 1440px) 100vw, 1440px"},{"type":"image","url":"https:\/\/villarrealcf.es\/\/wp-content\/uploads\/2023\/03\/20230209_121258-810x1080.jpg","alt":"","width":810,"height":1080,"srcset":"https:\/\/villarrealcf.es\/wp-content\/uploads\/2023\/03\/20230209_121258-810x1080.jpg 810w, https:\/\/villarrealcf.es\/\/wp-content\/uploads\/2023\/03\/20230209_121258-810x1080.jpg 1920w, https:\/\/villarrealcf.es\/wp-content\/uploads\/2023\/03\/20230209_121258-1152x1536.jpg 1152w, https:\/\/villarrealcf.es\/wp-content\/uploads\/2023\/03\/20230209_121258-1536x2048.jpg 1536w, https:\/\/villarrealcf.es\/wp-content\/uploads\/2023\/03\/20230209_121258-225x300.jpg 225w, https:\/\/villarrealcf.es\/wp-content\/uploads\/2023\/03\/20230209_121258-96x128.jpg 96w, https:\/\/villarrealcf.es\/wp-content\/uploads\/2023\/03\/20230209_121258-24x32.jpg 24w, https:\/\/villarrealcf.es\/wp-content\/uploads\/2023\/03\/20230209_121258-150x200.jpg 150w, https:\/\/villarrealcf.es\/\/wp-content\/uploads\/2023\/03\/20230209_121258-810x1080.jpg 1920w, https:\/\/villarrealcf.es\/wp-content\/uploads\/2023\/03\/20230209_121258-1200x1600.jpg 1200w, https:\/\/villarrealcf.es\/wp-content\/uploads\/2023\/03\/20230209_121258-scaled.jpg 1920w, https:\/\/villarrealcf.es\/\/wp-content\/uploads\/2023\/03\/20230209_121258-810x1080.jpg 1920w, https:\/\/villarrealcf.es\/\/wp-content\/uploads\/2023\/03\/20230209_121258-810x1080.jpg 1920w","sizes":"auto, (max-width: 810px) 100vw, 810px"},{"type":"image","url":"https:\/\/villarrealcf.es\/\/wp-content\/uploads\/2023\/03\/20230209_124000-1440x1080.jpg","alt":"","width":1440,"height":1080,"srcset":"https:\/\/villarrealcf.es\/wp-content\/uploads\/2023\/03\/20230209_124000-1440x1080.jpg 1440w, https:\/\/villarrealcf.es\/\/wp-content\/uploads\/2023\/03\/20230209_124000-1440x1080.jpg 1920w, https:\/\/villarrealcf.es\/wp-content\/uploads\/2023\/03\/20230209_124000-1536x1152.jpg 1536w, https:\/\/villarrealcf.es\/wp-content\/uploads\/2023\/03\/20230209_124000-2048x1536.jpg 2048w, https:\/\/villarrealcf.es\/\/wp-content\/uploads\/2023\/03\/20230209_124000-1440x1080.jpg 1920w, https:\/\/villarrealcf.es\/\/wp-content\/uploads\/2023\/03\/20230209_124000-1440x1080.jpg 1920w, https:\/\/villarrealcf.es\/wp-content\/uploads\/2023\/03\/20230209_124000-32x24.jpg 32w, https:\/\/villarrealcf.es\/wp-content\/uploads\/2023\/03\/20230209_124000-150x113.jpg 150w, https:\/\/villarrealcf.es\/\/wp-content\/uploads\/2023\/03\/20230209_124000-1440x1080.jpg 1920w, https:\/\/villarrealcf.es\/wp-content\/uploads\/2023\/03\/20230209_124000-1200x900.jpg 1200w","sizes":"auto, (max-width: 1440px) 100vw, 1440px"}],"widgets":[],"blocks":[{"type":"heading","level":2,"text":"Villarreal CF has received a special visit from the Hungarian club, which has a professional co-operation agreement with the club"},{"type":"paragraph","text":"Villarreal CF received a special visit from Debreceni VSC last February. The Hungarian team, with whom the Submarine has a professional co-operation agreement, visited the club\u2019s sports facilities, represented by a delegation made up of two coaches and two players from the team from Debrecen."},{"type":"paragraph","text":"The coaches experienced a full immersion with the Villarreal U16s\u2019 coaching staff, met with the head of youth football recruitment and with the team of psychologists. To conclude this enriching experience, they shared their impressions with the director of methodology of the Yellow Submarine."},{"type":"paragraph","text":"While the coaches got to know the Villarreal way of working, the Hungarian players Zalan (2005) and Mark (2008) trained and were able to play friendly matches with the best teams in their age groups from the Yellows Academy."},{"type":"paragraph","text":"To round off the experience in Vila-real, the Debreceni VSC delegation enjoyed Villarreal CF\u2019s match against FC Barcelona at the new-look Estadio de la Cer\u00e1mica."},{"type":"paragraph","text":"Villarreal, committed to the sporting growth of DVSC"},{"type":"paragraph","text":"Villarreal CF has signed a cop-operation agreement with Debreceni Vasutas Sport Club in Hungary. Through this partnership, which lasts for three years, the Submarine will put its methodology at the service of the Hungarian team\u2019s academy for the development of its young talents. In addition, as a result of this agreement, three Villarreal youth coaches, Pablo Alberola, Carlos Ib\u00e1\u00f1ez and \u00c1lex Vi\u00f1a, have settled in Debrecen to focus their efforts on the growth of the DVSC youth academy until the end of the current season."},{"type":"image","url":"https:\/\/villarrealcf.es\/\/wp-content\/uploads\/2023\/03\/IMG-20230227-WA0002-810x1080.jpg","alt":"","width":810,"height":1080,"srcset":"https:\/\/villarrealcf.es\/wp-content\/uploads\/2023\/03\/IMG-20230227-WA0002-810x1080.jpg 810w, https:\/\/villarrealcf.es\/\/wp-content\/uploads\/2023\/03\/IMG-20230227-WA0002-810x1080.jpg 1920w, https:\/\/villarrealcf.es\/wp-content\/uploads\/2023\/03\/IMG-20230227-WA0002-1152x1536.jpg 1152w, https:\/\/villarrealcf.es\/wp-content\/uploads\/2023\/03\/IMG-20230227-WA0002-225x300.jpg 225w, https:\/\/villarrealcf.es\/wp-content\/uploads\/2023\/03\/IMG-20230227-WA0002-96x128.jpg 96w, https:\/\/villarrealcf.es\/wp-content\/uploads\/2023\/03\/IMG-20230227-WA0002-24x32.jpg 24w, https:\/\/villarrealcf.es\/wp-content\/uploads\/2023\/03\/IMG-20230227-WA0002-150x200.jpg 150w, https:\/\/villarrealcf.es\/\/wp-content\/uploads\/2023\/03\/IMG-20230227-WA0002-810x1080.jpg 1920w, https:\/\/villarrealcf.es\/wp-content\/uploads\/2023\/03\/IMG-20230227-WA0002.jpg 1200w, https:\/\/villarrealcf.es\/\/wp-content\/uploads\/2023\/03\/IMG-20230227-WA0002-810x1080.jpg 1920w, https:\/\/villarrealcf.es\/\/wp-content\/uploads\/2023\/03\/IMG-20230227-WA0002-810x1080.jpg 1920w","sizes":"auto, (max-width: 810px) 100vw, 810px"},{"type":"image","url":"https:\/\/villarrealcf.es\/\/wp-content\/uploads\/2023\/03\/IMG_3543-608x1080.jpg","alt":"","width":608,"height":1080,"srcset":"https:\/\/villarrealcf.es\/wp-content\/uploads\/2023\/03\/IMG_3543-608x1080.jpg 608w, https:\/\/villarrealcf.es\/\/wp-content\/uploads\/2023\/03\/IMG_3543-608x1080.jpg 1920w, https:\/\/villarrealcf.es\/wp-content\/uploads\/2023\/03\/IMG_3543-864x1536.jpg 864w, https:\/\/villarrealcf.es\/wp-content\/uploads\/2023\/03\/IMG_3543-1152x2048.jpg 1152w, https:\/\/villarrealcf.es\/wp-content\/uploads\/2023\/03\/IMG_3543-169x300.jpg 169w, https:\/\/villarrealcf.es\/wp-content\/uploads\/2023\/03\/IMG_3543-72x128.jpg 72w, https:\/\/villarrealcf.es\/wp-content\/uploads\/2023\/03\/IMG_3543-18x32.jpg 18w, https:\/\/villarrealcf.es\/wp-content\/uploads\/2023\/03\/IMG_3543-150x267.jpg 150w, https:\/\/villarrealcf.es\/\/wp-content\/uploads\/2023\/03\/IMG_3543-608x1080.jpg 1920w, https:\/\/villarrealcf.es\/wp-content\/uploads\/2023\/03\/IMG_3543-1200x2133.jpg 1200w, https:\/\/villarrealcf.es\/wp-content\/uploads\/2023\/03\/IMG_3543-scaled.jpg 1440w, https:\/\/villarrealcf.es\/\/wp-content\/uploads\/2023\/03\/IMG_3543-608x1080.jpg 1920w, https:\/\/villarrealcf.es\/\/wp-content\/uploads\/2023\/03\/IMG_3543-608x1080.jpg 1920w","sizes":"auto, (max-width: 608px) 100vw, 608px"},{"type":"image","url":"https:\/\/villarrealcf.es\/\/wp-content\/uploads\/2023\/03\/20230209_124508-1440x1080.jpg","alt":"","width":1440,"height":1080,"srcset":"https:\/\/villarrealcf.es\/wp-content\/uploads\/2023\/03\/20230209_124508-1440x1080.jpg 1440w, https:\/\/villarrealcf.es\/\/wp-content\/uploads\/2023\/03\/20230209_124508-1440x1080.jpg 1920w, https:\/\/villarrealcf.es\/wp-content\/uploads\/2023\/03\/20230209_124508-1536x1152.jpg 1536w, https:\/\/villarrealcf.es\/wp-content\/uploads\/2023\/03\/20230209_124508-2048x1536.jpg 2048w, https:\/\/villarrealcf.es\/\/wp-content\/uploads\/2023\/03\/20230209_124508-1440x1080.jpg 1920w, https:\/\/villarrealcf.es\/\/wp-content\/uploads\/2023\/03\/20230209_124508-1440x1080.jpg 1920w, https:\/\/villarrealcf.es\/wp-content\/uploads\/2023\/03\/20230209_124508-32x24.jpg 32w, https:\/\/villarrealcf.es\/wp-content\/uploads\/2023\/03\/20230209_124508-150x113.jpg 150w, https:\/\/villarrealcf.es\/\/wp-content\/uploads\/2023\/03\/20230209_124508-1440x1080.jpg 1920w, https:\/\/villarrealcf.es\/wp-content\/uploads\/2023\/03\/20230209_124508-1200x900.jpg 1200w","sizes":"auto, (max-width: 1440px) 100vw, 1440px"},{"type":"image","url":"https:\/\/villarrealcf.es\/\/wp-content\/uploads\/2023\/03\/20230209_121258-810x1080.jpg","alt":"","width":810,"height":1080,"srcset":"https:\/\/villarrealcf.es\/wp-content\/uploads\/2023\/03\/20230209_121258-810x1080.jpg 810w, https:\/\/villarrealcf.es\/\/wp-content\/uploads\/2023\/03\/20230209_121258-810x1080.jpg 1920w, https:\/\/villarrealcf.es\/wp-content\/uploads\/2023\/03\/20230209_121258-1152x1536.jpg 1152w, https:\/\/villarrealcf.es\/wp-content\/uploads\/2023\/03\/20230209_121258-1536x2048.jpg 1536w, https:\/\/villarrealcf.es\/wp-content\/uploads\/2023\/03\/20230209_121258-225x300.jpg 225w, https:\/\/villarrealcf.es\/wp-content\/uploads\/2023\/03\/20230209_121258-96x128.jpg 96w, https:\/\/villarrealcf.es\/wp-content\/uploads\/2023\/03\/20230209_121258-24x32.jpg 24w, https:\/\/villarrealcf.es\/wp-content\/uploads\/2023\/03\/20230209_121258-150x200.jpg 150w, https:\/\/villarrealcf.es\/\/wp-content\/uploads\/2023\/03\/20230209_121258-810x1080.jpg 1920w, https:\/\/villarrealcf.es\/wp-content\/uploads\/2023\/03\/20230209_121258-1200x1600.jpg 1200w, https:\/\/villarrealcf.es\/wp-content\/uploads\/2023\/03\/20230209_121258-scaled.jpg 1920w, https:\/\/villarrealcf.es\/\/wp-content\/uploads\/2023\/03\/20230209_121258-810x1080.jpg 1920w, https:\/\/villarrealcf.es\/\/wp-content\/uploads\/2023\/03\/20230209_121258-810x1080.jpg 1920w","sizes":"auto, (max-width: 810px) 100vw, 810px"},{"type":"image","url":"https:\/\/villarrealcf.es\/\/wp-content\/uploads\/2023\/03\/20230209_124000-1440x1080.jpg","alt":"","width":1440,"height":1080,"srcset":"https:\/\/villarrealcf.es\/wp-content\/uploads\/2023\/03\/20230209_124000-1440x1080.jpg 1440w, https:\/\/villarrealcf.es\/\/wp-content\/uploads\/2023\/03\/20230209_124000-1440x1080.jpg 1920w, https:\/\/villarrealcf.es\/wp-content\/uploads\/2023\/03\/20230209_124000-1536x1152.jpg 1536w, https:\/\/villarrealcf.es\/wp-content\/uploads\/2023\/03\/20230209_124000-2048x1536.jpg 2048w, https:\/\/villarrealcf.es\/\/wp-content\/uploads\/2023\/03\/20230209_124000-1440x1080.jpg 1920w, https:\/\/villarrealcf.es\/\/wp-content\/uploads\/2023\/03\/20230209_124000-1440x1080.jpg 1920w, https:\/\/villarrealcf.es\/wp-content\/uploads\/2023\/03\/20230209_124000-32x24.jpg 32w, https:\/\/villarrealcf.es\/wp-content\/uploads\/2023\/03\/20230209_124000-150x113.jpg 150w, https:\/\/villarrealcf.es\/\/wp-content\/uploads\/2023\/03\/20230209_124000-1440x1080.jpg 1920w, https:\/\/villarrealcf.es\/wp-content\/uploads\/2023\/03\/20230209_124000-1200x900.jpg 1200w","sizes":"auto, (max-width: 1440px) 100vw, 1440px"}]}},"sections":[{"id":"section-1","title":"Villarreal CF has received a special visit from the Hungarian club, which has a professional co-operation agreement with the club","text":"Villarreal CF has received a special visit from the Hungarian club, which has a professional co-operation agreement with the club Villarreal CF received a special visit from Debreceni VSC last February. The Hungarian team, with whom the Submarine has a professional co-operation agreement, visited the club\u2019s sports facilities, represented by a delegation made up of two coaches and two players from the team from Debrecen. The coaches experienced a full immersion with the Villarreal U16s\u2019 coaching staff, met with the head of youth football recruitment and with the team of psychologists. To conclude this enriching experience, they shared their impressions with the director of methodology of the Yellow Submarine. While the coaches got to know the Villarreal way of working, the Hungarian players Zalan (2005) and Mark (2008) trained and were able to play friendly matches with the best teams in their age groups from the Yellows Academy. To round off the experience in Vila-real, the Debreceni VSC delegation enjoyed Villarreal CF\u2019s match against FC Barcelona at the new-look Estadio de la Cer\u00e1mica. Villarreal, committed to the sporting growth of DVSC Villarreal CF has signed a cop-operation agreement with Debreceni Vasutas Sport Club in Hungary. Through this partnership, which lasts for three years, the Submarine will put its methodology at the service of the Hungarian team\u2019s academy for the development of its young talents. In addition, as a result of this agreement, three Villarreal youth coaches, Pablo Alberola, Carlos Ib\u00e1\u00f1ez and \u00c1lex Vi\u00f1a, have settled in Debrecen to focus their efforts on the growth of the DVSC youth academy until the end of the current season.","url":"","background_image":"","images":[{"type":"image","url":"https:\/\/villarrealcf.es\/\/wp-content\/uploads\/2023\/03\/IMG-20230227-WA0002-810x1080.jpg","alt":"","width":810,"height":1080,"srcset":"https:\/\/villarrealcf.es\/wp-content\/uploads\/2023\/03\/IMG-20230227-WA0002-810x1080.jpg 810w, https:\/\/villarrealcf.es\/\/wp-content\/uploads\/2023\/03\/IMG-20230227-WA0002-810x1080.jpg 1920w, https:\/\/villarrealcf.es\/wp-content\/uploads\/2023\/03\/IMG-20230227-WA0002-1152x1536.jpg 1152w, https:\/\/villarrealcf.es\/wp-content\/uploads\/2023\/03\/IMG-20230227-WA0002-225x300.jpg 225w, https:\/\/villarrealcf.es\/wp-content\/uploads\/2023\/03\/IMG-20230227-WA0002-96x128.jpg 96w, https:\/\/villarrealcf.es\/wp-content\/uploads\/2023\/03\/IMG-20230227-WA0002-24x32.jpg 24w, https:\/\/villarrealcf.es\/wp-content\/uploads\/2023\/03\/IMG-20230227-WA0002-150x200.jpg 150w, https:\/\/villarrealcf.es\/\/wp-content\/uploads\/2023\/03\/IMG-20230227-WA0002-810x1080.jpg 1920w, https:\/\/villarrealcf.es\/wp-content\/uploads\/2023\/03\/IMG-20230227-WA0002.jpg 1200w, https:\/\/villarrealcf.es\/\/wp-content\/uploads\/2023\/03\/IMG-20230227-WA0002-810x1080.jpg 1920w, https:\/\/villarrealcf.es\/\/wp-content\/uploads\/2023\/03\/IMG-20230227-WA0002-810x1080.jpg 1920w","sizes":"auto, (max-width: 810px) 100vw, 810px"},{"type":"image","url":"https:\/\/villarrealcf.es\/\/wp-content\/uploads\/2023\/03\/IMG_3543-608x1080.jpg","alt":"","width":608,"height":1080,"srcset":"https:\/\/villarrealcf.es\/wp-content\/uploads\/2023\/03\/IMG_3543-608x1080.jpg 608w, https:\/\/villarrealcf.es\/\/wp-content\/uploads\/2023\/03\/IMG_3543-608x1080.jpg 1920w, https:\/\/villarrealcf.es\/wp-content\/uploads\/2023\/03\/IMG_3543-864x1536.jpg 864w, https:\/\/villarrealcf.es\/wp-content\/uploads\/2023\/03\/IMG_3543-1152x2048.jpg 1152w, https:\/\/villarrealcf.es\/wp-content\/uploads\/2023\/03\/IMG_3543-169x300.jpg 169w, https:\/\/villarrealcf.es\/wp-content\/uploads\/2023\/03\/IMG_3543-72x128.jpg 72w, https:\/\/villarrealcf.es\/wp-content\/uploads\/2023\/03\/IMG_3543-18x32.jpg 18w, https:\/\/villarrealcf.es\/wp-content\/uploads\/2023\/03\/IMG_3543-150x267.jpg 150w, https:\/\/villarrealcf.es\/\/wp-content\/uploads\/2023\/03\/IMG_3543-608x1080.jpg 1920w, https:\/\/villarrealcf.es\/wp-content\/uploads\/2023\/03\/IMG_3543-1200x2133.jpg 1200w, https:\/\/villarrealcf.es\/wp-content\/uploads\/2023\/03\/IMG_3543-scaled.jpg 1440w, https:\/\/villarrealcf.es\/\/wp-content\/uploads\/2023\/03\/IMG_3543-608x1080.jpg 1920w, https:\/\/villarrealcf.es\/\/wp-content\/uploads\/2023\/03\/IMG_3543-608x1080.jpg 1920w","sizes":"auto, (max-width: 608px) 100vw, 608px"},{"type":"image","url":"https:\/\/villarrealcf.es\/\/wp-content\/uploads\/2023\/03\/20230209_124508-1440x1080.jpg","alt":"","width":1440,"height":1080,"srcset":"https:\/\/villarrealcf.es\/wp-content\/uploads\/2023\/03\/20230209_124508-1440x1080.jpg 1440w, https:\/\/villarrealcf.es\/\/wp-content\/uploads\/2023\/03\/20230209_124508-1440x1080.jpg 1920w, https:\/\/villarrealcf.es\/wp-content\/uploads\/2023\/03\/20230209_124508-1536x1152.jpg 1536w, https:\/\/villarrealcf.es\/wp-content\/uploads\/2023\/03\/20230209_124508-2048x1536.jpg 2048w, https:\/\/villarrealcf.es\/\/wp-content\/uploads\/2023\/03\/20230209_124508-1440x1080.jpg 1920w, https:\/\/villarrealcf.es\/\/wp-content\/uploads\/2023\/03\/20230209_124508-1440x1080.jpg 1920w, https:\/\/villarrealcf.es\/wp-content\/uploads\/2023\/03\/20230209_124508-32x24.jpg 32w, https:\/\/villarrealcf.es\/wp-content\/uploads\/2023\/03\/20230209_124508-150x113.jpg 150w, https:\/\/villarrealcf.es\/\/wp-content\/uploads\/2023\/03\/20230209_124508-1440x1080.jpg 1920w, https:\/\/villarrealcf.es\/wp-content\/uploads\/2023\/03\/20230209_124508-1200x900.jpg 1200w","sizes":"auto, (max-width: 1440px) 100vw, 1440px"},{"type":"image","url":"https:\/\/villarrealcf.es\/\/wp-content\/uploads\/2023\/03\/20230209_121258-810x1080.jpg","alt":"","width":810,"height":1080,"srcset":"https:\/\/villarrealcf.es\/wp-content\/uploads\/2023\/03\/20230209_121258-810x1080.jpg 810w, https:\/\/villarrealcf.es\/\/wp-content\/uploads\/2023\/03\/20230209_121258-810x1080.jpg 1920w, https:\/\/villarrealcf.es\/wp-content\/uploads\/2023\/03\/20230209_121258-1152x1536.jpg 1152w, https:\/\/villarrealcf.es\/wp-content\/uploads\/2023\/03\/20230209_121258-1536x2048.jpg 1536w, https:\/\/villarrealcf.es\/wp-content\/uploads\/2023\/03\/20230209_121258-225x300.jpg 225w, https:\/\/villarrealcf.es\/wp-content\/uploads\/2023\/03\/20230209_121258-96x128.jpg 96w, https:\/\/villarrealcf.es\/wp-content\/uploads\/2023\/03\/20230209_121258-24x32.jpg 24w, https:\/\/villarrealcf.es\/wp-content\/uploads\/2023\/03\/20230209_121258-150x200.jpg 150w, https:\/\/villarrealcf.es\/\/wp-content\/uploads\/2023\/03\/20230209_121258-810x1080.jpg 1920w, https:\/\/villarrealcf.es\/wp-content\/uploads\/2023\/03\/20230209_121258-1200x1600.jpg 1200w, https:\/\/villarrealcf.es\/wp-content\/uploads\/2023\/03\/20230209_121258-scaled.jpg 1920w, https:\/\/villarrealcf.es\/\/wp-content\/uploads\/2023\/03\/20230209_121258-810x1080.jpg 1920w, https:\/\/villarrealcf.es\/\/wp-content\/uploads\/2023\/03\/20230209_121258-810x1080.jpg 1920w","sizes":"auto, (max-width: 810px) 100vw, 810px"},{"type":"image","url":"https:\/\/villarrealcf.es\/\/wp-content\/uploads\/2023\/03\/20230209_124000-1440x1080.jpg","alt":"","width":1440,"height":1080,"srcset":"https:\/\/villarrealcf.es\/wp-content\/uploads\/2023\/03\/20230209_124000-1440x1080.jpg 1440w, https:\/\/villarrealcf.es\/\/wp-content\/uploads\/2023\/03\/20230209_124000-1440x1080.jpg 1920w, https:\/\/villarrealcf.es\/wp-content\/uploads\/2023\/03\/20230209_124000-1536x1152.jpg 1536w, https:\/\/villarrealcf.es\/wp-content\/uploads\/2023\/03\/20230209_124000-2048x1536.jpg 2048w, https:\/\/villarrealcf.es\/\/wp-content\/uploads\/2023\/03\/20230209_124000-1440x1080.jpg 1920w, https:\/\/villarrealcf.es\/\/wp-content\/uploads\/2023\/03\/20230209_124000-1440x1080.jpg 1920w, https:\/\/villarrealcf.es\/wp-content\/uploads\/2023\/03\/20230209_124000-32x24.jpg 32w, https:\/\/villarrealcf.es\/wp-content\/uploads\/2023\/03\/20230209_124000-150x113.jpg 150w, https:\/\/villarrealcf.es\/\/wp-content\/uploads\/2023\/03\/20230209_124000-1440x1080.jpg 1920w, https:\/\/villarrealcf.es\/wp-content\/uploads\/2023\/03\/20230209_124000-1200x900.jpg 1200w","sizes":"auto, (max-width: 1440px) 100vw, 1440px"}],"videos":[],"links":[]}]},"excerpt":{"rendered":"Villarreal CF has received a special visit from the Hungarian club, which has a professional co-operation agreement with the club","protected":false},"author":25,"featured_media":254906,"comment_status":"closed","ping_status":"closed","sticky":false,"template":"","format":"standard","meta":{"_acf_changed":false,"footnotes":""},"categories":[13788],"tags":[9201,13478,13789,13463,13504,13477,9199,13482,13929,13487],"acf":null,"lang":"en","translations":{"es":254895,"val":254930,"en":254935},"essential_grid":{"has_grid":false},"formatted_date":"March 1, 2023","modified_date":"March 1, 2023","permalink":"https:\/\/villarrealcf.es\/en\/el-debreceni-vsc-llega-a-miralcamp\/","reading_time":2,"featured_media_data":{"id":254906,"title":"YER","caption":"","alt_text":"","description":"","mime_type":"image\/jpeg","source_url":"https:\/\/villarrealcf.es\/wp-content\/uploads\/2023\/03\/YER.jpg","sizes":{"thumbnail":{"url":"https:\/\/villarrealcf.es\/wp-content\/uploads\/2023\/03\/YER-1920x1080.jpg","width":1920,"height":1080},"medium":{"url":"https:\/\/villarrealcf.es\/wp-content\/uploads\/2023\/03\/YER-1920x1080.jpg","width":1920,"height":1080},"medium_large":{"url":"https:\/\/villarrealcf.es\/wp-content\/uploads\/2023\/03\/YER-768x432.jpg","width":768,"height":432},"large":{"url":"https:\/\/villarrealcf.es\/wp-content\/uploads\/2023\/03\/YER-1920x1080.jpg","width":788,"height":443},"1536x1536":{"url":"https:\/\/villarrealcf.es\/wp-content\/uploads\/2023\/03\/YER-1536x864.jpg","width":1536,"height":864},"2048x2048":{"url":"https:\/\/villarrealcf.es\/wp-content\/uploads\/2023\/03\/YER.jpg","width":1920,"height":1080},"tp-image-grid":{"url":"https:\/\/villarrealcf.es\/wp-content\/uploads\/2023\/03\/YER-700x700.jpg","width":700,"height":700},"size-bunyad-medium":{"url":"https:\/\/villarrealcf.es\/wp-content\/uploads\/2023\/03\/YER-1920x1080.jpg","width":1920,"height":1080},"sportspress-crop-medium":{"url":"https:\/\/villarrealcf.es\/wp-content\/uploads\/2023\/03\/YER-300x300.jpg","width":300,"height":300},"sportspress-fit-medium":{"url":"https:\/\/villarrealcf.es\/wp-content\/uploads\/2023\/03\/YER-300x169.jpg","width":300,"height":169},"sportspress-fit-icon":{"url":"https:\/\/villarrealcf.es\/wp-content\/uploads\/2023\/03\/YER-128x72.jpg","width":128,"height":72},"sportspress-fit-mini":{"url":"https:\/\/villarrealcf.es\/wp-content\/uploads\/2023\/03\/YER-32x18.jpg","width":32,"height":18},"bunyad-small":{"url":"https:\/\/villarrealcf.es\/wp-content\/uploads\/2023\/03\/YER-150x84.jpg","width":150,"height":84},"bunyad-medium":{"url":"https:\/\/villarrealcf.es\/wp-content\/uploads\/2023\/03\/YER-450x253.jpg","width":450,"height":253},"bunyad-full":{"url":"https:\/\/villarrealcf.es\/wp-content\/uploads\/2023\/03\/YER-1200x675.jpg","width":1200,"height":675},"bunyad-viewport":{"url":"https:\/\/villarrealcf.es\/wp-content\/uploads\/2023\/03\/YER.jpg","width":1920,"height":1080},"bunyad-768":{"url":"https:\/\/villarrealcf.es\/wp-content\/uploads\/2023\/03\/YER-768x432.jpg","width":768,"height":432},"full":{"url":"https:\/\/villarrealcf.es\/wp-content\/uploads\/2023\/03\/YER.jpg","width":1920,"height":1080}}},"author_data":{"id":"25","name":"Javier Ayuso","first_name":"Javier","last_name":"Ayuso","description":"","avatar_url":"https:\/\/secure.gravatar.com\/avatar\/fcf8894be45988fcce5bbff0efe1790d2a7f4ba57e2c7c898f5068154e696495?s=96&d=mm&r=g","acf":null},"taxonomies_data":{"category":[{"id":13788,"name":"Youth Football","slug":"youth-football","acf":null}],"post_tag":[{"id":9201,"name":"Football","slug":"football-d34-en","acf":null},{"id":13478,"name":"Football","slug":"football-eng","acf":null},{"id":13789,"name":"F\u00fatbol Base","slug":"futbol-base-3-en","acf":null},{"id":13463,"name":"Sin categorizar","slug":"sin-categorizar","acf":null},{"id":13504,"name":"Sin categorizar","slug":"sin-categorizar-en-19","acf":null},{"id":13477,"name":"Sin categorizar","slug":"sin-categorizar-en","acf":null},{"id":9199,"name":"Soccer","slug":"soccer-d105-en","acf":null},{"id":13482,"name":"Submarine","slug":"submarine-en","acf":null},{"id":13929,"name":"Villarreal Academy","slug":"villarreal-academy-3","acf":null},{"id":13487,"name":"Yellow Submarine","slug":"yellow-submarine-en","acf":null}],"translation_priority":[{"id":734,"name":"Optional","slug":"optional-en","acf":null}]},"seo_full":{"native":{"title":"Debreceni VSC visit Miralcamp - Web Oficial del Villarreal CF","description":"Villarreal CF has received a special visit from the Hungarian club, which has a professional co-operation agreement with the club","canonical":"https:\/\/villarrealcf.es\/en\/el-debreceni-vsc-llega-a-miralcamp\/"}},"_links":{"self":[{"href":"https:\/\/villarrealcf.es\/en\/wp-json\/wp\/v2\/posts\/254935","targetHints":{"allow":["GET"]}}],"collection":[{"href":"https:\/\/villarrealcf.es\/en\/wp-json\/wp\/v2\/posts"}],"about":[{"href":"https:\/\/villarrealcf.es\/en\/wp-json\/wp\/v2\/types\/post"}],"author":[{"embeddable":true,"href":"https:\/\/villarrealcf.es\/en\/wp-json\/wp\/v2\/users\/25"}],"replies":[{"embeddable":true,"href":"https:\/\/villarrealcf.es\/en\/wp-json\/wp\/v2\/comments?post=254935"}],"version-history":[{"count":0,"href":"https:\/\/villarrealcf.es\/en\/wp-json\/wp\/v2\/posts\/254935\/revisions"}],"wp:featuredmedia":[{"embeddable":true,"href":"https:\/\/villarrealcf.es\/en\/wp-json\/wp\/v2\/media\/254906"}],"wp:attachment":[{"href":"https:\/\/villarrealcf.es\/en\/wp-json\/wp\/v2\/media?parent=254935"}],"wp:term":[{"taxonomy":"category","embeddable":true,"href":"https:\/\/villarrealcf.es\/en\/wp-json\/wp\/v2\/categories?post=254935"},{"taxonomy":"post_tag","embeddable":true,"href":"https:\/\/villarrealcf.es\/en\/wp-json\/wp\/v2\/tags?post=254935"}],"curies":[{"name":"wp","href":"https:\/\/api.w.org\/{rel}","templated":true}]}}