{"id":250719,"date":"2023-02-12T23:20:29","date_gmt":"2023-02-12T22:20:29","guid":{"rendered":"https:\/\/villarrealcf.es\/\/el-estadio-de-la-ceramica-estrena-show-de-luces\/"},"modified":"2023-02-12T23:32:35","modified_gmt":"2023-02-12T22:32:35","slug":"el-estadio-de-la-ceramica-estrena-show-de-luces","status":"publish","type":"post","link":"https:\/\/villarrealcf.es\/en\/el-estadio-de-la-ceramica-estrena-show-de-luces\/","title":{"rendered":"The new-look Estadio de la Cer\u00e1mica hosts its first light show"},"content":{"protected":false,"blocks":[{"type":"heading","level":2,"text":"Fans were able to enjoy the spectacle in the run-up to the Bar\u00e7a game"},{"type":"paragraph","text":"The Estadio de la Cer\u00e1mica unveiled a spectacular light show in the build-up to the match against FC Barcelona. With the stands full of fans, there were two highlights: the first when the the Villarreal line-up was announced and the second when the two teams plus the refereeing trio came on to the pitch. In this one, the lights went up to the rhythm of the club\u2019s centenary anthem, composed by Nacho Cano. Impressive."},{"type":"paragraph","text":"The SkyCam was also unveiled"},{"type":"paragraph","text":"Another novelty of the match against FC Barcelona was the premiere of the SkyCam, which brought spectacular shots to the match broadcast."}],"structured":{"summary":{"text":"Fans were able to enjoy the spectacle in the run-up to the Bar\u00e7a game The Estadio de la Cer\u00e1mica unveiled a spectacular light show in the build-up to the match against FC Barcelona. With the stands full of fans, there were two highlights: the first when the the Villarreal line-up was announced and the second when the two teams plus the refereeing trio came on to the pitch. In this one, the lights went up to the rhythm of the club\u2019s centenary anthem, composed by Nacho Cano. Impressive. The SkyCam was also unveiled Another novelty of the match against FC Barcelona was the premiere of the SkyCam, which brought spectacular shots to the match broadcast.","headings":[{"type":"heading","level":2,"text":"Fans were able to enjoy the spectacle in the run-up to the Bar\u00e7a game"}],"buttons":[],"images":[],"counts":{"blocks":4,"headings":1,"texts":3,"buttons":0,"images":0}},"sections":[{"id":"section-1","title":"Fans were able to enjoy the spectacle in the run-up to the Bar\u00e7a game","text":"Fans were able to enjoy the spectacle in the run-up to the Bar\u00e7a game The Estadio de la Cer\u00e1mica unveiled a spectacular light show in the build-up to the match against FC Barcelona. With the stands full of fans, there were two highlights: the first when the the Villarreal line-up was announced and the second when the two teams plus the refereeing trio came on to the pitch. In this one, the lights went up to the rhythm of the club\u2019s centenary anthem, composed by Nacho Cano. Impressive. The SkyCam was also unveiled Another novelty of the match against FC Barcelona was the premiere of the SkyCam, which brought spectacular shots to the match broadcast.","headings":[{"type":"heading","level":2,"text":"Fans were able to enjoy the spectacle in the run-up to the Bar\u00e7a game"}],"texts":[{"type":"paragraph","text":"The Estadio de la Cer\u00e1mica unveiled a spectacular light show in the build-up to the match against FC Barcelona. With the stands full of fans, there were two highlights: the first when the the Villarreal line-up was announced and the second when the two teams plus the refereeing trio came on to the pitch. In this one, the lights went up to the rhythm of the club\u2019s centenary anthem, composed by Nacho Cano. Impressive."},{"type":"paragraph","text":"The SkyCam was also unveiled"},{"type":"paragraph","text":"Another novelty of the match against FC Barcelona was the premiere of the SkyCam, which brought spectacular shots to the match broadcast."}],"buttons":[],"images":[],"widgets":[],"blocks":[{"type":"heading","level":2,"text":"Fans were able to enjoy the spectacle in the run-up to the Bar\u00e7a game"},{"type":"paragraph","text":"The Estadio de la Cer\u00e1mica unveiled a spectacular light show in the build-up to the match against FC Barcelona. With the stands full of fans, there were two highlights: the first when the the Villarreal line-up was announced and the second when the two teams plus the refereeing trio came on to the pitch. In this one, the lights went up to the rhythm of the club\u2019s centenary anthem, composed by Nacho Cano. Impressive."},{"type":"paragraph","text":"The SkyCam was also unveiled"},{"type":"paragraph","text":"Another novelty of the match against FC Barcelona was the premiere of the SkyCam, which brought spectacular shots to the match broadcast."}]}],"hero":{"id":"section-1","title":"Fans were able to enjoy the spectacle in the run-up to the Bar\u00e7a game","text":"Fans were able to enjoy the spectacle in the run-up to the Bar\u00e7a game The Estadio de la Cer\u00e1mica unveiled a spectacular light show in the build-up to the match against FC Barcelona. With the stands full of fans, there were two highlights: the first when the the Villarreal line-up was announced and the second when the two teams plus the refereeing trio came on to the pitch. In this one, the lights went up to the rhythm of the club\u2019s centenary anthem, composed by Nacho Cano. Impressive. The SkyCam was also unveiled Another novelty of the match against FC Barcelona was the premiere of the SkyCam, which brought spectacular shots to the match broadcast.","headings":[{"type":"heading","level":2,"text":"Fans were able to enjoy the spectacle in the run-up to the Bar\u00e7a game"}],"texts":[{"type":"paragraph","text":"The Estadio de la Cer\u00e1mica unveiled a spectacular light show in the build-up to the match against FC Barcelona. With the stands full of fans, there were two highlights: the first when the the Villarreal line-up was announced and the second when the two teams plus the refereeing trio came on to the pitch. In this one, the lights went up to the rhythm of the club\u2019s centenary anthem, composed by Nacho Cano. Impressive."},{"type":"paragraph","text":"The SkyCam was also unveiled"},{"type":"paragraph","text":"Another novelty of the match against FC Barcelona was the premiere of the SkyCam, which brought spectacular shots to the match broadcast."}],"buttons":[],"images":[],"widgets":[],"blocks":[{"type":"heading","level":2,"text":"Fans were able to enjoy the spectacle in the run-up to the Bar\u00e7a game"},{"type":"paragraph","text":"The Estadio de la Cer\u00e1mica unveiled a spectacular light show in the build-up to the match against FC Barcelona. With the stands full of fans, there were two highlights: the first when the the Villarreal line-up was announced and the second when the two teams plus the refereeing trio came on to the pitch. In this one, the lights went up to the rhythm of the club\u2019s centenary anthem, composed by Nacho Cano. Impressive."},{"type":"paragraph","text":"The SkyCam was also unveiled"},{"type":"paragraph","text":"Another novelty of the match against FC Barcelona was the premiere of the SkyCam, which brought spectacular shots to the match broadcast."}]}},"sections":[{"id":"section-1","title":"Fans were able to enjoy the spectacle in the run-up to the Bar\u00e7a game","text":"Fans were able to enjoy the spectacle in the run-up to the Bar\u00e7a game The Estadio de la Cer\u00e1mica unveiled a spectacular light show in the build-up to the match against FC Barcelona. With the stands full of fans, there were two highlights: the first when the the Villarreal line-up was announced and the second when the two teams plus the refereeing trio came on to the pitch. In this one, the lights went up to the rhythm of the club\u2019s centenary anthem, composed by Nacho Cano. Impressive. The SkyCam was also unveiled Another novelty of the match against FC Barcelona was the premiere of the SkyCam, which brought spectacular shots to the match broadcast.","url":"","background_image":"","images":[],"videos":[],"links":[]}]},"excerpt":{"rendered":"Fans were able to enjoy the spectacle in the run-up to the Bar\u00e7a game","protected":false},"author":33,"featured_media":250707,"comment_status":"closed","ping_status":"closed","sticky":false,"template":"","format":"standard","meta":{"_acf_changed":false,"footnotes":""},"categories":[13485],"tags":[13424,13478,9201,13463,9199,13487],"acf":null,"lang":"en","translations":{"es":250704,"val":250712,"en":250719},"essential_grid":{"has_grid":false},"formatted_date":"February 12, 2023","modified_date":"February 12, 2023","permalink":"https:\/\/villarrealcf.es\/en\/el-estadio-de-la-ceramica-estrena-show-de-luces\/","reading_time":1,"featured_media_data":{"id":250707,"title":"show","caption":"","alt_text":"","description":"","mime_type":"image\/jpeg","source_url":"https:\/\/villarrealcf.es\/wp-content\/uploads\/2023\/02\/show.jpg","sizes":{"thumbnail":{"url":"https:\/\/villarrealcf.es\/wp-content\/uploads\/2023\/02\/show.jpg","width":1597,"height":898},"medium":{"url":"https:\/\/villarrealcf.es\/wp-content\/uploads\/2023\/02\/show.jpg","width":1597,"height":898},"medium_large":{"url":"https:\/\/villarrealcf.es\/wp-content\/uploads\/2023\/02\/show-768x432.jpg","width":768,"height":432},"large":{"url":"https:\/\/villarrealcf.es\/wp-content\/uploads\/2023\/02\/show.jpg","width":788,"height":443},"1536x1536":{"url":"https:\/\/villarrealcf.es\/wp-content\/uploads\/2023\/02\/show-1536x864.jpg","width":1536,"height":864},"2048x2048":{"url":"https:\/\/villarrealcf.es\/wp-content\/uploads\/2023\/02\/show.jpg","width":1597,"height":898},"tp-image-grid":{"url":"https:\/\/villarrealcf.es\/wp-content\/uploads\/2023\/02\/show-700x700.jpg","width":700,"height":700},"size-bunyad-medium":{"url":"https:\/\/villarrealcf.es\/wp-content\/uploads\/2023\/02\/show.jpg","width":1597,"height":898},"sportspress-crop-medium":{"url":"https:\/\/villarrealcf.es\/wp-content\/uploads\/2023\/02\/show-300x300.jpg","width":300,"height":300},"sportspress-fit-medium":{"url":"https:\/\/villarrealcf.es\/wp-content\/uploads\/2023\/02\/show-300x169.jpg","width":300,"height":169},"sportspress-fit-icon":{"url":"https:\/\/villarrealcf.es\/wp-content\/uploads\/2023\/02\/show-128x72.jpg","width":128,"height":72},"sportspress-fit-mini":{"url":"https:\/\/villarrealcf.es\/wp-content\/uploads\/2023\/02\/show-32x18.jpg","width":32,"height":18},"bunyad-small":{"url":"https:\/\/villarrealcf.es\/wp-content\/uploads\/2023\/02\/show-150x84.jpg","width":150,"height":84},"bunyad-medium":{"url":"https:\/\/villarrealcf.es\/wp-content\/uploads\/2023\/02\/show-450x253.jpg","width":450,"height":253},"bunyad-full":{"url":"https:\/\/villarrealcf.es\/wp-content\/uploads\/2023\/02\/show-1200x675.jpg","width":1200,"height":675},"bunyad-viewport":{"url":"https:\/\/villarrealcf.es\/wp-content\/uploads\/2023\/02\/show.jpg","width":1597,"height":898},"bunyad-768":{"url":"https:\/\/villarrealcf.es\/wp-content\/uploads\/2023\/02\/show-768x432.jpg","width":768,"height":432},"full":{"url":"https:\/\/villarrealcf.es\/wp-content\/uploads\/2023\/02\/show.jpg","width":1597,"height":898}}},"author_data":{"id":"33","name":"Nacho Tejada","first_name":"Nacho","last_name":"Tejada","description":"","avatar_url":"https:\/\/secure.gravatar.com\/avatar\/b1580534b2fcd93e031504756165758941290488df5c88966a26f84344931fd1?s=96&d=mm&r=g","acf":null},"taxonomies_data":{"category":[{"id":13485,"name":"Club","slug":"club","acf":null}],"post_tag":[{"id":13424,"name":"Estadio de la Cer\u00e1mica","slug":"estadio-de-la-ceramica-en","acf":null},{"id":13478,"name":"Football","slug":"football-eng","acf":null},{"id":9201,"name":"Football","slug":"football-d34-en","acf":null},{"id":13463,"name":"Sin categorizar","slug":"sin-categorizar","acf":null},{"id":9199,"name":"Soccer","slug":"soccer-d105-en","acf":null},{"id":13487,"name":"Yellow Submarine","slug":"yellow-submarine-en","acf":null}],"translation_priority":[{"id":734,"name":"Optional","slug":"optional-en","acf":null}]},"seo_full":{"native":{"title":"The new-look Estadio de la Cer\u00e1mica hosts its first light show - Web Oficial del Villarreal CF","description":"Fans were able to enjoy the spectacle in the run-up to the Bar\u00e7a game","canonical":"https:\/\/villarrealcf.es\/en\/el-estadio-de-la-ceramica-estrena-show-de-luces\/"}},"_links":{"self":[{"href":"https:\/\/villarrealcf.es\/en\/wp-json\/wp\/v2\/posts\/250719","targetHints":{"allow":["GET"]}}],"collection":[{"href":"https:\/\/villarrealcf.es\/en\/wp-json\/wp\/v2\/posts"}],"about":[{"href":"https:\/\/villarrealcf.es\/en\/wp-json\/wp\/v2\/types\/post"}],"author":[{"embeddable":true,"href":"https:\/\/villarrealcf.es\/en\/wp-json\/wp\/v2\/users\/33"}],"replies":[{"embeddable":true,"href":"https:\/\/villarrealcf.es\/en\/wp-json\/wp\/v2\/comments?post=250719"}],"version-history":[{"count":0,"href":"https:\/\/villarrealcf.es\/en\/wp-json\/wp\/v2\/posts\/250719\/revisions"}],"wp:featuredmedia":[{"embeddable":true,"href":"https:\/\/villarrealcf.es\/en\/wp-json\/wp\/v2\/media\/250707"}],"wp:attachment":[{"href":"https:\/\/villarrealcf.es\/en\/wp-json\/wp\/v2\/media?parent=250719"}],"wp:term":[{"taxonomy":"category","embeddable":true,"href":"https:\/\/villarrealcf.es\/en\/wp-json\/wp\/v2\/categories?post=250719"},{"taxonomy":"post_tag","embeddable":true,"href":"https:\/\/villarrealcf.es\/en\/wp-json\/wp\/v2\/tags?post=250719"}],"curies":[{"name":"wp","href":"https:\/\/api.w.org\/{rel}","templated":true}]}}