{"id":250148,"date":"2023-02-08T16:43:25","date_gmt":"2023-02-08T15:43:25","guid":{"rendered":"https:\/\/villarrealcf.es\/\/el-villarreal-celebra-una-jornada-formativa-para-clubes-convenidos\/"},"modified":"2023-02-08T17:55:04","modified_gmt":"2023-02-08T16:55:04","slug":"el-villarreal-celebra-una-jornada-formativa-para-clubes-convenidos","status":"publish","type":"post","link":"https:\/\/villarrealcf.es\/en\/el-villarreal-celebra-una-jornada-formativa-para-clubes-convenidos\/","title":{"rendered":"Villarreal CF holds a training day for affiliated clubs"},"content":{"protected":false,"blocks":[{"type":"heading","level":2,"text":"The representatives of the partner teams have attended the meeting at the Jos\u00e9 Manuel Llaneza Training Ground"},{"type":"paragraph","text":"Villarreal CF held an educational meeting this Wednesday with the clubs that have signed collaborationg agreements with the club regarding grassroots football. The Yellows organised the first of four training sessions that will take place this season."},{"type":"paragraph","text":"The day, which consisted of a two sessions, in the morning and afternoon, was led by the director of football, Miguel \u00c1ngel Tena, and focused on the organisation and operation of Villarreal CF\u2019s youth football, as well as the most important aspects of the club\u2019s methodology."},{"type":"paragraph","text":"The clubs that have a grassroots football agreement with Villarreal CF are the following: CD Roda, Primer Toque CF, Benicarlo BF, CE Vila d\u2019Onda, UD Vall de Ux\u00f3, CD La Floresta, CD Oliver, EF Gav\u00e0, EF Torre Pacheco, FEB Ontinyent, Elda Uni\u00f3n CF, Lacross Babel CF, Mislata UF and UCD La Ca\u00f1ada Atl\u00e9tico."}],"structured":{"summary":{"text":"The representatives of the partner teams have attended the meeting at the Jos\u00e9 Manuel Llaneza Training Ground Villarreal CF held an educational meeting this Wednesday with the clubs that have signed collaborationg agreements with the club regarding grassroots football. The Yellows organised the first of four training sessions that will take place this season. The day, which consisted of a two sessions, in the morning and afternoon, was led by the director of football, Miguel \u00c1ngel Tena, and focused on the organisation and operation of Villarreal CF\u2019s youth football, as well as the most important aspects of the club\u2019s methodology. The clubs that have a grassroots football agreement with Villarreal CF are the following: CD Roda, Primer Toque CF, Benicarlo BF, CE Vila d\u2019Onda, UD Vall de Ux\u00f3, CD La Floresta, CD Oliver, EF Gav\u00e0, EF Torre Pacheco, FEB Ontinyent, Elda Uni\u00f3n CF, Lacross Babel CF, Mislata UF and UCD La Ca\u00f1ada Atl\u00e9tico.","headings":[{"type":"heading","level":2,"text":"The representatives of the partner teams have attended the meeting at the Jos\u00e9 Manuel Llaneza Training Ground"}],"buttons":[],"images":[],"counts":{"blocks":4,"headings":1,"texts":3,"buttons":0,"images":0}},"sections":[{"id":"section-1","title":"The representatives of the partner teams have attended the meeting at the Jos\u00e9 Manuel Llaneza Training Ground","text":"The representatives of the partner teams have attended the meeting at the Jos\u00e9 Manuel Llaneza Training Ground Villarreal CF held an educational meeting this Wednesday with the clubs that have signed collaborationg agreements with the club regarding grassroots football. The Yellows organised the first of four training sessions that will take place this season. The day, which consisted of a two sessions, in the morning and afternoon, was led by the director of football, Miguel \u00c1ngel Tena, and focused on the organisation and operation of Villarreal CF\u2019s youth football, as well as the most important aspects of the club\u2019s methodology. The clubs that have a grassroots football agreement with Villarreal CF are the following: CD Roda, Primer Toque CF, Benicarlo BF, CE Vila d\u2019Onda, UD Vall de Ux\u00f3, CD La Floresta, CD Oliver, EF Gav\u00e0, EF Torre Pacheco, FEB Ontinyent, Elda Uni\u00f3n CF, Lacross Babel CF, Mislata UF and UCD La Ca\u00f1ada Atl\u00e9tico.","headings":[{"type":"heading","level":2,"text":"The representatives of the partner teams have attended the meeting at the Jos\u00e9 Manuel Llaneza Training Ground"}],"texts":[{"type":"paragraph","text":"Villarreal CF held an educational meeting this Wednesday with the clubs that have signed collaborationg agreements with the club regarding grassroots football. The Yellows organised the first of four training sessions that will take place this season."},{"type":"paragraph","text":"The day, which consisted of a two sessions, in the morning and afternoon, was led by the director of football, Miguel \u00c1ngel Tena, and focused on the organisation and operation of Villarreal CF\u2019s youth football, as well as the most important aspects of the club\u2019s methodology."},{"type":"paragraph","text":"The clubs that have a grassroots football agreement with Villarreal CF are the following: CD Roda, Primer Toque CF, Benicarlo BF, CE Vila d\u2019Onda, UD Vall de Ux\u00f3, CD La Floresta, CD Oliver, EF Gav\u00e0, EF Torre Pacheco, FEB Ontinyent, Elda Uni\u00f3n CF, Lacross Babel CF, Mislata UF and UCD La Ca\u00f1ada Atl\u00e9tico."}],"buttons":[],"images":[],"widgets":[],"blocks":[{"type":"heading","level":2,"text":"The representatives of the partner teams have attended the meeting at the Jos\u00e9 Manuel Llaneza Training Ground"},{"type":"paragraph","text":"Villarreal CF held an educational meeting this Wednesday with the clubs that have signed collaborationg agreements with the club regarding grassroots football. The Yellows organised the first of four training sessions that will take place this season."},{"type":"paragraph","text":"The day, which consisted of a two sessions, in the morning and afternoon, was led by the director of football, Miguel \u00c1ngel Tena, and focused on the organisation and operation of Villarreal CF\u2019s youth football, as well as the most important aspects of the club\u2019s methodology."},{"type":"paragraph","text":"The clubs that have a grassroots football agreement with Villarreal CF are the following: CD Roda, Primer Toque CF, Benicarlo BF, CE Vila d\u2019Onda, UD Vall de Ux\u00f3, CD La Floresta, CD Oliver, EF Gav\u00e0, EF Torre Pacheco, FEB Ontinyent, Elda Uni\u00f3n CF, Lacross Babel CF, Mislata UF and UCD La Ca\u00f1ada Atl\u00e9tico."}]}],"hero":{"id":"section-1","title":"The representatives of the partner teams have attended the meeting at the Jos\u00e9 Manuel Llaneza Training Ground","text":"The representatives of the partner teams have attended the meeting at the Jos\u00e9 Manuel Llaneza Training Ground Villarreal CF held an educational meeting this Wednesday with the clubs that have signed collaborationg agreements with the club regarding grassroots football. The Yellows organised the first of four training sessions that will take place this season. The day, which consisted of a two sessions, in the morning and afternoon, was led by the director of football, Miguel \u00c1ngel Tena, and focused on the organisation and operation of Villarreal CF\u2019s youth football, as well as the most important aspects of the club\u2019s methodology. The clubs that have a grassroots football agreement with Villarreal CF are the following: CD Roda, Primer Toque CF, Benicarlo BF, CE Vila d\u2019Onda, UD Vall de Ux\u00f3, CD La Floresta, CD Oliver, EF Gav\u00e0, EF Torre Pacheco, FEB Ontinyent, Elda Uni\u00f3n CF, Lacross Babel CF, Mislata UF and UCD La Ca\u00f1ada Atl\u00e9tico.","headings":[{"type":"heading","level":2,"text":"The representatives of the partner teams have attended the meeting at the Jos\u00e9 Manuel Llaneza Training Ground"}],"texts":[{"type":"paragraph","text":"Villarreal CF held an educational meeting this Wednesday with the clubs that have signed collaborationg agreements with the club regarding grassroots football. The Yellows organised the first of four training sessions that will take place this season."},{"type":"paragraph","text":"The day, which consisted of a two sessions, in the morning and afternoon, was led by the director of football, Miguel \u00c1ngel Tena, and focused on the organisation and operation of Villarreal CF\u2019s youth football, as well as the most important aspects of the club\u2019s methodology."},{"type":"paragraph","text":"The clubs that have a grassroots football agreement with Villarreal CF are the following: CD Roda, Primer Toque CF, Benicarlo BF, CE Vila d\u2019Onda, UD Vall de Ux\u00f3, CD La Floresta, CD Oliver, EF Gav\u00e0, EF Torre Pacheco, FEB Ontinyent, Elda Uni\u00f3n CF, Lacross Babel CF, Mislata UF and UCD La Ca\u00f1ada Atl\u00e9tico."}],"buttons":[],"images":[],"widgets":[],"blocks":[{"type":"heading","level":2,"text":"The representatives of the partner teams have attended the meeting at the Jos\u00e9 Manuel Llaneza Training Ground"},{"type":"paragraph","text":"Villarreal CF held an educational meeting this Wednesday with the clubs that have signed collaborationg agreements with the club regarding grassroots football. The Yellows organised the first of four training sessions that will take place this season."},{"type":"paragraph","text":"The day, which consisted of a two sessions, in the morning and afternoon, was led by the director of football, Miguel \u00c1ngel Tena, and focused on the organisation and operation of Villarreal CF\u2019s youth football, as well as the most important aspects of the club\u2019s methodology."},{"type":"paragraph","text":"The clubs that have a grassroots football agreement with Villarreal CF are the following: CD Roda, Primer Toque CF, Benicarlo BF, CE Vila d\u2019Onda, UD Vall de Ux\u00f3, CD La Floresta, CD Oliver, EF Gav\u00e0, EF Torre Pacheco, FEB Ontinyent, Elda Uni\u00f3n CF, Lacross Babel CF, Mislata UF and UCD La Ca\u00f1ada Atl\u00e9tico."}]}},"sections":[{"id":"section-1","title":"The representatives of the partner teams have attended the meeting at the Jos\u00e9 Manuel Llaneza Training Ground","text":"The representatives of the partner teams have attended the meeting at the Jos\u00e9 Manuel Llaneza Training Ground Villarreal CF held an educational meeting this Wednesday with the clubs that have signed collaborationg agreements with the club regarding grassroots football. The Yellows organised the first of four training sessions that will take place this season. The day, which consisted of a two sessions, in the morning and afternoon, was led by the director of football, Miguel \u00c1ngel Tena, and focused on the organisation and operation of Villarreal CF\u2019s youth football, as well as the most important aspects of the club\u2019s methodology. The clubs that have a grassroots football agreement with Villarreal CF are the following: CD Roda, Primer Toque CF, Benicarlo BF, CE Vila d\u2019Onda, UD Vall de Ux\u00f3, CD La Floresta, CD Oliver, EF Gav\u00e0, EF Torre Pacheco, FEB Ontinyent, Elda Uni\u00f3n CF, Lacross Babel CF, Mislata UF and UCD La Ca\u00f1ada Atl\u00e9tico.","url":"","background_image":"","images":[],"videos":[],"links":[]}]},"excerpt":{"rendered":"The representatives of the partner teams have attended the meeting at the Jos\u00e9 Manuel Llaneza Training Ground","protected":false},"author":25,"featured_media":250140,"comment_status":"closed","ping_status":"closed","sticky":false,"template":"","format":"standard","meta":{"_acf_changed":false,"footnotes":""},"categories":[13788],"tags":[13478,9201,13789,13504,13463,13477,9199,13482,13487],"acf":null,"lang":"en","translations":{"es":250137,"val":250144,"en":250148},"essential_grid":{"has_grid":false},"formatted_date":"February 8, 2023","modified_date":"February 8, 2023","permalink":"https:\/\/villarrealcf.es\/en\/el-villarreal-celebra-una-jornada-formativa-para-clubes-convenidos\/","reading_time":1,"featured_media_data":{"id":250140,"title":"club","caption":"","alt_text":"","description":"","mime_type":"image\/jpeg","source_url":"https:\/\/villarrealcf.es\/wp-content\/uploads\/2023\/02\/club.jpg","sizes":{"thumbnail":{"url":"https:\/\/villarrealcf.es\/wp-content\/uploads\/2023\/02\/club-1920x1080.jpg","width":1920,"height":1080},"medium":{"url":"https:\/\/villarrealcf.es\/wp-content\/uploads\/2023\/02\/club-1920x1080.jpg","width":1920,"height":1080},"medium_large":{"url":"https:\/\/villarrealcf.es\/wp-content\/uploads\/2023\/02\/club-768x432.jpg","width":768,"height":432},"large":{"url":"https:\/\/villarrealcf.es\/wp-content\/uploads\/2023\/02\/club-1920x1080.jpg","width":788,"height":443},"1536x1536":{"url":"https:\/\/villarrealcf.es\/wp-content\/uploads\/2023\/02\/club-1536x864.jpg","width":1536,"height":864},"2048x2048":{"url":"https:\/\/villarrealcf.es\/wp-content\/uploads\/2023\/02\/club.jpg","width":1920,"height":1080},"tp-image-grid":{"url":"https:\/\/villarrealcf.es\/wp-content\/uploads\/2023\/02\/club-700x700.jpg","width":700,"height":700},"size-bunyad-medium":{"url":"https:\/\/villarrealcf.es\/wp-content\/uploads\/2023\/02\/club-1920x1080.jpg","width":1920,"height":1080},"sportspress-crop-medium":{"url":"https:\/\/villarrealcf.es\/wp-content\/uploads\/2023\/02\/club-300x300.jpg","width":300,"height":300},"sportspress-fit-medium":{"url":"https:\/\/villarrealcf.es\/wp-content\/uploads\/2023\/02\/club-300x169.jpg","width":300,"height":169},"sportspress-fit-icon":{"url":"https:\/\/villarrealcf.es\/wp-content\/uploads\/2023\/02\/club-128x72.jpg","width":128,"height":72},"sportspress-fit-mini":{"url":"https:\/\/villarrealcf.es\/wp-content\/uploads\/2023\/02\/club-32x18.jpg","width":32,"height":18},"bunyad-small":{"url":"https:\/\/villarrealcf.es\/wp-content\/uploads\/2023\/02\/club-150x84.jpg","width":150,"height":84},"bunyad-medium":{"url":"https:\/\/villarrealcf.es\/wp-content\/uploads\/2023\/02\/club-450x253.jpg","width":450,"height":253},"bunyad-full":{"url":"https:\/\/villarrealcf.es\/wp-content\/uploads\/2023\/02\/club-1200x675.jpg","width":1200,"height":675},"bunyad-viewport":{"url":"https:\/\/villarrealcf.es\/wp-content\/uploads\/2023\/02\/club.jpg","width":1920,"height":1080},"bunyad-768":{"url":"https:\/\/villarrealcf.es\/wp-content\/uploads\/2023\/02\/club-768x432.jpg","width":768,"height":432},"full":{"url":"https:\/\/villarrealcf.es\/wp-content\/uploads\/2023\/02\/club.jpg","width":1920,"height":1080}}},"author_data":{"id":"25","name":"Javier Ayuso","first_name":"Javier","last_name":"Ayuso","description":"","avatar_url":"https:\/\/secure.gravatar.com\/avatar\/fcf8894be45988fcce5bbff0efe1790d2a7f4ba57e2c7c898f5068154e696495?s=96&d=mm&r=g","acf":null},"taxonomies_data":{"category":[{"id":13788,"name":"Youth Football","slug":"youth-football","acf":null}],"post_tag":[{"id":13478,"name":"Football","slug":"football-eng","acf":null},{"id":9201,"name":"Football","slug":"football-d34-en","acf":null},{"id":13789,"name":"F\u00fatbol Base","slug":"futbol-base-3-en","acf":null},{"id":13504,"name":"Sin categorizar","slug":"sin-categorizar-en-19","acf":null},{"id":13463,"name":"Sin categorizar","slug":"sin-categorizar","acf":null},{"id":13477,"name":"Sin categorizar","slug":"sin-categorizar-en","acf":null},{"id":9199,"name":"Soccer","slug":"soccer-d105-en","acf":null},{"id":13482,"name":"Submarine","slug":"submarine-en","acf":null},{"id":13487,"name":"Yellow Submarine","slug":"yellow-submarine-en","acf":null}],"translation_priority":[{"id":734,"name":"Optional","slug":"optional-en","acf":null}]},"seo_full":{"native":{"title":"Villarreal CF holds a training day for affiliated clubs - Web Oficial del Villarreal CF","description":"The representatives of the partner teams have attended the meeting at the Jos\u00e9 Manuel Llaneza Training Ground","canonical":"https:\/\/villarrealcf.es\/en\/el-villarreal-celebra-una-jornada-formativa-para-clubes-convenidos\/"}},"_links":{"self":[{"href":"https:\/\/villarrealcf.es\/en\/wp-json\/wp\/v2\/posts\/250148","targetHints":{"allow":["GET"]}}],"collection":[{"href":"https:\/\/villarrealcf.es\/en\/wp-json\/wp\/v2\/posts"}],"about":[{"href":"https:\/\/villarrealcf.es\/en\/wp-json\/wp\/v2\/types\/post"}],"author":[{"embeddable":true,"href":"https:\/\/villarrealcf.es\/en\/wp-json\/wp\/v2\/users\/25"}],"replies":[{"embeddable":true,"href":"https:\/\/villarrealcf.es\/en\/wp-json\/wp\/v2\/comments?post=250148"}],"version-history":[{"count":0,"href":"https:\/\/villarrealcf.es\/en\/wp-json\/wp\/v2\/posts\/250148\/revisions"}],"wp:featuredmedia":[{"embeddable":true,"href":"https:\/\/villarrealcf.es\/en\/wp-json\/wp\/v2\/media\/250140"}],"wp:attachment":[{"href":"https:\/\/villarrealcf.es\/en\/wp-json\/wp\/v2\/media?parent=250148"}],"wp:term":[{"taxonomy":"category","embeddable":true,"href":"https:\/\/villarrealcf.es\/en\/wp-json\/wp\/v2\/categories?post=250148"},{"taxonomy":"post_tag","embeddable":true,"href":"https:\/\/villarrealcf.es\/en\/wp-json\/wp\/v2\/tags?post=250148"}],"curies":[{"name":"wp","href":"https:\/\/api.w.org\/{rel}","templated":true}]}}