{"id":249653,"date":"2023-02-07T15:26:46","date_gmt":"2023-02-07T14:26:46","guid":{"rendered":"https:\/\/villarrealcf.es\/\/nueva-semana-de-trabajo-para-el-submarino\/"},"modified":"2023-02-07T18:03:49","modified_gmt":"2023-02-07T17:03:49","slug":"nueva-semana-de-trabajo-para-el-submarino","status":"publish","type":"post","link":"https:\/\/villarrealcf.es\/en\/nueva-semana-de-trabajo-para-el-submarino\/","title":{"rendered":"A new week of work for the Submarine"},"content":{"protected":false,"blocks":[{"type":"heading","widget":"heading","level":2,"text":"Villarreal are preparing for this Sunday's match against FC Barcelona (9pm CET, Estadio de la Cer\u00e1mica)"},{"type":"text","widget":"text-editor","text":"The Yellows have trained at the Jos\u00e9 Manuel Llaneza Training Ground under the orders of Quique Seti\u00e9n. Villarreal are preparing for another week of hard work focusing on the upcoming match against FC Barcelona, which will take place this Sunday at 9pm CET at the Estadio de la Cer\u00e1mica.","paragraphs":["The Yellows have trained at the Jos\u00e9 Manuel Llaneza Training Ground under the orders of Quique Seti\u00e9n. Villarreal are preparing for another week of hard work focusing on the upcoming match against FC Barcelona, which will take place this Sunday at 9pm CET at the Estadio de la Cer\u00e1mica."]},{"type":"gallery","widget":"gallery","items":[{"url":"https:\/\/villarrealcf.es\/wp-content\/uploads\/2023\/02\/1-1.jpg","title":"","thumbnail":"https:\/\/villarrealcf.es\/wp-content\/uploads\/2023\/02\/1-1.jpg","width":1620,"height":1080},{"url":"https:\/\/villarrealcf.es\/wp-content\/uploads\/2023\/02\/2.jpg","title":"","thumbnail":"https:\/\/villarrealcf.es\/wp-content\/uploads\/2023\/02\/2.jpg","width":1620,"height":1080},{"url":"https:\/\/villarrealcf.es\/wp-content\/uploads\/2023\/02\/3.jpg","title":"","thumbnail":"https:\/\/villarrealcf.es\/wp-content\/uploads\/2023\/02\/3.jpg","width":1620,"height":1080},{"url":"https:\/\/villarrealcf.es\/wp-content\/uploads\/2023\/02\/4.jpg","title":"","thumbnail":"https:\/\/villarrealcf.es\/wp-content\/uploads\/2023\/02\/4.jpg","width":1620,"height":1080},{"url":"https:\/\/villarrealcf.es\/wp-content\/uploads\/2023\/02\/5.jpg","title":"","thumbnail":"https:\/\/villarrealcf.es\/wp-content\/uploads\/2023\/02\/5.jpg","width":1620,"height":1080},{"url":"https:\/\/villarrealcf.es\/wp-content\/uploads\/2023\/02\/6.jpg","title":"","thumbnail":"https:\/\/villarrealcf.es\/wp-content\/uploads\/2023\/02\/6.jpg","width":720,"height":1080},{"url":"https:\/\/villarrealcf.es\/wp-content\/uploads\/2023\/02\/7.jpg","title":"","thumbnail":"https:\/\/villarrealcf.es\/wp-content\/uploads\/2023\/02\/7.jpg","width":1620,"height":1080},{"url":"https:\/\/villarrealcf.es\/wp-content\/uploads\/2023\/02\/8.jpg","title":"","thumbnail":"https:\/\/villarrealcf.es\/wp-content\/uploads\/2023\/02\/8.jpg","width":720,"height":1080},{"url":"https:\/\/villarrealcf.es\/wp-content\/uploads\/2023\/02\/9.jpg","title":"","thumbnail":"https:\/\/villarrealcf.es\/wp-content\/uploads\/2023\/02\/9.jpg","width":1620,"height":1080},{"url":"https:\/\/villarrealcf.es\/wp-content\/uploads\/2023\/02\/10-1.jpg","title":"","thumbnail":"https:\/\/villarrealcf.es\/wp-content\/uploads\/2023\/02\/10-1.jpg","width":1620,"height":1080},{"url":"https:\/\/villarrealcf.es\/wp-content\/uploads\/2023\/02\/11-1.jpg","title":"","thumbnail":"https:\/\/villarrealcf.es\/wp-content\/uploads\/2023\/02\/11-1.jpg","width":1620,"height":1080},{"url":"https:\/\/villarrealcf.es\/wp-content\/uploads\/2023\/02\/12-1.jpg","title":"","thumbnail":"https:\/\/villarrealcf.es\/wp-content\/uploads\/2023\/02\/12-1.jpg","width":1620,"height":1080},{"url":"https:\/\/villarrealcf.es\/wp-content\/uploads\/2023\/02\/13-1.jpg","title":"","thumbnail":"https:\/\/villarrealcf.es\/wp-content\/uploads\/2023\/02\/13-1.jpg","width":1620,"height":1080},{"url":"https:\/\/villarrealcf.es\/wp-content\/uploads\/2023\/02\/14-1.jpg","title":"","thumbnail":"https:\/\/villarrealcf.es\/wp-content\/uploads\/2023\/02\/14-1.jpg","width":1620,"height":1080},{"url":"https:\/\/villarrealcf.es\/wp-content\/uploads\/2023\/02\/15-1.jpg","title":"","thumbnail":"https:\/\/villarrealcf.es\/wp-content\/uploads\/2023\/02\/15-1.jpg","width":1620,"height":1080}]}],"structured":{"summary":{"text":"Villarreal are preparing for this Sunday's match against FC Barcelona (9pm CET, Estadio de la Cer\u00e1mica) The Yellows have trained at the Jos\u00e9 Manuel Llaneza Training Ground under the orders of Quique Seti\u00e9n. Villarreal are preparing for another week of hard work focusing on the upcoming match against FC Barcelona, which will take place this Sunday at 9pm CET at the Estadio de la Cer\u00e1mica.","headings":[{"type":"heading","widget":"heading","level":2,"text":"Villarreal are preparing for this Sunday's match against FC Barcelona (9pm CET, Estadio de la Cer\u00e1mica)"}],"buttons":[],"images":[],"counts":{"blocks":3,"headings":1,"texts":1,"buttons":0,"images":0},"containers":3},"sections":[{"id":"38d37f0","type":"container","classes":["has-el-gap","el-gap-default","elementor-section","elementor-top-section","elementor-element","elementor-element-38d37f0","elementor-section-boxed","elementor-section-height-default"],"title":"Villarreal are preparing for this Sunday's match against FC Barcelona (9pm CET, Estadio de la Cer\u00e1mica)","text":"Villarreal are preparing for this Sunday's match against FC Barcelona (9pm CET, Estadio de la Cer\u00e1mica)","headings":[{"type":"heading","widget":"heading","level":2,"text":"Villarreal are preparing for this Sunday's match against FC Barcelona (9pm CET, Estadio de la Cer\u00e1mica)"}],"texts":[],"buttons":[],"images":[],"widgets":["heading"],"blocks":[{"type":"heading","widget":"heading","level":2,"text":"Villarreal are preparing for this Sunday's match against FC Barcelona (9pm CET, Estadio de la Cer\u00e1mica)"}],"children":[]},{"id":"89096db","type":"container","classes":["has-el-gap","el-gap-default","elementor-section","elementor-top-section","elementor-element","elementor-element-89096db","elementor-section-boxed","elementor-section-height-default"],"title":"","text":"The Yellows have trained at the Jos\u00e9 Manuel Llaneza Training Ground under the orders of Quique Seti\u00e9n. Villarreal are preparing for another week of hard work focusing on the upcoming match against FC Barcelona, which will take place this Sunday at 9pm CET at the Estadio de la Cer\u00e1mica.","headings":[],"texts":[{"type":"text","widget":"text-editor","text":"The Yellows have trained at the Jos\u00e9 Manuel Llaneza Training Ground under the orders of Quique Seti\u00e9n. Villarreal are preparing for another week of hard work focusing on the upcoming match against FC Barcelona, which will take place this Sunday at 9pm CET at the Estadio de la Cer\u00e1mica.","paragraphs":["The Yellows have trained at the Jos\u00e9 Manuel Llaneza Training Ground under the orders of Quique Seti\u00e9n. Villarreal are preparing for another week of hard work focusing on the upcoming match against FC Barcelona, which will take place this Sunday at 9pm CET at the Estadio de la Cer\u00e1mica."]}],"buttons":[],"images":[],"widgets":["text-editor"],"blocks":[{"type":"text","widget":"text-editor","text":"The Yellows have trained at the Jos\u00e9 Manuel Llaneza Training Ground under the orders of Quique Seti\u00e9n. Villarreal are preparing for another week of hard work focusing on the upcoming match against FC Barcelona, which will take place this Sunday at 9pm CET at the Estadio de la Cer\u00e1mica.","paragraphs":["The Yellows have trained at the Jos\u00e9 Manuel Llaneza Training Ground under the orders of Quique Seti\u00e9n. Villarreal are preparing for another week of hard work focusing on the upcoming match against FC Barcelona, which will take place this Sunday at 9pm CET at the Estadio de la Cer\u00e1mica."]}],"children":[]},{"id":"618ca04","type":"container","classes":["has-el-gap","el-gap-default","elementor-section","elementor-top-section","elementor-element","elementor-element-618ca04","elementor-section-boxed","elementor-section-height-default"],"title":"","text":"","headings":[],"texts":[],"buttons":[],"images":[],"widgets":["gallery"],"blocks":[{"type":"gallery","widget":"gallery","items":[{"url":"https:\/\/villarrealcf.es\/wp-content\/uploads\/2023\/02\/1-1.jpg","title":"","thumbnail":"https:\/\/villarrealcf.es\/wp-content\/uploads\/2023\/02\/1-1.jpg","width":1620,"height":1080},{"url":"https:\/\/villarrealcf.es\/wp-content\/uploads\/2023\/02\/2.jpg","title":"","thumbnail":"https:\/\/villarrealcf.es\/wp-content\/uploads\/2023\/02\/2.jpg","width":1620,"height":1080},{"url":"https:\/\/villarrealcf.es\/wp-content\/uploads\/2023\/02\/3.jpg","title":"","thumbnail":"https:\/\/villarrealcf.es\/wp-content\/uploads\/2023\/02\/3.jpg","width":1620,"height":1080},{"url":"https:\/\/villarrealcf.es\/wp-content\/uploads\/2023\/02\/4.jpg","title":"","thumbnail":"https:\/\/villarrealcf.es\/wp-content\/uploads\/2023\/02\/4.jpg","width":1620,"height":1080},{"url":"https:\/\/villarrealcf.es\/wp-content\/uploads\/2023\/02\/5.jpg","title":"","thumbnail":"https:\/\/villarrealcf.es\/wp-content\/uploads\/2023\/02\/5.jpg","width":1620,"height":1080},{"url":"https:\/\/villarrealcf.es\/wp-content\/uploads\/2023\/02\/6.jpg","title":"","thumbnail":"https:\/\/villarrealcf.es\/wp-content\/uploads\/2023\/02\/6.jpg","width":720,"height":1080},{"url":"https:\/\/villarrealcf.es\/wp-content\/uploads\/2023\/02\/7.jpg","title":"","thumbnail":"https:\/\/villarrealcf.es\/wp-content\/uploads\/2023\/02\/7.jpg","width":1620,"height":1080},{"url":"https:\/\/villarrealcf.es\/wp-content\/uploads\/2023\/02\/8.jpg","title":"","thumbnail":"https:\/\/villarrealcf.es\/wp-content\/uploads\/2023\/02\/8.jpg","width":720,"height":1080},{"url":"https:\/\/villarrealcf.es\/wp-content\/uploads\/2023\/02\/9.jpg","title":"","thumbnail":"https:\/\/villarrealcf.es\/wp-content\/uploads\/2023\/02\/9.jpg","width":1620,"height":1080},{"url":"https:\/\/villarrealcf.es\/wp-content\/uploads\/2023\/02\/10-1.jpg","title":"","thumbnail":"https:\/\/villarrealcf.es\/wp-content\/uploads\/2023\/02\/10-1.jpg","width":1620,"height":1080},{"url":"https:\/\/villarrealcf.es\/wp-content\/uploads\/2023\/02\/11-1.jpg","title":"","thumbnail":"https:\/\/villarrealcf.es\/wp-content\/uploads\/2023\/02\/11-1.jpg","width":1620,"height":1080},{"url":"https:\/\/villarrealcf.es\/wp-content\/uploads\/2023\/02\/12-1.jpg","title":"","thumbnail":"https:\/\/villarrealcf.es\/wp-content\/uploads\/2023\/02\/12-1.jpg","width":1620,"height":1080},{"url":"https:\/\/villarrealcf.es\/wp-content\/uploads\/2023\/02\/13-1.jpg","title":"","thumbnail":"https:\/\/villarrealcf.es\/wp-content\/uploads\/2023\/02\/13-1.jpg","width":1620,"height":1080},{"url":"https:\/\/villarrealcf.es\/wp-content\/uploads\/2023\/02\/14-1.jpg","title":"","thumbnail":"https:\/\/villarrealcf.es\/wp-content\/uploads\/2023\/02\/14-1.jpg","width":1620,"height":1080},{"url":"https:\/\/villarrealcf.es\/wp-content\/uploads\/2023\/02\/15-1.jpg","title":"","thumbnail":"https:\/\/villarrealcf.es\/wp-content\/uploads\/2023\/02\/15-1.jpg","width":1620,"height":1080}]}],"children":[]}],"hero":{"id":"38d37f0","type":"container","classes":["has-el-gap","el-gap-default","elementor-section","elementor-top-section","elementor-element","elementor-element-38d37f0","elementor-section-boxed","elementor-section-height-default"],"title":"Villarreal are preparing for this Sunday's match against FC Barcelona (9pm CET, Estadio de la Cer\u00e1mica)","text":"Villarreal are preparing for this Sunday's match against FC Barcelona (9pm CET, Estadio de la Cer\u00e1mica)","headings":[{"type":"heading","widget":"heading","level":2,"text":"Villarreal are preparing for this Sunday's match against FC Barcelona (9pm CET, Estadio de la Cer\u00e1mica)"}],"texts":[],"buttons":[],"images":[],"widgets":["heading"],"blocks":[{"type":"heading","widget":"heading","level":2,"text":"Villarreal are preparing for this Sunday's match against FC Barcelona (9pm CET, Estadio de la Cer\u00e1mica)"}],"children":[]}},"sections":[{"id":"38d37f0","title":"Villarreal are preparing for this Sunday's match against FC Barcelona (9pm CET, Estadio de la Cer\u00e1mica)","text":"Villarreal are preparing for this Sunday's match against FC Barcelona (9pm CET, Estadio de la Cer\u00e1mica)","url":"","background_image":"","images":[],"videos":[],"links":[]},{"id":"89096db","title":"The Yellows have trained at the Jos\u00e9 Manuel Llaneza Training Ground under the orders of Quique Seti\u00e9n. Villarreal are preparing for another week of hard work focusing on the upcoming match against FC Barcelona, which will take place this Sunday at 9pm CET at the Estadio de la Cer\u00e1mica.","text":"The Yellows have trained at the Jos\u00e9 Manuel Llaneza Training Ground under the orders of Quique Seti\u00e9n. Villarreal are preparing for another week of hard work focusing on the upcoming match against FC Barcelona, which will take place this Sunday at 9pm CET at the Estadio de la Cer\u00e1mica.","url":"","background_image":"","images":[],"videos":[],"links":[]},{"id":"618ca04","title":"","text":"","url":"https:\/\/villarrealcf.es\/wp-content\/uploads\/2023\/02\/1-1.jpg","background_image":"","images":[],"videos":[],"links":[{"url":"https:\/\/villarrealcf.es\/wp-content\/uploads\/2023\/02\/1-1.jpg","text":"","target":""},{"url":"https:\/\/villarrealcf.es\/wp-content\/uploads\/2023\/02\/2.jpg","text":"","target":""},{"url":"https:\/\/villarrealcf.es\/wp-content\/uploads\/2023\/02\/3.jpg","text":"","target":""},{"url":"https:\/\/villarrealcf.es\/wp-content\/uploads\/2023\/02\/4.jpg","text":"","target":""},{"url":"https:\/\/villarrealcf.es\/wp-content\/uploads\/2023\/02\/5.jpg","text":"","target":""},{"url":"https:\/\/villarrealcf.es\/wp-content\/uploads\/2023\/02\/6.jpg","text":"","target":""},{"url":"https:\/\/villarrealcf.es\/wp-content\/uploads\/2023\/02\/7.jpg","text":"","target":""},{"url":"https:\/\/villarrealcf.es\/wp-content\/uploads\/2023\/02\/8.jpg","text":"","target":""},{"url":"https:\/\/villarrealcf.es\/wp-content\/uploads\/2023\/02\/9.jpg","text":"","target":""},{"url":"https:\/\/villarrealcf.es\/wp-content\/uploads\/2023\/02\/10-1.jpg","text":"","target":""},{"url":"https:\/\/villarrealcf.es\/wp-content\/uploads\/2023\/02\/11-1.jpg","text":"","target":""},{"url":"https:\/\/villarrealcf.es\/wp-content\/uploads\/2023\/02\/12-1.jpg","text":"","target":""},{"url":"https:\/\/villarrealcf.es\/wp-content\/uploads\/2023\/02\/13-1.jpg","text":"","target":""},{"url":"https:\/\/villarrealcf.es\/wp-content\/uploads\/2023\/02\/14-1.jpg","text":"","target":""},{"url":"https:\/\/villarrealcf.es\/wp-content\/uploads\/2023\/02\/15-1.jpg","text":"","target":""}]}]},"excerpt":{"rendered":"Villarreal are preparing for this Sunday&#8217;s match against FC Barcelona (9pm CET, Estadio de la Cer\u00e1mica)\u200b","protected":false},"author":33,"featured_media":249635,"comment_status":"closed","ping_status":"closed","sticky":false,"template":"","format":"standard","meta":{"_acf_changed":false,"footnotes":""},"categories":[13494],"tags":[7283,13478,9201,13410,13463,9199,13482,13487],"acf":null,"lang":"en","translations":{"es":249582,"val":249638,"en":249653},"essential_grid":{"has_grid":false},"formatted_date":"February 7, 2023","modified_date":"February 7, 2023","permalink":"https:\/\/villarrealcf.es\/en\/nueva-semana-de-trabajo-para-el-submarino\/","reading_time":1,"featured_media_data":{"id":249635,"title":"14","caption":"","alt_text":"","description":"","mime_type":"image\/jpeg","source_url":"https:\/\/villarrealcf.es\/wp-content\/uploads\/2023\/02\/14-2.jpg","sizes":{"thumbnail":{"url":"https:\/\/villarrealcf.es\/wp-content\/uploads\/2023\/02\/14-2.jpg","width":1920,"height":1080},"medium":{"url":"https:\/\/villarrealcf.es\/wp-content\/uploads\/2023\/02\/14-2.jpg","width":1920,"height":1080},"medium_large":{"url":"https:\/\/villarrealcf.es\/wp-content\/uploads\/2023\/02\/14-2-768x432.jpg","width":768,"height":432},"large":{"url":"https:\/\/villarrealcf.es\/wp-content\/uploads\/2023\/02\/14-2.jpg","width":788,"height":443},"1536x1536":{"url":"https:\/\/villarrealcf.es\/wp-content\/uploads\/2023\/02\/14-2-1536x864.jpg","width":1536,"height":864},"2048x2048":{"url":"https:\/\/villarrealcf.es\/wp-content\/uploads\/2023\/02\/14-2.jpg","width":1920,"height":1080},"tp-image-grid":{"url":"https:\/\/villarrealcf.es\/wp-content\/uploads\/2023\/02\/14-2-700x700.jpg","width":700,"height":700},"size-bunyad-medium":{"url":"https:\/\/villarrealcf.es\/wp-content\/uploads\/2023\/02\/14-2.jpg","width":1920,"height":1080},"sportspress-crop-medium":{"url":"https:\/\/villarrealcf.es\/wp-content\/uploads\/2023\/02\/14-2-300x300.jpg","width":300,"height":300},"sportspress-fit-medium":{"url":"https:\/\/villarrealcf.es\/wp-content\/uploads\/2023\/02\/14-2-300x169.jpg","width":300,"height":169},"sportspress-fit-icon":{"url":"https:\/\/villarrealcf.es\/wp-content\/uploads\/2023\/02\/14-2-128x72.jpg","width":128,"height":72},"sportspress-fit-mini":{"url":"https:\/\/villarrealcf.es\/wp-content\/uploads\/2023\/02\/14-2-32x18.jpg","width":32,"height":18},"bunyad-small":{"url":"https:\/\/villarrealcf.es\/wp-content\/uploads\/2023\/02\/14-2-150x84.jpg","width":150,"height":84},"bunyad-medium":{"url":"https:\/\/villarrealcf.es\/wp-content\/uploads\/2023\/02\/14-2-450x253.jpg","width":450,"height":253},"bunyad-full":{"url":"https:\/\/villarrealcf.es\/wp-content\/uploads\/2023\/02\/14-2-1200x675.jpg","width":1200,"height":675},"bunyad-viewport":{"url":"https:\/\/villarrealcf.es\/wp-content\/uploads\/2023\/02\/14-2.jpg","width":1920,"height":1080},"bunyad-768":{"url":"https:\/\/villarrealcf.es\/wp-content\/uploads\/2023\/02\/14-2-768x432.jpg","width":768,"height":432},"full":{"url":"https:\/\/villarrealcf.es\/wp-content\/uploads\/2023\/02\/14-2.jpg","width":1920,"height":1080}}},"author_data":{"id":"33","name":"Nacho Tejada","first_name":"Nacho","last_name":"Tejada","description":"","avatar_url":"https:\/\/secure.gravatar.com\/avatar\/b1580534b2fcd93e031504756165758941290488df5c88966a26f84344931fd1?s=96&d=mm&r=g","acf":null},"taxonomies_data":{"category":[{"id":13494,"name":"First Team","slug":"first-team","acf":null}],"post_tag":[{"id":7283,"name":"Entrenamiento","slug":"entrenamiento","acf":null},{"id":13478,"name":"Football","slug":"football-eng","acf":null},{"id":9201,"name":"Football","slug":"football-d34-en","acf":null},{"id":13410,"name":"Galer\u00eda Primer Equipo","slug":"galeria-primer-equipo-en","acf":null},{"id":13463,"name":"Sin categorizar","slug":"sin-categorizar","acf":null},{"id":9199,"name":"Soccer","slug":"soccer-d105-en","acf":null},{"id":13482,"name":"Submarine","slug":"submarine-en","acf":null},{"id":13487,"name":"Yellow Submarine","slug":"yellow-submarine-en","acf":null}],"translation_priority":[{"id":734,"name":"Optional","slug":"optional-en","acf":null}]},"seo_full":{"native":{"title":"A new week of work for the Submarine - Web Oficial del Villarreal CF","description":"Villarreal are preparing for this Sunday's match against FC Barcelona (9pm CET, Estadio de la Cer\u00e1mica)\u200b","canonical":"https:\/\/villarrealcf.es\/en\/nueva-semana-de-trabajo-para-el-submarino\/"}},"_links":{"self":[{"href":"https:\/\/villarrealcf.es\/en\/wp-json\/wp\/v2\/posts\/249653","targetHints":{"allow":["GET"]}}],"collection":[{"href":"https:\/\/villarrealcf.es\/en\/wp-json\/wp\/v2\/posts"}],"about":[{"href":"https:\/\/villarrealcf.es\/en\/wp-json\/wp\/v2\/types\/post"}],"author":[{"embeddable":true,"href":"https:\/\/villarrealcf.es\/en\/wp-json\/wp\/v2\/users\/33"}],"replies":[{"embeddable":true,"href":"https:\/\/villarrealcf.es\/en\/wp-json\/wp\/v2\/comments?post=249653"}],"version-history":[{"count":0,"href":"https:\/\/villarrealcf.es\/en\/wp-json\/wp\/v2\/posts\/249653\/revisions"}],"wp:featuredmedia":[{"embeddable":true,"href":"https:\/\/villarrealcf.es\/en\/wp-json\/wp\/v2\/media\/249635"}],"wp:attachment":[{"href":"https:\/\/villarrealcf.es\/en\/wp-json\/wp\/v2\/media?parent=249653"}],"wp:term":[{"taxonomy":"category","embeddable":true,"href":"https:\/\/villarrealcf.es\/en\/wp-json\/wp\/v2\/categories?post=249653"},{"taxonomy":"post_tag","embeddable":true,"href":"https:\/\/villarrealcf.es\/en\/wp-json\/wp\/v2\/tags?post=249653"}],"curies":[{"name":"wp","href":"https:\/\/api.w.org\/{rel}","templated":true}]}}