{"id":245760,"date":"2023-01-20T13:22:29","date_gmt":"2023-01-20T12:22:29","guid":{"rendered":"https:\/\/villarrealcf.es\/\/una-renovacion-con-especial-dedicatoria-a-llaneza\/"},"modified":"2023-01-22T16:20:44","modified_gmt":"2023-01-22T15:20:44","slug":"una-renovacion-con-especial-dedicatoria-a-llaneza","status":"publish","type":"post","link":"https:\/\/villarrealcf.es\/en\/una-renovacion-con-especial-dedicatoria-a-llaneza\/","title":{"rendered":"A special contract renewal with a dedication to Llaneza"},"content":{"protected":false,"blocks":[{"type":"heading","widget":"heading","level":2,"text":"\u00c1lex Baena will continue wearing yellow until 2028"},{"type":"text","widget":"text-editor","text":"\u00c1lex Baena has signed a new Villarreal contract until June 2028. The Yellows have announced the deal with an emotional video which remembered former vice-president Jos\u00e9 Manuel Llaneza, who valued the academy highly, as well as the hundreds of talents, who want to become a first-team player, like Baena.","paragraphs":["\u00c1lex Baena has signed a new Villarreal contract until June 2028. The Yellows have announced the deal with an emotional video which remembered former vice-president Jos\u00e9 Manuel Llaneza, who valued the academy highly, as well as the hundreds of talents, who want to become a first-team player, like Baena."]},{"type":"gallery","widget":"gallery","items":[{"url":"https:\/\/villarrealcf.es\/wp-content\/uploads\/2023\/01\/MEDIOS3.jpg","title":"MEDIOS3","thumbnail":"https:\/\/villarrealcf.es\/wp-content\/uploads\/2023\/01\/MEDIOS3.jpg","width":0,"height":0},{"url":"https:\/\/villarrealcf.es\/wp-content\/uploads\/2023\/01\/20230118-Baena2028-013.jpg","title":"20230118-Baena2028-013","thumbnail":"https:\/\/villarrealcf.es\/wp-content\/uploads\/2023\/01\/20230118-Baena2028-013.jpg","width":0,"height":0},{"url":"https:\/\/villarrealcf.es\/wp-content\/uploads\/2023\/01\/20230118-Baena2028-005.jpg","title":"20230118-Baena2028-005","thumbnail":"https:\/\/villarrealcf.es\/wp-content\/uploads\/2023\/01\/20230118-Baena2028-005.jpg","width":0,"height":0},{"url":"https:\/\/villarrealcf.es\/wp-content\/uploads\/2023\/01\/20230118-Baena2028-002.jpg","title":"20230118-Baena2028-002","thumbnail":"https:\/\/villarrealcf.es\/wp-content\/uploads\/2023\/01\/20230118-Baena2028-002.jpg","width":0,"height":0}]}],"structured":{"summary":{"text":"\u00c1lex Baena will continue wearing yellow until 2028 \u00c1lex Baena has signed a new Villarreal contract until June 2028. The Yellows have announced the deal with an emotional video which remembered former vice-president Jos\u00e9 Manuel Llaneza, who valued the academy highly, as well as the hundreds of talents, who want to become a first-team player, like Baena.","headings":[{"type":"heading","widget":"heading","level":2,"text":"\u00c1lex Baena will continue wearing yellow until 2028"}],"buttons":[],"images":[],"counts":{"blocks":3,"headings":1,"texts":1,"buttons":0,"images":0},"containers":1},"sections":[{"id":"272362e","type":"container","classes":["has-el-gap","el-gap-default","elementor-section","elementor-top-section","elementor-element","elementor-element-272362e","elementor-section-boxed","elementor-section-height-default"],"title":"\u00c1lex Baena will continue wearing yellow until 2028","text":"\u00c1lex Baena will continue wearing yellow until 2028 \u00c1lex Baena has signed a new Villarreal contract until June 2028. The Yellows have announced the deal with an emotional video which remembered former vice-president Jos\u00e9 Manuel Llaneza, who valued the academy highly, as well as the hundreds of talents, who want to become a first-team player, like Baena.","headings":[{"type":"heading","widget":"heading","level":2,"text":"\u00c1lex Baena will continue wearing yellow until 2028"}],"texts":[{"type":"text","widget":"text-editor","text":"\u00c1lex Baena has signed a new Villarreal contract until June 2028. The Yellows have announced the deal with an emotional video which remembered former vice-president Jos\u00e9 Manuel Llaneza, who valued the academy highly, as well as the hundreds of talents, who want to become a first-team player, like Baena.","paragraphs":["\u00c1lex Baena has signed a new Villarreal contract until June 2028. The Yellows have announced the deal with an emotional video which remembered former vice-president Jos\u00e9 Manuel Llaneza, who valued the academy highly, as well as the hundreds of talents, who want to become a first-team player, like Baena."]}],"buttons":[],"images":[],"widgets":["heading","text-editor","gallery"],"blocks":[{"type":"heading","widget":"heading","level":2,"text":"\u00c1lex Baena will continue wearing yellow until 2028"},{"type":"text","widget":"text-editor","text":"\u00c1lex Baena has signed a new Villarreal contract until June 2028. The Yellows have announced the deal with an emotional video which remembered former vice-president Jos\u00e9 Manuel Llaneza, who valued the academy highly, as well as the hundreds of talents, who want to become a first-team player, like Baena.","paragraphs":["\u00c1lex Baena has signed a new Villarreal contract until June 2028. The Yellows have announced the deal with an emotional video which remembered former vice-president Jos\u00e9 Manuel Llaneza, who valued the academy highly, as well as the hundreds of talents, who want to become a first-team player, like Baena."]},{"type":"gallery","widget":"gallery","items":[{"url":"https:\/\/villarrealcf.es\/wp-content\/uploads\/2023\/01\/MEDIOS3.jpg","title":"MEDIOS3","thumbnail":"https:\/\/villarrealcf.es\/wp-content\/uploads\/2023\/01\/MEDIOS3.jpg","width":0,"height":0},{"url":"https:\/\/villarrealcf.es\/wp-content\/uploads\/2023\/01\/20230118-Baena2028-013.jpg","title":"20230118-Baena2028-013","thumbnail":"https:\/\/villarrealcf.es\/wp-content\/uploads\/2023\/01\/20230118-Baena2028-013.jpg","width":0,"height":0},{"url":"https:\/\/villarrealcf.es\/wp-content\/uploads\/2023\/01\/20230118-Baena2028-005.jpg","title":"20230118-Baena2028-005","thumbnail":"https:\/\/villarrealcf.es\/wp-content\/uploads\/2023\/01\/20230118-Baena2028-005.jpg","width":0,"height":0},{"url":"https:\/\/villarrealcf.es\/wp-content\/uploads\/2023\/01\/20230118-Baena2028-002.jpg","title":"20230118-Baena2028-002","thumbnail":"https:\/\/villarrealcf.es\/wp-content\/uploads\/2023\/01\/20230118-Baena2028-002.jpg","width":0,"height":0}]}],"children":[]}],"hero":{"id":"272362e","type":"container","classes":["has-el-gap","el-gap-default","elementor-section","elementor-top-section","elementor-element","elementor-element-272362e","elementor-section-boxed","elementor-section-height-default"],"title":"\u00c1lex Baena will continue wearing yellow until 2028","text":"\u00c1lex Baena will continue wearing yellow until 2028 \u00c1lex Baena has signed a new Villarreal contract until June 2028. The Yellows have announced the deal with an emotional video which remembered former vice-president Jos\u00e9 Manuel Llaneza, who valued the academy highly, as well as the hundreds of talents, who want to become a first-team player, like Baena.","headings":[{"type":"heading","widget":"heading","level":2,"text":"\u00c1lex Baena will continue wearing yellow until 2028"}],"texts":[{"type":"text","widget":"text-editor","text":"\u00c1lex Baena has signed a new Villarreal contract until June 2028. The Yellows have announced the deal with an emotional video which remembered former vice-president Jos\u00e9 Manuel Llaneza, who valued the academy highly, as well as the hundreds of talents, who want to become a first-team player, like Baena.","paragraphs":["\u00c1lex Baena has signed a new Villarreal contract until June 2028. The Yellows have announced the deal with an emotional video which remembered former vice-president Jos\u00e9 Manuel Llaneza, who valued the academy highly, as well as the hundreds of talents, who want to become a first-team player, like Baena."]}],"buttons":[],"images":[],"widgets":["heading","text-editor","gallery"],"blocks":[{"type":"heading","widget":"heading","level":2,"text":"\u00c1lex Baena will continue wearing yellow until 2028"},{"type":"text","widget":"text-editor","text":"\u00c1lex Baena has signed a new Villarreal contract until June 2028. The Yellows have announced the deal with an emotional video which remembered former vice-president Jos\u00e9 Manuel Llaneza, who valued the academy highly, as well as the hundreds of talents, who want to become a first-team player, like Baena.","paragraphs":["\u00c1lex Baena has signed a new Villarreal contract until June 2028. The Yellows have announced the deal with an emotional video which remembered former vice-president Jos\u00e9 Manuel Llaneza, who valued the academy highly, as well as the hundreds of talents, who want to become a first-team player, like Baena."]},{"type":"gallery","widget":"gallery","items":[{"url":"https:\/\/villarrealcf.es\/wp-content\/uploads\/2023\/01\/MEDIOS3.jpg","title":"MEDIOS3","thumbnail":"https:\/\/villarrealcf.es\/wp-content\/uploads\/2023\/01\/MEDIOS3.jpg","width":0,"height":0},{"url":"https:\/\/villarrealcf.es\/wp-content\/uploads\/2023\/01\/20230118-Baena2028-013.jpg","title":"20230118-Baena2028-013","thumbnail":"https:\/\/villarrealcf.es\/wp-content\/uploads\/2023\/01\/20230118-Baena2028-013.jpg","width":0,"height":0},{"url":"https:\/\/villarrealcf.es\/wp-content\/uploads\/2023\/01\/20230118-Baena2028-005.jpg","title":"20230118-Baena2028-005","thumbnail":"https:\/\/villarrealcf.es\/wp-content\/uploads\/2023\/01\/20230118-Baena2028-005.jpg","width":0,"height":0},{"url":"https:\/\/villarrealcf.es\/wp-content\/uploads\/2023\/01\/20230118-Baena2028-002.jpg","title":"20230118-Baena2028-002","thumbnail":"https:\/\/villarrealcf.es\/wp-content\/uploads\/2023\/01\/20230118-Baena2028-002.jpg","width":0,"height":0}]}],"children":[]}},"sections":[{"id":"272362e","title":"\u00c1lex Baena will continue wearing yellow until 2028","text":"\u00c1lex Baena will continue wearing yellow until 2028 \u00c1lex Baena has signed a new Villarreal contract until June 2028. The Yellows have announced the deal with an emotional video which remembered former vice-president Jos\u00e9 Manuel Llaneza, who valued the academy highly, as well as the hundreds of talents, who want to become a first-team player, like Baena.","url":"https:\/\/villarrealcf.es\/wp-content\/uploads\/2023\/01\/MEDIOS3.jpg","background_image":"","images":[],"videos":[],"links":[{"url":"https:\/\/villarrealcf.es\/wp-content\/uploads\/2023\/01\/MEDIOS3.jpg","text":"","target":""},{"url":"https:\/\/villarrealcf.es\/wp-content\/uploads\/2023\/01\/20230118-Baena2028-013.jpg","text":"","target":""},{"url":"https:\/\/villarrealcf.es\/wp-content\/uploads\/2023\/01\/20230118-Baena2028-005.jpg","text":"","target":""},{"url":"https:\/\/villarrealcf.es\/wp-content\/uploads\/2023\/01\/20230118-Baena2028-002.jpg","text":"","target":""}]}]},"excerpt":{"rendered":"\u00c1lex Baena will continue wearing yellow until 2028\u200b","protected":false},"author":25,"featured_media":245564,"comment_status":"closed","ping_status":"closed","sticky":false,"template":"","format":"standard","meta":{"_acf_changed":false,"footnotes":""},"categories":[13494],"tags":[14013,9201,13478,13410,14017,13463,13496,9199,13482,13487],"acf":null,"lang":"en","translations":{"es":245708,"val":245731,"en":245760},"essential_grid":{"has_grid":false},"formatted_date":"January 20, 2023","modified_date":"January 22, 2023","permalink":"https:\/\/villarrealcf.es\/en\/una-renovacion-con-especial-dedicatoria-a-llaneza\/","reading_time":1,"featured_media_data":{"id":245564,"title":"baena2028","caption":"","alt_text":"","description":"","mime_type":"image\/jpeg","source_url":"https:\/\/villarrealcf.es\/wp-content\/uploads\/2023\/01\/baena2028.jpg","sizes":{"thumbnail":{"url":"https:\/\/villarrealcf.es\/wp-content\/uploads\/2023\/01\/baena2028-150x150.jpg","width":150,"height":150},"medium":{"url":"https:\/\/villarrealcf.es\/wp-content\/uploads\/2023\/01\/baena2028-300x169.jpg","width":300,"height":169},"medium_large":{"url":"https:\/\/villarrealcf.es\/wp-content\/uploads\/2023\/01\/baena2028-768x432.jpg","width":768,"height":432},"large":{"url":"https:\/\/villarrealcf.es\/wp-content\/uploads\/2023\/01\/baena2028.jpg","width":788,"height":443},"1536x1536":{"url":"https:\/\/villarrealcf.es\/wp-content\/uploads\/2023\/01\/baena2028-1536x864.jpg","width":1536,"height":864},"2048x2048":{"url":"https:\/\/villarrealcf.es\/wp-content\/uploads\/2023\/01\/baena2028.jpg","width":1920,"height":1080},"tp-image-grid":{"url":"https:\/\/villarrealcf.es\/wp-content\/uploads\/2023\/01\/baena2028-700x700.jpg","width":700,"height":700},"size-bunyad-medium":{"url":"https:\/\/villarrealcf.es\/wp-content\/uploads\/2023\/01\/baena2028.jpg","width":1920,"height":1080},"sportspress-crop-medium":{"url":"https:\/\/villarrealcf.es\/wp-content\/uploads\/2023\/01\/baena2028-300x300.jpg","width":300,"height":300},"sportspress-fit-medium":{"url":"https:\/\/villarrealcf.es\/wp-content\/uploads\/2023\/01\/baena2028-300x169.jpg","width":300,"height":169},"sportspress-fit-icon":{"url":"https:\/\/villarrealcf.es\/wp-content\/uploads\/2023\/01\/baena2028-128x72.jpg","width":128,"height":72},"sportspress-fit-mini":{"url":"https:\/\/villarrealcf.es\/wp-content\/uploads\/2023\/01\/baena2028-32x18.jpg","width":32,"height":18},"bunyad-small":{"url":"https:\/\/villarrealcf.es\/wp-content\/uploads\/2023\/01\/baena2028-150x84.jpg","width":150,"height":84},"bunyad-medium":{"url":"https:\/\/villarrealcf.es\/wp-content\/uploads\/2023\/01\/baena2028-450x253.jpg","width":450,"height":253},"bunyad-full":{"url":"https:\/\/villarrealcf.es\/wp-content\/uploads\/2023\/01\/baena2028-1200x675.jpg","width":1200,"height":675},"bunyad-viewport":{"url":"https:\/\/villarrealcf.es\/wp-content\/uploads\/2023\/01\/baena2028.jpg","width":1920,"height":1080},"bunyad-768":{"url":"https:\/\/villarrealcf.es\/wp-content\/uploads\/2023\/01\/baena2028-768x432.jpg","width":768,"height":432},"full":{"url":"https:\/\/villarrealcf.es\/wp-content\/uploads\/2023\/01\/baena2028.jpg","width":1920,"height":1080}}},"author_data":{"id":"25","name":"Javier Ayuso","first_name":"Javier","last_name":"Ayuso","description":"","avatar_url":"https:\/\/secure.gravatar.com\/avatar\/fcf8894be45988fcce5bbff0efe1790d2a7f4ba57e2c7c898f5068154e696495?s=96&d=mm&r=g","acf":null},"taxonomies_data":{"category":[{"id":13494,"name":"First Team","slug":"first-team","acf":null}],"post_tag":[{"id":14013,"name":"\u00c1lex Baena","slug":"alex-baena-2-en","acf":null},{"id":9201,"name":"Football","slug":"football-d34-en","acf":null},{"id":13478,"name":"Football","slug":"football-eng","acf":null},{"id":13410,"name":"Galer\u00eda Primer Equipo","slug":"galeria-primer-equipo-en","acf":null},{"id":14017,"name":"Sin categorizar","slug":"sin-categorizar-en-42","acf":null},{"id":13463,"name":"Sin categorizar","slug":"sin-categorizar","acf":null},{"id":13496,"name":"Sin categorizar","slug":"sin-categorizar-en-14","acf":null},{"id":9199,"name":"Soccer","slug":"soccer-d105-en","acf":null},{"id":13482,"name":"Submarine","slug":"submarine-en","acf":null},{"id":13487,"name":"Yellow Submarine","slug":"yellow-submarine-en","acf":null}],"translation_priority":[{"id":734,"name":"Optional","slug":"optional-en","acf":null}]},"seo_full":{"native":{"title":"A special contract renewal with a dedication to Llaneza - Web Oficial del Villarreal CF","description":"\u00c1lex Baena will continue wearing yellow until 2028\u200b","canonical":"https:\/\/villarrealcf.es\/en\/una-renovacion-con-especial-dedicatoria-a-llaneza\/"}},"_links":{"self":[{"href":"https:\/\/villarrealcf.es\/en\/wp-json\/wp\/v2\/posts\/245760","targetHints":{"allow":["GET"]}}],"collection":[{"href":"https:\/\/villarrealcf.es\/en\/wp-json\/wp\/v2\/posts"}],"about":[{"href":"https:\/\/villarrealcf.es\/en\/wp-json\/wp\/v2\/types\/post"}],"author":[{"embeddable":true,"href":"https:\/\/villarrealcf.es\/en\/wp-json\/wp\/v2\/users\/25"}],"replies":[{"embeddable":true,"href":"https:\/\/villarrealcf.es\/en\/wp-json\/wp\/v2\/comments?post=245760"}],"version-history":[{"count":0,"href":"https:\/\/villarrealcf.es\/en\/wp-json\/wp\/v2\/posts\/245760\/revisions"}],"wp:featuredmedia":[{"embeddable":true,"href":"https:\/\/villarrealcf.es\/en\/wp-json\/wp\/v2\/media\/245564"}],"wp:attachment":[{"href":"https:\/\/villarrealcf.es\/en\/wp-json\/wp\/v2\/media?parent=245760"}],"wp:term":[{"taxonomy":"category","embeddable":true,"href":"https:\/\/villarrealcf.es\/en\/wp-json\/wp\/v2\/categories?post=245760"},{"taxonomy":"post_tag","embeddable":true,"href":"https:\/\/villarrealcf.es\/en\/wp-json\/wp\/v2\/tags?post=245760"}],"curies":[{"name":"wp","href":"https:\/\/api.w.org\/{rel}","templated":true}]}}