{"id":235810,"date":"2022-12-07T15:57:53","date_gmt":"2022-12-07T14:57:53","guid":{"rendered":"https:\/\/villarrealcf.es\/\/horarios-del-villarreal-femenino-para-las-jornadas-14-y-15\/"},"modified":"2022-12-07T16:36:45","modified_gmt":"2022-12-07T15:36:45","slug":"horarios-del-villarreal-femenino-para-las-jornadas-14-y-15","status":"publish","type":"post","link":"https:\/\/villarrealcf.es\/en\/horarios-del-villarreal-femenino-para-las-jornadas-14-y-15\/","title":{"rendered":"Villarreal Women kick-off times for Matchdays 14 and 15"},"content":{"protected":false,"blocks":[{"type":"heading","level":2,"text":"The Yellows will face Levante UD and Atl\u00e9tico de Madrid"},{"type":"paragraph","text":"Villarreal Women now know the kick-off times for Matchdays 14 and 15 of the 2022\/23 Finetwork Liga F season. Sara Monforte\u2019s side will host Levante UD on Saturday 7th January, at 12pm CET at the Mini Estadi and will face Atl\u00e9tico de Madrid on Saturday 14th January at 4pm CET, at the Centro Deportivo Alcal\u00e1 de Henares."}],"structured":{"summary":{"text":"The Yellows will face Levante UD and Atl\u00e9tico de Madrid Villarreal Women now know the kick-off times for Matchdays 14 and 15 of the 2022\/23 Finetwork Liga F season. Sara Monforte\u2019s side will host Levante UD on Saturday 7th January, at 12pm CET at the Mini Estadi and will face Atl\u00e9tico de Madrid on Saturday 14th January at 4pm CET, at the Centro Deportivo Alcal\u00e1 de Henares.","headings":[{"type":"heading","level":2,"text":"The Yellows will face Levante UD and Atl\u00e9tico de Madrid"}],"buttons":[],"images":[],"counts":{"blocks":2,"headings":1,"texts":1,"buttons":0,"images":0}},"sections":[{"id":"section-1","title":"The Yellows will face Levante UD and Atl\u00e9tico de Madrid","text":"The Yellows will face Levante UD and Atl\u00e9tico de Madrid Villarreal Women now know the kick-off times for Matchdays 14 and 15 of the 2022\/23 Finetwork Liga F season. Sara Monforte\u2019s side will host Levante UD on Saturday 7th January, at 12pm CET at the Mini Estadi and will face Atl\u00e9tico de Madrid on Saturday 14th January at 4pm CET, at the Centro Deportivo Alcal\u00e1 de Henares.","headings":[{"type":"heading","level":2,"text":"The Yellows will face Levante UD and Atl\u00e9tico de Madrid"}],"texts":[{"type":"paragraph","text":"Villarreal Women now know the kick-off times for Matchdays 14 and 15 of the 2022\/23 Finetwork Liga F season. Sara Monforte\u2019s side will host Levante UD on Saturday 7th January, at 12pm CET at the Mini Estadi and will face Atl\u00e9tico de Madrid on Saturday 14th January at 4pm CET, at the Centro Deportivo Alcal\u00e1 de Henares."}],"buttons":[],"images":[],"widgets":[],"blocks":[{"type":"heading","level":2,"text":"The Yellows will face Levante UD and Atl\u00e9tico de Madrid"},{"type":"paragraph","text":"Villarreal Women now know the kick-off times for Matchdays 14 and 15 of the 2022\/23 Finetwork Liga F season. Sara Monforte\u2019s side will host Levante UD on Saturday 7th January, at 12pm CET at the Mini Estadi and will face Atl\u00e9tico de Madrid on Saturday 14th January at 4pm CET, at the Centro Deportivo Alcal\u00e1 de Henares."}]}],"hero":{"id":"section-1","title":"The Yellows will face Levante UD and Atl\u00e9tico de Madrid","text":"The Yellows will face Levante UD and Atl\u00e9tico de Madrid Villarreal Women now know the kick-off times for Matchdays 14 and 15 of the 2022\/23 Finetwork Liga F season. Sara Monforte\u2019s side will host Levante UD on Saturday 7th January, at 12pm CET at the Mini Estadi and will face Atl\u00e9tico de Madrid on Saturday 14th January at 4pm CET, at the Centro Deportivo Alcal\u00e1 de Henares.","headings":[{"type":"heading","level":2,"text":"The Yellows will face Levante UD and Atl\u00e9tico de Madrid"}],"texts":[{"type":"paragraph","text":"Villarreal Women now know the kick-off times for Matchdays 14 and 15 of the 2022\/23 Finetwork Liga F season. Sara Monforte\u2019s side will host Levante UD on Saturday 7th January, at 12pm CET at the Mini Estadi and will face Atl\u00e9tico de Madrid on Saturday 14th January at 4pm CET, at the Centro Deportivo Alcal\u00e1 de Henares."}],"buttons":[],"images":[],"widgets":[],"blocks":[{"type":"heading","level":2,"text":"The Yellows will face Levante UD and Atl\u00e9tico de Madrid"},{"type":"paragraph","text":"Villarreal Women now know the kick-off times for Matchdays 14 and 15 of the 2022\/23 Finetwork Liga F season. Sara Monforte\u2019s side will host Levante UD on Saturday 7th January, at 12pm CET at the Mini Estadi and will face Atl\u00e9tico de Madrid on Saturday 14th January at 4pm CET, at the Centro Deportivo Alcal\u00e1 de Henares."}]}},"sections":[{"id":"section-1","title":"The Yellows will face Levante UD and Atl\u00e9tico de Madrid","text":"The Yellows will face Levante UD and Atl\u00e9tico de Madrid Villarreal Women now know the kick-off times for Matchdays 14 and 15 of the 2022\/23 Finetwork Liga F season. Sara Monforte\u2019s side will host Levante UD on Saturday 7th January, at 12pm CET at the Mini Estadi and will face Atl\u00e9tico de Madrid on Saturday 14th January at 4pm CET, at the Centro Deportivo Alcal\u00e1 de Henares.","url":"","background_image":"","images":[],"videos":[],"links":[]}]},"excerpt":{"rendered":"The Yellows will face Levante UD and Atl\u00e9tico de Madrid","protected":false},"author":25,"featured_media":235975,"comment_status":"closed","ping_status":"closed","sticky":false,"template":"","format":"standard","meta":{"_acf_changed":false,"footnotes":""},"categories":[13792],"tags":[13478,9201,13463,9199,13482,13798,13487],"acf":null,"lang":"en","translations":{"es":235797,"val":235803,"en":235810},"essential_grid":{"has_grid":false},"formatted_date":"December 7, 2022","modified_date":"December 7, 2022","permalink":"https:\/\/villarrealcf.es\/en\/horarios-del-villarreal-femenino-para-las-jornadas-14-y-15\/","reading_time":1,"featured_media_data":{"id":235975,"title":"migue12","caption":"","alt_text":"","description":"","mime_type":"image\/jpeg","source_url":"https:\/\/villarrealcf.es\/wp-content\/uploads\/2022\/12\/migue12.jpg","sizes":{"thumbnail":{"url":"https:\/\/villarrealcf.es\/wp-content\/uploads\/2022\/12\/migue12-150x150.jpg","width":150,"height":150},"medium":{"url":"https:\/\/villarrealcf.es\/wp-content\/uploads\/2022\/12\/migue12-300x169.jpg","width":300,"height":169},"medium_large":{"url":"https:\/\/villarrealcf.es\/wp-content\/uploads\/2022\/12\/migue12-768x432.jpg","width":768,"height":432},"large":{"url":"https:\/\/villarrealcf.es\/wp-content\/uploads\/2022\/12\/migue12.jpg","width":788,"height":443},"1536x1536":{"url":"https:\/\/villarrealcf.es\/wp-content\/uploads\/2022\/12\/migue12.jpg","width":1200,"height":675},"2048x2048":{"url":"https:\/\/villarrealcf.es\/wp-content\/uploads\/2022\/12\/migue12.jpg","width":1200,"height":675},"tp-image-grid":{"url":"https:\/\/villarrealcf.es\/wp-content\/uploads\/2022\/12\/migue12-700x675.jpg","width":700,"height":675},"size-bunyad-medium":{"url":"https:\/\/villarrealcf.es\/wp-content\/uploads\/2022\/12\/migue12.jpg","width":1200,"height":675},"sportspress-crop-medium":{"url":"https:\/\/villarrealcf.es\/wp-content\/uploads\/2022\/12\/migue12-300x300.jpg","width":300,"height":300},"sportspress-fit-medium":{"url":"https:\/\/villarrealcf.es\/wp-content\/uploads\/2022\/12\/migue12-300x169.jpg","width":300,"height":169},"sportspress-fit-icon":{"url":"https:\/\/villarrealcf.es\/wp-content\/uploads\/2022\/12\/migue12-128x72.jpg","width":128,"height":72},"sportspress-fit-mini":{"url":"https:\/\/villarrealcf.es\/wp-content\/uploads\/2022\/12\/migue12-32x18.jpg","width":32,"height":18},"bunyad-small":{"url":"https:\/\/villarrealcf.es\/wp-content\/uploads\/2022\/12\/migue12-150x84.jpg","width":150,"height":84},"bunyad-medium":{"url":"https:\/\/villarrealcf.es\/wp-content\/uploads\/2022\/12\/migue12-450x253.jpg","width":450,"height":253},"bunyad-full":{"url":"https:\/\/villarrealcf.es\/wp-content\/uploads\/2022\/12\/migue12.jpg","width":1200,"height":675},"bunyad-viewport":{"url":"https:\/\/villarrealcf.es\/wp-content\/uploads\/2022\/12\/migue12.jpg","width":1200,"height":675},"bunyad-768":{"url":"https:\/\/villarrealcf.es\/wp-content\/uploads\/2022\/12\/migue12-768x432.jpg","width":768,"height":432},"full":{"url":"https:\/\/villarrealcf.es\/wp-content\/uploads\/2022\/12\/migue12.jpg","width":1200,"height":675}}},"author_data":{"id":"25","name":"Javier Ayuso","first_name":"Javier","last_name":"Ayuso","description":"","avatar_url":"https:\/\/secure.gravatar.com\/avatar\/fcf8894be45988fcce5bbff0efe1790d2a7f4ba57e2c7c898f5068154e696495?s=96&d=mm&r=g","acf":null},"taxonomies_data":{"category":[{"id":13792,"name":"Villarreal Women","slug":"villarreal-women-2","acf":null}],"post_tag":[{"id":13478,"name":"Football","slug":"football-eng","acf":null},{"id":9201,"name":"Football","slug":"football-d34-en","acf":null},{"id":13463,"name":"Sin categorizar","slug":"sin-categorizar","acf":null},{"id":9199,"name":"Soccer","slug":"soccer-d105-en","acf":null},{"id":13482,"name":"Submarine","slug":"submarine-en","acf":null},{"id":13798,"name":"Villarreal Femenino","slug":"villarreal-femenino-2-en","acf":null},{"id":13487,"name":"Yellow Submarine","slug":"yellow-submarine-en","acf":null}],"translation_priority":[{"id":734,"name":"Optional","slug":"optional-en","acf":null}]},"seo_full":{"native":{"title":"Villarreal Women kick-off times for Matchdays 14 and 15 - Web Oficial del Villarreal CF","description":"The Yellows will face Levante UD and Atl\u00e9tico de Madrid","canonical":"https:\/\/villarrealcf.es\/en\/horarios-del-villarreal-femenino-para-las-jornadas-14-y-15\/"}},"_links":{"self":[{"href":"https:\/\/villarrealcf.es\/en\/wp-json\/wp\/v2\/posts\/235810","targetHints":{"allow":["GET"]}}],"collection":[{"href":"https:\/\/villarrealcf.es\/en\/wp-json\/wp\/v2\/posts"}],"about":[{"href":"https:\/\/villarrealcf.es\/en\/wp-json\/wp\/v2\/types\/post"}],"author":[{"embeddable":true,"href":"https:\/\/villarrealcf.es\/en\/wp-json\/wp\/v2\/users\/25"}],"replies":[{"embeddable":true,"href":"https:\/\/villarrealcf.es\/en\/wp-json\/wp\/v2\/comments?post=235810"}],"version-history":[{"count":0,"href":"https:\/\/villarrealcf.es\/en\/wp-json\/wp\/v2\/posts\/235810\/revisions"}],"wp:featuredmedia":[{"embeddable":true,"href":"https:\/\/villarrealcf.es\/en\/wp-json\/wp\/v2\/media\/235975"}],"wp:attachment":[{"href":"https:\/\/villarrealcf.es\/en\/wp-json\/wp\/v2\/media?parent=235810"}],"wp:term":[{"taxonomy":"category","embeddable":true,"href":"https:\/\/villarrealcf.es\/en\/wp-json\/wp\/v2\/categories?post=235810"},{"taxonomy":"post_tag","embeddable":true,"href":"https:\/\/villarrealcf.es\/en\/wp-json\/wp\/v2\/tags?post=235810"}],"curies":[{"name":"wp","href":"https:\/\/api.w.org\/{rel}","templated":true}]}}