{"id":217997,"date":"2020-10-05T06:49:19","date_gmt":"2020-10-05T04:49:19","guid":{"rendered":"https:\/\/villarrealcf.es\/\/jackson-will-play-on-loan-at-mirandes\/"},"modified":"2020-10-05T06:49:19","modified_gmt":"2020-10-05T04:49:19","slug":"jackson-will-play-on-loan-at-mirandes","status":"publish","type":"post","link":"https:\/\/villarrealcf.es\/en\/jackson-will-play-on-loan-at-mirandes\/","title":{"rendered":"Jackson will play on loan at Mirand\u00e9s"},"content":{"protected":false,"blocks":[{"type":"image","url":"https:\/\/villarrealcf.es\/\/wp-content\/uploads\/2020\/10\/4da6b493edf21af174b01ab1ac7a36ca.jpg","alt":"||||","width":1653,"height":930,"srcset":"https:\/\/villarrealcf.es\/wp-content\/uploads\/2020\/10\/4da6b493edf21af174b01ab1ac7a36ca.jpg 1653w, https:\/\/villarrealcf.es\/\/wp-content\/uploads\/2020\/10\/4da6b493edf21af174b01ab1ac7a36ca.jpg 1920w, https:\/\/villarrealcf.es\/wp-content\/uploads\/2020\/10\/4da6b493edf21af174b01ab1ac7a36ca-1024x576.jpg 1024w, https:\/\/villarrealcf.es\/\/wp-content\/uploads\/2020\/10\/4da6b493edf21af174b01ab1ac7a36ca.jpg 1920w, https:\/\/villarrealcf.es\/wp-content\/uploads\/2020\/10\/4da6b493edf21af174b01ab1ac7a36ca-1536x864.jpg 1536w, https:\/\/villarrealcf.es\/\/wp-content\/uploads\/2020\/10\/4da6b493edf21af174b01ab1ac7a36ca.jpg 1920w, https:\/\/villarrealcf.es\/wp-content\/uploads\/2020\/10\/4da6b493edf21af174b01ab1ac7a36ca-32x18.jpg 32w, https:\/\/villarrealcf.es\/wp-content\/uploads\/2020\/10\/4da6b493edf21af174b01ab1ac7a36ca-150x84.jpg 150w, https:\/\/villarrealcf.es\/\/wp-content\/uploads\/2020\/10\/4da6b493edf21af174b01ab1ac7a36ca.jpg 1920w, https:\/\/villarrealcf.es\/wp-content\/uploads\/2020\/10\/4da6b493edf21af174b01ab1ac7a36ca-1200x675.jpg 1200w","sizes":"auto, (max-width: 1653px) 100vw, 1653px"},{"type":"paragraph","text":"Villarreal CF and the Segunda Divisi\u00f3n side have reached an agreement for the Senegalese attacker"},{"type":"paragraph","text":"Villarreal CF and CD MIrand\u00e9s have reached an agreement for the loan of the promising Senegalese forward Nicol\u00e1s Jackson, who will play for the Segunda Divisi\u00f3n side this season. Jackson was one of the standout players for the U19s (Juvenil A) last season in the Divisi\u00f3n de Honor."},{"type":"paragraph","text":"Good luck, Jackson!"}],"structured":{"summary":{"text":"Villarreal CF and the Segunda Divisi\u00f3n side have reached an agreement for the Senegalese attacker Villarreal CF and CD MIrand\u00e9s have reached an agreement for the loan of the promising Senegalese forward Nicol\u00e1s Jackson, who will play for the Segunda Divisi\u00f3n side this season. Jackson was one of the standout players for the U19s (Juvenil A) last season in the Divisi\u00f3n de Honor. Good luck, Jackson!","headings":[],"buttons":[],"images":[{"type":"image","url":"https:\/\/villarrealcf.es\/\/wp-content\/uploads\/2020\/10\/4da6b493edf21af174b01ab1ac7a36ca.jpg","alt":"||||","width":1653,"height":930,"srcset":"https:\/\/villarrealcf.es\/wp-content\/uploads\/2020\/10\/4da6b493edf21af174b01ab1ac7a36ca.jpg 1653w, https:\/\/villarrealcf.es\/\/wp-content\/uploads\/2020\/10\/4da6b493edf21af174b01ab1ac7a36ca.jpg 1920w, https:\/\/villarrealcf.es\/wp-content\/uploads\/2020\/10\/4da6b493edf21af174b01ab1ac7a36ca-1024x576.jpg 1024w, https:\/\/villarrealcf.es\/\/wp-content\/uploads\/2020\/10\/4da6b493edf21af174b01ab1ac7a36ca.jpg 1920w, https:\/\/villarrealcf.es\/wp-content\/uploads\/2020\/10\/4da6b493edf21af174b01ab1ac7a36ca-1536x864.jpg 1536w, https:\/\/villarrealcf.es\/\/wp-content\/uploads\/2020\/10\/4da6b493edf21af174b01ab1ac7a36ca.jpg 1920w, https:\/\/villarrealcf.es\/wp-content\/uploads\/2020\/10\/4da6b493edf21af174b01ab1ac7a36ca-32x18.jpg 32w, https:\/\/villarrealcf.es\/wp-content\/uploads\/2020\/10\/4da6b493edf21af174b01ab1ac7a36ca-150x84.jpg 150w, https:\/\/villarrealcf.es\/\/wp-content\/uploads\/2020\/10\/4da6b493edf21af174b01ab1ac7a36ca.jpg 1920w, https:\/\/villarrealcf.es\/wp-content\/uploads\/2020\/10\/4da6b493edf21af174b01ab1ac7a36ca-1200x675.jpg 1200w","sizes":"auto, (max-width: 1653px) 100vw, 1653px"}],"counts":{"blocks":4,"headings":0,"texts":3,"buttons":0,"images":1}},"sections":[{"id":"section-1","title":"","text":"Villarreal CF and the Segunda Divisi\u00f3n side have reached an agreement for the Senegalese attacker Villarreal CF and CD MIrand\u00e9s have reached an agreement for the loan of the promising Senegalese forward Nicol\u00e1s Jackson, who will play for the Segunda Divisi\u00f3n side this season. Jackson was one of the standout players for the U19s (Juvenil A) last season in the Divisi\u00f3n de Honor. Good luck, Jackson!","headings":[],"texts":[{"type":"paragraph","text":"Villarreal CF and the Segunda Divisi\u00f3n side have reached an agreement for the Senegalese attacker"},{"type":"paragraph","text":"Villarreal CF and CD MIrand\u00e9s have reached an agreement for the loan of the promising Senegalese forward Nicol\u00e1s Jackson, who will play for the Segunda Divisi\u00f3n side this season. Jackson was one of the standout players for the U19s (Juvenil A) last season in the Divisi\u00f3n de Honor."},{"type":"paragraph","text":"Good luck, Jackson!"}],"buttons":[],"images":[{"type":"image","url":"https:\/\/villarrealcf.es\/\/wp-content\/uploads\/2020\/10\/4da6b493edf21af174b01ab1ac7a36ca.jpg","alt":"||||","width":1653,"height":930,"srcset":"https:\/\/villarrealcf.es\/wp-content\/uploads\/2020\/10\/4da6b493edf21af174b01ab1ac7a36ca.jpg 1653w, https:\/\/villarrealcf.es\/\/wp-content\/uploads\/2020\/10\/4da6b493edf21af174b01ab1ac7a36ca.jpg 1920w, https:\/\/villarrealcf.es\/wp-content\/uploads\/2020\/10\/4da6b493edf21af174b01ab1ac7a36ca-1024x576.jpg 1024w, https:\/\/villarrealcf.es\/\/wp-content\/uploads\/2020\/10\/4da6b493edf21af174b01ab1ac7a36ca.jpg 1920w, https:\/\/villarrealcf.es\/wp-content\/uploads\/2020\/10\/4da6b493edf21af174b01ab1ac7a36ca-1536x864.jpg 1536w, https:\/\/villarrealcf.es\/\/wp-content\/uploads\/2020\/10\/4da6b493edf21af174b01ab1ac7a36ca.jpg 1920w, https:\/\/villarrealcf.es\/wp-content\/uploads\/2020\/10\/4da6b493edf21af174b01ab1ac7a36ca-32x18.jpg 32w, https:\/\/villarrealcf.es\/wp-content\/uploads\/2020\/10\/4da6b493edf21af174b01ab1ac7a36ca-150x84.jpg 150w, https:\/\/villarrealcf.es\/\/wp-content\/uploads\/2020\/10\/4da6b493edf21af174b01ab1ac7a36ca.jpg 1920w, https:\/\/villarrealcf.es\/wp-content\/uploads\/2020\/10\/4da6b493edf21af174b01ab1ac7a36ca-1200x675.jpg 1200w","sizes":"auto, (max-width: 1653px) 100vw, 1653px"}],"widgets":[],"blocks":[{"type":"image","url":"https:\/\/villarrealcf.es\/\/wp-content\/uploads\/2020\/10\/4da6b493edf21af174b01ab1ac7a36ca.jpg","alt":"||||","width":1653,"height":930,"srcset":"https:\/\/villarrealcf.es\/wp-content\/uploads\/2020\/10\/4da6b493edf21af174b01ab1ac7a36ca.jpg 1653w, https:\/\/villarrealcf.es\/\/wp-content\/uploads\/2020\/10\/4da6b493edf21af174b01ab1ac7a36ca.jpg 1920w, https:\/\/villarrealcf.es\/wp-content\/uploads\/2020\/10\/4da6b493edf21af174b01ab1ac7a36ca-1024x576.jpg 1024w, https:\/\/villarrealcf.es\/\/wp-content\/uploads\/2020\/10\/4da6b493edf21af174b01ab1ac7a36ca.jpg 1920w, https:\/\/villarrealcf.es\/wp-content\/uploads\/2020\/10\/4da6b493edf21af174b01ab1ac7a36ca-1536x864.jpg 1536w, https:\/\/villarrealcf.es\/\/wp-content\/uploads\/2020\/10\/4da6b493edf21af174b01ab1ac7a36ca.jpg 1920w, https:\/\/villarrealcf.es\/wp-content\/uploads\/2020\/10\/4da6b493edf21af174b01ab1ac7a36ca-32x18.jpg 32w, https:\/\/villarrealcf.es\/wp-content\/uploads\/2020\/10\/4da6b493edf21af174b01ab1ac7a36ca-150x84.jpg 150w, https:\/\/villarrealcf.es\/\/wp-content\/uploads\/2020\/10\/4da6b493edf21af174b01ab1ac7a36ca.jpg 1920w, https:\/\/villarrealcf.es\/wp-content\/uploads\/2020\/10\/4da6b493edf21af174b01ab1ac7a36ca-1200x675.jpg 1200w","sizes":"auto, (max-width: 1653px) 100vw, 1653px"},{"type":"paragraph","text":"Villarreal CF and the Segunda Divisi\u00f3n side have reached an agreement for the Senegalese attacker"},{"type":"paragraph","text":"Villarreal CF and CD MIrand\u00e9s have reached an agreement for the loan of the promising Senegalese forward Nicol\u00e1s Jackson, who will play for the Segunda Divisi\u00f3n side this season. Jackson was one of the standout players for the U19s (Juvenil A) last season in the Divisi\u00f3n de Honor."},{"type":"paragraph","text":"Good luck, Jackson!"}]}],"hero":{"id":"section-1","title":"","text":"Villarreal CF and the Segunda Divisi\u00f3n side have reached an agreement for the Senegalese attacker Villarreal CF and CD MIrand\u00e9s have reached an agreement for the loan of the promising Senegalese forward Nicol\u00e1s Jackson, who will play for the Segunda Divisi\u00f3n side this season. Jackson was one of the standout players for the U19s (Juvenil A) last season in the Divisi\u00f3n de Honor. Good luck, Jackson!","headings":[],"texts":[{"type":"paragraph","text":"Villarreal CF and the Segunda Divisi\u00f3n side have reached an agreement for the Senegalese attacker"},{"type":"paragraph","text":"Villarreal CF and CD MIrand\u00e9s have reached an agreement for the loan of the promising Senegalese forward Nicol\u00e1s Jackson, who will play for the Segunda Divisi\u00f3n side this season. Jackson was one of the standout players for the U19s (Juvenil A) last season in the Divisi\u00f3n de Honor."},{"type":"paragraph","text":"Good luck, Jackson!"}],"buttons":[],"images":[{"type":"image","url":"https:\/\/villarrealcf.es\/\/wp-content\/uploads\/2020\/10\/4da6b493edf21af174b01ab1ac7a36ca.jpg","alt":"||||","width":1653,"height":930,"srcset":"https:\/\/villarrealcf.es\/wp-content\/uploads\/2020\/10\/4da6b493edf21af174b01ab1ac7a36ca.jpg 1653w, https:\/\/villarrealcf.es\/\/wp-content\/uploads\/2020\/10\/4da6b493edf21af174b01ab1ac7a36ca.jpg 1920w, https:\/\/villarrealcf.es\/wp-content\/uploads\/2020\/10\/4da6b493edf21af174b01ab1ac7a36ca-1024x576.jpg 1024w, https:\/\/villarrealcf.es\/\/wp-content\/uploads\/2020\/10\/4da6b493edf21af174b01ab1ac7a36ca.jpg 1920w, https:\/\/villarrealcf.es\/wp-content\/uploads\/2020\/10\/4da6b493edf21af174b01ab1ac7a36ca-1536x864.jpg 1536w, https:\/\/villarrealcf.es\/\/wp-content\/uploads\/2020\/10\/4da6b493edf21af174b01ab1ac7a36ca.jpg 1920w, https:\/\/villarrealcf.es\/wp-content\/uploads\/2020\/10\/4da6b493edf21af174b01ab1ac7a36ca-32x18.jpg 32w, https:\/\/villarrealcf.es\/wp-content\/uploads\/2020\/10\/4da6b493edf21af174b01ab1ac7a36ca-150x84.jpg 150w, https:\/\/villarrealcf.es\/\/wp-content\/uploads\/2020\/10\/4da6b493edf21af174b01ab1ac7a36ca.jpg 1920w, https:\/\/villarrealcf.es\/wp-content\/uploads\/2020\/10\/4da6b493edf21af174b01ab1ac7a36ca-1200x675.jpg 1200w","sizes":"auto, (max-width: 1653px) 100vw, 1653px"}],"widgets":[],"blocks":[{"type":"image","url":"https:\/\/villarrealcf.es\/\/wp-content\/uploads\/2020\/10\/4da6b493edf21af174b01ab1ac7a36ca.jpg","alt":"||||","width":1653,"height":930,"srcset":"https:\/\/villarrealcf.es\/wp-content\/uploads\/2020\/10\/4da6b493edf21af174b01ab1ac7a36ca.jpg 1653w, https:\/\/villarrealcf.es\/\/wp-content\/uploads\/2020\/10\/4da6b493edf21af174b01ab1ac7a36ca.jpg 1920w, https:\/\/villarrealcf.es\/wp-content\/uploads\/2020\/10\/4da6b493edf21af174b01ab1ac7a36ca-1024x576.jpg 1024w, https:\/\/villarrealcf.es\/\/wp-content\/uploads\/2020\/10\/4da6b493edf21af174b01ab1ac7a36ca.jpg 1920w, https:\/\/villarrealcf.es\/wp-content\/uploads\/2020\/10\/4da6b493edf21af174b01ab1ac7a36ca-1536x864.jpg 1536w, https:\/\/villarrealcf.es\/\/wp-content\/uploads\/2020\/10\/4da6b493edf21af174b01ab1ac7a36ca.jpg 1920w, https:\/\/villarrealcf.es\/wp-content\/uploads\/2020\/10\/4da6b493edf21af174b01ab1ac7a36ca-32x18.jpg 32w, https:\/\/villarrealcf.es\/wp-content\/uploads\/2020\/10\/4da6b493edf21af174b01ab1ac7a36ca-150x84.jpg 150w, https:\/\/villarrealcf.es\/\/wp-content\/uploads\/2020\/10\/4da6b493edf21af174b01ab1ac7a36ca.jpg 1920w, https:\/\/villarrealcf.es\/wp-content\/uploads\/2020\/10\/4da6b493edf21af174b01ab1ac7a36ca-1200x675.jpg 1200w","sizes":"auto, (max-width: 1653px) 100vw, 1653px"},{"type":"paragraph","text":"Villarreal CF and the Segunda Divisi\u00f3n side have reached an agreement for the Senegalese attacker"},{"type":"paragraph","text":"Villarreal CF and CD MIrand\u00e9s have reached an agreement for the loan of the promising Senegalese forward Nicol\u00e1s Jackson, who will play for the Segunda Divisi\u00f3n side this season. Jackson was one of the standout players for the U19s (Juvenil A) last season in the Divisi\u00f3n de Honor."},{"type":"paragraph","text":"Good luck, Jackson!"}]}},"sections":[{"id":"section-1","title":"","text":"Villarreal CF and the Segunda Divisi\u00f3n side have reached an agreement for the Senegalese attacker Villarreal CF and CD MIrand\u00e9s have reached an agreement for the loan of the promising Senegalese forward Nicol\u00e1s Jackson, who will play for the Segunda Divisi\u00f3n side this season. Jackson was one of the standout players for the U19s (Juvenil A) last season in the Divisi\u00f3n de Honor. Good luck, Jackson!","url":"","background_image":"","images":[{"type":"image","url":"https:\/\/villarrealcf.es\/\/wp-content\/uploads\/2020\/10\/4da6b493edf21af174b01ab1ac7a36ca.jpg","alt":"||||","width":1653,"height":930,"srcset":"https:\/\/villarrealcf.es\/wp-content\/uploads\/2020\/10\/4da6b493edf21af174b01ab1ac7a36ca.jpg 1653w, https:\/\/villarrealcf.es\/\/wp-content\/uploads\/2020\/10\/4da6b493edf21af174b01ab1ac7a36ca.jpg 1920w, https:\/\/villarrealcf.es\/wp-content\/uploads\/2020\/10\/4da6b493edf21af174b01ab1ac7a36ca-1024x576.jpg 1024w, https:\/\/villarrealcf.es\/\/wp-content\/uploads\/2020\/10\/4da6b493edf21af174b01ab1ac7a36ca.jpg 1920w, https:\/\/villarrealcf.es\/wp-content\/uploads\/2020\/10\/4da6b493edf21af174b01ab1ac7a36ca-1536x864.jpg 1536w, https:\/\/villarrealcf.es\/\/wp-content\/uploads\/2020\/10\/4da6b493edf21af174b01ab1ac7a36ca.jpg 1920w, https:\/\/villarrealcf.es\/wp-content\/uploads\/2020\/10\/4da6b493edf21af174b01ab1ac7a36ca-32x18.jpg 32w, https:\/\/villarrealcf.es\/wp-content\/uploads\/2020\/10\/4da6b493edf21af174b01ab1ac7a36ca-150x84.jpg 150w, https:\/\/villarrealcf.es\/\/wp-content\/uploads\/2020\/10\/4da6b493edf21af174b01ab1ac7a36ca.jpg 1920w, https:\/\/villarrealcf.es\/wp-content\/uploads\/2020\/10\/4da6b493edf21af174b01ab1ac7a36ca-1200x675.jpg 1200w","sizes":"auto, (max-width: 1653px) 100vw, 1653px"}],"videos":[],"links":[]},{"id":"shortcode-caption-69f231c7eb229","type":"shortcode","shortcode":"caption","attributes":{"id":"attachment_164845","align":"alignnone","width":""},"title":"Caption","rendered":"","data":[],"text":"","url":"","background_image":"","images":[],"videos":[],"links":[],"blocks":[]}]},"excerpt":{"rendered":"Villarreal CF and the Segunda Divisi\u00f3n side have reached an agreement for the Senegalese attacker","protected":false},"author":23,"featured_media":164845,"comment_status":"","ping_status":"","sticky":false,"template":"","format":"standard","meta":{"_acf_changed":false,"footnotes":""},"categories":[4857],"tags":[4965,5768,8603,9531,9201,4902,4878,8710,9199,4866,4865],"acf":null,"lang":"en","translations":{"en":217997},"essential_grid":{"has_grid":false},"formatted_date":"October 5, 2020","modified_date":"October 5, 2020","permalink":"https:\/\/villarrealcf.es\/en\/jackson-will-play-on-loan-at-mirandes\/","reading_time":1,"featured_media_data":{"id":164845,"title":"||||","caption":"||||","alt_text":"","description":"","mime_type":"image\/jpeg","source_url":"https:\/\/villarrealcf.es\/wp-content\/uploads\/2020\/10\/4da6b493edf21af174b01ab1ac7a36ca.jpg","sizes":{"thumbnail":{"url":"https:\/\/villarrealcf.es\/wp-content\/uploads\/2020\/10\/4da6b493edf21af174b01ab1ac7a36ca-150x150.jpg","width":150,"height":150},"medium":{"url":"https:\/\/villarrealcf.es\/wp-content\/uploads\/2020\/10\/4da6b493edf21af174b01ab1ac7a36ca-300x169.jpg","width":300,"height":169},"medium_large":{"url":"https:\/\/villarrealcf.es\/wp-content\/uploads\/2020\/10\/4da6b493edf21af174b01ab1ac7a36ca-768x432.jpg","width":768,"height":432},"large":{"url":"https:\/\/villarrealcf.es\/wp-content\/uploads\/2020\/10\/4da6b493edf21af174b01ab1ac7a36ca-1024x576.jpg","width":788,"height":443},"1536x1536":{"url":"https:\/\/villarrealcf.es\/wp-content\/uploads\/2020\/10\/4da6b493edf21af174b01ab1ac7a36ca-1536x864.jpg","width":1536,"height":864},"2048x2048":{"url":"https:\/\/villarrealcf.es\/wp-content\/uploads\/2020\/10\/4da6b493edf21af174b01ab1ac7a36ca.jpg","width":1653,"height":930},"tp-image-grid":{"url":"https:\/\/villarrealcf.es\/wp-content\/uploads\/2020\/10\/4da6b493edf21af174b01ab1ac7a36ca-700x700.jpg","width":700,"height":700},"size-bunyad-medium":{"url":"https:\/\/villarrealcf.es\/wp-content\/uploads\/2020\/10\/4da6b493edf21af174b01ab1ac7a36ca.jpg","width":1653,"height":930},"sportspress-crop-medium":{"url":"https:\/\/villarrealcf.es\/wp-content\/uploads\/2020\/10\/4da6b493edf21af174b01ab1ac7a36ca-300x300.jpg","width":300,"height":300},"sportspress-fit-medium":{"url":"https:\/\/villarrealcf.es\/wp-content\/uploads\/2020\/10\/4da6b493edf21af174b01ab1ac7a36ca-300x169.jpg","width":300,"height":169},"sportspress-fit-icon":{"url":"https:\/\/villarrealcf.es\/wp-content\/uploads\/2020\/10\/4da6b493edf21af174b01ab1ac7a36ca-128x72.jpg","width":128,"height":72},"sportspress-fit-mini":{"url":"https:\/\/villarrealcf.es\/wp-content\/uploads\/2020\/10\/4da6b493edf21af174b01ab1ac7a36ca-32x18.jpg","width":32,"height":18},"bunyad-small":{"url":"https:\/\/villarrealcf.es\/wp-content\/uploads\/2020\/10\/4da6b493edf21af174b01ab1ac7a36ca-150x84.jpg","width":150,"height":84},"bunyad-medium":{"url":"https:\/\/villarrealcf.es\/wp-content\/uploads\/2020\/10\/4da6b493edf21af174b01ab1ac7a36ca-450x253.jpg","width":450,"height":253},"bunyad-full":{"url":"https:\/\/villarrealcf.es\/wp-content\/uploads\/2020\/10\/4da6b493edf21af174b01ab1ac7a36ca-1200x675.jpg","width":1200,"height":675},"bunyad-viewport":{"url":"https:\/\/villarrealcf.es\/wp-content\/uploads\/2020\/10\/4da6b493edf21af174b01ab1ac7a36ca.jpg","width":1653,"height":930},"bunyad-768":{"url":"https:\/\/villarrealcf.es\/wp-content\/uploads\/2020\/10\/4da6b493edf21af174b01ab1ac7a36ca-768x432.jpg","width":768,"height":432},"full":{"url":"https:\/\/villarrealcf.es\/wp-content\/uploads\/2020\/10\/4da6b493edf21af174b01ab1ac7a36ca.jpg","width":1653,"height":930}}},"author_data":{"id":"23","name":"Fran Segovia","first_name":"Fran","last_name":"Segovia","description":"","avatar_url":"https:\/\/secure.gravatar.com\/avatar\/9ec849b3b9cb451091f0a96d7943b1c6be26a8d6fd3b94d5b5bfd496b2536c42?s=96&d=mm&r=g","acf":null},"taxonomies_data":{"category":[{"id":4857,"name":"General News","slug":"general-news","acf":null}],"post_tag":[{"id":4965,"name":"Cantera","slug":"cantera","acf":null},{"id":5768,"name":"Cantera Grogueta","slug":"cantera-grogueta","acf":null},{"id":8603,"name":"CD Mirand\u00e9s","slug":"cd-mirandes","acf":null},{"id":9531,"name":"Cesi\u00f3n","slug":"cesion-en","acf":null},{"id":9201,"name":"Football","slug":"football-d34-en","acf":null},{"id":4902,"name":"Futbol","slug":"futbol","acf":null},{"id":4878,"name":"F\u00fatbol Base","slug":"futbol-base","acf":null},{"id":8710,"name":"Nicolas Jackson","slug":"nicolas-jackson","acf":null},{"id":9199,"name":"Soccer","slug":"soccer-d105-en","acf":null},{"id":4866,"name":"Submarine","slug":"submarino","acf":null},{"id":4865,"name":"Villarreal CF","slug":"villarreal-cf","acf":null}],"translation_priority":[{"id":734,"name":"Optional","slug":"optional-en","acf":null}]},"seo_full":{"native":{"title":"Jackson will play on loan at Mirand\u00e9s - Web Oficial del Villarreal CF","description":"[caption id=\"attachment_164845\" align=\"alignnone\" width=\"\"]||||[\/caption]Villarreal CF and the Segunda Divisi\u00f3n side have reached an agreement for the Senegalese attacker Villarreal CF&hellip;","canonical":"https:\/\/villarrealcf.es\/en\/jackson-will-play-on-loan-at-mirandes\/"}},"_links":{"self":[{"href":"https:\/\/villarrealcf.es\/en\/wp-json\/wp\/v2\/posts\/217997","targetHints":{"allow":["GET"]}}],"collection":[{"href":"https:\/\/villarrealcf.es\/en\/wp-json\/wp\/v2\/posts"}],"about":[{"href":"https:\/\/villarrealcf.es\/en\/wp-json\/wp\/v2\/types\/post"}],"author":[{"embeddable":true,"href":"https:\/\/villarrealcf.es\/en\/wp-json\/wp\/v2\/users\/23"}],"replies":[{"embeddable":true,"href":"https:\/\/villarrealcf.es\/en\/wp-json\/wp\/v2\/comments?post=217997"}],"version-history":[{"count":0,"href":"https:\/\/villarrealcf.es\/en\/wp-json\/wp\/v2\/posts\/217997\/revisions"}],"wp:featuredmedia":[{"embeddable":true,"href":"https:\/\/villarrealcf.es\/en\/wp-json\/wp\/v2\/media\/164845"}],"wp:attachment":[{"href":"https:\/\/villarrealcf.es\/en\/wp-json\/wp\/v2\/media?parent=217997"}],"wp:term":[{"taxonomy":"category","embeddable":true,"href":"https:\/\/villarrealcf.es\/en\/wp-json\/wp\/v2\/categories?post=217997"},{"taxonomy":"post_tag","embeddable":true,"href":"https:\/\/villarrealcf.es\/en\/wp-json\/wp\/v2\/tags?post=217997"}],"curies":[{"name":"wp","href":"https:\/\/api.w.org\/{rel}","templated":true}]}}