{"id":204750,"date":"2016-09-20T00:03:57","date_gmt":"2016-09-19T22:03:57","guid":{"rendered":"https:\/\/villarrealcf.es\/\/two-academy-players-shine-for-spain-u17s\/"},"modified":"2016-09-20T00:03:57","modified_gmt":"2016-09-19T22:03:57","slug":"two-academy-players-shine-for-spain-u17s","status":"publish","type":"post","link":"https:\/\/villarrealcf.es\/en\/two-academy-players-shine-for-spain-u17s\/","title":{"rendered":"Two Academy players shine for Spain U17s"},"content":{"protected":false,"blocks":[{"type":"image","url":"https:\/\/villarrealcf.es\/\/wp-content\/uploads\/2016\/09\/b3633a31690904c0bb1dee40a2ff7f3e.jpg","alt":"CD RODA","width":819,"height":460,"srcset":"https:\/\/villarrealcf.es\/wp-content\/uploads\/2016\/09\/b3633a31690904c0bb1dee40a2ff7f3e.jpg 819w, https:\/\/villarrealcf.es\/\/wp-content\/uploads\/2016\/09\/b3633a31690904c0bb1dee40a2ff7f3e.jpg 1920w, https:\/\/villarrealcf.es\/\/wp-content\/uploads\/2016\/09\/b3633a31690904c0bb1dee40a2ff7f3e.jpg 1920w, https:\/\/villarrealcf.es\/\/wp-content\/uploads\/2016\/09\/b3633a31690904c0bb1dee40a2ff7f3e.jpg 1920w, https:\/\/villarrealcf.es\/wp-content\/uploads\/2016\/09\/b3633a31690904c0bb1dee40a2ff7f3e-32x18.jpg 32w, https:\/\/villarrealcf.es\/wp-content\/uploads\/2016\/09\/b3633a31690904c0bb1dee40a2ff7f3e-150x84.jpg 150w, https:\/\/villarrealcf.es\/\/wp-content\/uploads\/2016\/09\/b3633a31690904c0bb1dee40a2ff7f3e.jpg 1920w","sizes":"auto, (max-width: 819px) 100vw, 819px"},{"type":"paragraph","text":"Carlos Beitia and Jorge Gald\u00f3n participated in the win against Northern Ireland (0-4)"},{"type":"paragraph","text":"Academy players Carlos Beitia and Jorge Gald\u00f3n participated in the Spain U17s resounding victory against Northern Ireland (0-4) to start the qualification tournament for the next U17 European Championships."},{"type":"paragraph","text":"Jorge Gald\u00f3n entered the field of play in the 60th minute replacing teammate G\u00f3mez Mart\u00edn, while Carlos Beitia came on for Moha in the 74th minute of the tie. Nacho D\u00edaz was the other Yellows Academy player to be called up for the Spain U17s but he did not play a part in the match. Spain\u2019s goals were scored by Diego Pamp\u00edn, Abel Ruiz, Sergi G\u00f3mez and Moha."},{"type":"paragraph","text":"In the other group match, Slovakia thrashed San Marino (4-0) and are therefore tied with Spain at the top of the group table. If in the next game the Spaniards are able to beat San Marino they will qualify for the U17 European Championships."}],"structured":{"summary":{"text":"Carlos Beitia and Jorge Gald\u00f3n participated in the win against Northern Ireland (0-4) Academy players Carlos Beitia and Jorge Gald\u00f3n participated in the Spain U17s resounding victory against Northern Ireland (0-4) to start the qualification tournament for the next U17 European Championships. Jorge Gald\u00f3n entered the field of play in the 60th minute replacing teammate G\u00f3mez Mart\u00edn, while Carlos Beitia came on for Moha in the 74th minute of the tie. Nacho D\u00edaz was the other Yellows Academy player to be called up for the Spain U17s but he did not play a part in the match. Spain\u2019s goals were scored by Diego Pamp\u00edn, Abel Ruiz, Sergi G\u00f3mez and Moha. In the other group match, Slovakia thrashed San Marino (4-0) and are therefore tied with Spain at the top of the group table. If in the next game the Spaniards are able to beat San Marino they will qualify for the U17 European Championships.","headings":[],"buttons":[],"images":[{"type":"image","url":"https:\/\/villarrealcf.es\/\/wp-content\/uploads\/2016\/09\/b3633a31690904c0bb1dee40a2ff7f3e.jpg","alt":"CD RODA","width":819,"height":460,"srcset":"https:\/\/villarrealcf.es\/wp-content\/uploads\/2016\/09\/b3633a31690904c0bb1dee40a2ff7f3e.jpg 819w, https:\/\/villarrealcf.es\/\/wp-content\/uploads\/2016\/09\/b3633a31690904c0bb1dee40a2ff7f3e.jpg 1920w, https:\/\/villarrealcf.es\/\/wp-content\/uploads\/2016\/09\/b3633a31690904c0bb1dee40a2ff7f3e.jpg 1920w, https:\/\/villarrealcf.es\/\/wp-content\/uploads\/2016\/09\/b3633a31690904c0bb1dee40a2ff7f3e.jpg 1920w, https:\/\/villarrealcf.es\/wp-content\/uploads\/2016\/09\/b3633a31690904c0bb1dee40a2ff7f3e-32x18.jpg 32w, https:\/\/villarrealcf.es\/wp-content\/uploads\/2016\/09\/b3633a31690904c0bb1dee40a2ff7f3e-150x84.jpg 150w, https:\/\/villarrealcf.es\/\/wp-content\/uploads\/2016\/09\/b3633a31690904c0bb1dee40a2ff7f3e.jpg 1920w","sizes":"auto, (max-width: 819px) 100vw, 819px"}],"counts":{"blocks":5,"headings":0,"texts":4,"buttons":0,"images":1}},"sections":[{"id":"section-1","title":"","text":"Carlos Beitia and Jorge Gald\u00f3n participated in the win against Northern Ireland (0-4) Academy players Carlos Beitia and Jorge Gald\u00f3n participated in the Spain U17s resounding victory against Northern Ireland (0-4) to start the qualification tournament for the next U17 European Championships. Jorge Gald\u00f3n entered the field of play in the 60th minute replacing teammate G\u00f3mez Mart\u00edn, while Carlos Beitia came on for Moha in the 74th minute of the tie. Nacho D\u00edaz was the other Yellows Academy player to be called up for the Spain U17s but he did not play a part in the match. Spain\u2019s goals were scored by Diego Pamp\u00edn, Abel Ruiz, Sergi G\u00f3mez and Moha. In the other group match, Slovakia thrashed San Marino (4-0) and are therefore tied with Spain at the top of the group table. If in the next game the Spaniards are able to beat San Marino they will qualify for the U17 European Championships.","headings":[],"texts":[{"type":"paragraph","text":"Carlos Beitia and Jorge Gald\u00f3n participated in the win against Northern Ireland (0-4)"},{"type":"paragraph","text":"Academy players Carlos Beitia and Jorge Gald\u00f3n participated in the Spain U17s resounding victory against Northern Ireland (0-4) to start the qualification tournament for the next U17 European Championships."},{"type":"paragraph","text":"Jorge Gald\u00f3n entered the field of play in the 60th minute replacing teammate G\u00f3mez Mart\u00edn, while Carlos Beitia came on for Moha in the 74th minute of the tie. Nacho D\u00edaz was the other Yellows Academy player to be called up for the Spain U17s but he did not play a part in the match. Spain\u2019s goals were scored by Diego Pamp\u00edn, Abel Ruiz, Sergi G\u00f3mez and Moha."},{"type":"paragraph","text":"In the other group match, Slovakia thrashed San Marino (4-0) and are therefore tied with Spain at the top of the group table. If in the next game the Spaniards are able to beat San Marino they will qualify for the U17 European Championships."}],"buttons":[],"images":[{"type":"image","url":"https:\/\/villarrealcf.es\/\/wp-content\/uploads\/2016\/09\/b3633a31690904c0bb1dee40a2ff7f3e.jpg","alt":"CD RODA","width":819,"height":460,"srcset":"https:\/\/villarrealcf.es\/wp-content\/uploads\/2016\/09\/b3633a31690904c0bb1dee40a2ff7f3e.jpg 819w, https:\/\/villarrealcf.es\/\/wp-content\/uploads\/2016\/09\/b3633a31690904c0bb1dee40a2ff7f3e.jpg 1920w, https:\/\/villarrealcf.es\/\/wp-content\/uploads\/2016\/09\/b3633a31690904c0bb1dee40a2ff7f3e.jpg 1920w, https:\/\/villarrealcf.es\/\/wp-content\/uploads\/2016\/09\/b3633a31690904c0bb1dee40a2ff7f3e.jpg 1920w, https:\/\/villarrealcf.es\/wp-content\/uploads\/2016\/09\/b3633a31690904c0bb1dee40a2ff7f3e-32x18.jpg 32w, https:\/\/villarrealcf.es\/wp-content\/uploads\/2016\/09\/b3633a31690904c0bb1dee40a2ff7f3e-150x84.jpg 150w, https:\/\/villarrealcf.es\/\/wp-content\/uploads\/2016\/09\/b3633a31690904c0bb1dee40a2ff7f3e.jpg 1920w","sizes":"auto, (max-width: 819px) 100vw, 819px"}],"widgets":[],"blocks":[{"type":"image","url":"https:\/\/villarrealcf.es\/\/wp-content\/uploads\/2016\/09\/b3633a31690904c0bb1dee40a2ff7f3e.jpg","alt":"CD RODA","width":819,"height":460,"srcset":"https:\/\/villarrealcf.es\/wp-content\/uploads\/2016\/09\/b3633a31690904c0bb1dee40a2ff7f3e.jpg 819w, https:\/\/villarrealcf.es\/\/wp-content\/uploads\/2016\/09\/b3633a31690904c0bb1dee40a2ff7f3e.jpg 1920w, https:\/\/villarrealcf.es\/\/wp-content\/uploads\/2016\/09\/b3633a31690904c0bb1dee40a2ff7f3e.jpg 1920w, https:\/\/villarrealcf.es\/\/wp-content\/uploads\/2016\/09\/b3633a31690904c0bb1dee40a2ff7f3e.jpg 1920w, https:\/\/villarrealcf.es\/wp-content\/uploads\/2016\/09\/b3633a31690904c0bb1dee40a2ff7f3e-32x18.jpg 32w, https:\/\/villarrealcf.es\/wp-content\/uploads\/2016\/09\/b3633a31690904c0bb1dee40a2ff7f3e-150x84.jpg 150w, https:\/\/villarrealcf.es\/\/wp-content\/uploads\/2016\/09\/b3633a31690904c0bb1dee40a2ff7f3e.jpg 1920w","sizes":"auto, (max-width: 819px) 100vw, 819px"},{"type":"paragraph","text":"Carlos Beitia and Jorge Gald\u00f3n participated in the win against Northern Ireland (0-4)"},{"type":"paragraph","text":"Academy players Carlos Beitia and Jorge Gald\u00f3n participated in the Spain U17s resounding victory against Northern Ireland (0-4) to start the qualification tournament for the next U17 European Championships."},{"type":"paragraph","text":"Jorge Gald\u00f3n entered the field of play in the 60th minute replacing teammate G\u00f3mez Mart\u00edn, while Carlos Beitia came on for Moha in the 74th minute of the tie. Nacho D\u00edaz was the other Yellows Academy player to be called up for the Spain U17s but he did not play a part in the match. Spain\u2019s goals were scored by Diego Pamp\u00edn, Abel Ruiz, Sergi G\u00f3mez and Moha."},{"type":"paragraph","text":"In the other group match, Slovakia thrashed San Marino (4-0) and are therefore tied with Spain at the top of the group table. If in the next game the Spaniards are able to beat San Marino they will qualify for the U17 European Championships."}]}],"hero":{"id":"section-1","title":"","text":"Carlos Beitia and Jorge Gald\u00f3n participated in the win against Northern Ireland (0-4) Academy players Carlos Beitia and Jorge Gald\u00f3n participated in the Spain U17s resounding victory against Northern Ireland (0-4) to start the qualification tournament for the next U17 European Championships. Jorge Gald\u00f3n entered the field of play in the 60th minute replacing teammate G\u00f3mez Mart\u00edn, while Carlos Beitia came on for Moha in the 74th minute of the tie. Nacho D\u00edaz was the other Yellows Academy player to be called up for the Spain U17s but he did not play a part in the match. Spain\u2019s goals were scored by Diego Pamp\u00edn, Abel Ruiz, Sergi G\u00f3mez and Moha. In the other group match, Slovakia thrashed San Marino (4-0) and are therefore tied with Spain at the top of the group table. If in the next game the Spaniards are able to beat San Marino they will qualify for the U17 European Championships.","headings":[],"texts":[{"type":"paragraph","text":"Carlos Beitia and Jorge Gald\u00f3n participated in the win against Northern Ireland (0-4)"},{"type":"paragraph","text":"Academy players Carlos Beitia and Jorge Gald\u00f3n participated in the Spain U17s resounding victory against Northern Ireland (0-4) to start the qualification tournament for the next U17 European Championships."},{"type":"paragraph","text":"Jorge Gald\u00f3n entered the field of play in the 60th minute replacing teammate G\u00f3mez Mart\u00edn, while Carlos Beitia came on for Moha in the 74th minute of the tie. Nacho D\u00edaz was the other Yellows Academy player to be called up for the Spain U17s but he did not play a part in the match. Spain\u2019s goals were scored by Diego Pamp\u00edn, Abel Ruiz, Sergi G\u00f3mez and Moha."},{"type":"paragraph","text":"In the other group match, Slovakia thrashed San Marino (4-0) and are therefore tied with Spain at the top of the group table. If in the next game the Spaniards are able to beat San Marino they will qualify for the U17 European Championships."}],"buttons":[],"images":[{"type":"image","url":"https:\/\/villarrealcf.es\/\/wp-content\/uploads\/2016\/09\/b3633a31690904c0bb1dee40a2ff7f3e.jpg","alt":"CD RODA","width":819,"height":460,"srcset":"https:\/\/villarrealcf.es\/wp-content\/uploads\/2016\/09\/b3633a31690904c0bb1dee40a2ff7f3e.jpg 819w, https:\/\/villarrealcf.es\/\/wp-content\/uploads\/2016\/09\/b3633a31690904c0bb1dee40a2ff7f3e.jpg 1920w, https:\/\/villarrealcf.es\/\/wp-content\/uploads\/2016\/09\/b3633a31690904c0bb1dee40a2ff7f3e.jpg 1920w, https:\/\/villarrealcf.es\/\/wp-content\/uploads\/2016\/09\/b3633a31690904c0bb1dee40a2ff7f3e.jpg 1920w, https:\/\/villarrealcf.es\/wp-content\/uploads\/2016\/09\/b3633a31690904c0bb1dee40a2ff7f3e-32x18.jpg 32w, https:\/\/villarrealcf.es\/wp-content\/uploads\/2016\/09\/b3633a31690904c0bb1dee40a2ff7f3e-150x84.jpg 150w, https:\/\/villarrealcf.es\/\/wp-content\/uploads\/2016\/09\/b3633a31690904c0bb1dee40a2ff7f3e.jpg 1920w","sizes":"auto, (max-width: 819px) 100vw, 819px"}],"widgets":[],"blocks":[{"type":"image","url":"https:\/\/villarrealcf.es\/\/wp-content\/uploads\/2016\/09\/b3633a31690904c0bb1dee40a2ff7f3e.jpg","alt":"CD RODA","width":819,"height":460,"srcset":"https:\/\/villarrealcf.es\/wp-content\/uploads\/2016\/09\/b3633a31690904c0bb1dee40a2ff7f3e.jpg 819w, https:\/\/villarrealcf.es\/\/wp-content\/uploads\/2016\/09\/b3633a31690904c0bb1dee40a2ff7f3e.jpg 1920w, https:\/\/villarrealcf.es\/\/wp-content\/uploads\/2016\/09\/b3633a31690904c0bb1dee40a2ff7f3e.jpg 1920w, https:\/\/villarrealcf.es\/\/wp-content\/uploads\/2016\/09\/b3633a31690904c0bb1dee40a2ff7f3e.jpg 1920w, https:\/\/villarrealcf.es\/wp-content\/uploads\/2016\/09\/b3633a31690904c0bb1dee40a2ff7f3e-32x18.jpg 32w, https:\/\/villarrealcf.es\/wp-content\/uploads\/2016\/09\/b3633a31690904c0bb1dee40a2ff7f3e-150x84.jpg 150w, https:\/\/villarrealcf.es\/\/wp-content\/uploads\/2016\/09\/b3633a31690904c0bb1dee40a2ff7f3e.jpg 1920w","sizes":"auto, (max-width: 819px) 100vw, 819px"},{"type":"paragraph","text":"Carlos Beitia and Jorge Gald\u00f3n participated in the win against Northern Ireland (0-4)"},{"type":"paragraph","text":"Academy players Carlos Beitia and Jorge Gald\u00f3n participated in the Spain U17s resounding victory against Northern Ireland (0-4) to start the qualification tournament for the next U17 European Championships."},{"type":"paragraph","text":"Jorge Gald\u00f3n entered the field of play in the 60th minute replacing teammate G\u00f3mez Mart\u00edn, while Carlos Beitia came on for Moha in the 74th minute of the tie. Nacho D\u00edaz was the other Yellows Academy player to be called up for the Spain U17s but he did not play a part in the match. Spain\u2019s goals were scored by Diego Pamp\u00edn, Abel Ruiz, Sergi G\u00f3mez and Moha."},{"type":"paragraph","text":"In the other group match, Slovakia thrashed San Marino (4-0) and are therefore tied with Spain at the top of the group table. If in the next game the Spaniards are able to beat San Marino they will qualify for the U17 European Championships."}]}},"sections":[{"id":"section-1","title":"","text":"Carlos Beitia and Jorge Gald\u00f3n participated in the win against Northern Ireland (0-4) Academy players Carlos Beitia and Jorge Gald\u00f3n participated in the Spain U17s resounding victory against Northern Ireland (0-4) to start the qualification tournament for the next U17 European Championships. Jorge Gald\u00f3n entered the field of play in the 60th minute replacing teammate G\u00f3mez Mart\u00edn, while Carlos Beitia came on for Moha in the 74th minute of the tie. Nacho D\u00edaz was the other Yellows Academy player to be called up for the Spain U17s but he did not play a part in the match. Spain\u2019s goals were scored by Diego Pamp\u00edn, Abel Ruiz, Sergi G\u00f3mez and Moha. In the other group match, Slovakia thrashed San Marino (4-0) and are therefore tied with Spain at the top of the group table. If in the next game the Spaniards are able to beat San Marino they will qualify for the U17 European Championships.","url":"","background_image":"","images":[{"type":"image","url":"https:\/\/villarrealcf.es\/\/wp-content\/uploads\/2016\/09\/b3633a31690904c0bb1dee40a2ff7f3e.jpg","alt":"CD RODA","width":819,"height":460,"srcset":"https:\/\/villarrealcf.es\/wp-content\/uploads\/2016\/09\/b3633a31690904c0bb1dee40a2ff7f3e.jpg 819w, https:\/\/villarrealcf.es\/\/wp-content\/uploads\/2016\/09\/b3633a31690904c0bb1dee40a2ff7f3e.jpg 1920w, https:\/\/villarrealcf.es\/\/wp-content\/uploads\/2016\/09\/b3633a31690904c0bb1dee40a2ff7f3e.jpg 1920w, https:\/\/villarrealcf.es\/\/wp-content\/uploads\/2016\/09\/b3633a31690904c0bb1dee40a2ff7f3e.jpg 1920w, https:\/\/villarrealcf.es\/wp-content\/uploads\/2016\/09\/b3633a31690904c0bb1dee40a2ff7f3e-32x18.jpg 32w, https:\/\/villarrealcf.es\/wp-content\/uploads\/2016\/09\/b3633a31690904c0bb1dee40a2ff7f3e-150x84.jpg 150w, https:\/\/villarrealcf.es\/\/wp-content\/uploads\/2016\/09\/b3633a31690904c0bb1dee40a2ff7f3e.jpg 1920w","sizes":"auto, (max-width: 819px) 100vw, 819px"}],"videos":[],"links":[]}]},"excerpt":{"rendered":"Carlos Beitia and Jorge Gald\u00f3n participated in the win against Northern Ireland (0-4)","protected":false},"author":23,"featured_media":102846,"comment_status":"","ping_status":"","sticky":false,"template":"","format":"standard","meta":{"_acf_changed":false,"footnotes":""},"categories":[4857],"tags":[6551,9201,5951,6751,6806,9199,4865],"acf":null,"lang":"en","translations":{"en":204750},"essential_grid":{"has_grid":false},"formatted_date":"September 20, 2016","modified_date":"September 20, 2016","permalink":"https:\/\/villarrealcf.es\/en\/two-academy-players-shine-for-spain-u17s\/","reading_time":1,"featured_media_data":{"id":102846,"title":"b3633a31690904c0bb1dee40a2ff7f3e","caption":"b3633a31690904c0bb1dee40a2ff7f3e","alt_text":"b3633a31690904c0bb1dee40a2ff7f3e","description":"b3633a31690904c0bb1dee40a2ff7f3e","mime_type":"image\/jpeg","source_url":"https:\/\/villarrealcf.es\/wp-content\/uploads\/2016\/09\/b3633a31690904c0bb1dee40a2ff7f3e.jpg","sizes":{"thumbnail":{"url":"https:\/\/villarrealcf.es\/wp-content\/uploads\/2016\/09\/b3633a31690904c0bb1dee40a2ff7f3e-150x150.jpg","width":150,"height":150},"medium":{"url":"https:\/\/villarrealcf.es\/wp-content\/uploads\/2016\/09\/b3633a31690904c0bb1dee40a2ff7f3e-300x168.jpg","width":300,"height":168},"medium_large":{"url":"https:\/\/villarrealcf.es\/wp-content\/uploads\/2016\/09\/b3633a31690904c0bb1dee40a2ff7f3e-768x431.jpg","width":768,"height":431},"large":{"url":"https:\/\/villarrealcf.es\/wp-content\/uploads\/2016\/09\/b3633a31690904c0bb1dee40a2ff7f3e.jpg","width":788,"height":443},"1536x1536":{"url":"https:\/\/villarrealcf.es\/wp-content\/uploads\/2016\/09\/b3633a31690904c0bb1dee40a2ff7f3e.jpg","width":819,"height":460},"2048x2048":{"url":"https:\/\/villarrealcf.es\/wp-content\/uploads\/2016\/09\/b3633a31690904c0bb1dee40a2ff7f3e.jpg","width":819,"height":460},"tp-image-grid":{"url":"https:\/\/villarrealcf.es\/wp-content\/uploads\/2016\/09\/b3633a31690904c0bb1dee40a2ff7f3e-700x460.jpg","width":700,"height":460},"size-bunyad-medium":{"url":"https:\/\/villarrealcf.es\/wp-content\/uploads\/2016\/09\/b3633a31690904c0bb1dee40a2ff7f3e.jpg","width":819,"height":460},"sportspress-crop-medium":{"url":"https:\/\/villarrealcf.es\/wp-content\/uploads\/2016\/09\/b3633a31690904c0bb1dee40a2ff7f3e-300x300.jpg","width":300,"height":300},"sportspress-fit-medium":{"url":"https:\/\/villarrealcf.es\/wp-content\/uploads\/2016\/09\/b3633a31690904c0bb1dee40a2ff7f3e-300x168.jpg","width":300,"height":168},"sportspress-fit-icon":{"url":"https:\/\/villarrealcf.es\/wp-content\/uploads\/2016\/09\/b3633a31690904c0bb1dee40a2ff7f3e-128x72.jpg","width":128,"height":72},"sportspress-fit-mini":{"url":"https:\/\/villarrealcf.es\/wp-content\/uploads\/2016\/09\/b3633a31690904c0bb1dee40a2ff7f3e-32x18.jpg","width":32,"height":18},"bunyad-small":{"url":"https:\/\/villarrealcf.es\/wp-content\/uploads\/2016\/09\/b3633a31690904c0bb1dee40a2ff7f3e-150x84.jpg","width":150,"height":84},"bunyad-medium":{"url":"https:\/\/villarrealcf.es\/wp-content\/uploads\/2016\/09\/b3633a31690904c0bb1dee40a2ff7f3e-450x253.jpg","width":450,"height":253},"bunyad-full":{"url":"https:\/\/villarrealcf.es\/wp-content\/uploads\/2016\/09\/b3633a31690904c0bb1dee40a2ff7f3e.jpg","width":819,"height":460},"bunyad-viewport":{"url":"https:\/\/villarrealcf.es\/wp-content\/uploads\/2016\/09\/b3633a31690904c0bb1dee40a2ff7f3e.jpg","width":819,"height":460},"bunyad-768":{"url":"https:\/\/villarrealcf.es\/wp-content\/uploads\/2016\/09\/b3633a31690904c0bb1dee40a2ff7f3e-768x431.jpg","width":768,"height":431},"full":{"url":"https:\/\/villarrealcf.es\/wp-content\/uploads\/2016\/09\/b3633a31690904c0bb1dee40a2ff7f3e.jpg","width":819,"height":460}}},"author_data":{"id":"23","name":"Fran Segovia","first_name":"Fran","last_name":"Segovia","description":"","avatar_url":"https:\/\/secure.gravatar.com\/avatar\/9ec849b3b9cb451091f0a96d7943b1c6be26a8d6fd3b94d5b5bfd496b2536c42?s=96&d=mm&r=g","acf":null},"taxonomies_data":{"category":[{"id":4857,"name":"General News","slug":"general-news","acf":null}],"post_tag":[{"id":6551,"name":"Carlos Beitia","slug":"carlos-beitia","acf":null},{"id":9201,"name":"Football","slug":"football-d34-en","acf":null},{"id":5951,"name":"Jorge Carlos Gald\u00f3n","slug":"jorge-carlos-galdon","acf":null},{"id":6751,"name":"Nacho D\u00edaz","slug":"nacho-diaz","acf":null},{"id":6806,"name":"Roots","slug":"roots","acf":null},{"id":9199,"name":"Soccer","slug":"soccer-d105-en","acf":null},{"id":4865,"name":"Villarreal CF","slug":"villarreal-cf","acf":null}],"translation_priority":[{"id":733,"name":"Optional","slug":"optional","acf":null}]},"seo_full":{"native":{"title":"Two Academy players shine for Spain U17s - Web Oficial del Villarreal CF","description":"Carlos Beitia and Jorge Gald\u00f3n participated in the win against Northern Ireland (0-4) Academy players Carlos Beitia and Jorge Gald\u00f3n&hellip;","canonical":"https:\/\/villarrealcf.es\/en\/two-academy-players-shine-for-spain-u17s\/"}},"_links":{"self":[{"href":"https:\/\/villarrealcf.es\/en\/wp-json\/wp\/v2\/posts\/204750","targetHints":{"allow":["GET"]}}],"collection":[{"href":"https:\/\/villarrealcf.es\/en\/wp-json\/wp\/v2\/posts"}],"about":[{"href":"https:\/\/villarrealcf.es\/en\/wp-json\/wp\/v2\/types\/post"}],"author":[{"embeddable":true,"href":"https:\/\/villarrealcf.es\/en\/wp-json\/wp\/v2\/users\/23"}],"replies":[{"embeddable":true,"href":"https:\/\/villarrealcf.es\/en\/wp-json\/wp\/v2\/comments?post=204750"}],"version-history":[{"count":0,"href":"https:\/\/villarrealcf.es\/en\/wp-json\/wp\/v2\/posts\/204750\/revisions"}],"wp:featuredmedia":[{"embeddable":true,"href":"https:\/\/villarrealcf.es\/en\/wp-json\/wp\/v2\/media\/102846"}],"wp:attachment":[{"href":"https:\/\/villarrealcf.es\/en\/wp-json\/wp\/v2\/media?parent=204750"}],"wp:term":[{"taxonomy":"category","embeddable":true,"href":"https:\/\/villarrealcf.es\/en\/wp-json\/wp\/v2\/categories?post=204750"},{"taxonomy":"post_tag","embeddable":true,"href":"https:\/\/villarrealcf.es\/en\/wp-json\/wp\/v2\/tags?post=204750"}],"curies":[{"name":"wp","href":"https:\/\/api.w.org\/{rel}","templated":true}]}}